{"id":127534,"date":"2021-06-07T22:32:03","date_gmt":"2021-06-07T20:32:03","guid":{"rendered":"https:\/\/www.ausflugsziele-schweiz.ch\/?p=127534"},"modified":"2022-04-04T17:46:40","modified_gmt":"2022-04-04T15:46:40","slug":"pradas-resort-als-ideales-ziel-fur-unbeschwerte-und-erholsame-ferien","status":"publish","type":"post","link":"https:\/\/www.ausflugsziele-schweiz.ch\/sommer\/pradas-resort-als-ideales-ziel-fur-unbeschwerte-und-erholsame-ferien\/","title":{"rendered":"Pradas Resort als ideales Ziel f\u00fcr unbeschwerte und erholsame Ferien"},"content":{"rendered":"<h2>Vereinen Sie die Vorteile einer Ferienwohnung mit den Vorz\u00fcgen eines Hotels<\/h2>\n<p><strong>Reka Brigels ist eine der sch\u00f6nsten Ferienregionen der Schweiz und liegt im Herzen der Surselva im Kanton Graub\u00fcnden. Inmitten dieser traumhaften Naturlandschaft aus sanft ansteigenden H\u00e4ngen und sattgr\u00fcnen Wiesen erwarten Sie das Familienhotel Pradas Resort und eine Vielzahl ansprechender Freizeitaktivit\u00e4ten von erlebnisreichen Wanderungen, Mountainbike-Routen f\u00fcr jedes K\u00f6nnen bis zum Panorama-Golfplatz sowie attraktive Wellness-Angebote.<\/strong><\/p>\n\r\n                <style type=\"text\/css\">\r\n                    \r\n                    #tdi_1  .td-doubleSlider-2 .td-item1 {\r\n                        background: url(https:\/\/www.ausflugsziele-schweiz.ch\/wp-content\/uploads\/2020\/06\/Pradas_Resort_Brigels-Sep-15-9-80x60.jpg) 0 0 no-repeat;\r\n                    }\r\n                    #tdi_1  .td-doubleSlider-2 .td-item2 {\r\n                        background: url(https:\/\/www.ausflugsziele-schweiz.ch\/wp-content\/uploads\/2020\/06\/Pradas-Resort-Abends-26-80x60.jpg) 0 0 no-repeat;\r\n                    }\r\n                    #tdi_1  .td-doubleSlider-2 .td-item3 {\r\n                        background: url(https:\/\/www.ausflugsziele-schweiz.ch\/wp-content\/uploads\/2021\/06\/pradas_Ferienwohnung_3-80x60.jpg) 0 0 no-repeat;\r\n                    }\r\n                    #tdi_1  .td-doubleSlider-2 .td-item4 {\r\n                        background: url(https:\/\/www.ausflugsziele-schweiz.ch\/wp-content\/uploads\/2021\/06\/Pradas-Resort-13-80x60.jpg) 0 0 no-repeat;\r\n                    }\r\n                    #tdi_1  .td-doubleSlider-2 .td-item5 {\r\n                        background: url(https:\/\/www.ausflugsziele-schweiz.ch\/wp-content\/uploads\/2021\/06\/pradas_hallenbad_spa-1-80x60.jpg) 0 0 no-repeat;\r\n                    }\r\n                    #tdi_1  .td-doubleSlider-2 .td-item6 {\r\n                        background: url(https:\/\/www.ausflugsziele-schweiz.ch\/wp-content\/uploads\/2021\/06\/pradas_golf_1-80x60.jpg) 0 0 no-repeat;\r\n                    }\r\n                    #tdi_1  .td-doubleSlider-2 .td-item7 {\r\n                        background: url(https:\/\/www.ausflugsziele-schweiz.ch\/wp-content\/uploads\/2020\/06\/Pradas_Resort_Kidsclub-35-80x60.jpg) 0 0 no-repeat;\r\n                    }\r\n                    #tdi_1  .td-doubleSlider-2 .td-item8 {\r\n                        background: url(https:\/\/www.ausflugsziele-schweiz.ch\/wp-content\/uploads\/2019\/11\/Pradas_Resort_Kidsclub-128-80x60.jpg) 0 0 no-repeat;\r\n                    }\r\n                <\/style>\r\n\r\n                <div id=\"tdi_1\" class=\"td-gallery td-slide-on-2-columns\">\r\n                    <div class=\"post_td_gallery\">\r\n                        <div class=\"td-gallery-slide-top\">\r\n                           <div class=\"td-gallery-title\"><\/div>\r\n\r\n                            <div class=\"td-gallery-controls-wrapper\">\r\n                                <div class=\"td-gallery-slide-count\"><span class=\"td-gallery-slide-item-focus\">1<\/span> of 8<\/div>\r\n                                <div class=\"td-gallery-slide-prev-next-but\">\r\n                                    <i class = \"td-icon-left doubleSliderPrevButton\"><\/i>\r\n                                    <i class = \"td-icon-right doubleSliderNextButton\"><\/i>\r\n                                <\/div>\r\n                            <\/div>\r\n                        <\/div>\r\n\r\n                        <div class = \"td-doubleSlider-1 \">\r\n                            <div class = \"td-slider\">\r\n                                \r\n                    <div class = \"td-slide-item td-item1\">\r\n                        <figure class=\"td-slide-galery-figure td-slide-popup-gallery\">\r\n                            <a class=\"slide-gallery-image-link\" href=\"https:\/\/www.ausflugsziele-schweiz.ch\/wp-content\/uploads\/2020\/06\/Pradas_Resort_Brigels-Sep-15-9.jpg\" title=\"Pradas Resort Brigels Sep 15 9\"  data-caption=\"Pradas Resort Brigels Sep 15 9\"  data-description=\"Pradas Resort Brigels Sep 15 9\">\r\n                                <img decoding=\"async\" src=\"https:\/\/www.ausflugsziele-schweiz.ch\/wp-content\/uploads\/2020\/06\/Pradas_Resort_Brigels-Sep-15-9.jpg\" srcset=\"https:\/\/www.ausflugsziele-schweiz.ch\/wp-content\/uploads\/2020\/06\/Pradas_Resort_Brigels-Sep-15-9.jpg 1600w, https:\/\/www.ausflugsziele-schweiz.ch\/wp-content\/uploads\/2020\/06\/Pradas_Resort_Brigels-Sep-15-9-800x533.jpg 800w, https:\/\/www.ausflugsziele-schweiz.ch\/wp-content\/uploads\/2020\/06\/Pradas_Resort_Brigels-Sep-15-9-1024x683.jpg 1024w, https:\/\/www.ausflugsziele-schweiz.ch\/wp-content\/uploads\/2020\/06\/Pradas_Resort_Brigels-Sep-15-9-768x512.jpg 768w, https:\/\/www.ausflugsziele-schweiz.ch\/wp-content\/uploads\/2020\/06\/Pradas_Resort_Brigels-Sep-15-9-1536x1024.jpg 1536w, https:\/\/www.ausflugsziele-schweiz.ch\/wp-content\/uploads\/2020\/06\/Pradas_Resort_Brigels-Sep-15-9-1068x712.jpg 1068w\" sizes=\"(max-width: 1600px) 100vw, 1600px\" alt=\"Pradas Resort Brigels Sep 15 9\">\r\n                            <\/a>\r\n                            <figcaption class = \"td-slide-caption td-gallery-slide-content\"><div class = \"td-gallery-slide-copywrite\">Pradas Resort Brigels Sep 15 9<\/div><span>Pradas Resort Brigels Sep 15 9<\/span><\/figcaption>\r\n                        <\/figure>\r\n                    <\/div>\r\n                    <div class = \"td-slide-item td-item2\">\r\n                        <figure class=\"td-slide-galery-figure td-slide-popup-gallery\">\r\n                            <a class=\"slide-gallery-image-link\" href=\"https:\/\/www.ausflugsziele-schweiz.ch\/wp-content\/uploads\/2020\/06\/Pradas-Resort-Abends-26.jpg\" title=\"Pradas Resort Abends 26\"  data-caption=\"Pradas Resort Abends 26\"  data-description=\"Pradas Resort Abends 26\">\r\n                                <img decoding=\"async\" src=\"https:\/\/www.ausflugsziele-schweiz.ch\/wp-content\/uploads\/2020\/06\/Pradas-Resort-Abends-26.jpg\" srcset=\"https:\/\/www.ausflugsziele-schweiz.ch\/wp-content\/uploads\/2020\/06\/Pradas-Resort-Abends-26.jpg 1600w, https:\/\/www.ausflugsziele-schweiz.ch\/wp-content\/uploads\/2020\/06\/Pradas-Resort-Abends-26-800x533.jpg 800w, https:\/\/www.ausflugsziele-schweiz.ch\/wp-content\/uploads\/2020\/06\/Pradas-Resort-Abends-26-1024x683.jpg 1024w, https:\/\/www.ausflugsziele-schweiz.ch\/wp-content\/uploads\/2020\/06\/Pradas-Resort-Abends-26-768x512.jpg 768w, https:\/\/www.ausflugsziele-schweiz.ch\/wp-content\/uploads\/2020\/06\/Pradas-Resort-Abends-26-1536x1024.jpg 1536w, https:\/\/www.ausflugsziele-schweiz.ch\/wp-content\/uploads\/2020\/06\/Pradas-Resort-Abends-26-1068x712.jpg 1068w\" sizes=\"(max-width: 1600px) 100vw, 1600px\" alt=\"Pradas Resort Abends 26\">\r\n                            <\/a>\r\n                            <figcaption class = \"td-slide-caption td-gallery-slide-content\"><div class = \"td-gallery-slide-copywrite\">Pradas Resort Abends 26<\/div><span>Pradas Resort Abends 26<\/span><\/figcaption>\r\n                        <\/figure>\r\n                    <\/div>\r\n                    <div class = \"td-slide-item td-item3\">\r\n                        <figure class=\"td-slide-galery-figure td-slide-popup-gallery\">\r\n                            <a class=\"slide-gallery-image-link\" href=\"https:\/\/www.ausflugsziele-schweiz.ch\/wp-content\/uploads\/2021\/06\/pradas_Ferienwohnung_3.jpg\" title=\"pradas Ferienwohnung 3\"  data-caption=\"pradas Ferienwohnung 3\"  data-description=\"pradas Ferienwohnung 3\">\r\n                                <img decoding=\"async\" src=\"https:\/\/www.ausflugsziele-schweiz.ch\/wp-content\/uploads\/2021\/06\/pradas_Ferienwohnung_3.jpg\" srcset=\"https:\/\/www.ausflugsziele-schweiz.ch\/wp-content\/uploads\/2021\/06\/pradas_Ferienwohnung_3.jpg 1400w, https:\/\/www.ausflugsziele-schweiz.ch\/wp-content\/uploads\/2021\/06\/pradas_Ferienwohnung_3-800x514.jpg 800w, https:\/\/www.ausflugsziele-schweiz.ch\/wp-content\/uploads\/2021\/06\/pradas_Ferienwohnung_3-1024x658.jpg 1024w, https:\/\/www.ausflugsziele-schweiz.ch\/wp-content\/uploads\/2021\/06\/pradas_Ferienwohnung_3-768x494.jpg 768w, https:\/\/www.ausflugsziele-schweiz.ch\/wp-content\/uploads\/2021\/06\/pradas_Ferienwohnung_3-1068x687.jpg 1068w\" sizes=\"(max-width: 1400px) 100vw, 1400px\" alt=\"pradas Ferienwohnung 3\">\r\n                            <\/a>\r\n                            <figcaption class = \"td-slide-caption td-gallery-slide-content\"><div class = \"td-gallery-slide-copywrite\">pradas Ferienwohnung 3<\/div><span>pradas Ferienwohnung 3<\/span><\/figcaption>\r\n                        <\/figure>\r\n                    <\/div>\r\n                    <div class = \"td-slide-item td-item4\">\r\n                        <figure class=\"td-slide-galery-figure td-slide-popup-gallery\">\r\n                            <a class=\"slide-gallery-image-link\" href=\"https:\/\/www.ausflugsziele-schweiz.ch\/wp-content\/uploads\/2021\/06\/Pradas-Resort-13.jpg\" title=\"Pradas Resort 13\"  data-caption=\"Pradas Resort 13\"  data-description=\"Pradas Resort 13\">\r\n                                <img decoding=\"async\" src=\"https:\/\/www.ausflugsziele-schweiz.ch\/wp-content\/uploads\/2021\/06\/Pradas-Resort-13.jpg\" srcset=\"https:\/\/www.ausflugsziele-schweiz.ch\/wp-content\/uploads\/2021\/06\/Pradas-Resort-13.jpg 1400w, https:\/\/www.ausflugsziele-schweiz.ch\/wp-content\/uploads\/2021\/06\/Pradas-Resort-13-800x514.jpg 800w, https:\/\/www.ausflugsziele-schweiz.ch\/wp-content\/uploads\/2021\/06\/Pradas-Resort-13-1024x658.jpg 1024w, https:\/\/www.ausflugsziele-schweiz.ch\/wp-content\/uploads\/2021\/06\/Pradas-Resort-13-768x494.jpg 768w, https:\/\/www.ausflugsziele-schweiz.ch\/wp-content\/uploads\/2021\/06\/Pradas-Resort-13-1068x687.jpg 1068w\" sizes=\"(max-width: 1400px) 100vw, 1400px\" alt=\"Pradas Resort 13\">\r\n                            <\/a>\r\n                            <figcaption class = \"td-slide-caption td-gallery-slide-content\"><div class = \"td-gallery-slide-copywrite\">Pradas Resort 13<\/div><span>Pradas Resort 13<\/span><\/figcaption>\r\n                        <\/figure>\r\n                    <\/div>\r\n                    <div class = \"td-slide-item td-item5\">\r\n                        <figure class=\"td-slide-galery-figure td-slide-popup-gallery\">\r\n                            <a class=\"slide-gallery-image-link\" href=\"https:\/\/www.ausflugsziele-schweiz.ch\/wp-content\/uploads\/2021\/06\/pradas_hallenbad_spa-1.jpg\" title=\"pradas hallenbad spa 1\"  data-caption=\"pradas hallenbad spa 1\"  data-description=\"pradas hallenbad spa 1\">\r\n                                <img decoding=\"async\" src=\"https:\/\/www.ausflugsziele-schweiz.ch\/wp-content\/uploads\/2021\/06\/pradas_hallenbad_spa-1.jpg\" srcset=\"https:\/\/www.ausflugsziele-schweiz.ch\/wp-content\/uploads\/2021\/06\/pradas_hallenbad_spa-1.jpg 1400w, https:\/\/www.ausflugsziele-schweiz.ch\/wp-content\/uploads\/2021\/06\/pradas_hallenbad_spa-1-800x514.jpg 800w, https:\/\/www.ausflugsziele-schweiz.ch\/wp-content\/uploads\/2021\/06\/pradas_hallenbad_spa-1-1024x658.jpg 1024w, https:\/\/www.ausflugsziele-schweiz.ch\/wp-content\/uploads\/2021\/06\/pradas_hallenbad_spa-1-768x494.jpg 768w, https:\/\/www.ausflugsziele-schweiz.ch\/wp-content\/uploads\/2021\/06\/pradas_hallenbad_spa-1-1068x687.jpg 1068w\" sizes=\"(max-width: 1400px) 100vw, 1400px\" alt=\"pradas hallenbad spa 1\">\r\n                            <\/a>\r\n                            <figcaption class = \"td-slide-caption td-gallery-slide-content\"><div class = \"td-gallery-slide-copywrite\">pradas hallenbad spa 1<\/div><span>pradas hallenbad spa 1<\/span><\/figcaption>\r\n                        <\/figure>\r\n                    <\/div>\r\n                    <div class = \"td-slide-item td-item6\">\r\n                        <figure class=\"td-slide-galery-figure td-slide-popup-gallery\">\r\n                            <a class=\"slide-gallery-image-link\" href=\"https:\/\/www.ausflugsziele-schweiz.ch\/wp-content\/uploads\/2021\/06\/pradas_golf_1.jpg\" title=\"pradas golf 1\"  data-caption=\"pradas golf 1\"  data-description=\"pradas golf 1\">\r\n                                <img decoding=\"async\" src=\"https:\/\/www.ausflugsziele-schweiz.ch\/wp-content\/uploads\/2021\/06\/pradas_golf_1.jpg\" srcset=\"https:\/\/www.ausflugsziele-schweiz.ch\/wp-content\/uploads\/2021\/06\/pradas_golf_1.jpg 1400w, https:\/\/www.ausflugsziele-schweiz.ch\/wp-content\/uploads\/2021\/06\/pradas_golf_1-800x514.jpg 800w, https:\/\/www.ausflugsziele-schweiz.ch\/wp-content\/uploads\/2021\/06\/pradas_golf_1-1024x658.jpg 1024w, https:\/\/www.ausflugsziele-schweiz.ch\/wp-content\/uploads\/2021\/06\/pradas_golf_1-768x494.jpg 768w, https:\/\/www.ausflugsziele-schweiz.ch\/wp-content\/uploads\/2021\/06\/pradas_golf_1-1068x687.jpg 1068w\" sizes=\"(max-width: 1400px) 100vw, 1400px\" alt=\"pradas golf 1\">\r\n                            <\/a>\r\n                            <figcaption class = \"td-slide-caption td-gallery-slide-content\"><div class = \"td-gallery-slide-copywrite\">pradas golf 1<\/div><span>pradas golf 1<\/span><\/figcaption>\r\n                        <\/figure>\r\n                    <\/div>\r\n                    <div class = \"td-slide-item td-item7\">\r\n                        <figure class=\"td-slide-galery-figure td-slide-popup-gallery\">\r\n                            <a class=\"slide-gallery-image-link\" href=\"https:\/\/www.ausflugsziele-schweiz.ch\/wp-content\/uploads\/2020\/06\/Pradas_Resort_Kidsclub-35.jpg\" title=\"Pradas Resort Kidsclub 35\"  data-caption=\"Pradas Resort Kidsclub 35\"  data-description=\"Pradas Resort Kidsclub 35\">\r\n                                <img decoding=\"async\" src=\"https:\/\/www.ausflugsziele-schweiz.ch\/wp-content\/uploads\/2020\/06\/Pradas_Resort_Kidsclub-35.jpg\" srcset=\"https:\/\/www.ausflugsziele-schweiz.ch\/wp-content\/uploads\/2020\/06\/Pradas_Resort_Kidsclub-35.jpg 1600w, https:\/\/www.ausflugsziele-schweiz.ch\/wp-content\/uploads\/2020\/06\/Pradas_Resort_Kidsclub-35-800x533.jpg 800w, https:\/\/www.ausflugsziele-schweiz.ch\/wp-content\/uploads\/2020\/06\/Pradas_Resort_Kidsclub-35-1024x683.jpg 1024w, https:\/\/www.ausflugsziele-schweiz.ch\/wp-content\/uploads\/2020\/06\/Pradas_Resort_Kidsclub-35-768x512.jpg 768w, https:\/\/www.ausflugsziele-schweiz.ch\/wp-content\/uploads\/2020\/06\/Pradas_Resort_Kidsclub-35-1536x1024.jpg 1536w, https:\/\/www.ausflugsziele-schweiz.ch\/wp-content\/uploads\/2020\/06\/Pradas_Resort_Kidsclub-35-1068x712.jpg 1068w\" sizes=\"(max-width: 1600px) 100vw, 1600px\" alt=\"Pradas Resort Kidsclub 35\">\r\n                            <\/a>\r\n                            <figcaption class = \"td-slide-caption td-gallery-slide-content\"><div class = \"td-gallery-slide-copywrite\">Pradas Resort Kidsclub 35<\/div><span>Pradas Resort Kidsclub 35<\/span><\/figcaption>\r\n                        <\/figure>\r\n                    <\/div>\r\n                    <div class = \"td-slide-item td-item8\">\r\n                        <figure class=\"td-slide-galery-figure td-slide-popup-gallery\">\r\n                            <a class=\"slide-gallery-image-link\" href=\"https:\/\/www.ausflugsziele-schweiz.ch\/wp-content\/uploads\/2019\/11\/Pradas_Resort_Kidsclub-128.jpg\" title=\"Pradas Resort Kidsclub 128\"  data-caption=\"Pradas Resort Kidsclub 128\"  data-description=\"Pradas Resort Kidsclub 128\">\r\n                                <img decoding=\"async\" src=\"https:\/\/www.ausflugsziele-schweiz.ch\/wp-content\/uploads\/2019\/11\/Pradas_Resort_Kidsclub-128-630x420.jpg\" srcset=\"https:\/\/www.ausflugsziele-schweiz.ch\/wp-content\/uploads\/2019\/11\/Pradas_Resort_Kidsclub-128-630x420.jpg 630w, https:\/\/www.ausflugsziele-schweiz.ch\/wp-content\/uploads\/2019\/11\/Pradas_Resort_Kidsclub-128-800x533.jpg 800w, https:\/\/www.ausflugsziele-schweiz.ch\/wp-content\/uploads\/2019\/11\/Pradas_Resort_Kidsclub-128-1024x683.jpg 1024w, https:\/\/www.ausflugsziele-schweiz.ch\/wp-content\/uploads\/2019\/11\/Pradas_Resort_Kidsclub-128-768x512.jpg 768w, https:\/\/www.ausflugsziele-schweiz.ch\/wp-content\/uploads\/2019\/11\/Pradas_Resort_Kidsclub-128-1536x1024.jpg 1536w, https:\/\/www.ausflugsziele-schweiz.ch\/wp-content\/uploads\/2019\/11\/Pradas_Resort_Kidsclub-128-696x464.jpg 696w, https:\/\/www.ausflugsziele-schweiz.ch\/wp-content\/uploads\/2019\/11\/Pradas_Resort_Kidsclub-128-1068x712.jpg 1068w, https:\/\/www.ausflugsziele-schweiz.ch\/wp-content\/uploads\/2019\/11\/Pradas_Resort_Kidsclub-128.jpg 1600w\" sizes=\"(max-width: 630px) 100vw, 630px\" alt=\"Pradas Resort Kidsclub 128\">\r\n                            <\/a>\r\n                            <figcaption class = \"td-slide-caption td-gallery-slide-content\"><div class = \"td-gallery-slide-copywrite\">Pradas Resort Kidsclub 128<\/div><span>Pradas Resort Kidsclub 128<\/span><\/figcaption>\r\n                        <\/figure>\r\n                    <\/div>\r\n                            <\/div>\r\n                        <\/div>\r\n\r\n                        <div class = \"td-doubleSlider-2\">\r\n                            <div class = \"td-slider\">\r\n                                \r\n                    <div class = \"td-button td-item1\">\r\n                        <div class = \"td-border\"><\/div>\r\n                    <\/div>\r\n                    <div class = \"td-button td-item2\">\r\n                        <div class = \"td-border\"><\/div>\r\n                    <\/div>\r\n                    <div class = \"td-button td-item3\">\r\n                        <div class = \"td-border\"><\/div>\r\n                    <\/div>\r\n                    <div class = \"td-button td-item4\">\r\n                        <div class = \"td-border\"><\/div>\r\n                    <\/div>\r\n                    <div class = \"td-button td-item5\">\r\n                        <div class = \"td-border\"><\/div>\r\n                    <\/div>\r\n                    <div class = \"td-button td-item6\">\r\n                        <div class = \"td-border\"><\/div>\r\n                    <\/div>\r\n                    <div class = \"td-button td-item7\">\r\n                        <div class = \"td-border\"><\/div>\r\n                    <\/div>\r\n                    <div class = \"td-button td-item8\">\r\n                        <div class = \"td-border\"><\/div>\r\n                    <\/div>\r\n                            <\/div>\r\n                        <\/div>\r\n\r\n                    <\/div>\r\n\r\n                <\/div>\r\n                \n<p><a href=\"https:\/\/www.pradasresort.ch\/breil-brigels\" target=\"_blank\" rel=\"noopener noreferrer\">Brigels Dorf<\/a> |\u00a0<a href=\"https:\/\/www.pradasresort.ch\/events\" target=\"_blank\" rel=\"noopener noreferrer\">Aktivit\u00e4ten &amp; Kurse<\/a><\/p>\n<h2>Resort Pradas &#8211; Hotel und Wohnung in Brigels<\/h2>\n<p>Pradas Resort ist die ideale Kombination aus Ferienwohnung und Hotel. Denn in diesem attraktiven Familienhotel leben Sie in einer eigenen Ferienwohnung und geniessen die Annehmlichkeiten eines Urlaubs im Hotel. Daf\u00fcr sorgt das umfangreiche Verw\u00f6hnprogramm, das die G\u00e4ste des Resorts erwartet.<\/p>\n<p>Entspannen Sie beim Wellness-Verw\u00f6hnprogramm, w\u00e4hrend sich die Kids im Pradas Kids Club vergn\u00fcgen. Das grosse Hallenbad l\u00e4dt genauso zum unbegrenzten Wasserspass ein wie der beheizte Naturbadesee mit Kinderplanschbecken. Liebhaber des Greens geniessen auf dem Panorama-Golfplatz entspannende Stunden. F\u00fcr welche der zahlreichen Freizeitaktivit\u00e4ten Sie sich entscheiden: Sie starten direkt vor der Wohnungst\u00fcr Ihrer Ferienwohnung in einen erlebnisreichen Tag.<\/p>\n\r\n                <style type=\"text\/css\">\r\n                    \r\n                    #tdi_2  .td-doubleSlider-2 .td-item1 {\r\n                        background: url(https:\/\/www.ausflugsziele-schweiz.ch\/wp-content\/uploads\/2021\/06\/Pradas-Resort-Studio_Junior-Suite-80x60.jpg) 0 0 no-repeat;\r\n                    }\r\n                    #tdi_2  .td-doubleSlider-2 .td-item2 {\r\n                        background: url(https:\/\/www.ausflugsziele-schweiz.ch\/wp-content\/uploads\/2021\/06\/pradas_Ferienwohnung_1-80x60.jpg) 0 0 no-repeat;\r\n                    }\r\n                    #tdi_2  .td-doubleSlider-2 .td-item3 {\r\n                        background: url(https:\/\/www.ausflugsziele-schweiz.ch\/wp-content\/uploads\/2021\/06\/Pradas-Resort-Badzimmer-80x60.jpg) 0 0 no-repeat;\r\n                    }\r\n                    #tdi_2  .td-doubleSlider-2 .td-item4 {\r\n                        background: url(https:\/\/www.ausflugsziele-schweiz.ch\/wp-content\/uploads\/2021\/06\/pradas_Ferienwohnung_2-80x60.jpg) 0 0 no-repeat;\r\n                    }\r\n                    #tdi_2  .td-doubleSlider-2 .td-item5 {\r\n                        background: url(https:\/\/www.ausflugsziele-schweiz.ch\/wp-content\/uploads\/2021\/06\/Baulink_Pradas_Brigels_spa-80x60.jpg) 0 0 no-repeat;\r\n                    }\r\n                    #tdi_2  .td-doubleSlider-2 .td-item6 {\r\n                        background: url(https:\/\/www.ausflugsziele-schweiz.ch\/wp-content\/uploads\/2021\/06\/pradas_hallenbad_spa-39-80x60.jpg) 0 0 no-repeat;\r\n                    }\r\n                    #tdi_2  .td-doubleSlider-2 .td-item7 {\r\n                        background: url(https:\/\/www.ausflugsziele-schweiz.ch\/wp-content\/uploads\/2021\/06\/pradas_hallenbad_spa-29-80x60.jpg) 0 0 no-repeat;\r\n                    }\r\n                <\/style>\r\n\r\n                <div id=\"tdi_2\" class=\"td-gallery td-slide-on-2-columns\">\r\n                    <div class=\"post_td_gallery\">\r\n                        <div class=\"td-gallery-slide-top\">\r\n                           <div class=\"td-gallery-title\"><\/div>\r\n\r\n                            <div class=\"td-gallery-controls-wrapper\">\r\n                                <div class=\"td-gallery-slide-count\"><span class=\"td-gallery-slide-item-focus\">1<\/span> of 7<\/div>\r\n                                <div class=\"td-gallery-slide-prev-next-but\">\r\n                                    <i class = \"td-icon-left doubleSliderPrevButton\"><\/i>\r\n                                    <i class = \"td-icon-right doubleSliderNextButton\"><\/i>\r\n                                <\/div>\r\n                            <\/div>\r\n                        <\/div>\r\n\r\n                        <div class = \"td-doubleSlider-1 \">\r\n                            <div class = \"td-slider\">\r\n                                \r\n                    <div class = \"td-slide-item td-item1\">\r\n                        <figure class=\"td-slide-galery-figure td-slide-popup-gallery\">\r\n                            <a class=\"slide-gallery-image-link\" href=\"https:\/\/www.ausflugsziele-schweiz.ch\/wp-content\/uploads\/2021\/06\/Pradas-Resort-Studio_Junior-Suite.jpg\" title=\"Pradas Resort Studio Junior Suite\"  data-caption=\"Pradas Resort Studio Junior Suite\"  data-description=\"Pradas Resort Studio Junior Suite\">\r\n                                <img decoding=\"async\" src=\"https:\/\/www.ausflugsziele-schweiz.ch\/wp-content\/uploads\/2021\/06\/Pradas-Resort-Studio_Junior-Suite.jpg\" srcset=\"https:\/\/www.ausflugsziele-schweiz.ch\/wp-content\/uploads\/2021\/06\/Pradas-Resort-Studio_Junior-Suite.jpg 1400w, https:\/\/www.ausflugsziele-schweiz.ch\/wp-content\/uploads\/2021\/06\/Pradas-Resort-Studio_Junior-Suite-800x514.jpg 800w, https:\/\/www.ausflugsziele-schweiz.ch\/wp-content\/uploads\/2021\/06\/Pradas-Resort-Studio_Junior-Suite-1024x658.jpg 1024w, https:\/\/www.ausflugsziele-schweiz.ch\/wp-content\/uploads\/2021\/06\/Pradas-Resort-Studio_Junior-Suite-768x494.jpg 768w, https:\/\/www.ausflugsziele-schweiz.ch\/wp-content\/uploads\/2021\/06\/Pradas-Resort-Studio_Junior-Suite-1068x687.jpg 1068w\" sizes=\"(max-width: 1400px) 100vw, 1400px\" alt=\"Pradas Resort Studio Junior Suite\">\r\n                            <\/a>\r\n                            <figcaption class = \"td-slide-caption td-gallery-slide-content\"><div class = \"td-gallery-slide-copywrite\">Pradas Resort Studio Junior Suite<\/div><span>Pradas Resort Studio Junior Suite<\/span><\/figcaption>\r\n                        <\/figure>\r\n                    <\/div>\r\n                    <div class = \"td-slide-item td-item2\">\r\n                        <figure class=\"td-slide-galery-figure td-slide-popup-gallery\">\r\n                            <a class=\"slide-gallery-image-link\" href=\"https:\/\/www.ausflugsziele-schweiz.ch\/wp-content\/uploads\/2021\/06\/pradas_Ferienwohnung_1.jpg\" title=\"pradas Ferienwohnung 1\"  data-caption=\"pradas Ferienwohnung 1\"  data-description=\"pradas Ferienwohnung 1\">\r\n                                <img decoding=\"async\" src=\"https:\/\/www.ausflugsziele-schweiz.ch\/wp-content\/uploads\/2021\/06\/pradas_Ferienwohnung_1.jpg\" srcset=\"https:\/\/www.ausflugsziele-schweiz.ch\/wp-content\/uploads\/2021\/06\/pradas_Ferienwohnung_1.jpg 1400w, https:\/\/www.ausflugsziele-schweiz.ch\/wp-content\/uploads\/2021\/06\/pradas_Ferienwohnung_1-800x514.jpg 800w, https:\/\/www.ausflugsziele-schweiz.ch\/wp-content\/uploads\/2021\/06\/pradas_Ferienwohnung_1-1024x658.jpg 1024w, https:\/\/www.ausflugsziele-schweiz.ch\/wp-content\/uploads\/2021\/06\/pradas_Ferienwohnung_1-768x494.jpg 768w, https:\/\/www.ausflugsziele-schweiz.ch\/wp-content\/uploads\/2021\/06\/pradas_Ferienwohnung_1-1068x687.jpg 1068w\" sizes=\"(max-width: 1400px) 100vw, 1400px\" alt=\"pradas Ferienwohnung 1\">\r\n                            <\/a>\r\n                            <figcaption class = \"td-slide-caption td-gallery-slide-content\"><div class = \"td-gallery-slide-copywrite\">pradas Ferienwohnung 1<\/div><span>pradas Ferienwohnung 1<\/span><\/figcaption>\r\n                        <\/figure>\r\n                    <\/div>\r\n                    <div class = \"td-slide-item td-item3\">\r\n                        <figure class=\"td-slide-galery-figure td-slide-popup-gallery\">\r\n                            <a class=\"slide-gallery-image-link\" href=\"https:\/\/www.ausflugsziele-schweiz.ch\/wp-content\/uploads\/2021\/06\/Pradas-Resort-Badzimmer.jpg\" title=\"Pradas Resort Badzimmer\"  data-caption=\"Pradas Resort Badzimmer\"  data-description=\"Pradas Resort Badzimmer\">\r\n                                <img decoding=\"async\" src=\"https:\/\/www.ausflugsziele-schweiz.ch\/wp-content\/uploads\/2021\/06\/Pradas-Resort-Badzimmer.jpg\" srcset=\"https:\/\/www.ausflugsziele-schweiz.ch\/wp-content\/uploads\/2021\/06\/Pradas-Resort-Badzimmer.jpg 1400w, https:\/\/www.ausflugsziele-schweiz.ch\/wp-content\/uploads\/2021\/06\/Pradas-Resort-Badzimmer-800x514.jpg 800w, https:\/\/www.ausflugsziele-schweiz.ch\/wp-content\/uploads\/2021\/06\/Pradas-Resort-Badzimmer-1024x658.jpg 1024w, https:\/\/www.ausflugsziele-schweiz.ch\/wp-content\/uploads\/2021\/06\/Pradas-Resort-Badzimmer-768x494.jpg 768w, https:\/\/www.ausflugsziele-schweiz.ch\/wp-content\/uploads\/2021\/06\/Pradas-Resort-Badzimmer-1068x687.jpg 1068w\" sizes=\"(max-width: 1400px) 100vw, 1400px\" alt=\"Pradas Resort Badzimmer\">\r\n                            <\/a>\r\n                            <figcaption class = \"td-slide-caption td-gallery-slide-content\"><div class = \"td-gallery-slide-copywrite\">Pradas Resort Badzimmer<\/div><span>Pradas Resort Badzimmer<\/span><\/figcaption>\r\n                        <\/figure>\r\n                    <\/div>\r\n                    <div class = \"td-slide-item td-item4\">\r\n                        <figure class=\"td-slide-galery-figure td-slide-popup-gallery\">\r\n                            <a class=\"slide-gallery-image-link\" href=\"https:\/\/www.ausflugsziele-schweiz.ch\/wp-content\/uploads\/2021\/06\/pradas_Ferienwohnung_2.jpg\" title=\"pradas Ferienwohnung 2\"  data-caption=\"pradas Ferienwohnung 2\"  data-description=\"pradas Ferienwohnung 2\">\r\n                                <img decoding=\"async\" src=\"https:\/\/www.ausflugsziele-schweiz.ch\/wp-content\/uploads\/2021\/06\/pradas_Ferienwohnung_2.jpg\" srcset=\"https:\/\/www.ausflugsziele-schweiz.ch\/wp-content\/uploads\/2021\/06\/pradas_Ferienwohnung_2.jpg 1400w, https:\/\/www.ausflugsziele-schweiz.ch\/wp-content\/uploads\/2021\/06\/pradas_Ferienwohnung_2-800x514.jpg 800w, https:\/\/www.ausflugsziele-schweiz.ch\/wp-content\/uploads\/2021\/06\/pradas_Ferienwohnung_2-1024x658.jpg 1024w, https:\/\/www.ausflugsziele-schweiz.ch\/wp-content\/uploads\/2021\/06\/pradas_Ferienwohnung_2-768x494.jpg 768w, https:\/\/www.ausflugsziele-schweiz.ch\/wp-content\/uploads\/2021\/06\/pradas_Ferienwohnung_2-1068x687.jpg 1068w\" sizes=\"(max-width: 1400px) 100vw, 1400px\" alt=\"pradas Ferienwohnung 2\">\r\n                            <\/a>\r\n                            <figcaption class = \"td-slide-caption td-gallery-slide-content\"><div class = \"td-gallery-slide-copywrite\">pradas Ferienwohnung 2<\/div><span>pradas Ferienwohnung 2<\/span><\/figcaption>\r\n                        <\/figure>\r\n                    <\/div>\r\n                    <div class = \"td-slide-item td-item5\">\r\n                        <figure class=\"td-slide-galery-figure td-slide-popup-gallery\">\r\n                            <a class=\"slide-gallery-image-link\" href=\"https:\/\/www.ausflugsziele-schweiz.ch\/wp-content\/uploads\/2021\/06\/Baulink_Pradas_Brigels_spa.jpg\" title=\"Baulink Pradas Brigels spa\"  data-caption=\"Baulink Pradas Brigels spa\"  data-description=\"Baulink Pradas Brigels spa\">\r\n                                <img decoding=\"async\" src=\"https:\/\/www.ausflugsziele-schweiz.ch\/wp-content\/uploads\/2021\/06\/Baulink_Pradas_Brigels_spa.jpg\" srcset=\"https:\/\/www.ausflugsziele-schweiz.ch\/wp-content\/uploads\/2021\/06\/Baulink_Pradas_Brigels_spa.jpg 1400w, https:\/\/www.ausflugsziele-schweiz.ch\/wp-content\/uploads\/2021\/06\/Baulink_Pradas_Brigels_spa-800x514.jpg 800w, https:\/\/www.ausflugsziele-schweiz.ch\/wp-content\/uploads\/2021\/06\/Baulink_Pradas_Brigels_spa-1024x658.jpg 1024w, https:\/\/www.ausflugsziele-schweiz.ch\/wp-content\/uploads\/2021\/06\/Baulink_Pradas_Brigels_spa-768x494.jpg 768w\" sizes=\"(max-width: 1400px) 100vw, 1400px\" alt=\"Baulink Pradas Brigels spa\">\r\n                            <\/a>\r\n                            <figcaption class = \"td-slide-caption td-gallery-slide-content\"><div class = \"td-gallery-slide-copywrite\">Baulink Pradas Brigels spa<\/div><span>Baulink Pradas Brigels spa<\/span><\/figcaption>\r\n                        <\/figure>\r\n                    <\/div>\r\n                    <div class = \"td-slide-item td-item6\">\r\n                        <figure class=\"td-slide-galery-figure td-slide-popup-gallery\">\r\n                            <a class=\"slide-gallery-image-link\" href=\"https:\/\/www.ausflugsziele-schweiz.ch\/wp-content\/uploads\/2021\/06\/pradas_hallenbad_spa-39.jpg\" title=\"pradas hallenbad spa 39\"  data-caption=\"pradas hallenbad spa 39\"  data-description=\"pradas hallenbad spa 39\">\r\n                                <img decoding=\"async\" src=\"https:\/\/www.ausflugsziele-schweiz.ch\/wp-content\/uploads\/2021\/06\/pradas_hallenbad_spa-39.jpg\" srcset=\"https:\/\/www.ausflugsziele-schweiz.ch\/wp-content\/uploads\/2021\/06\/pradas_hallenbad_spa-39.jpg 1400w, https:\/\/www.ausflugsziele-schweiz.ch\/wp-content\/uploads\/2021\/06\/pradas_hallenbad_spa-39-800x514.jpg 800w, https:\/\/www.ausflugsziele-schweiz.ch\/wp-content\/uploads\/2021\/06\/pradas_hallenbad_spa-39-1024x658.jpg 1024w, https:\/\/www.ausflugsziele-schweiz.ch\/wp-content\/uploads\/2021\/06\/pradas_hallenbad_spa-39-768x494.jpg 768w, https:\/\/www.ausflugsziele-schweiz.ch\/wp-content\/uploads\/2021\/06\/pradas_hallenbad_spa-39-1068x687.jpg 1068w\" sizes=\"(max-width: 1400px) 100vw, 1400px\" alt=\"pradas hallenbad spa 39\">\r\n                            <\/a>\r\n                            <figcaption class = \"td-slide-caption td-gallery-slide-content\"><div class = \"td-gallery-slide-copywrite\">pradas hallenbad spa 39<\/div><span>pradas hallenbad spa 39<\/span><\/figcaption>\r\n                        <\/figure>\r\n                    <\/div>\r\n                    <div class = \"td-slide-item td-item7\">\r\n                        <figure class=\"td-slide-galery-figure td-slide-popup-gallery\">\r\n                            <a class=\"slide-gallery-image-link\" href=\"https:\/\/www.ausflugsziele-schweiz.ch\/wp-content\/uploads\/2021\/06\/pradas_hallenbad_spa-29.jpg\" title=\"pradas hallenbad spa 29\"  data-caption=\"pradas hallenbad spa 29\"  data-description=\"pradas hallenbad spa 29\">\r\n                                <img decoding=\"async\" src=\"https:\/\/www.ausflugsziele-schweiz.ch\/wp-content\/uploads\/2021\/06\/pradas_hallenbad_spa-29.jpg\" srcset=\"https:\/\/www.ausflugsziele-schweiz.ch\/wp-content\/uploads\/2021\/06\/pradas_hallenbad_spa-29.jpg 1400w, https:\/\/www.ausflugsziele-schweiz.ch\/wp-content\/uploads\/2021\/06\/pradas_hallenbad_spa-29-800x514.jpg 800w, https:\/\/www.ausflugsziele-schweiz.ch\/wp-content\/uploads\/2021\/06\/pradas_hallenbad_spa-29-1024x658.jpg 1024w, https:\/\/www.ausflugsziele-schweiz.ch\/wp-content\/uploads\/2021\/06\/pradas_hallenbad_spa-29-768x494.jpg 768w, https:\/\/www.ausflugsziele-schweiz.ch\/wp-content\/uploads\/2021\/06\/pradas_hallenbad_spa-29-1068x687.jpg 1068w\" sizes=\"(max-width: 1400px) 100vw, 1400px\" alt=\"pradas hallenbad spa 29\">\r\n                            <\/a>\r\n                            <figcaption class = \"td-slide-caption td-gallery-slide-content\"><div class = \"td-gallery-slide-copywrite\">pradas hallenbad spa 29<\/div><span>pradas hallenbad spa 29<\/span><\/figcaption>\r\n                        <\/figure>\r\n                    <\/div>\r\n                            <\/div>\r\n                        <\/div>\r\n\r\n                        <div class = \"td-doubleSlider-2\">\r\n                            <div class = \"td-slider\">\r\n                                \r\n                    <div class = \"td-button td-item1\">\r\n                        <div class = \"td-border\"><\/div>\r\n                    <\/div>\r\n                    <div class = \"td-button td-item2\">\r\n                        <div class = \"td-border\"><\/div>\r\n                    <\/div>\r\n                    <div class = \"td-button td-item3\">\r\n                        <div class = \"td-border\"><\/div>\r\n                    <\/div>\r\n                    <div class = \"td-button td-item4\">\r\n                        <div class = \"td-border\"><\/div>\r\n                    <\/div>\r\n                    <div class = \"td-button td-item5\">\r\n                        <div class = \"td-border\"><\/div>\r\n                    <\/div>\r\n                    <div class = \"td-button td-item6\">\r\n                        <div class = \"td-border\"><\/div>\r\n                    <\/div>\r\n                    <div class = \"td-button td-item7\">\r\n                        <div class = \"td-border\"><\/div>\r\n                    <\/div>\r\n                            <\/div>\r\n                        <\/div>\r\n\r\n                    <\/div>\r\n\r\n                <\/div>\r\n                \n<p><a href=\"https:\/\/www.pradasresort.ch\/ferienwohnungen\" target=\"_blank\" rel=\"noopener noreferrer\">Wohnungen &amp; Suiten<\/a> | <a href=\"https:\/\/www.pradasresort.ch\/bade-und-saunawelt\" target=\"_blank\" rel=\"noopener noreferrer\">Wellness<\/a>\u00a0| <a href=\"https:\/\/www.pradasresort.ch\/familienhotel-graub\u00fcnden\/pradas-kidsclub\">Pradas Kids Club<\/a><\/p>\n<h2>Ihre Ferienwohnung in Brigels mit attraktiven Inklusiv-Leistungen<\/h2>\n<p>Die attraktiven und komfortabel ausgestatteten Ferienwohnungen sind ideal f\u00fcr den Aufenthalt mit Kindern. Denn die grossz\u00fcgig gestalteten Wohnungen bieten nicht nur ausreichend Raum f\u00fcr Ihre Familie, sondern auch so manche Annehmlichkeit wie eine grosse \u00fcberdachte Terrasse f\u00fcr das Fr\u00fchst\u00fcck im Freien oder gem\u00fctliche Stunden abends bei einem Glas Wein. W\u00e4hlen Sie abh\u00e4ngig von Ihren individuellen Bed\u00fcrfnissen Ihre Wohnung in Brigels. Das Angebot reicht vom 25-qm-Studio bis zur 90 qm grossen Familienwohnung mit drei Schlafzimmern.<\/p>\n<p>Zur Ausstattung der Wohnungen geh\u00f6ren Flatscreen-TVs und alle erforderlichen K\u00fcchenger\u00e4te, ein Ravensburger Spieleset sowie ein Starter Set f\u00fcr die ersten Tassen Kaffee und andere Annehmlichkeiten. Hinzu kommen zahlreiche Inklusiv-Leistungen wie die kostenlose Nutzung der Waschk\u00fcche, der Bade- und Saunawelt sowie die freie Fahrt mit den verschiedenen Bergbahnen. Zus\u00e4tzliche Annehmlichkeiten wie die Lieferung von Br\u00f6tchen und Lebensmitteln bis an die Wohnungst\u00fcr erg\u00e4nzen das umfassende Leistungsangebot.<\/p>\n\r\n                <style type=\"text\/css\">\r\n                    \r\n                    #tdi_3  .td-doubleSlider-2 .td-item1 {\r\n                        background: url(https:\/\/www.ausflugsziele-schweiz.ch\/wp-content\/uploads\/2020\/06\/Pradas_Resort_sesselbahn-80x60.jpg) 0 0 no-repeat;\r\n                    }\r\n                    #tdi_3  .td-doubleSlider-2 .td-item2 {\r\n                        background: url(https:\/\/www.ausflugsziele-schweiz.ch\/wp-content\/uploads\/2021\/06\/pradas_wandern_2-80x60.jpg) 0 0 no-repeat;\r\n                    }\r\n                    #tdi_3  .td-doubleSlider-2 .td-item3 {\r\n                        background: url(https:\/\/www.ausflugsziele-schweiz.ch\/wp-content\/uploads\/2019\/04\/Pradas_Biketour-1024x682-80x60.jpg) 0 0 no-repeat;\r\n                    }\r\n                    #tdi_3  .td-doubleSlider-2 .td-item4 {\r\n                        background: url(https:\/\/www.ausflugsziele-schweiz.ch\/wp-content\/uploads\/2021\/06\/pradas_wandern_3-80x60.jpg) 0 0 no-repeat;\r\n                    }\r\n                    #tdi_3  .td-doubleSlider-2 .td-item5 {\r\n                        background: url(https:\/\/www.ausflugsziele-schweiz.ch\/wp-content\/uploads\/2019\/04\/Pradas_wandern-1024x683-80x60.jpg) 0 0 no-repeat;\r\n                    }\r\n                    #tdi_3  .td-doubleSlider-2 .td-item6 {\r\n                        background: url(https:\/\/www.ausflugsziele-schweiz.ch\/wp-content\/uploads\/2019\/04\/Pradas_Dorfladen_01-1024x768-80x60.jpg) 0 0 no-repeat;\r\n                    }\r\n                <\/style>\r\n\r\n                <div id=\"tdi_3\" class=\"td-gallery td-slide-on-2-columns\">\r\n                    <div class=\"post_td_gallery\">\r\n                        <div class=\"td-gallery-slide-top\">\r\n                           <div class=\"td-gallery-title\"><\/div>\r\n\r\n                            <div class=\"td-gallery-controls-wrapper\">\r\n                                <div class=\"td-gallery-slide-count\"><span class=\"td-gallery-slide-item-focus\">1<\/span> of 6<\/div>\r\n                                <div class=\"td-gallery-slide-prev-next-but\">\r\n                                    <i class = \"td-icon-left doubleSliderPrevButton\"><\/i>\r\n                                    <i class = \"td-icon-right doubleSliderNextButton\"><\/i>\r\n                                <\/div>\r\n                            <\/div>\r\n                        <\/div>\r\n\r\n                        <div class = \"td-doubleSlider-1 \">\r\n                            <div class = \"td-slider\">\r\n                                \r\n                    <div class = \"td-slide-item td-item1\">\r\n                        <figure class=\"td-slide-galery-figure td-slide-popup-gallery\">\r\n                            <a class=\"slide-gallery-image-link\" href=\"https:\/\/www.ausflugsziele-schweiz.ch\/wp-content\/uploads\/2020\/06\/Pradas_Resort_sesselbahn.jpg\" title=\"Pradas Resort sesselbahn\"  data-caption=\"Pradas Resort sesselbahn\"  data-description=\"Pradas Resort sesselbahn\">\r\n                                <img decoding=\"async\" src=\"https:\/\/www.ausflugsziele-schweiz.ch\/wp-content\/uploads\/2020\/06\/Pradas_Resort_sesselbahn.jpg\" alt=\"Pradas Resort sesselbahn\">\r\n                            <\/a>\r\n                            <figcaption class = \"td-slide-caption td-gallery-slide-content\"><div class = \"td-gallery-slide-copywrite\">Pradas Resort sesselbahn<\/div><span>Pradas Resort sesselbahn<\/span><\/figcaption>\r\n                        <\/figure>\r\n                    <\/div>\r\n                    <div class = \"td-slide-item td-item2\">\r\n                        <figure class=\"td-slide-galery-figure td-slide-popup-gallery\">\r\n                            <a class=\"slide-gallery-image-link\" href=\"https:\/\/www.ausflugsziele-schweiz.ch\/wp-content\/uploads\/2021\/06\/pradas_wandern_2.jpg\" title=\"pradas wandern 2\"  data-caption=\"pradas wandern 2\"  data-description=\"pradas wandern 2\">\r\n                                <img decoding=\"async\" src=\"https:\/\/www.ausflugsziele-schweiz.ch\/wp-content\/uploads\/2021\/06\/pradas_wandern_2.jpg\" srcset=\"https:\/\/www.ausflugsziele-schweiz.ch\/wp-content\/uploads\/2021\/06\/pradas_wandern_2.jpg 1400w, https:\/\/www.ausflugsziele-schweiz.ch\/wp-content\/uploads\/2021\/06\/pradas_wandern_2-800x514.jpg 800w, https:\/\/www.ausflugsziele-schweiz.ch\/wp-content\/uploads\/2021\/06\/pradas_wandern_2-1024x658.jpg 1024w, https:\/\/www.ausflugsziele-schweiz.ch\/wp-content\/uploads\/2021\/06\/pradas_wandern_2-768x494.jpg 768w, https:\/\/www.ausflugsziele-schweiz.ch\/wp-content\/uploads\/2021\/06\/pradas_wandern_2-1068x687.jpg 1068w\" sizes=\"(max-width: 1400px) 100vw, 1400px\" alt=\"pradas wandern 2\">\r\n                            <\/a>\r\n                            <figcaption class = \"td-slide-caption td-gallery-slide-content\"><div class = \"td-gallery-slide-copywrite\">pradas wandern 2<\/div><span>pradas wandern 2<\/span><\/figcaption>\r\n                        <\/figure>\r\n                    <\/div>\r\n                    <div class = \"td-slide-item td-item3\">\r\n                        <figure class=\"td-slide-galery-figure td-slide-popup-gallery\">\r\n                            <a class=\"slide-gallery-image-link\" href=\"https:\/\/www.ausflugsziele-schweiz.ch\/wp-content\/uploads\/2019\/04\/Pradas_Biketour-1024x682.jpg\" title=\"Pradas Biketour 1024x682\"  data-caption=\"Pradas Biketour 1024x682\"  data-description=\"Pradas Biketour 1024x682\">\r\n                                <img decoding=\"async\" src=\"https:\/\/www.ausflugsziele-schweiz.ch\/wp-content\/uploads\/2019\/04\/Pradas_Biketour-1024x682-631x420.jpg\" srcset=\"https:\/\/www.ausflugsziele-schweiz.ch\/wp-content\/uploads\/2019\/04\/Pradas_Biketour-1024x682-631x420.jpg 631w, https:\/\/www.ausflugsziele-schweiz.ch\/wp-content\/uploads\/2019\/04\/Pradas_Biketour-1024x682-800x533.jpg 800w, https:\/\/www.ausflugsziele-schweiz.ch\/wp-content\/uploads\/2019\/04\/Pradas_Biketour-1024x682-768x512.jpg 768w, https:\/\/www.ausflugsziele-schweiz.ch\/wp-content\/uploads\/2019\/04\/Pradas_Biketour-1024x682-696x464.jpg 696w, https:\/\/www.ausflugsziele-schweiz.ch\/wp-content\/uploads\/2019\/04\/Pradas_Biketour-1024x682.jpg 1024w\" sizes=\"(max-width: 631px) 100vw, 631px\" alt=\"Pradas Biketour 1024x682\">\r\n                            <\/a>\r\n                            <figcaption class = \"td-slide-caption td-gallery-slide-content\"><div class = \"td-gallery-slide-copywrite\">Pradas Biketour 1024x682<\/div><span>Pradas Biketour 1024x682<\/span><\/figcaption>\r\n                        <\/figure>\r\n                    <\/div>\r\n                    <div class = \"td-slide-item td-item4\">\r\n                        <figure class=\"td-slide-galery-figure td-slide-popup-gallery\">\r\n                            <a class=\"slide-gallery-image-link\" href=\"https:\/\/www.ausflugsziele-schweiz.ch\/wp-content\/uploads\/2021\/06\/pradas_wandern_3.jpg\" title=\"pradas wandern 3\"  data-caption=\"pradas wandern 3\"  data-description=\"pradas wandern 3\">\r\n                                <img decoding=\"async\" src=\"https:\/\/www.ausflugsziele-schweiz.ch\/wp-content\/uploads\/2021\/06\/pradas_wandern_3.jpg\" srcset=\"https:\/\/www.ausflugsziele-schweiz.ch\/wp-content\/uploads\/2021\/06\/pradas_wandern_3.jpg 1400w, https:\/\/www.ausflugsziele-schweiz.ch\/wp-content\/uploads\/2021\/06\/pradas_wandern_3-800x514.jpg 800w, https:\/\/www.ausflugsziele-schweiz.ch\/wp-content\/uploads\/2021\/06\/pradas_wandern_3-1024x658.jpg 1024w, https:\/\/www.ausflugsziele-schweiz.ch\/wp-content\/uploads\/2021\/06\/pradas_wandern_3-768x494.jpg 768w, https:\/\/www.ausflugsziele-schweiz.ch\/wp-content\/uploads\/2021\/06\/pradas_wandern_3-1068x687.jpg 1068w\" sizes=\"(max-width: 1400px) 100vw, 1400px\" alt=\"pradas wandern 3\">\r\n                            <\/a>\r\n                            <figcaption class = \"td-slide-caption td-gallery-slide-content\"><div class = \"td-gallery-slide-copywrite\">pradas wandern 3<\/div><span>pradas wandern 3<\/span><\/figcaption>\r\n                        <\/figure>\r\n                    <\/div>\r\n                    <div class = \"td-slide-item td-item5\">\r\n                        <figure class=\"td-slide-galery-figure td-slide-popup-gallery\">\r\n                            <a class=\"slide-gallery-image-link\" href=\"https:\/\/www.ausflugsziele-schweiz.ch\/wp-content\/uploads\/2019\/04\/Pradas_wandern-1024x683.jpg\" title=\"Pradas wandern 1024x683\"  data-caption=\"Pradas wandern 1024x683\"  data-description=\"Pradas wandern 1024x683\">\r\n                                <img decoding=\"async\" src=\"https:\/\/www.ausflugsziele-schweiz.ch\/wp-content\/uploads\/2019\/04\/Pradas_wandern-1024x683-630x420.jpg\" srcset=\"https:\/\/www.ausflugsziele-schweiz.ch\/wp-content\/uploads\/2019\/04\/Pradas_wandern-1024x683-630x420.jpg 630w, https:\/\/www.ausflugsziele-schweiz.ch\/wp-content\/uploads\/2019\/04\/Pradas_wandern-1024x683-800x533.jpg 800w, https:\/\/www.ausflugsziele-schweiz.ch\/wp-content\/uploads\/2019\/04\/Pradas_wandern-1024x683-768x512.jpg 768w, https:\/\/www.ausflugsziele-schweiz.ch\/wp-content\/uploads\/2019\/04\/Pradas_wandern-1024x683-696x464.jpg 696w, https:\/\/www.ausflugsziele-schweiz.ch\/wp-content\/uploads\/2019\/04\/Pradas_wandern-1024x683.jpg 1024w\" sizes=\"(max-width: 630px) 100vw, 630px\" alt=\"Pradas wandern 1024x683\">\r\n                            <\/a>\r\n                            <figcaption class = \"td-slide-caption td-gallery-slide-content\"><div class = \"td-gallery-slide-copywrite\">Pradas wandern 1024x683<\/div><span>Pradas wandern 1024x683<\/span><\/figcaption>\r\n                        <\/figure>\r\n                    <\/div>\r\n                    <div class = \"td-slide-item td-item6\">\r\n                        <figure class=\"td-slide-galery-figure td-slide-popup-gallery\">\r\n                            <a class=\"slide-gallery-image-link\" href=\"https:\/\/www.ausflugsziele-schweiz.ch\/wp-content\/uploads\/2019\/04\/Pradas_Dorfladen_01-1024x768.jpg\" title=\"Pradas Dorfladen 01 1024x768\"  data-caption=\"Pradas Dorfladen 01 1024x768\"  data-description=\"Pradas Dorfladen 01 1024x768\">\r\n                                <img decoding=\"async\" src=\"https:\/\/www.ausflugsziele-schweiz.ch\/wp-content\/uploads\/2019\/04\/Pradas_Dorfladen_01-1024x768-560x420.jpg\" srcset=\"https:\/\/www.ausflugsziele-schweiz.ch\/wp-content\/uploads\/2019\/04\/Pradas_Dorfladen_01-1024x768-560x420.jpg 560w, https:\/\/www.ausflugsziele-schweiz.ch\/wp-content\/uploads\/2019\/04\/Pradas_Dorfladen_01-1024x768-711x533.jpg 711w, https:\/\/www.ausflugsziele-schweiz.ch\/wp-content\/uploads\/2019\/04\/Pradas_Dorfladen_01-1024x768-768x576.jpg 768w, https:\/\/www.ausflugsziele-schweiz.ch\/wp-content\/uploads\/2019\/04\/Pradas_Dorfladen_01-1024x768-80x60.jpg 80w, https:\/\/www.ausflugsziele-schweiz.ch\/wp-content\/uploads\/2019\/04\/Pradas_Dorfladen_01-1024x768-160x120.jpg 160w, https:\/\/www.ausflugsziele-schweiz.ch\/wp-content\/uploads\/2019\/04\/Pradas_Dorfladen_01-1024x768-265x198.jpg 265w, https:\/\/www.ausflugsziele-schweiz.ch\/wp-content\/uploads\/2019\/04\/Pradas_Dorfladen_01-1024x768-696x522.jpg 696w, https:\/\/www.ausflugsziele-schweiz.ch\/wp-content\/uploads\/2019\/04\/Pradas_Dorfladen_01-1024x768.jpg 1024w\" sizes=\"(max-width: 560px) 100vw, 560px\" alt=\"Pradas Dorfladen 01 1024x768\">\r\n                            <\/a>\r\n                            <figcaption class = \"td-slide-caption td-gallery-slide-content\"><div class = \"td-gallery-slide-copywrite\">Pradas Dorfladen 01 1024x768<\/div><span>Pradas Dorfladen 01 1024x768<\/span><\/figcaption>\r\n                        <\/figure>\r\n                    <\/div>\r\n                            <\/div>\r\n                        <\/div>\r\n\r\n                        <div class = \"td-doubleSlider-2\">\r\n                            <div class = \"td-slider\">\r\n                                \r\n                    <div class = \"td-button td-item1\">\r\n                        <div class = \"td-border\"><\/div>\r\n                    <\/div>\r\n                    <div class = \"td-button td-item2\">\r\n                        <div class = \"td-border\"><\/div>\r\n                    <\/div>\r\n                    <div class = \"td-button td-item3\">\r\n                        <div class = \"td-border\"><\/div>\r\n                    <\/div>\r\n                    <div class = \"td-button td-item4\">\r\n                        <div class = \"td-border\"><\/div>\r\n                    <\/div>\r\n                    <div class = \"td-button td-item5\">\r\n                        <div class = \"td-border\"><\/div>\r\n                    <\/div>\r\n                    <div class = \"td-button td-item6\">\r\n                        <div class = \"td-border\"><\/div>\r\n                    <\/div>\r\n                            <\/div>\r\n                        <\/div>\r\n\r\n                    <\/div>\r\n\r\n                <\/div>\r\n                \n<p><a href=\"https:\/\/www.pradasresort.ch\/urlaub-auszeit-graub\u00fcnden\/inklusiv-und-wohlfuehlservices\">Pradas Inklusive<\/a>\u00a0|\u00a0<a href=\"https:\/\/www.pradasresort.ch\/broetchen-service-co\" target=\"_blank\" rel=\"noopener\">Br\u00f6tchen Service<\/a>\u00a0| <a href=\"https:\/\/www.pradasresort.ch\/bergbahnen-inklusive\" target=\"_blank\" rel=\"noopener\">Bergbahnen<\/a><\/p>\n<h2>Mit \u00abGolf Unlimited!\u00bb ist Golf inklusive<\/h2>\n<p>Nur wenige Minuten zu Fuss vom Resort entfernt erwartet Sie der Panorama-Golfplatz mit einer 9- und 18-Loch-Anlage. F\u00fcr G\u00e4ste des Prada Resorts ist Golf inklusive, sofern Sie sich f\u00fcr eines der Pauschalangebote entscheiden. Denn Sie haben die Wahl, ob Sie Ihre Wohnung in Brigels mit der Greenfee-Erm\u00e4ssigung buchen oder sich f\u00fcr das Angebot \u00abGolf Unlimited!\u00bb entscheiden.<\/p>\n\r\n                <style type=\"text\/css\">\r\n                    \r\n                    #tdi_4  .td-doubleSlider-2 .td-item1 {\r\n                        background: url(https:\/\/www.ausflugsziele-schweiz.ch\/wp-content\/uploads\/2021\/06\/pradas_golf_3-80x60.jpg) 0 0 no-repeat;\r\n                    }\r\n                    #tdi_4  .td-doubleSlider-2 .td-item2 {\r\n                        background: url(https:\/\/www.ausflugsziele-schweiz.ch\/wp-content\/uploads\/2021\/06\/pradas_golf_24-80x60.jpg) 0 0 no-repeat;\r\n                    }\r\n                    #tdi_4  .td-doubleSlider-2 .td-item3 {\r\n                        background: url(https:\/\/www.ausflugsziele-schweiz.ch\/wp-content\/uploads\/2021\/06\/pradas_golf_6-80x60.jpg) 0 0 no-repeat;\r\n                    }\r\n                    #tdi_4  .td-doubleSlider-2 .td-item4 {\r\n                        background: url(https:\/\/www.ausflugsziele-schweiz.ch\/wp-content\/uploads\/2021\/06\/pradas_golf_5-80x60.jpg) 0 0 no-repeat;\r\n                    }\r\n                    #tdi_4  .td-doubleSlider-2 .td-item5 {\r\n                        background: url(https:\/\/www.ausflugsziele-schweiz.ch\/wp-content\/uploads\/2021\/06\/pradas_golf_2-80x60.jpg) 0 0 no-repeat;\r\n                    }\r\n                    #tdi_4  .td-doubleSlider-2 .td-item6 {\r\n                        background: url(https:\/\/www.ausflugsziele-schweiz.ch\/wp-content\/uploads\/2019\/04\/Pradas_Golfanlage-1024x682-80x60.jpg) 0 0 no-repeat;\r\n                    }\r\n                <\/style>\r\n\r\n                <div id=\"tdi_4\" class=\"td-gallery td-slide-on-2-columns\">\r\n                    <div class=\"post_td_gallery\">\r\n                        <div class=\"td-gallery-slide-top\">\r\n                           <div class=\"td-gallery-title\"><\/div>\r\n\r\n                            <div class=\"td-gallery-controls-wrapper\">\r\n                                <div class=\"td-gallery-slide-count\"><span class=\"td-gallery-slide-item-focus\">1<\/span> of 6<\/div>\r\n                                <div class=\"td-gallery-slide-prev-next-but\">\r\n                                    <i class = \"td-icon-left doubleSliderPrevButton\"><\/i>\r\n                                    <i class = \"td-icon-right doubleSliderNextButton\"><\/i>\r\n                                <\/div>\r\n                            <\/div>\r\n                        <\/div>\r\n\r\n                        <div class = \"td-doubleSlider-1 \">\r\n                            <div class = \"td-slider\">\r\n                                \r\n                    <div class = \"td-slide-item td-item1\">\r\n                        <figure class=\"td-slide-galery-figure td-slide-popup-gallery\">\r\n                            <a class=\"slide-gallery-image-link\" href=\"https:\/\/www.ausflugsziele-schweiz.ch\/wp-content\/uploads\/2021\/06\/pradas_golf_3.jpg\" title=\"pradas golf 3\"  data-caption=\"pradas golf 3\"  data-description=\"pradas golf 3\">\r\n                                <img decoding=\"async\" src=\"https:\/\/www.ausflugsziele-schweiz.ch\/wp-content\/uploads\/2021\/06\/pradas_golf_3.jpg\" srcset=\"https:\/\/www.ausflugsziele-schweiz.ch\/wp-content\/uploads\/2021\/06\/pradas_golf_3.jpg 1400w, https:\/\/www.ausflugsziele-schweiz.ch\/wp-content\/uploads\/2021\/06\/pradas_golf_3-800x514.jpg 800w, https:\/\/www.ausflugsziele-schweiz.ch\/wp-content\/uploads\/2021\/06\/pradas_golf_3-1024x658.jpg 1024w, https:\/\/www.ausflugsziele-schweiz.ch\/wp-content\/uploads\/2021\/06\/pradas_golf_3-768x494.jpg 768w, https:\/\/www.ausflugsziele-schweiz.ch\/wp-content\/uploads\/2021\/06\/pradas_golf_3-1068x687.jpg 1068w\" sizes=\"(max-width: 1400px) 100vw, 1400px\" alt=\"pradas golf 3\">\r\n                            <\/a>\r\n                            <figcaption class = \"td-slide-caption td-gallery-slide-content\"><div class = \"td-gallery-slide-copywrite\">pradas golf 3<\/div><span>pradas golf 3<\/span><\/figcaption>\r\n                        <\/figure>\r\n                    <\/div>\r\n                    <div class = \"td-slide-item td-item2\">\r\n                        <figure class=\"td-slide-galery-figure td-slide-popup-gallery\">\r\n                            <a class=\"slide-gallery-image-link\" href=\"https:\/\/www.ausflugsziele-schweiz.ch\/wp-content\/uploads\/2021\/06\/pradas_golf_24.jpg\" title=\"pradas golf 24\"  data-caption=\"pradas golf 24\"  data-description=\"pradas golf 24\">\r\n                                <img decoding=\"async\" src=\"https:\/\/www.ausflugsziele-schweiz.ch\/wp-content\/uploads\/2021\/06\/pradas_golf_24.jpg\" srcset=\"https:\/\/www.ausflugsziele-schweiz.ch\/wp-content\/uploads\/2021\/06\/pradas_golf_24.jpg 1400w, https:\/\/www.ausflugsziele-schweiz.ch\/wp-content\/uploads\/2021\/06\/pradas_golf_24-800x514.jpg 800w, https:\/\/www.ausflugsziele-schweiz.ch\/wp-content\/uploads\/2021\/06\/pradas_golf_24-1024x658.jpg 1024w, https:\/\/www.ausflugsziele-schweiz.ch\/wp-content\/uploads\/2021\/06\/pradas_golf_24-768x494.jpg 768w, https:\/\/www.ausflugsziele-schweiz.ch\/wp-content\/uploads\/2021\/06\/pradas_golf_24-1068x687.jpg 1068w\" sizes=\"(max-width: 1400px) 100vw, 1400px\" alt=\"pradas golf 24\">\r\n                            <\/a>\r\n                            <figcaption class = \"td-slide-caption td-gallery-slide-content\"><div class = \"td-gallery-slide-copywrite\">pradas golf 24<\/div><span>pradas golf 24<\/span><\/figcaption>\r\n                        <\/figure>\r\n                    <\/div>\r\n                    <div class = \"td-slide-item td-item3\">\r\n                        <figure class=\"td-slide-galery-figure td-slide-popup-gallery\">\r\n                            <a class=\"slide-gallery-image-link\" href=\"https:\/\/www.ausflugsziele-schweiz.ch\/wp-content\/uploads\/2021\/06\/pradas_golf_6.jpg\" title=\"pradas golf 6\"  data-caption=\"pradas golf 6\"  data-description=\"pradas golf 6\">\r\n                                <img decoding=\"async\" src=\"https:\/\/www.ausflugsziele-schweiz.ch\/wp-content\/uploads\/2021\/06\/pradas_golf_6.jpg\" srcset=\"https:\/\/www.ausflugsziele-schweiz.ch\/wp-content\/uploads\/2021\/06\/pradas_golf_6.jpg 1400w, https:\/\/www.ausflugsziele-schweiz.ch\/wp-content\/uploads\/2021\/06\/pradas_golf_6-800x514.jpg 800w, https:\/\/www.ausflugsziele-schweiz.ch\/wp-content\/uploads\/2021\/06\/pradas_golf_6-1024x658.jpg 1024w, https:\/\/www.ausflugsziele-schweiz.ch\/wp-content\/uploads\/2021\/06\/pradas_golf_6-768x494.jpg 768w, https:\/\/www.ausflugsziele-schweiz.ch\/wp-content\/uploads\/2021\/06\/pradas_golf_6-1068x687.jpg 1068w\" sizes=\"(max-width: 1400px) 100vw, 1400px\" alt=\"pradas golf 6\">\r\n                            <\/a>\r\n                            <figcaption class = \"td-slide-caption td-gallery-slide-content\"><div class = \"td-gallery-slide-copywrite\">pradas golf 6<\/div><span>pradas golf 6<\/span><\/figcaption>\r\n                        <\/figure>\r\n                    <\/div>\r\n                    <div class = \"td-slide-item td-item4\">\r\n                        <figure class=\"td-slide-galery-figure td-slide-popup-gallery\">\r\n                            <a class=\"slide-gallery-image-link\" href=\"https:\/\/www.ausflugsziele-schweiz.ch\/wp-content\/uploads\/2021\/06\/pradas_golf_5.jpg\" title=\"pradas golf 5\"  data-caption=\"pradas golf 5\"  data-description=\"pradas golf 5\">\r\n                                <img decoding=\"async\" src=\"https:\/\/www.ausflugsziele-schweiz.ch\/wp-content\/uploads\/2021\/06\/pradas_golf_5.jpg\" srcset=\"https:\/\/www.ausflugsziele-schweiz.ch\/wp-content\/uploads\/2021\/06\/pradas_golf_5.jpg 1400w, https:\/\/www.ausflugsziele-schweiz.ch\/wp-content\/uploads\/2021\/06\/pradas_golf_5-800x514.jpg 800w, https:\/\/www.ausflugsziele-schweiz.ch\/wp-content\/uploads\/2021\/06\/pradas_golf_5-1024x658.jpg 1024w, https:\/\/www.ausflugsziele-schweiz.ch\/wp-content\/uploads\/2021\/06\/pradas_golf_5-768x494.jpg 768w, https:\/\/www.ausflugsziele-schweiz.ch\/wp-content\/uploads\/2021\/06\/pradas_golf_5-1068x687.jpg 1068w\" sizes=\"(max-width: 1400px) 100vw, 1400px\" alt=\"pradas golf 5\">\r\n                            <\/a>\r\n                            <figcaption class = \"td-slide-caption td-gallery-slide-content\"><div class = \"td-gallery-slide-copywrite\">pradas golf 5<\/div><span>pradas golf 5<\/span><\/figcaption>\r\n                        <\/figure>\r\n                    <\/div>\r\n                    <div class = \"td-slide-item td-item5\">\r\n                        <figure class=\"td-slide-galery-figure td-slide-popup-gallery\">\r\n                            <a class=\"slide-gallery-image-link\" href=\"https:\/\/www.ausflugsziele-schweiz.ch\/wp-content\/uploads\/2021\/06\/pradas_golf_2.jpg\" title=\"pradas golf 2\"  data-caption=\"pradas golf 2\"  data-description=\"pradas golf 2\">\r\n                                <img decoding=\"async\" src=\"https:\/\/www.ausflugsziele-schweiz.ch\/wp-content\/uploads\/2021\/06\/pradas_golf_2.jpg\" srcset=\"https:\/\/www.ausflugsziele-schweiz.ch\/wp-content\/uploads\/2021\/06\/pradas_golf_2.jpg 1400w, https:\/\/www.ausflugsziele-schweiz.ch\/wp-content\/uploads\/2021\/06\/pradas_golf_2-800x514.jpg 800w, https:\/\/www.ausflugsziele-schweiz.ch\/wp-content\/uploads\/2021\/06\/pradas_golf_2-1024x658.jpg 1024w, https:\/\/www.ausflugsziele-schweiz.ch\/wp-content\/uploads\/2021\/06\/pradas_golf_2-768x494.jpg 768w\" sizes=\"(max-width: 1400px) 100vw, 1400px\" alt=\"pradas golf 2\">\r\n                            <\/a>\r\n                            <figcaption class = \"td-slide-caption td-gallery-slide-content\"><div class = \"td-gallery-slide-copywrite\">pradas golf 2<\/div><span>pradas golf 2<\/span><\/figcaption>\r\n                        <\/figure>\r\n                    <\/div>\r\n                    <div class = \"td-slide-item td-item6\">\r\n                        <figure class=\"td-slide-galery-figure td-slide-popup-gallery\">\r\n                            <a class=\"slide-gallery-image-link\" href=\"https:\/\/www.ausflugsziele-schweiz.ch\/wp-content\/uploads\/2019\/04\/Pradas_Golfanlage-1024x682.jpg\" title=\"Pradas Golfanlage 1024x682\"  data-caption=\"Pradas Golfanlage 1024x682\"  data-description=\"Pradas Golfanlage 1024x682\">\r\n                                <img decoding=\"async\" src=\"https:\/\/www.ausflugsziele-schweiz.ch\/wp-content\/uploads\/2019\/04\/Pradas_Golfanlage-1024x682-631x420.jpg\" srcset=\"https:\/\/www.ausflugsziele-schweiz.ch\/wp-content\/uploads\/2019\/04\/Pradas_Golfanlage-1024x682-631x420.jpg 631w, https:\/\/www.ausflugsziele-schweiz.ch\/wp-content\/uploads\/2019\/04\/Pradas_Golfanlage-1024x682-800x533.jpg 800w, https:\/\/www.ausflugsziele-schweiz.ch\/wp-content\/uploads\/2019\/04\/Pradas_Golfanlage-1024x682-768x512.jpg 768w, https:\/\/www.ausflugsziele-schweiz.ch\/wp-content\/uploads\/2019\/04\/Pradas_Golfanlage-1024x682-696x464.jpg 696w, https:\/\/www.ausflugsziele-schweiz.ch\/wp-content\/uploads\/2019\/04\/Pradas_Golfanlage-1024x682.jpg 1024w\" sizes=\"(max-width: 631px) 100vw, 631px\" alt=\"Pradas Golfanlage 1024x682\">\r\n                            <\/a>\r\n                            <figcaption class = \"td-slide-caption td-gallery-slide-content\"><div class = \"td-gallery-slide-copywrite\">Pradas Golfanlage 1024x682<\/div><span>Pradas Golfanlage 1024x682<\/span><\/figcaption>\r\n                        <\/figure>\r\n                    <\/div>\r\n                            <\/div>\r\n                        <\/div>\r\n\r\n                        <div class = \"td-doubleSlider-2\">\r\n                            <div class = \"td-slider\">\r\n                                \r\n                    <div class = \"td-button td-item1\">\r\n                        <div class = \"td-border\"><\/div>\r\n                    <\/div>\r\n                    <div class = \"td-button td-item2\">\r\n                        <div class = \"td-border\"><\/div>\r\n                    <\/div>\r\n                    <div class = \"td-button td-item3\">\r\n                        <div class = \"td-border\"><\/div>\r\n                    <\/div>\r\n                    <div class = \"td-button td-item4\">\r\n                        <div class = \"td-border\"><\/div>\r\n                    <\/div>\r\n                    <div class = \"td-button td-item5\">\r\n                        <div class = \"td-border\"><\/div>\r\n                    <\/div>\r\n                    <div class = \"td-button td-item6\">\r\n                        <div class = \"td-border\"><\/div>\r\n                    <\/div>\r\n                            <\/div>\r\n                        <\/div>\r\n\r\n                    <\/div>\r\n\r\n                <\/div>\r\n                \n<p><a href=\"https:\/\/www.pradasresort.ch\/angebote\/golf-unlimited\" target=\"_blank\" rel=\"noopener noreferrer\">Golf Unlimited<\/a>\u00a0| <a title=\"Golfplatz Brigels\" href=\"https:\/\/www.pradasresort.ch\/golfurlaub-graub%C3%BCnden\/golfplatz-brigels\" target=\"_blank\" rel=\"noopener\" data-entity-substitution=\"canonical\" data-entity-type=\"node\" data-entity-uuid=\"299f4423-26d9-4c45-8e51-1d096bf70a18\">Brigelser Golfanlage<\/a><\/p>\n<p><strong>Informieren Sie sich \u00fcber die Vorteile von Ferien im Familienhotel Resort Prada in Reka Brigels und f\u00fchlen Sie sich durch die umfangreichen Services wie im Hotel in Brigels.<\/strong><\/p>\n","protected":false},"excerpt":{"rendered":"<p>Vereinen Sie die Vorteile einer Ferienwohnung mit den Vorz\u00fcgen eines Hotels Reka Brigels ist eine der sch\u00f6nsten Ferienregionen der Schweiz und liegt im Herzen der Surselva im Kanton Graub\u00fcnden. Inmitten dieser traumhaften Naturlandschaft aus sanft ansteigenden H\u00e4ngen und sattgr\u00fcnen Wiesen erwarten Sie das Familienhotel Pradas Resort und eine Vielzahl ansprechender Freizeitaktivit\u00e4ten von erlebnisreichen Wanderungen, Mountainbike-Routen [&hellip;]<\/p>\n","protected":false},"author":5,"featured_media":127569,"comment_status":"closed","ping_status":"closed","sticky":false,"template":"","format":"standard","meta":{"_acf_changed":false,"footnotes":""},"categories":[467],"tags":[988,2998,1655,1217,4966,1302,1650,4597,2991,4965,1235,1653,4587,4594,2995,4964,529,691],"class_list":{"0":"post-127534","1":"post","2":"type-post","3":"status-publish","4":"format-standard","5":"has-post-thumbnail","7":"category-archiv","8":"tag-familienhotel","9":"tag-ferien-2","10":"tag-ferien-graubuenden","11":"tag-ferienwohnung","12":"tag-ferienwohnung-brigels","13":"tag-golfplatz","14":"tag-graubuenden","15":"tag-greenfee","16":"tag-hotel-2","17":"tag-hotel-in-brigels","18":"tag-mountainbike","19":"tag-pradas-resort","20":"tag-reka-brigels","21":"tag-surselva","22":"tag-urlaub-2","23":"tag-urlaub-graubunden","24":"tag-wanderung-2","25":"tag-wellness","26":"kantons-graubuenden"},"acf":[],"yoast_head":"<!-- This site is optimized with the Yoast SEO plugin v27.5 - https:\/\/yoast.com\/product\/yoast-seo-wordpress\/ -->\n<title>Pradas Resort als ideales Ziel f\u00fcr unbeschwerte und erholsame Ferien<\/title>\n<meta name=\"description\" content=\"Pradas Resort ; Reka Brigels ist eine der sch\u00f6nsten Ferienregionen der Schweiz und liegt im Herzen der Surselva im Kanton Graub\u00fcnden.\" \/>\n<meta name=\"robots\" content=\"index, follow, max-snippet:-1, max-image-preview:large, max-video-preview:-1\" \/>\n<link rel=\"canonical\" href=\"https:\/\/www.ausflugsziele-schweiz.ch\/sommer\/pradas-resort-als-ideales-ziel-fur-unbeschwerte-und-erholsame-ferien\/\" \/>\n<meta property=\"og:locale\" content=\"so_SO\" \/>\n<meta property=\"og:type\" content=\"article\" \/>\n<meta property=\"og:title\" content=\"Pradas Resort als ideales Ziel f\u00fcr unbeschwerte und erholsame Ferien\" \/>\n<meta property=\"og:description\" content=\"Pradas Resort ; Reka Brigels ist eine der sch\u00f6nsten Ferienregionen der Schweiz und liegt im Herzen der Surselva im Kanton Graub\u00fcnden.\" \/>\n<meta property=\"og:url\" content=\"https:\/\/www.ausflugsziele-schweiz.ch\/sommer\/pradas-resort-als-ideales-ziel-fur-unbeschwerte-und-erholsame-ferien\/\" \/>\n<meta property=\"og:site_name\" content=\"Ausflugsziele\" \/>\n<meta property=\"article:publisher\" content=\"https:\/\/www.facebook.com\/ausflugszieleschweiz\/\" \/>\n<meta property=\"article:published_time\" content=\"2021-06-07T20:32:03+00:00\" \/>\n<meta property=\"article:modified_time\" content=\"2022-04-04T15:46:40+00:00\" \/>\n<meta property=\"og:image\" content=\"https:\/\/www.ausflugsziele-schweiz.ch\/wp-content\/uploads\/2021\/06\/pradas_resort_aussen.jpg\" \/>\n\t<meta property=\"og:image:width\" content=\"1400\" \/>\n\t<meta property=\"og:image:height\" content=\"900\" \/>\n\t<meta property=\"og:image:type\" content=\"image\/jpeg\" \/>\n<meta name=\"author\" content=\"patrick\" \/>\n<meta name=\"twitter:card\" content=\"summary_large_image\" \/>\n<meta name=\"twitter:label1\" content=\"Written by\" \/>\n\t<meta name=\"twitter:data1\" content=\"patrick\" \/>\n\t<meta name=\"twitter:label2\" content=\"Est. reading time\" \/>\n\t<meta name=\"twitter:data2\" content=\"2 minutes\" \/>\n<script type=\"application\/ld+json\" class=\"yoast-schema-graph\">{\"@context\":\"https:\\\/\\\/schema.org\",\"@graph\":[{\"@type\":\"Article\",\"@id\":\"https:\\\/\\\/www.ausflugsziele-schweiz.ch\\\/sommer\\\/pradas-resort-als-ideales-ziel-fur-unbeschwerte-und-erholsame-ferien\\\/#article\",\"isPartOf\":{\"@id\":\"https:\\\/\\\/www.ausflugsziele-schweiz.ch\\\/sommer\\\/pradas-resort-als-ideales-ziel-fur-unbeschwerte-und-erholsame-ferien\\\/\"},\"author\":{\"name\":\"patrick\",\"@id\":\"https:\\\/\\\/www.ausflugsziele-schweiz.ch\\\/sommer\\\/#\\\/schema\\\/person\\\/4c1993dd08cea91ec8a66082aa3264e6\"},\"headline\":\"Pradas Resort als ideales Ziel f\u00fcr unbeschwerte und erholsame Ferien\",\"datePublished\":\"2021-06-07T20:32:03+00:00\",\"dateModified\":\"2022-04-04T15:46:40+00:00\",\"mainEntityOfPage\":{\"@id\":\"https:\\\/\\\/www.ausflugsziele-schweiz.ch\\\/sommer\\\/pradas-resort-als-ideales-ziel-fur-unbeschwerte-und-erholsame-ferien\\\/\"},\"wordCount\":508,\"publisher\":{\"@id\":\"https:\\\/\\\/www.ausflugsziele-schweiz.ch\\\/sommer\\\/#organization\"},\"image\":{\"@id\":\"https:\\\/\\\/www.ausflugsziele-schweiz.ch\\\/sommer\\\/pradas-resort-als-ideales-ziel-fur-unbeschwerte-und-erholsame-ferien\\\/#primaryimage\"},\"thumbnailUrl\":\"https:\\\/\\\/www.ausflugsziele-schweiz.ch\\\/wp-content\\\/uploads\\\/2021\\\/06\\\/pradas_resort_aussen.jpg\",\"keywords\":[\"Familienhotel\",\"Ferien\",\"Ferien Graub\u00fcnden\",\"Ferienwohnung\",\"Ferienwohnung Brigels\",\"Golfplatz\",\"Graub\u00fcnden\",\"Greenfee\",\"Hotel\",\"Hotel in Brigels\",\"Mountainbike\",\"Pradas Resort\",\"Reka Brigels\",\"Surselva\",\"Urlaub\",\"Urlaub Graub\u00fcnden\",\"Wanderung\",\"Wellness\"],\"articleSection\":[\"Archiv\"],\"inLanguage\":\"so-MR\"},{\"@type\":\"WebPage\",\"@id\":\"https:\\\/\\\/www.ausflugsziele-schweiz.ch\\\/sommer\\\/pradas-resort-als-ideales-ziel-fur-unbeschwerte-und-erholsame-ferien\\\/\",\"url\":\"https:\\\/\\\/www.ausflugsziele-schweiz.ch\\\/sommer\\\/pradas-resort-als-ideales-ziel-fur-unbeschwerte-und-erholsame-ferien\\\/\",\"name\":\"Pradas Resort als ideales Ziel f\u00fcr unbeschwerte und erholsame Ferien\",\"isPartOf\":{\"@id\":\"https:\\\/\\\/www.ausflugsziele-schweiz.ch\\\/sommer\\\/#website\"},\"primaryImageOfPage\":{\"@id\":\"https:\\\/\\\/www.ausflugsziele-schweiz.ch\\\/sommer\\\/pradas-resort-als-ideales-ziel-fur-unbeschwerte-und-erholsame-ferien\\\/#primaryimage\"},\"image\":{\"@id\":\"https:\\\/\\\/www.ausflugsziele-schweiz.ch\\\/sommer\\\/pradas-resort-als-ideales-ziel-fur-unbeschwerte-und-erholsame-ferien\\\/#primaryimage\"},\"thumbnailUrl\":\"https:\\\/\\\/www.ausflugsziele-schweiz.ch\\\/wp-content\\\/uploads\\\/2021\\\/06\\\/pradas_resort_aussen.jpg\",\"datePublished\":\"2021-06-07T20:32:03+00:00\",\"dateModified\":\"2022-04-04T15:46:40+00:00\",\"description\":\"Pradas Resort ; Reka Brigels ist eine der sch\u00f6nsten Ferienregionen der Schweiz und liegt im Herzen der Surselva im Kanton Graub\u00fcnden.\",\"breadcrumb\":{\"@id\":\"https:\\\/\\\/www.ausflugsziele-schweiz.ch\\\/sommer\\\/pradas-resort-als-ideales-ziel-fur-unbeschwerte-und-erholsame-ferien\\\/#breadcrumb\"},\"inLanguage\":\"so-MR\",\"potentialAction\":[{\"@type\":\"ReadAction\",\"target\":[\"https:\\\/\\\/www.ausflugsziele-schweiz.ch\\\/sommer\\\/pradas-resort-als-ideales-ziel-fur-unbeschwerte-und-erholsame-ferien\\\/\"]}]},{\"@type\":\"ImageObject\",\"inLanguage\":\"so-MR\",\"@id\":\"https:\\\/\\\/www.ausflugsziele-schweiz.ch\\\/sommer\\\/pradas-resort-als-ideales-ziel-fur-unbeschwerte-und-erholsame-ferien\\\/#primaryimage\",\"url\":\"https:\\\/\\\/www.ausflugsziele-schweiz.ch\\\/wp-content\\\/uploads\\\/2021\\\/06\\\/pradas_resort_aussen.jpg\",\"contentUrl\":\"https:\\\/\\\/www.ausflugsziele-schweiz.ch\\\/wp-content\\\/uploads\\\/2021\\\/06\\\/pradas_resort_aussen.jpg\",\"width\":1400,\"height\":900,\"caption\":\"pradas resort aussen\"},{\"@type\":\"BreadcrumbList\",\"@id\":\"https:\\\/\\\/www.ausflugsziele-schweiz.ch\\\/sommer\\\/pradas-resort-als-ideales-ziel-fur-unbeschwerte-und-erholsame-ferien\\\/#breadcrumb\",\"itemListElement\":[{\"@type\":\"ListItem\",\"position\":1,\"name\":\"Home\",\"item\":\"https:\\\/\\\/www.ausflugsziele-schweiz.ch\\\/sommer\\\/\"},{\"@type\":\"ListItem\",\"position\":2,\"name\":\"Pradas Resort als ideales Ziel f\u00fcr unbeschwerte und erholsame Ferien\"}]},{\"@type\":\"WebSite\",\"@id\":\"https:\\\/\\\/www.ausflugsziele-schweiz.ch\\\/sommer\\\/#website\",\"url\":\"https:\\\/\\\/www.ausflugsziele-schweiz.ch\\\/sommer\\\/\",\"name\":\"Ausflugsziele\",\"description\":\"ausflugsziele-schweiz.ch\",\"publisher\":{\"@id\":\"https:\\\/\\\/www.ausflugsziele-schweiz.ch\\\/sommer\\\/#organization\"},\"alternateName\":\"Entdecke die sch\u00f6nsten Erlebnisse der Schweiz.\",\"potentialAction\":[{\"@type\":\"SearchAction\",\"target\":{\"@type\":\"EntryPoint\",\"urlTemplate\":\"https:\\\/\\\/www.ausflugsziele-schweiz.ch\\\/sommer\\\/?s={search_term_string}\"},\"query-input\":{\"@type\":\"PropertyValueSpecification\",\"valueRequired\":true,\"valueName\":\"search_term_string\"}}],\"inLanguage\":\"so-MR\"},{\"@type\":\"Organization\",\"@id\":\"https:\\\/\\\/www.ausflugsziele-schweiz.ch\\\/sommer\\\/#organization\",\"name\":\"Ausflugsziele Schweiz\",\"alternateName\":\"Entdecke die sch\u00f6nsten Erlebnisse der Schweiz.\",\"url\":\"https:\\\/\\\/www.ausflugsziele-schweiz.ch\\\/sommer\\\/\",\"logo\":{\"@type\":\"ImageObject\",\"inLanguage\":\"so-MR\",\"@id\":\"https:\\\/\\\/www.ausflugsziele-schweiz.ch\\\/sommer\\\/#\\\/schema\\\/logo\\\/image\\\/\",\"url\":\"https:\\\/\\\/www.ausflugsziele-schweiz.ch\\\/wp-content\\\/uploads\\\/2022\\\/03\\\/icon-1.png\",\"contentUrl\":\"https:\\\/\\\/www.ausflugsziele-schweiz.ch\\\/wp-content\\\/uploads\\\/2022\\\/03\\\/icon-1.png\",\"width\":600,\"height\":600,\"caption\":\"Ausflugsziele Schweiz\"},\"image\":{\"@id\":\"https:\\\/\\\/www.ausflugsziele-schweiz.ch\\\/sommer\\\/#\\\/schema\\\/logo\\\/image\\\/\"},\"sameAs\":[\"https:\\\/\\\/www.facebook.com\\\/ausflugszieleschweiz\\\/\"]},{\"@type\":\"Person\",\"@id\":\"https:\\\/\\\/www.ausflugsziele-schweiz.ch\\\/sommer\\\/#\\\/schema\\\/person\\\/4c1993dd08cea91ec8a66082aa3264e6\",\"name\":\"patrick\",\"image\":{\"@type\":\"ImageObject\",\"inLanguage\":\"so-MR\",\"@id\":\"https:\\\/\\\/secure.gravatar.com\\\/avatar\\\/5f2e253e2ec458e9c2f8de6c7bd5484c4ff02ebe0c253e6c2de0f3fc5fbaeb1c?s=96&d=retro&r=g\",\"url\":\"https:\\\/\\\/secure.gravatar.com\\\/avatar\\\/5f2e253e2ec458e9c2f8de6c7bd5484c4ff02ebe0c253e6c2de0f3fc5fbaeb1c?s=96&d=retro&r=g\",\"contentUrl\":\"https:\\\/\\\/secure.gravatar.com\\\/avatar\\\/5f2e253e2ec458e9c2f8de6c7bd5484c4ff02ebe0c253e6c2de0f3fc5fbaeb1c?s=96&d=retro&r=g\",\"caption\":\"patrick\"},\"url\":\"https:\\\/\\\/www.ausflugsziele-schweiz.ch\\\/sommer\\\/author\\\/patrick\\\/\"}]}<\/script>\n<!-- \/ Yoast SEO plugin. -->","yoast_head_json":{"title":"Pradas Resort als ideales Ziel f\u00fcr unbeschwerte und erholsame Ferien","description":"Pradas Resort ; Reka Brigels ist eine der sch\u00f6nsten Ferienregionen der Schweiz und liegt im Herzen der Surselva im Kanton Graub\u00fcnden.","robots":{"index":"index","follow":"follow","max-snippet":"max-snippet:-1","max-image-preview":"max-image-preview:large","max-video-preview":"max-video-preview:-1"},"canonical":"https:\/\/www.ausflugsziele-schweiz.ch\/sommer\/pradas-resort-als-ideales-ziel-fur-unbeschwerte-und-erholsame-ferien\/","og_locale":"so_SO","og_type":"article","og_title":"Pradas Resort als ideales Ziel f\u00fcr unbeschwerte und erholsame Ferien","og_description":"Pradas Resort ; Reka Brigels ist eine der sch\u00f6nsten Ferienregionen der Schweiz und liegt im Herzen der Surselva im Kanton Graub\u00fcnden.","og_url":"https:\/\/www.ausflugsziele-schweiz.ch\/sommer\/pradas-resort-als-ideales-ziel-fur-unbeschwerte-und-erholsame-ferien\/","og_site_name":"Ausflugsziele","article_publisher":"https:\/\/www.facebook.com\/ausflugszieleschweiz\/","article_published_time":"2021-06-07T20:32:03+00:00","article_modified_time":"2022-04-04T15:46:40+00:00","og_image":[{"width":1400,"height":900,"url":"https:\/\/www.ausflugsziele-schweiz.ch\/wp-content\/uploads\/2021\/06\/pradas_resort_aussen.jpg","type":"image\/jpeg"}],"author":"patrick","twitter_card":"summary_large_image","twitter_misc":{"Written by":"patrick","Est. reading time":"2 minutes"},"schema":{"@context":"https:\/\/schema.org","@graph":[{"@type":"Article","@id":"https:\/\/www.ausflugsziele-schweiz.ch\/sommer\/pradas-resort-als-ideales-ziel-fur-unbeschwerte-und-erholsame-ferien\/#article","isPartOf":{"@id":"https:\/\/www.ausflugsziele-schweiz.ch\/sommer\/pradas-resort-als-ideales-ziel-fur-unbeschwerte-und-erholsame-ferien\/"},"author":{"name":"patrick","@id":"https:\/\/www.ausflugsziele-schweiz.ch\/sommer\/#\/schema\/person\/4c1993dd08cea91ec8a66082aa3264e6"},"headline":"Pradas Resort als ideales Ziel f\u00fcr unbeschwerte und erholsame Ferien","datePublished":"2021-06-07T20:32:03+00:00","dateModified":"2022-04-04T15:46:40+00:00","mainEntityOfPage":{"@id":"https:\/\/www.ausflugsziele-schweiz.ch\/sommer\/pradas-resort-als-ideales-ziel-fur-unbeschwerte-und-erholsame-ferien\/"},"wordCount":508,"publisher":{"@id":"https:\/\/www.ausflugsziele-schweiz.ch\/sommer\/#organization"},"image":{"@id":"https:\/\/www.ausflugsziele-schweiz.ch\/sommer\/pradas-resort-als-ideales-ziel-fur-unbeschwerte-und-erholsame-ferien\/#primaryimage"},"thumbnailUrl":"https:\/\/www.ausflugsziele-schweiz.ch\/wp-content\/uploads\/2021\/06\/pradas_resort_aussen.jpg","keywords":["Familienhotel","Ferien","Ferien Graub\u00fcnden","Ferienwohnung","Ferienwohnung Brigels","Golfplatz","Graub\u00fcnden","Greenfee","Hotel","Hotel in Brigels","Mountainbike","Pradas Resort","Reka Brigels","Surselva","Urlaub","Urlaub Graub\u00fcnden","Wanderung","Wellness"],"articleSection":["Archiv"],"inLanguage":"so-MR"},{"@type":"WebPage","@id":"https:\/\/www.ausflugsziele-schweiz.ch\/sommer\/pradas-resort-als-ideales-ziel-fur-unbeschwerte-und-erholsame-ferien\/","url":"https:\/\/www.ausflugsziele-schweiz.ch\/sommer\/pradas-resort-als-ideales-ziel-fur-unbeschwerte-und-erholsame-ferien\/","name":"Pradas Resort als ideales Ziel f\u00fcr unbeschwerte und erholsame Ferien","isPartOf":{"@id":"https:\/\/www.ausflugsziele-schweiz.ch\/sommer\/#website"},"primaryImageOfPage":{"@id":"https:\/\/www.ausflugsziele-schweiz.ch\/sommer\/pradas-resort-als-ideales-ziel-fur-unbeschwerte-und-erholsame-ferien\/#primaryimage"},"image":{"@id":"https:\/\/www.ausflugsziele-schweiz.ch\/sommer\/pradas-resort-als-ideales-ziel-fur-unbeschwerte-und-erholsame-ferien\/#primaryimage"},"thumbnailUrl":"https:\/\/www.ausflugsziele-schweiz.ch\/wp-content\/uploads\/2021\/06\/pradas_resort_aussen.jpg","datePublished":"2021-06-07T20:32:03+00:00","dateModified":"2022-04-04T15:46:40+00:00","description":"Pradas Resort ; Reka Brigels ist eine der sch\u00f6nsten Ferienregionen der Schweiz und liegt im Herzen der Surselva im Kanton Graub\u00fcnden.","breadcrumb":{"@id":"https:\/\/www.ausflugsziele-schweiz.ch\/sommer\/pradas-resort-als-ideales-ziel-fur-unbeschwerte-und-erholsame-ferien\/#breadcrumb"},"inLanguage":"so-MR","potentialAction":[{"@type":"ReadAction","target":["https:\/\/www.ausflugsziele-schweiz.ch\/sommer\/pradas-resort-als-ideales-ziel-fur-unbeschwerte-und-erholsame-ferien\/"]}]},{"@type":"ImageObject","inLanguage":"so-MR","@id":"https:\/\/www.ausflugsziele-schweiz.ch\/sommer\/pradas-resort-als-ideales-ziel-fur-unbeschwerte-und-erholsame-ferien\/#primaryimage","url":"https:\/\/www.ausflugsziele-schweiz.ch\/wp-content\/uploads\/2021\/06\/pradas_resort_aussen.jpg","contentUrl":"https:\/\/www.ausflugsziele-schweiz.ch\/wp-content\/uploads\/2021\/06\/pradas_resort_aussen.jpg","width":1400,"height":900,"caption":"pradas resort aussen"},{"@type":"BreadcrumbList","@id":"https:\/\/www.ausflugsziele-schweiz.ch\/sommer\/pradas-resort-als-ideales-ziel-fur-unbeschwerte-und-erholsame-ferien\/#breadcrumb","itemListElement":[{"@type":"ListItem","position":1,"name":"Home","item":"https:\/\/www.ausflugsziele-schweiz.ch\/sommer\/"},{"@type":"ListItem","position":2,"name":"Pradas Resort als ideales Ziel f\u00fcr unbeschwerte und erholsame Ferien"}]},{"@type":"WebSite","@id":"https:\/\/www.ausflugsziele-schweiz.ch\/sommer\/#website","url":"https:\/\/www.ausflugsziele-schweiz.ch\/sommer\/","name":"Ausflugsziele","description":"ausflugsziele-schweiz.ch","publisher":{"@id":"https:\/\/www.ausflugsziele-schweiz.ch\/sommer\/#organization"},"alternateName":"Entdecke die sch\u00f6nsten Erlebnisse der Schweiz.","potentialAction":[{"@type":"SearchAction","target":{"@type":"EntryPoint","urlTemplate":"https:\/\/www.ausflugsziele-schweiz.ch\/sommer\/?s={search_term_string}"},"query-input":{"@type":"PropertyValueSpecification","valueRequired":true,"valueName":"search_term_string"}}],"inLanguage":"so-MR"},{"@type":"Organization","@id":"https:\/\/www.ausflugsziele-schweiz.ch\/sommer\/#organization","name":"Ausflugsziele Schweiz","alternateName":"Entdecke die sch\u00f6nsten Erlebnisse der Schweiz.","url":"https:\/\/www.ausflugsziele-schweiz.ch\/sommer\/","logo":{"@type":"ImageObject","inLanguage":"so-MR","@id":"https:\/\/www.ausflugsziele-schweiz.ch\/sommer\/#\/schema\/logo\/image\/","url":"https:\/\/www.ausflugsziele-schweiz.ch\/wp-content\/uploads\/2022\/03\/icon-1.png","contentUrl":"https:\/\/www.ausflugsziele-schweiz.ch\/wp-content\/uploads\/2022\/03\/icon-1.png","width":600,"height":600,"caption":"Ausflugsziele Schweiz"},"image":{"@id":"https:\/\/www.ausflugsziele-schweiz.ch\/sommer\/#\/schema\/logo\/image\/"},"sameAs":["https:\/\/www.facebook.com\/ausflugszieleschweiz\/"]},{"@type":"Person","@id":"https:\/\/www.ausflugsziele-schweiz.ch\/sommer\/#\/schema\/person\/4c1993dd08cea91ec8a66082aa3264e6","name":"patrick","image":{"@type":"ImageObject","inLanguage":"so-MR","@id":"https:\/\/secure.gravatar.com\/avatar\/5f2e253e2ec458e9c2f8de6c7bd5484c4ff02ebe0c253e6c2de0f3fc5fbaeb1c?s=96&d=retro&r=g","url":"https:\/\/secure.gravatar.com\/avatar\/5f2e253e2ec458e9c2f8de6c7bd5484c4ff02ebe0c253e6c2de0f3fc5fbaeb1c?s=96&d=retro&r=g","contentUrl":"https:\/\/secure.gravatar.com\/avatar\/5f2e253e2ec458e9c2f8de6c7bd5484c4ff02ebe0c253e6c2de0f3fc5fbaeb1c?s=96&d=retro&r=g","caption":"patrick"},"url":"https:\/\/www.ausflugsziele-schweiz.ch\/sommer\/author\/patrick\/"}]}},"_links":{"self":[{"href":"https:\/\/www.ausflugsziele-schweiz.ch\/sommer\/wp-json\/wp\/v2\/posts\/127534","targetHints":{"allow":["GET"]}}],"collection":[{"href":"https:\/\/www.ausflugsziele-schweiz.ch\/sommer\/wp-json\/wp\/v2\/posts"}],"about":[{"href":"https:\/\/www.ausflugsziele-schweiz.ch\/sommer\/wp-json\/wp\/v2\/types\/post"}],"author":[{"embeddable":true,"href":"https:\/\/www.ausflugsziele-schweiz.ch\/sommer\/wp-json\/wp\/v2\/users\/5"}],"replies":[{"embeddable":true,"href":"https:\/\/www.ausflugsziele-schweiz.ch\/sommer\/wp-json\/wp\/v2\/comments?post=127534"}],"version-history":[{"count":0,"href":"https:\/\/www.ausflugsziele-schweiz.ch\/sommer\/wp-json\/wp\/v2\/posts\/127534\/revisions"}],"wp:featuredmedia":[{"embeddable":true,"href":"https:\/\/www.ausflugsziele-schweiz.ch\/sommer\/wp-json\/wp\/v2\/media\/127569"}],"wp:attachment":[{"href":"https:\/\/www.ausflugsziele-schweiz.ch\/sommer\/wp-json\/wp\/v2\/media?parent=127534"}],"wp:term":[{"taxonomy":"category","embeddable":true,"href":"https:\/\/www.ausflugsziele-schweiz.ch\/sommer\/wp-json\/wp\/v2\/categories?post=127534"},{"taxonomy":"post_tag","embeddable":true,"href":"https:\/\/www.ausflugsziele-schweiz.ch\/sommer\/wp-json\/wp\/v2\/tags?post=127534"}],"curies":[{"name":"wp","href":"https:\/\/api.w.org\/{rel}","templated":true}]}}