{"id":2500,"date":"2018-04-30T13:14:44","date_gmt":"2018-04-30T11:14:44","guid":{"rendered":"https:\/\/www.ausflugsziele-schweiz.ch\/sommer\/?p=2500"},"modified":"2022-04-04T18:15:00","modified_gmt":"2022-04-04T16:15:00","slug":"in-der-ferienregion-elm-freut-man-sich-schon-auf-den-sommer","status":"publish","type":"post","link":"https:\/\/www.ausflugsziele-schweiz.ch\/sommer\/in-der-ferienregion-elm-freut-man-sich-schon-auf-den-sommer\/","title":{"rendered":"In der Ferienregion Elm freut man sich schon auf den Sommer"},"content":{"rendered":"<h3>Perfekt f\u00fcr Familienausflug und Jahresurlaub<\/h3>\n<p><strong>Sie gilt als eines der letzten St\u00fcckchen \u00abheile Welt\u00bb: <a href=\"http:\/\/www.elm.ch\/sommer\/nav-top\/home.html\" target=\"_blank\" rel=\"noopener noreferrer\"><span style=\"text-decoration: underline;\">die Ferienregion Elm<\/span><\/a>. Nur eine gute Autostunde von Z\u00fcrich entfernt finden die Besucher hier eine schier un\u00fcberschaubare Menge an attraktiven Angeboten f\u00fcr einen lohnenden Familienausflug oder einen abwechslungsreichen Urlaub. Wanderungen zu den Natursch\u00f6nheiten des Gebiets sind dabei ebenso gefragt wie die kulinarischen K\u00f6stlichkeiten und die Bergbahnen.<\/strong><\/p>\n\r\n                <style type=\"text\/css\">\r\n                    \r\n                    #tdi_1  .td-doubleSlider-2 .td-item1 {\r\n                        background: url(https:\/\/www.ausflugsziele-schweiz.ch\/wp-content\/uploads\/2018\/04\/Freiberg_Kaerpf_mettmen_wandern_feldstecher_DSC4974-80x60.jpg) 0 0 no-repeat;\r\n                    }\r\n                    #tdi_1  .td-doubleSlider-2 .td-item2 {\r\n                        background: url(https:\/\/www.ausflugsziele-schweiz.ch\/wp-content\/uploads\/2018\/04\/Martinsloch-80x60.jpg) 0 0 no-repeat;\r\n                    }\r\n                    #tdi_1  .td-doubleSlider-2 .td-item3 {\r\n                        background: url(https:\/\/www.ausflugsziele-schweiz.ch\/wp-content\/uploads\/2018\/04\/Plattenberg-80x60.jpg) 0 0 no-repeat;\r\n                    }\r\n                    #tdi_1  .td-doubleSlider-2 .td-item4 {\r\n                        background: url(https:\/\/www.ausflugsziele-schweiz.ch\/wp-content\/uploads\/2018\/04\/Riesenwald-80x60.jpg) 0 0 no-repeat;\r\n                    }\r\n                    #tdi_1  .td-doubleSlider-2 .td-item5 {\r\n                        background: url(https:\/\/www.ausflugsziele-schweiz.ch\/wp-content\/uploads\/2018\/04\/riesenwald_01-80x60.jpg) 0 0 no-repeat;\r\n                    }\r\n                    #tdi_1  .td-doubleSlider-2 .td-item6 {\r\n                        background: url(https:\/\/www.ausflugsziele-schweiz.ch\/wp-content\/uploads\/2018\/04\/Tschinglenalp-80x60.jpg) 0 0 no-repeat;\r\n                    }\r\n                <\/style>\r\n\r\n                <div id=\"tdi_1\" class=\"td-gallery td-slide-on-2-columns\">\r\n                    <div class=\"post_td_gallery\">\r\n                        <div class=\"td-gallery-slide-top\">\r\n                           <div class=\"td-gallery-title\"><\/div>\r\n\r\n                            <div class=\"td-gallery-controls-wrapper\">\r\n                                <div class=\"td-gallery-slide-count\"><span class=\"td-gallery-slide-item-focus\">1<\/span> of 6<\/div>\r\n                                <div class=\"td-gallery-slide-prev-next-but\">\r\n                                    <i class = \"td-icon-left doubleSliderPrevButton\"><\/i>\r\n                                    <i class = \"td-icon-right doubleSliderNextButton\"><\/i>\r\n                                <\/div>\r\n                            <\/div>\r\n                        <\/div>\r\n\r\n                        <div class = \"td-doubleSlider-1 \">\r\n                            <div class = \"td-slider\">\r\n                                \r\n                    <div class = \"td-slide-item td-item1\">\r\n                        <figure class=\"td-slide-galery-figure td-slide-popup-gallery\">\r\n                            <a class=\"slide-gallery-image-link\" href=\"https:\/\/www.ausflugsziele-schweiz.ch\/wp-content\/uploads\/2018\/04\/Freiberg_Kaerpf_mettmen_wandern_feldstecher_DSC4974.jpg\" title=\"\u00a9Freiberg_Ka\u0308rpf_mettmen_wandern_feldstecher_DSC4974\"  data-caption=\"\"  data-description=\"\">\r\n                                <img decoding=\"async\" src=\"https:\/\/www.ausflugsziele-schweiz.ch\/wp-content\/uploads\/2018\/04\/Freiberg_Kaerpf_mettmen_wandern_feldstecher_DSC4974-631x420.jpg\" srcset=\"https:\/\/www.ausflugsziele-schweiz.ch\/wp-content\/uploads\/2018\/04\/Freiberg_Kaerpf_mettmen_wandern_feldstecher_DSC4974-631x420.jpg 631w, https:\/\/www.ausflugsziele-schweiz.ch\/wp-content\/uploads\/2018\/04\/Freiberg_Kaerpf_mettmen_wandern_feldstecher_DSC4974-800x533.jpg 800w, https:\/\/www.ausflugsziele-schweiz.ch\/wp-content\/uploads\/2018\/04\/Freiberg_Kaerpf_mettmen_wandern_feldstecher_DSC4974-768x511.jpg 768w, https:\/\/www.ausflugsziele-schweiz.ch\/wp-content\/uploads\/2018\/04\/Freiberg_Kaerpf_mettmen_wandern_feldstecher_DSC4974-696x463.jpg 696w, https:\/\/www.ausflugsziele-schweiz.ch\/wp-content\/uploads\/2018\/04\/Freiberg_Kaerpf_mettmen_wandern_feldstecher_DSC4974.jpg 900w\" sizes=\"(max-width: 631px) 100vw, 631px\" alt=\"\">\r\n                            <\/a>\r\n                            \r\n                        <\/figure>\r\n                    <\/div>\r\n                    <div class = \"td-slide-item td-item2\">\r\n                        <figure class=\"td-slide-galery-figure td-slide-popup-gallery\">\r\n                            <a class=\"slide-gallery-image-link\" href=\"https:\/\/www.ausflugsziele-schweiz.ch\/wp-content\/uploads\/2018\/04\/Martinsloch.jpg\" title=\"Martinsloch\"  data-caption=\"\"  data-description=\"\">\r\n                                <img decoding=\"async\" src=\"https:\/\/www.ausflugsziele-schweiz.ch\/wp-content\/uploads\/2018\/04\/Martinsloch-630x420.jpg\" srcset=\"https:\/\/www.ausflugsziele-schweiz.ch\/wp-content\/uploads\/2018\/04\/Martinsloch-630x420.jpg 630w, https:\/\/www.ausflugsziele-schweiz.ch\/wp-content\/uploads\/2018\/04\/Martinsloch-800x533.jpg 800w, https:\/\/www.ausflugsziele-schweiz.ch\/wp-content\/uploads\/2018\/04\/Martinsloch-768x512.jpg 768w, https:\/\/www.ausflugsziele-schweiz.ch\/wp-content\/uploads\/2018\/04\/Martinsloch-696x464.jpg 696w, https:\/\/www.ausflugsziele-schweiz.ch\/wp-content\/uploads\/2018\/04\/Martinsloch.jpg 900w\" sizes=\"(max-width: 630px) 100vw, 630px\" alt=\"\">\r\n                            <\/a>\r\n                            \r\n                        <\/figure>\r\n                    <\/div>\r\n                    <div class = \"td-slide-item td-item3\">\r\n                        <figure class=\"td-slide-galery-figure td-slide-popup-gallery\">\r\n                            <a class=\"slide-gallery-image-link\" href=\"https:\/\/www.ausflugsziele-schweiz.ch\/wp-content\/uploads\/2018\/04\/Plattenberg.jpg\" title=\"Plattenberg\"  data-caption=\"\"  data-description=\"\">\r\n                                <img decoding=\"async\" src=\"https:\/\/www.ausflugsziele-schweiz.ch\/wp-content\/uploads\/2018\/04\/Plattenberg-629x420.jpg\" srcset=\"https:\/\/www.ausflugsziele-schweiz.ch\/wp-content\/uploads\/2018\/04\/Plattenberg-629x420.jpg 629w, https:\/\/www.ausflugsziele-schweiz.ch\/wp-content\/uploads\/2018\/04\/Plattenberg-798x533.jpg 798w, https:\/\/www.ausflugsziele-schweiz.ch\/wp-content\/uploads\/2018\/04\/Plattenberg-768x513.jpg 768w, https:\/\/www.ausflugsziele-schweiz.ch\/wp-content\/uploads\/2018\/04\/Plattenberg-696x465.jpg 696w, https:\/\/www.ausflugsziele-schweiz.ch\/wp-content\/uploads\/2018\/04\/Plattenberg.jpg 900w\" sizes=\"(max-width: 629px) 100vw, 629px\" alt=\"\">\r\n                            <\/a>\r\n                            \r\n                        <\/figure>\r\n                    <\/div>\r\n                    <div class = \"td-slide-item td-item4\">\r\n                        <figure class=\"td-slide-galery-figure td-slide-popup-gallery\">\r\n                            <a class=\"slide-gallery-image-link\" href=\"https:\/\/www.ausflugsziele-schweiz.ch\/wp-content\/uploads\/2018\/04\/Riesenwald.jpg\" title=\"Riesenwald\"  data-caption=\"\"  data-description=\"\">\r\n                                <img decoding=\"async\" src=\"https:\/\/www.ausflugsziele-schweiz.ch\/wp-content\/uploads\/2018\/04\/Riesenwald-631x420.jpg\" srcset=\"https:\/\/www.ausflugsziele-schweiz.ch\/wp-content\/uploads\/2018\/04\/Riesenwald-631x420.jpg 631w, https:\/\/www.ausflugsziele-schweiz.ch\/wp-content\/uploads\/2018\/04\/Riesenwald-800x533.jpg 800w, https:\/\/www.ausflugsziele-schweiz.ch\/wp-content\/uploads\/2018\/04\/Riesenwald-768x511.jpg 768w, https:\/\/www.ausflugsziele-schweiz.ch\/wp-content\/uploads\/2018\/04\/Riesenwald-696x463.jpg 696w, https:\/\/www.ausflugsziele-schweiz.ch\/wp-content\/uploads\/2018\/04\/Riesenwald.jpg 900w\" sizes=\"(max-width: 631px) 100vw, 631px\" alt=\"\">\r\n                            <\/a>\r\n                            \r\n                        <\/figure>\r\n                    <\/div>\r\n                    <div class = \"td-slide-item td-item5\">\r\n                        <figure class=\"td-slide-galery-figure td-slide-popup-gallery\">\r\n                            <a class=\"slide-gallery-image-link\" href=\"https:\/\/www.ausflugsziele-schweiz.ch\/wp-content\/uploads\/2018\/04\/riesenwald_01.jpg\" title=\"riesenwald_01\"  data-caption=\"\"  data-description=\"\">\r\n                                <img decoding=\"async\" src=\"https:\/\/www.ausflugsziele-schweiz.ch\/wp-content\/uploads\/2018\/04\/riesenwald_01-634x420.jpg\" srcset=\"https:\/\/www.ausflugsziele-schweiz.ch\/wp-content\/uploads\/2018\/04\/riesenwald_01-634x420.jpg 634w, https:\/\/www.ausflugsziele-schweiz.ch\/wp-content\/uploads\/2018\/04\/riesenwald_01-768x509.jpg 768w, https:\/\/www.ausflugsziele-schweiz.ch\/wp-content\/uploads\/2018\/04\/riesenwald_01-696x461.jpg 696w, https:\/\/www.ausflugsziele-schweiz.ch\/wp-content\/uploads\/2018\/04\/riesenwald_01.jpg 800w\" sizes=\"(max-width: 634px) 100vw, 634px\" alt=\"\">\r\n                            <\/a>\r\n                            \r\n                        <\/figure>\r\n                    <\/div>\r\n                    <div class = \"td-slide-item td-item6\">\r\n                        <figure class=\"td-slide-galery-figure td-slide-popup-gallery\">\r\n                            <a class=\"slide-gallery-image-link\" href=\"https:\/\/www.ausflugsziele-schweiz.ch\/wp-content\/uploads\/2018\/04\/Tschinglenalp.jpg\" title=\"Tschinglenalp\"  data-caption=\"\"  data-description=\"\">\r\n                                <img decoding=\"async\" src=\"https:\/\/www.ausflugsziele-schweiz.ch\/wp-content\/uploads\/2018\/04\/Tschinglenalp-630x420.jpg\" srcset=\"https:\/\/www.ausflugsziele-schweiz.ch\/wp-content\/uploads\/2018\/04\/Tschinglenalp-630x420.jpg 630w, https:\/\/www.ausflugsziele-schweiz.ch\/wp-content\/uploads\/2018\/04\/Tschinglenalp-800x533.jpg 800w, https:\/\/www.ausflugsziele-schweiz.ch\/wp-content\/uploads\/2018\/04\/Tschinglenalp-768x512.jpg 768w, https:\/\/www.ausflugsziele-schweiz.ch\/wp-content\/uploads\/2018\/04\/Tschinglenalp-696x464.jpg 696w, https:\/\/www.ausflugsziele-schweiz.ch\/wp-content\/uploads\/2018\/04\/Tschinglenalp.jpg 900w\" sizes=\"(max-width: 630px) 100vw, 630px\" alt=\"\">\r\n                            <\/a>\r\n                            \r\n                        <\/figure>\r\n                    <\/div>\r\n                            <\/div>\r\n                        <\/div>\r\n\r\n                        <div class = \"td-doubleSlider-2\">\r\n                            <div class = \"td-slider\">\r\n                                \r\n                    <div class = \"td-button td-item1\">\r\n                        <div class = \"td-border\"><\/div>\r\n                    <\/div>\r\n                    <div class = \"td-button td-item2\">\r\n                        <div class = \"td-border\"><\/div>\r\n                    <\/div>\r\n                    <div class = \"td-button td-item3\">\r\n                        <div class = \"td-border\"><\/div>\r\n                    <\/div>\r\n                    <div class = \"td-button td-item4\">\r\n                        <div class = \"td-border\"><\/div>\r\n                    <\/div>\r\n                    <div class = \"td-button td-item5\">\r\n                        <div class = \"td-border\"><\/div>\r\n                    <\/div>\r\n                    <div class = \"td-button td-item6\">\r\n                        <div class = \"td-border\"><\/div>\r\n                    <\/div>\r\n                            <\/div>\r\n                        <\/div>\r\n\r\n                    <\/div>\r\n\r\n                <\/div>\r\n                \n<h3>Mit den Sport- und Luftseilbahnen einen spannenden Familienausflug erleben<\/h3>\n<p>Die Ferienregion Elm verf\u00fcgt \u00fcber vier verschiedene <a href=\"http:\/\/www.elm.ch\/sommer\/nav-main\/bergbahnen-transport.html\" target=\"_blank\" rel=\"noopener noreferrer\"><span style=\"text-decoration: underline;\">Bergbahnen<\/span><\/a>. Allesamt haben sie eine Reihe von Besonderheiten aufzuweisen. So bringt beispielsweise die Luftseilbahn <a href=\"http:\/\/www.tschinglenbahn.ch\/\" target=\"_blank\" rel=\"noopener noreferrer\"><span style=\"text-decoration: underline;\">Elm-Tschinglen-Alp<\/span><\/a> Besucher direkt ins Gebiet der UNESCO-Welterbe-Tektonikarena Sardona. Die <a href=\"http:\/\/sportbahnenelm.ch\/index.php?id=sommer-home\" target=\"_blank\" rel=\"noopener noreferrer\"><span style=\"text-decoration: underline;\">Sportbahnen Elm<\/span><\/a> hingegen erm\u00f6glichen den direkten Zugang zu einem attraktiven Familienparadies. Der in Zusammenarbeit mit Schweiz Tourismus entstandene Erlebnisweg Riesenwald gilt hier als hervorragende M\u00f6glichkeit, Kinder mit den Sch\u00f6nheiten der Natur vertraut zu machen. Vorhanden sind ein Streichelzoo, ein grosser Kinderspielplatz und sogar eine \u00abechte\u00bb Goldmine. Auf Mountaincarts oder Trottinetts k\u00f6nnen Sportbegeisterte ins Tal fahren. \u00dcber die Lufseilbah Matt-Weissenberge gelangt man auf die Sonnenterrasse des Sernftals, wo zahlreiche Wanderwege an zwei gem\u00fctlichen Berggasth\u00e4usern und vielen grossen Feuerstellen vorbeif\u00fchren.<\/p>\n<p>Von allen Bahnen aus sind viele verschiedene <a href=\"http:\/\/www.elm.ch\/sommer\/nav-main\/erlebnis-aktivitaeten\/wandern-touren\/wandern.html\" target=\"_blank\" rel=\"noopener noreferrer\"><span style=\"text-decoration: underline;\">Wanderungen<\/span><\/a> und Spazierg\u00e4nge m\u00f6glich. Ob Kurztrips oder Mehrtagestouren \u2013 der eigenen Entdeckerlust sind kaum Grenzen gesetzt.<\/p>\n\r\n                <style type=\"text\/css\">\r\n                    \r\n                    #tdi_2  .td-doubleSlider-2 .td-item1 {\r\n                        background: url(https:\/\/www.ausflugsziele-schweiz.ch\/wp-content\/uploads\/2018\/04\/Tschinglen-80x60.jpg) 0 0 no-repeat;\r\n                    }\r\n                    #tdi_2  .td-doubleSlider-2 .td-item2 {\r\n                        background: url(https:\/\/www.ausflugsziele-schweiz.ch\/wp-content\/uploads\/2018\/04\/elm_mettmen-1-80x60.jpg) 0 0 no-repeat;\r\n                    }\r\n                    #tdi_2  .td-doubleSlider-2 .td-item3 {\r\n                        background: url(https:\/\/www.ausflugsziele-schweiz.ch\/wp-content\/uploads\/2018\/04\/Goldmine-Elm-683x1024-80x60.jpg) 0 0 no-repeat;\r\n                    }\r\n                    #tdi_2  .td-doubleSlider-2 .td-item4 {\r\n                        background: url(https:\/\/www.ausflugsziele-schweiz.ch\/wp-content\/uploads\/2018\/04\/tkv_unescosardona_elm_119A5207-80x60.jpg) 0 0 no-repeat;\r\n                    }\r\n                <\/style>\r\n\r\n                <div id=\"tdi_2\" class=\"td-gallery td-slide-on-2-columns\">\r\n                    <div class=\"post_td_gallery\">\r\n                        <div class=\"td-gallery-slide-top\">\r\n                           <div class=\"td-gallery-title\"><\/div>\r\n\r\n                            <div class=\"td-gallery-controls-wrapper\">\r\n                                <div class=\"td-gallery-slide-count\"><span class=\"td-gallery-slide-item-focus\">1<\/span> of 4<\/div>\r\n                                <div class=\"td-gallery-slide-prev-next-but\">\r\n                                    <i class = \"td-icon-left doubleSliderPrevButton\"><\/i>\r\n                                    <i class = \"td-icon-right doubleSliderNextButton\"><\/i>\r\n                                <\/div>\r\n                            <\/div>\r\n                        <\/div>\r\n\r\n                        <div class = \"td-doubleSlider-1 \">\r\n                            <div class = \"td-slider\">\r\n                                \r\n                    <div class = \"td-slide-item td-item1\">\r\n                        <figure class=\"td-slide-galery-figure td-slide-popup-gallery\">\r\n                            <a class=\"slide-gallery-image-link\" href=\"https:\/\/www.ausflugsziele-schweiz.ch\/wp-content\/uploads\/2018\/04\/Tschinglen.jpg\" title=\"Tschinglen\"  data-caption=\"\"  data-description=\"\">\r\n                                <img decoding=\"async\" src=\"https:\/\/www.ausflugsziele-schweiz.ch\/wp-content\/uploads\/2018\/04\/Tschinglen-630x420.jpg\" srcset=\"https:\/\/www.ausflugsziele-schweiz.ch\/wp-content\/uploads\/2018\/04\/Tschinglen-630x420.jpg 630w, https:\/\/www.ausflugsziele-schweiz.ch\/wp-content\/uploads\/2018\/04\/Tschinglen-800x533.jpg 800w, https:\/\/www.ausflugsziele-schweiz.ch\/wp-content\/uploads\/2018\/04\/Tschinglen-768x512.jpg 768w, https:\/\/www.ausflugsziele-schweiz.ch\/wp-content\/uploads\/2018\/04\/Tschinglen-696x464.jpg 696w, https:\/\/www.ausflugsziele-schweiz.ch\/wp-content\/uploads\/2018\/04\/Tschinglen.jpg 900w\" sizes=\"(max-width: 630px) 100vw, 630px\" alt=\"\">\r\n                            <\/a>\r\n                            \r\n                        <\/figure>\r\n                    <\/div>\r\n                    <div class = \"td-slide-item td-item2\">\r\n                        <figure class=\"td-slide-galery-figure td-slide-popup-gallery\">\r\n                            <a class=\"slide-gallery-image-link\" href=\"https:\/\/www.ausflugsziele-schweiz.ch\/wp-content\/uploads\/2018\/04\/elm_mettmen-1.jpg\" title=\"elm_mettmen-1\"  data-caption=\"\"  data-description=\"\">\r\n                                <img decoding=\"async\" src=\"https:\/\/www.ausflugsziele-schweiz.ch\/wp-content\/uploads\/2018\/04\/elm_mettmen-1-324x420.jpg\" srcset=\"https:\/\/www.ausflugsziele-schweiz.ch\/wp-content\/uploads\/2018\/04\/elm_mettmen-1-324x420.jpg 324w, https:\/\/www.ausflugsziele-schweiz.ch\/wp-content\/uploads\/2018\/04\/elm_mettmen-1.jpg 409w\" sizes=\"(max-width: 324px) 100vw, 324px\" alt=\"\">\r\n                            <\/a>\r\n                            \r\n                        <\/figure>\r\n                    <\/div>\r\n                    <div class = \"td-slide-item td-item3\">\r\n                        <figure class=\"td-slide-galery-figure td-slide-popup-gallery\">\r\n                            <a class=\"slide-gallery-image-link\" href=\"https:\/\/www.ausflugsziele-schweiz.ch\/wp-content\/uploads\/2018\/04\/Goldmine-Elm-683x1024.jpg\" title=\"Goldmine-Elm-683x1024\"  data-caption=\"\"  data-description=\"\">\r\n                                <img decoding=\"async\" src=\"https:\/\/www.ausflugsziele-schweiz.ch\/wp-content\/uploads\/2018\/04\/Goldmine-Elm-683x1024-280x420.jpg\" srcset=\"https:\/\/www.ausflugsziele-schweiz.ch\/wp-content\/uploads\/2018\/04\/Goldmine-Elm-683x1024-280x420.jpg 280w, https:\/\/www.ausflugsziele-schweiz.ch\/wp-content\/uploads\/2018\/04\/Goldmine-Elm-683x1024-356x533.jpg 356w, https:\/\/www.ausflugsziele-schweiz.ch\/wp-content\/uploads\/2018\/04\/Goldmine-Elm-683x1024-560x840.jpg 560w, https:\/\/www.ausflugsziele-schweiz.ch\/wp-content\/uploads\/2018\/04\/Goldmine-Elm-683x1024.jpg 667w\" sizes=\"(max-width: 280px) 100vw, 280px\" alt=\"\">\r\n                            <\/a>\r\n                            \r\n                        <\/figure>\r\n                    <\/div>\r\n                    <div class = \"td-slide-item td-item4\">\r\n                        <figure class=\"td-slide-galery-figure td-slide-popup-gallery\">\r\n                            <a class=\"slide-gallery-image-link\" href=\"https:\/\/www.ausflugsziele-schweiz.ch\/wp-content\/uploads\/2018\/04\/tkv_unescosardona_elm_119A5207.jpg\" title=\"tkv_unescosardona_elm_119A5207\"  data-caption=\"\"  data-description=\"\">\r\n                                <img decoding=\"async\" src=\"https:\/\/www.ausflugsziele-schweiz.ch\/wp-content\/uploads\/2018\/04\/tkv_unescosardona_elm_119A5207-350x420.jpg\" srcset=\"https:\/\/www.ausflugsziele-schweiz.ch\/wp-content\/uploads\/2018\/04\/tkv_unescosardona_elm_119A5207-350x420.jpg 350w, https:\/\/www.ausflugsziele-schweiz.ch\/wp-content\/uploads\/2018\/04\/tkv_unescosardona_elm_119A5207.jpg 442w\" sizes=\"(max-width: 350px) 100vw, 350px\" alt=\"\">\r\n                            <\/a>\r\n                            \r\n                        <\/figure>\r\n                    <\/div>\r\n                            <\/div>\r\n                        <\/div>\r\n\r\n                        <div class = \"td-doubleSlider-2\">\r\n                            <div class = \"td-slider\">\r\n                                \r\n                    <div class = \"td-button td-item1\">\r\n                        <div class = \"td-border\"><\/div>\r\n                    <\/div>\r\n                    <div class = \"td-button td-item2\">\r\n                        <div class = \"td-border\"><\/div>\r\n                    <\/div>\r\n                    <div class = \"td-button td-item3\">\r\n                        <div class = \"td-border\"><\/div>\r\n                    <\/div>\r\n                    <div class = \"td-button td-item4\">\r\n                        <div class = \"td-border\"><\/div>\r\n                    <\/div>\r\n                            <\/div>\r\n                        <\/div>\r\n\r\n                    <\/div>\r\n\r\n                <\/div>\r\n                \n<h3>Vielf\u00e4ltige Attraktionen f\u00fcr Gross und Klein<\/h3>\n<p>In der Ferienregion Elm spielt der Schieferabbau eine wichtige Rolle. So ist beispielsweise der Besuch des Landesplattenbergs m\u00f6glich. Hier wurde seinerzeit Schiefer abgebaut. In Elm befindet sich zudem sogar noch eine richtige Schiefertafelfabrik, welche f\u00fcr Besucher ge\u00f6ffnet ist. \u00dcberdies finden attraktive Dorff\u00fchrungen statt. Insbesondere f\u00fcr Familien mit Kindern als auch f\u00fcr Schulklassen sind diese Angebote sehr empfehlenswert, denn hier erfahren die kleinen Besucher auf angenehme Art und Weise viel \u00fcber die Kultur und Geschichte vergangener Zeiten. Auch Vereinen oder Firmen, die einen Ausflug oder eine Kurzreise nach Elm unternehmen, kommt dieses Angebot in vielerlei Hinsicht zugute, zumal es f\u00fcr anregende Gespr\u00e4che und neue Erfahrungen und Entdeckungen sorgt.<\/p>\n\r\n                <style type=\"text\/css\">\r\n                    \r\n                    #tdi_3  .td-doubleSlider-2 .td-item1 {\r\n                        background: url(https:\/\/www.ausflugsziele-schweiz.ch\/wp-content\/uploads\/2018\/04\/riesenwald_23-80x60.jpg) 0 0 no-repeat;\r\n                    }\r\n                    #tdi_3  .td-doubleSlider-2 .td-item2 {\r\n                        background: url(https:\/\/www.ausflugsziele-schweiz.ch\/wp-content\/uploads\/2018\/04\/Schiefertafelfabrik-80x60.jpg) 0 0 no-repeat;\r\n                    }\r\n                    #tdi_3  .td-doubleSlider-2 .td-item3 {\r\n                        background: url(https:\/\/www.ausflugsziele-schweiz.ch\/wp-content\/uploads\/2018\/04\/Mountaincart-Elm-684x1024-80x60.jpg) 0 0 no-repeat;\r\n                    }\r\n                <\/style>\r\n\r\n                <div id=\"tdi_3\" class=\"td-gallery td-slide-on-2-columns\">\r\n                    <div class=\"post_td_gallery\">\r\n                        <div class=\"td-gallery-slide-top\">\r\n                           <div class=\"td-gallery-title\"><\/div>\r\n\r\n                            <div class=\"td-gallery-controls-wrapper\">\r\n                                <div class=\"td-gallery-slide-count\"><span class=\"td-gallery-slide-item-focus\">1<\/span> of 3<\/div>\r\n                                <div class=\"td-gallery-slide-prev-next-but\">\r\n                                    <i class = \"td-icon-left doubleSliderPrevButton\"><\/i>\r\n                                    <i class = \"td-icon-right doubleSliderNextButton\"><\/i>\r\n                                <\/div>\r\n                            <\/div>\r\n                        <\/div>\r\n\r\n                        <div class = \"td-doubleSlider-1 \">\r\n                            <div class = \"td-slider\">\r\n                                \r\n                    <div class = \"td-slide-item td-item1\">\r\n                        <figure class=\"td-slide-galery-figure td-slide-popup-gallery\">\r\n                            <a class=\"slide-gallery-image-link\" href=\"https:\/\/www.ausflugsziele-schweiz.ch\/wp-content\/uploads\/2018\/04\/riesenwald_23.jpg\" title=\"riesenwald_23\"  data-caption=\"\"  data-description=\"\">\r\n                                <img decoding=\"async\" src=\"https:\/\/www.ausflugsziele-schweiz.ch\/wp-content\/uploads\/2018\/04\/riesenwald_23-634x420.jpg\" srcset=\"https:\/\/www.ausflugsziele-schweiz.ch\/wp-content\/uploads\/2018\/04\/riesenwald_23-634x420.jpg 634w, https:\/\/www.ausflugsziele-schweiz.ch\/wp-content\/uploads\/2018\/04\/riesenwald_23-768x509.jpg 768w, https:\/\/www.ausflugsziele-schweiz.ch\/wp-content\/uploads\/2018\/04\/riesenwald_23-696x461.jpg 696w, https:\/\/www.ausflugsziele-schweiz.ch\/wp-content\/uploads\/2018\/04\/riesenwald_23.jpg 800w\" sizes=\"(max-width: 634px) 100vw, 634px\" alt=\"\">\r\n                            <\/a>\r\n                            \r\n                        <\/figure>\r\n                    <\/div>\r\n                    <div class = \"td-slide-item td-item2\">\r\n                        <figure class=\"td-slide-galery-figure td-slide-popup-gallery\">\r\n                            <a class=\"slide-gallery-image-link\" href=\"https:\/\/www.ausflugsziele-schweiz.ch\/wp-content\/uploads\/2018\/04\/Schiefertafelfabrik.jpg\" title=\"Schiefertafelfabrik\"  data-caption=\"\"  data-description=\"\">\r\n                                <img decoding=\"async\" src=\"https:\/\/www.ausflugsziele-schweiz.ch\/wp-content\/uploads\/2018\/04\/Schiefertafelfabrik-631x420.jpg\" srcset=\"https:\/\/www.ausflugsziele-schweiz.ch\/wp-content\/uploads\/2018\/04\/Schiefertafelfabrik-631x420.jpg 631w, https:\/\/www.ausflugsziele-schweiz.ch\/wp-content\/uploads\/2018\/04\/Schiefertafelfabrik-800x533.jpg 800w, https:\/\/www.ausflugsziele-schweiz.ch\/wp-content\/uploads\/2018\/04\/Schiefertafelfabrik-768x511.jpg 768w, https:\/\/www.ausflugsziele-schweiz.ch\/wp-content\/uploads\/2018\/04\/Schiefertafelfabrik-696x463.jpg 696w, https:\/\/www.ausflugsziele-schweiz.ch\/wp-content\/uploads\/2018\/04\/Schiefertafelfabrik.jpg 900w\" sizes=\"(max-width: 631px) 100vw, 631px\" alt=\"\">\r\n                            <\/a>\r\n                            \r\n                        <\/figure>\r\n                    <\/div>\r\n                    <div class = \"td-slide-item td-item3\">\r\n                        <figure class=\"td-slide-galery-figure td-slide-popup-gallery\">\r\n                            <a class=\"slide-gallery-image-link\" href=\"https:\/\/www.ausflugsziele-schweiz.ch\/wp-content\/uploads\/2018\/04\/Mountaincart-Elm-684x1024.jpg\" title=\"Mountaincart-Elm-684x1024\"  data-caption=\"\"  data-description=\"\">\r\n                                <img decoding=\"async\" src=\"https:\/\/www.ausflugsziele-schweiz.ch\/wp-content\/uploads\/2018\/04\/Mountaincart-Elm-684x1024-281x420.jpg\" srcset=\"https:\/\/www.ausflugsziele-schweiz.ch\/wp-content\/uploads\/2018\/04\/Mountaincart-Elm-684x1024-281x420.jpg 281w, https:\/\/www.ausflugsziele-schweiz.ch\/wp-content\/uploads\/2018\/04\/Mountaincart-Elm-684x1024-356x533.jpg 356w, https:\/\/www.ausflugsziele-schweiz.ch\/wp-content\/uploads\/2018\/04\/Mountaincart-Elm-684x1024-561x840.jpg 561w, https:\/\/www.ausflugsziele-schweiz.ch\/wp-content\/uploads\/2018\/04\/Mountaincart-Elm-684x1024.jpg 668w\" sizes=\"(max-width: 281px) 100vw, 281px\" alt=\"\">\r\n                            <\/a>\r\n                            \r\n                        <\/figure>\r\n                    <\/div>\r\n                            <\/div>\r\n                        <\/div>\r\n\r\n                        <div class = \"td-doubleSlider-2\">\r\n                            <div class = \"td-slider\">\r\n                                \r\n                    <div class = \"td-button td-item1\">\r\n                        <div class = \"td-border\"><\/div>\r\n                    <\/div>\r\n                    <div class = \"td-button td-item2\">\r\n                        <div class = \"td-border\"><\/div>\r\n                    <\/div>\r\n                    <div class = \"td-button td-item3\">\r\n                        <div class = \"td-border\"><\/div>\r\n                    <\/div>\r\n                            <\/div>\r\n                        <\/div>\r\n\r\n                    <\/div>\r\n\r\n                <\/div>\r\n                \n<h3>Viele kulinarische K\u00f6stlichkeiten<\/h3>\n<p>Hinsichtlich der <a href=\"http:\/\/www.elm.ch\/sommer\/nav-main\/aufenthalt-angebote\/gastronomie.html\" target=\"_blank\" rel=\"noopener noreferrer\"><span style=\"text-decoration: underline;\">Gastronomie<\/span><\/a> h\u00e4lt die Ferienregion Elm eine grosse Zahl von Restaurants, Caf\u00e9s und Bars bereit. Ob Backwaren, B\u00fcndner- und Glarnerspezialit\u00e4ten oder ein rustikaler H\u00fcttenschmaus \u2013 dank des \u00fcberaus umfangreichen Angebots findet ganz sicher jeder das Richtige. Einen Besuch wert ist zum Beispiel das moderne und gem\u00fctliche Berghotel Mettmen, welches\u00a0zwischen den Berggipfeln und dem Tal gelegen ist und ein Mix zwischen H\u00fctte und Hotel ist oder das Bischofalp, welches\u00a0mit einem gem\u00fctlichen Spaziergang von der Bergstation \u00c4mp\u00e4chli aus in 30 Minuten zu erreichen ist. Diese gelten nicht nur als Tipp f\u00fcr leckeres Essen, sondern dienen auch als idealer Ausgangs- und Endpunkt f\u00fcr Wanderungen.<\/p>\n<h3>10 Jahre UNESCO-Welterbe Tektonikarena Sardona<\/h3>\n<p>Genau 10 Jahre ist es her, dass die <a href=\"http:\/\/www.elm.ch\/sommer\/nav-main\/natur-kultur\/unesco\/tektonikarena-sardona.html?L=%252525252525252Fproc%252525252525252Fself%252525252525252Fenviron\" target=\"_blank\" rel=\"noopener noreferrer\"><span style=\"text-decoration: underline;\">Tektonikarena Sardona zum UNESCO-Welterbe<\/span><\/a> ernannt wurde. Dieses Jubil\u00e4um wird in der Ferienregion Elm auf besondere Weise begangen. So h\u00e4lt das t\u00e4glich ge\u00f6ffnete Besucherzentrum in Elm nicht nur interessante Informationen f\u00fcr die G\u00e4ste bereit, es werden auch wissenschaftliche Veranstaltungen und geologische F\u00fchrungen aus Anlass des <a href=\"https:\/\/tektonik.ch\/\" target=\"_blank\" rel=\"noopener noreferrer\"><span style=\"text-decoration: underline;\">Jubil\u00e4umsjahres<\/span><\/a> angeboten.<\/p>\n\r\n                <style type=\"text\/css\">\r\n                    \r\n                    #tdi_4  .td-doubleSlider-2 .td-item1 {\r\n                        background: url(https:\/\/www.ausflugsziele-schweiz.ch\/wp-content\/uploads\/2018\/04\/Dorf-Elm-80x60.jpg) 0 0 no-repeat;\r\n                    }\r\n                    #tdi_4  .td-doubleSlider-2 .td-item2 {\r\n                        background: url(https:\/\/www.ausflugsziele-schweiz.ch\/wp-content\/uploads\/2018\/04\/UNESCO-Besucherzentrum-80x60.jpg) 0 0 no-repeat;\r\n                    }\r\n                <\/style>\r\n\r\n                <div id=\"tdi_4\" class=\"td-gallery td-slide-on-2-columns\">\r\n                    <div class=\"post_td_gallery\">\r\n                        <div class=\"td-gallery-slide-top\">\r\n                           <div class=\"td-gallery-title\"><\/div>\r\n\r\n                            <div class=\"td-gallery-controls-wrapper\">\r\n                                <div class=\"td-gallery-slide-count\"><span class=\"td-gallery-slide-item-focus\">1<\/span> of 2<\/div>\r\n                                <div class=\"td-gallery-slide-prev-next-but\">\r\n                                    <i class = \"td-icon-left doubleSliderPrevButton\"><\/i>\r\n                                    <i class = \"td-icon-right doubleSliderNextButton\"><\/i>\r\n                                <\/div>\r\n                            <\/div>\r\n                        <\/div>\r\n\r\n                        <div class = \"td-doubleSlider-1 \">\r\n                            <div class = \"td-slider\">\r\n                                \r\n                    <div class = \"td-slide-item td-item1\">\r\n                        <figure class=\"td-slide-galery-figure td-slide-popup-gallery\">\r\n                            <a class=\"slide-gallery-image-link\" href=\"https:\/\/www.ausflugsziele-schweiz.ch\/wp-content\/uploads\/2018\/04\/Dorf-Elm.jpg\" title=\"Dorf-Elm\"  data-caption=\"\"  data-description=\"\">\r\n                                <img decoding=\"async\" src=\"https:\/\/www.ausflugsziele-schweiz.ch\/wp-content\/uploads\/2018\/04\/Dorf-Elm-629x420.jpg\" srcset=\"https:\/\/www.ausflugsziele-schweiz.ch\/wp-content\/uploads\/2018\/04\/Dorf-Elm-629x420.jpg 629w, https:\/\/www.ausflugsziele-schweiz.ch\/wp-content\/uploads\/2018\/04\/Dorf-Elm-798x533.jpg 798w, https:\/\/www.ausflugsziele-schweiz.ch\/wp-content\/uploads\/2018\/04\/Dorf-Elm-768x513.jpg 768w, https:\/\/www.ausflugsziele-schweiz.ch\/wp-content\/uploads\/2018\/04\/Dorf-Elm-696x465.jpg 696w, https:\/\/www.ausflugsziele-schweiz.ch\/wp-content\/uploads\/2018\/04\/Dorf-Elm.jpg 900w\" sizes=\"(max-width: 629px) 100vw, 629px\" alt=\"\">\r\n                            <\/a>\r\n                            \r\n                        <\/figure>\r\n                    <\/div>\r\n                    <div class = \"td-slide-item td-item2\">\r\n                        <figure class=\"td-slide-galery-figure td-slide-popup-gallery\">\r\n                            <a class=\"slide-gallery-image-link\" href=\"https:\/\/www.ausflugsziele-schweiz.ch\/wp-content\/uploads\/2018\/04\/UNESCO-Besucherzentrum.jpg\" title=\"UNESCO-Besucherzentrum\"  data-caption=\"\"  data-description=\"\">\r\n                                <img decoding=\"async\" src=\"https:\/\/www.ausflugsziele-schweiz.ch\/wp-content\/uploads\/2018\/04\/UNESCO-Besucherzentrum-629x420.jpg\" srcset=\"https:\/\/www.ausflugsziele-schweiz.ch\/wp-content\/uploads\/2018\/04\/UNESCO-Besucherzentrum-629x420.jpg 629w, https:\/\/www.ausflugsziele-schweiz.ch\/wp-content\/uploads\/2018\/04\/UNESCO-Besucherzentrum-798x533.jpg 798w, https:\/\/www.ausflugsziele-schweiz.ch\/wp-content\/uploads\/2018\/04\/UNESCO-Besucherzentrum-768x513.jpg 768w, https:\/\/www.ausflugsziele-schweiz.ch\/wp-content\/uploads\/2018\/04\/UNESCO-Besucherzentrum-696x465.jpg 696w, https:\/\/www.ausflugsziele-schweiz.ch\/wp-content\/uploads\/2018\/04\/UNESCO-Besucherzentrum.jpg 900w\" sizes=\"(max-width: 629px) 100vw, 629px\" alt=\"\">\r\n                            <\/a>\r\n                            \r\n                        <\/figure>\r\n                    <\/div>\r\n                            <\/div>\r\n                        <\/div>\r\n\r\n                        <div class = \"td-doubleSlider-2\">\r\n                            <div class = \"td-slider\">\r\n                                \r\n                    <div class = \"td-button td-item1\">\r\n                        <div class = \"td-border\"><\/div>\r\n                    <\/div>\r\n                    <div class = \"td-button td-item2\">\r\n                        <div class = \"td-border\"><\/div>\r\n                    <\/div>\r\n                            <\/div>\r\n                        <\/div>\r\n\r\n                    <\/div>\r\n\r\n                <\/div>\r\n                \n<p><strong>Wer n\u00e4here Ausk\u00fcnfte w\u00fcnscht oder sich ganz generell \u00fcber die Ferienregion Elm informieren m\u00f6chte, der kann sich gern per Telefon oder <a href=\"mailto:info@elm.ch\" target=\"_blank\" rel=\"noopener noreferrer\"><span style=\"text-decoration: underline;\">E-Mail<\/span><\/a> an das Tourismusb\u00fcro wenden.<\/strong><\/p>\n","protected":false},"excerpt":{"rendered":"<p>Perfekt f\u00fcr Familienausflug und Jahresurlaub Sie gilt als eines der letzten St\u00fcckchen \u00abheile Welt\u00bb: die Ferienregion Elm. Nur eine gute Autostunde von Z\u00fcrich entfernt finden die Besucher hier eine schier un\u00fcberschaubare Menge an attraktiven Angeboten f\u00fcr einen lohnenden Familienausflug oder einen abwechslungsreichen Urlaub. Wanderungen zu den Natursch\u00f6nheiten des Gebiets sind dabei ebenso gefragt wie die [&hellip;]<\/p>\n","protected":false},"author":7,"featured_media":115478,"comment_status":"open","ping_status":"open","sticky":false,"template":"","format":"standard","meta":{"_acf_changed":false,"footnotes":""},"categories":[3645,603],"tags":[768,964,954,959,471,958,2998,955,952,953,962,961,828,960,963,965,957,640,966,774,956,529],"class_list":{"0":"post-2500","1":"post","2":"type-post","3":"status-publish","4":"format-standard","5":"has-post-thumbnail","7":"category-region","8":"category-tourismus-ausflugsziele","9":"tag-bergbahnen","10":"tag-dorfwanderung","11":"tag-elm","12":"tag-erlebnisweg","13":"tag-familienausflug-2","14":"tag-familienparadies","15":"tag-ferien-2","16":"tag-ferien-schweiz","17":"tag-feriendestination","18":"tag-ferienregion","19":"tag-goldmine","20":"tag-kinderspielplatz","21":"tag-luftseilbahn","22":"tag-riesenwald","23":"tag-schiefertafelfabrik","24":"tag-schulausflug","25":"tag-sportbahn","26":"tag-streichelzoo","27":"tag-tektonikarena-sardona","28":"tag-unesco-welterbe","29":"tag-wanderferien","30":"tag-wanderung-2"},"acf":[],"yoast_head":"<!-- This site is optimized with the Yoast SEO plugin v27.5 - https:\/\/yoast.com\/product\/yoast-seo-wordpress\/ -->\n<title>In der Ferienregion Elm freut man sich schon auf den Sommer<\/title>\n<meta name=\"description\" content=\"Sie gilt als eines der letzten St\u00fcckchen \u00abheile Welt\u00bb: die Ferienregion Elm. Nur eine gute Autostunde von Z\u00fcrich entfernt finden die Besucher hier eine schier un\u00fcberschaubare Menge an attraktiven Angeboten f\u00fcr einen lohnenden Familienausflug oder einen abwechslungsreichen Urlaub.\" \/>\n<meta name=\"robots\" content=\"index, follow, max-snippet:-1, max-image-preview:large, max-video-preview:-1\" \/>\n<link rel=\"canonical\" href=\"https:\/\/www.ausflugsziele-schweiz.ch\/sommer\/in-der-ferienregion-elm-freut-man-sich-schon-auf-den-sommer\/\" \/>\n<meta property=\"og:locale\" content=\"so_SO\" \/>\n<meta property=\"og:type\" content=\"article\" \/>\n<meta property=\"og:title\" content=\"In der Ferienregion Elm freut man sich schon auf den Sommer\" \/>\n<meta property=\"og:description\" content=\"Sie gilt als eines der letzten St\u00fcckchen \u00abheile Welt\u00bb: die Ferienregion Elm. Nur eine gute Autostunde von Z\u00fcrich entfernt finden die Besucher hier eine schier un\u00fcberschaubare Menge an attraktiven Angeboten f\u00fcr einen lohnenden Familienausflug oder einen abwechslungsreichen Urlaub.\" \/>\n<meta property=\"og:url\" content=\"https:\/\/www.ausflugsziele-schweiz.ch\/sommer\/in-der-ferienregion-elm-freut-man-sich-schon-auf-den-sommer\/\" \/>\n<meta property=\"og:site_name\" content=\"Ausflugsziele\" \/>\n<meta property=\"article:publisher\" content=\"https:\/\/www.facebook.com\/ausflugszieleschweiz\/\" \/>\n<meta property=\"article:published_time\" content=\"2018-04-30T11:14:44+00:00\" \/>\n<meta property=\"article:modified_time\" content=\"2022-04-04T16:15:00+00:00\" \/>\n<meta property=\"og:image\" content=\"https:\/\/www.ausflugsziele-schweiz.ch\/wp-content\/uploads\/2018\/04\/in-der-ferienregion-elm-freut-man-sich-schon-auf-den-sommer.jpg\" \/>\n\t<meta property=\"og:image:width\" content=\"1400\" \/>\n\t<meta property=\"og:image:height\" content=\"932\" \/>\n\t<meta property=\"og:image:type\" content=\"image\/jpeg\" \/>\n<meta name=\"author\" content=\"imatrix\" \/>\n<meta name=\"twitter:card\" content=\"summary_large_image\" \/>\n<meta name=\"twitter:label1\" content=\"Written by\" \/>\n\t<meta name=\"twitter:data1\" content=\"imatrix\" \/>\n\t<meta name=\"twitter:label2\" content=\"Est. reading time\" \/>\n\t<meta name=\"twitter:data2\" content=\"3 minutes\" \/>\n<script type=\"application\/ld+json\" class=\"yoast-schema-graph\">{\"@context\":\"https:\\\/\\\/schema.org\",\"@graph\":[{\"@type\":\"Article\",\"@id\":\"https:\\\/\\\/www.ausflugsziele-schweiz.ch\\\/sommer\\\/in-der-ferienregion-elm-freut-man-sich-schon-auf-den-sommer\\\/#article\",\"isPartOf\":{\"@id\":\"https:\\\/\\\/www.ausflugsziele-schweiz.ch\\\/sommer\\\/in-der-ferienregion-elm-freut-man-sich-schon-auf-den-sommer\\\/\"},\"author\":{\"name\":\"imatrix\",\"@id\":\"https:\\\/\\\/www.ausflugsziele-schweiz.ch\\\/sommer\\\/#\\\/schema\\\/person\\\/c57c323f187c389c84ea15885ffe79f1\"},\"headline\":\"In der Ferienregion Elm freut man sich schon auf den Sommer\",\"datePublished\":\"2018-04-30T11:14:44+00:00\",\"dateModified\":\"2022-04-04T16:15:00+00:00\",\"mainEntityOfPage\":{\"@id\":\"https:\\\/\\\/www.ausflugsziele-schweiz.ch\\\/sommer\\\/in-der-ferienregion-elm-freut-man-sich-schon-auf-den-sommer\\\/\"},\"wordCount\":591,\"commentCount\":0,\"publisher\":{\"@id\":\"https:\\\/\\\/www.ausflugsziele-schweiz.ch\\\/sommer\\\/#organization\"},\"image\":{\"@id\":\"https:\\\/\\\/www.ausflugsziele-schweiz.ch\\\/sommer\\\/in-der-ferienregion-elm-freut-man-sich-schon-auf-den-sommer\\\/#primaryimage\"},\"thumbnailUrl\":\"https:\\\/\\\/www.ausflugsziele-schweiz.ch\\\/wp-content\\\/uploads\\\/2018\\\/04\\\/in-der-ferienregion-elm-freut-man-sich-schon-auf-den-sommer.jpg\",\"keywords\":[\"Bergbahnen\",\"Dorfwanderung\",\"Elm\",\"Erlebnisweg\",\"Familienausflug\",\"Familienparadies\",\"Ferien\",\"Ferien Schweiz\",\"Feriendestination\",\"Ferienregion\",\"Goldmine\",\"Kinderspielplatz\",\"Luftseilbahn\",\"Riesenwald\",\"Schiefertafelfabrik\",\"Schulausflug\",\"Sportbahn\",\"Streichelzoo\",\"Tektonikarena Sardona\",\"UNESCO-Welterbe\",\"Wanderferien\",\"Wanderung\"],\"articleSection\":[\"Region\",\"Tourismus\"],\"inLanguage\":\"so-MR\",\"potentialAction\":[{\"@type\":\"CommentAction\",\"name\":\"Comment\",\"target\":[\"https:\\\/\\\/www.ausflugsziele-schweiz.ch\\\/sommer\\\/in-der-ferienregion-elm-freut-man-sich-schon-auf-den-sommer\\\/#respond\"]}]},{\"@type\":\"WebPage\",\"@id\":\"https:\\\/\\\/www.ausflugsziele-schweiz.ch\\\/sommer\\\/in-der-ferienregion-elm-freut-man-sich-schon-auf-den-sommer\\\/\",\"url\":\"https:\\\/\\\/www.ausflugsziele-schweiz.ch\\\/sommer\\\/in-der-ferienregion-elm-freut-man-sich-schon-auf-den-sommer\\\/\",\"name\":\"In der Ferienregion Elm freut man sich schon auf den Sommer\",\"isPartOf\":{\"@id\":\"https:\\\/\\\/www.ausflugsziele-schweiz.ch\\\/sommer\\\/#website\"},\"primaryImageOfPage\":{\"@id\":\"https:\\\/\\\/www.ausflugsziele-schweiz.ch\\\/sommer\\\/in-der-ferienregion-elm-freut-man-sich-schon-auf-den-sommer\\\/#primaryimage\"},\"image\":{\"@id\":\"https:\\\/\\\/www.ausflugsziele-schweiz.ch\\\/sommer\\\/in-der-ferienregion-elm-freut-man-sich-schon-auf-den-sommer\\\/#primaryimage\"},\"thumbnailUrl\":\"https:\\\/\\\/www.ausflugsziele-schweiz.ch\\\/wp-content\\\/uploads\\\/2018\\\/04\\\/in-der-ferienregion-elm-freut-man-sich-schon-auf-den-sommer.jpg\",\"datePublished\":\"2018-04-30T11:14:44+00:00\",\"dateModified\":\"2022-04-04T16:15:00+00:00\",\"description\":\"Sie gilt als eines der letzten St\u00fcckchen \u00abheile Welt\u00bb: die Ferienregion Elm. Nur eine gute Autostunde von Z\u00fcrich entfernt finden die Besucher hier eine schier un\u00fcberschaubare Menge an attraktiven Angeboten f\u00fcr einen lohnenden Familienausflug oder einen abwechslungsreichen Urlaub.\",\"breadcrumb\":{\"@id\":\"https:\\\/\\\/www.ausflugsziele-schweiz.ch\\\/sommer\\\/in-der-ferienregion-elm-freut-man-sich-schon-auf-den-sommer\\\/#breadcrumb\"},\"inLanguage\":\"so-MR\",\"potentialAction\":[{\"@type\":\"ReadAction\",\"target\":[\"https:\\\/\\\/www.ausflugsziele-schweiz.ch\\\/sommer\\\/in-der-ferienregion-elm-freut-man-sich-schon-auf-den-sommer\\\/\"]}]},{\"@type\":\"ImageObject\",\"inLanguage\":\"so-MR\",\"@id\":\"https:\\\/\\\/www.ausflugsziele-schweiz.ch\\\/sommer\\\/in-der-ferienregion-elm-freut-man-sich-schon-auf-den-sommer\\\/#primaryimage\",\"url\":\"https:\\\/\\\/www.ausflugsziele-schweiz.ch\\\/wp-content\\\/uploads\\\/2018\\\/04\\\/in-der-ferienregion-elm-freut-man-sich-schon-auf-den-sommer.jpg\",\"contentUrl\":\"https:\\\/\\\/www.ausflugsziele-schweiz.ch\\\/wp-content\\\/uploads\\\/2018\\\/04\\\/in-der-ferienregion-elm-freut-man-sich-schon-auf-den-sommer.jpg\",\"width\":1400,\"height\":932},{\"@type\":\"BreadcrumbList\",\"@id\":\"https:\\\/\\\/www.ausflugsziele-schweiz.ch\\\/sommer\\\/in-der-ferienregion-elm-freut-man-sich-schon-auf-den-sommer\\\/#breadcrumb\",\"itemListElement\":[{\"@type\":\"ListItem\",\"position\":1,\"name\":\"Home\",\"item\":\"https:\\\/\\\/www.ausflugsziele-schweiz.ch\\\/sommer\\\/\"},{\"@type\":\"ListItem\",\"position\":2,\"name\":\"In der Ferienregion Elm freut man sich schon auf den Sommer\"}]},{\"@type\":\"WebSite\",\"@id\":\"https:\\\/\\\/www.ausflugsziele-schweiz.ch\\\/sommer\\\/#website\",\"url\":\"https:\\\/\\\/www.ausflugsziele-schweiz.ch\\\/sommer\\\/\",\"name\":\"Ausflugsziele\",\"description\":\"ausflugsziele-schweiz.ch\",\"publisher\":{\"@id\":\"https:\\\/\\\/www.ausflugsziele-schweiz.ch\\\/sommer\\\/#organization\"},\"alternateName\":\"Entdecke die sch\u00f6nsten Erlebnisse der Schweiz.\",\"potentialAction\":[{\"@type\":\"SearchAction\",\"target\":{\"@type\":\"EntryPoint\",\"urlTemplate\":\"https:\\\/\\\/www.ausflugsziele-schweiz.ch\\\/sommer\\\/?s={search_term_string}\"},\"query-input\":{\"@type\":\"PropertyValueSpecification\",\"valueRequired\":true,\"valueName\":\"search_term_string\"}}],\"inLanguage\":\"so-MR\"},{\"@type\":\"Organization\",\"@id\":\"https:\\\/\\\/www.ausflugsziele-schweiz.ch\\\/sommer\\\/#organization\",\"name\":\"Ausflugsziele Schweiz\",\"alternateName\":\"Entdecke die sch\u00f6nsten Erlebnisse der Schweiz.\",\"url\":\"https:\\\/\\\/www.ausflugsziele-schweiz.ch\\\/sommer\\\/\",\"logo\":{\"@type\":\"ImageObject\",\"inLanguage\":\"so-MR\",\"@id\":\"https:\\\/\\\/www.ausflugsziele-schweiz.ch\\\/sommer\\\/#\\\/schema\\\/logo\\\/image\\\/\",\"url\":\"https:\\\/\\\/www.ausflugsziele-schweiz.ch\\\/wp-content\\\/uploads\\\/2022\\\/03\\\/icon-1.png\",\"contentUrl\":\"https:\\\/\\\/www.ausflugsziele-schweiz.ch\\\/wp-content\\\/uploads\\\/2022\\\/03\\\/icon-1.png\",\"width\":600,\"height\":600,\"caption\":\"Ausflugsziele Schweiz\"},\"image\":{\"@id\":\"https:\\\/\\\/www.ausflugsziele-schweiz.ch\\\/sommer\\\/#\\\/schema\\\/logo\\\/image\\\/\"},\"sameAs\":[\"https:\\\/\\\/www.facebook.com\\\/ausflugszieleschweiz\\\/\"]},{\"@type\":\"Person\",\"@id\":\"https:\\\/\\\/www.ausflugsziele-schweiz.ch\\\/sommer\\\/#\\\/schema\\\/person\\\/c57c323f187c389c84ea15885ffe79f1\",\"name\":\"imatrix\",\"image\":{\"@type\":\"ImageObject\",\"inLanguage\":\"so-MR\",\"@id\":\"https:\\\/\\\/secure.gravatar.com\\\/avatar\\\/d8860d2cdda3de8e09895767394557b234c0e6ad1a80b3b7ccfec03df1a6a41b?s=96&d=retro&r=g\",\"url\":\"https:\\\/\\\/secure.gravatar.com\\\/avatar\\\/d8860d2cdda3de8e09895767394557b234c0e6ad1a80b3b7ccfec03df1a6a41b?s=96&d=retro&r=g\",\"contentUrl\":\"https:\\\/\\\/secure.gravatar.com\\\/avatar\\\/d8860d2cdda3de8e09895767394557b234c0e6ad1a80b3b7ccfec03df1a6a41b?s=96&d=retro&r=g\",\"caption\":\"imatrix\"},\"url\":\"https:\\\/\\\/www.ausflugsziele-schweiz.ch\\\/sommer\\\/author\\\/imatrix\\\/\"}]}<\/script>\n<!-- \/ Yoast SEO plugin. -->","yoast_head_json":{"title":"In der Ferienregion Elm freut man sich schon auf den Sommer","description":"Sie gilt als eines der letzten St\u00fcckchen \u00abheile Welt\u00bb: die Ferienregion Elm. Nur eine gute Autostunde von Z\u00fcrich entfernt finden die Besucher hier eine schier un\u00fcberschaubare Menge an attraktiven Angeboten f\u00fcr einen lohnenden Familienausflug oder einen abwechslungsreichen Urlaub.","robots":{"index":"index","follow":"follow","max-snippet":"max-snippet:-1","max-image-preview":"max-image-preview:large","max-video-preview":"max-video-preview:-1"},"canonical":"https:\/\/www.ausflugsziele-schweiz.ch\/sommer\/in-der-ferienregion-elm-freut-man-sich-schon-auf-den-sommer\/","og_locale":"so_SO","og_type":"article","og_title":"In der Ferienregion Elm freut man sich schon auf den Sommer","og_description":"Sie gilt als eines der letzten St\u00fcckchen \u00abheile Welt\u00bb: die Ferienregion Elm. Nur eine gute Autostunde von Z\u00fcrich entfernt finden die Besucher hier eine schier un\u00fcberschaubare Menge an attraktiven Angeboten f\u00fcr einen lohnenden Familienausflug oder einen abwechslungsreichen Urlaub.","og_url":"https:\/\/www.ausflugsziele-schweiz.ch\/sommer\/in-der-ferienregion-elm-freut-man-sich-schon-auf-den-sommer\/","og_site_name":"Ausflugsziele","article_publisher":"https:\/\/www.facebook.com\/ausflugszieleschweiz\/","article_published_time":"2018-04-30T11:14:44+00:00","article_modified_time":"2022-04-04T16:15:00+00:00","og_image":[{"width":1400,"height":932,"url":"https:\/\/www.ausflugsziele-schweiz.ch\/wp-content\/uploads\/2018\/04\/in-der-ferienregion-elm-freut-man-sich-schon-auf-den-sommer.jpg","type":"image\/jpeg"}],"author":"imatrix","twitter_card":"summary_large_image","twitter_misc":{"Written by":"imatrix","Est. reading time":"3 minutes"},"schema":{"@context":"https:\/\/schema.org","@graph":[{"@type":"Article","@id":"https:\/\/www.ausflugsziele-schweiz.ch\/sommer\/in-der-ferienregion-elm-freut-man-sich-schon-auf-den-sommer\/#article","isPartOf":{"@id":"https:\/\/www.ausflugsziele-schweiz.ch\/sommer\/in-der-ferienregion-elm-freut-man-sich-schon-auf-den-sommer\/"},"author":{"name":"imatrix","@id":"https:\/\/www.ausflugsziele-schweiz.ch\/sommer\/#\/schema\/person\/c57c323f187c389c84ea15885ffe79f1"},"headline":"In der Ferienregion Elm freut man sich schon auf den Sommer","datePublished":"2018-04-30T11:14:44+00:00","dateModified":"2022-04-04T16:15:00+00:00","mainEntityOfPage":{"@id":"https:\/\/www.ausflugsziele-schweiz.ch\/sommer\/in-der-ferienregion-elm-freut-man-sich-schon-auf-den-sommer\/"},"wordCount":591,"commentCount":0,"publisher":{"@id":"https:\/\/www.ausflugsziele-schweiz.ch\/sommer\/#organization"},"image":{"@id":"https:\/\/www.ausflugsziele-schweiz.ch\/sommer\/in-der-ferienregion-elm-freut-man-sich-schon-auf-den-sommer\/#primaryimage"},"thumbnailUrl":"https:\/\/www.ausflugsziele-schweiz.ch\/wp-content\/uploads\/2018\/04\/in-der-ferienregion-elm-freut-man-sich-schon-auf-den-sommer.jpg","keywords":["Bergbahnen","Dorfwanderung","Elm","Erlebnisweg","Familienausflug","Familienparadies","Ferien","Ferien Schweiz","Feriendestination","Ferienregion","Goldmine","Kinderspielplatz","Luftseilbahn","Riesenwald","Schiefertafelfabrik","Schulausflug","Sportbahn","Streichelzoo","Tektonikarena Sardona","UNESCO-Welterbe","Wanderferien","Wanderung"],"articleSection":["Region","Tourismus"],"inLanguage":"so-MR","potentialAction":[{"@type":"CommentAction","name":"Comment","target":["https:\/\/www.ausflugsziele-schweiz.ch\/sommer\/in-der-ferienregion-elm-freut-man-sich-schon-auf-den-sommer\/#respond"]}]},{"@type":"WebPage","@id":"https:\/\/www.ausflugsziele-schweiz.ch\/sommer\/in-der-ferienregion-elm-freut-man-sich-schon-auf-den-sommer\/","url":"https:\/\/www.ausflugsziele-schweiz.ch\/sommer\/in-der-ferienregion-elm-freut-man-sich-schon-auf-den-sommer\/","name":"In der Ferienregion Elm freut man sich schon auf den Sommer","isPartOf":{"@id":"https:\/\/www.ausflugsziele-schweiz.ch\/sommer\/#website"},"primaryImageOfPage":{"@id":"https:\/\/www.ausflugsziele-schweiz.ch\/sommer\/in-der-ferienregion-elm-freut-man-sich-schon-auf-den-sommer\/#primaryimage"},"image":{"@id":"https:\/\/www.ausflugsziele-schweiz.ch\/sommer\/in-der-ferienregion-elm-freut-man-sich-schon-auf-den-sommer\/#primaryimage"},"thumbnailUrl":"https:\/\/www.ausflugsziele-schweiz.ch\/wp-content\/uploads\/2018\/04\/in-der-ferienregion-elm-freut-man-sich-schon-auf-den-sommer.jpg","datePublished":"2018-04-30T11:14:44+00:00","dateModified":"2022-04-04T16:15:00+00:00","description":"Sie gilt als eines der letzten St\u00fcckchen \u00abheile Welt\u00bb: die Ferienregion Elm. Nur eine gute Autostunde von Z\u00fcrich entfernt finden die Besucher hier eine schier un\u00fcberschaubare Menge an attraktiven Angeboten f\u00fcr einen lohnenden Familienausflug oder einen abwechslungsreichen Urlaub.","breadcrumb":{"@id":"https:\/\/www.ausflugsziele-schweiz.ch\/sommer\/in-der-ferienregion-elm-freut-man-sich-schon-auf-den-sommer\/#breadcrumb"},"inLanguage":"so-MR","potentialAction":[{"@type":"ReadAction","target":["https:\/\/www.ausflugsziele-schweiz.ch\/sommer\/in-der-ferienregion-elm-freut-man-sich-schon-auf-den-sommer\/"]}]},{"@type":"ImageObject","inLanguage":"so-MR","@id":"https:\/\/www.ausflugsziele-schweiz.ch\/sommer\/in-der-ferienregion-elm-freut-man-sich-schon-auf-den-sommer\/#primaryimage","url":"https:\/\/www.ausflugsziele-schweiz.ch\/wp-content\/uploads\/2018\/04\/in-der-ferienregion-elm-freut-man-sich-schon-auf-den-sommer.jpg","contentUrl":"https:\/\/www.ausflugsziele-schweiz.ch\/wp-content\/uploads\/2018\/04\/in-der-ferienregion-elm-freut-man-sich-schon-auf-den-sommer.jpg","width":1400,"height":932},{"@type":"BreadcrumbList","@id":"https:\/\/www.ausflugsziele-schweiz.ch\/sommer\/in-der-ferienregion-elm-freut-man-sich-schon-auf-den-sommer\/#breadcrumb","itemListElement":[{"@type":"ListItem","position":1,"name":"Home","item":"https:\/\/www.ausflugsziele-schweiz.ch\/sommer\/"},{"@type":"ListItem","position":2,"name":"In der Ferienregion Elm freut man sich schon auf den Sommer"}]},{"@type":"WebSite","@id":"https:\/\/www.ausflugsziele-schweiz.ch\/sommer\/#website","url":"https:\/\/www.ausflugsziele-schweiz.ch\/sommer\/","name":"Ausflugsziele","description":"ausflugsziele-schweiz.ch","publisher":{"@id":"https:\/\/www.ausflugsziele-schweiz.ch\/sommer\/#organization"},"alternateName":"Entdecke die sch\u00f6nsten Erlebnisse der Schweiz.","potentialAction":[{"@type":"SearchAction","target":{"@type":"EntryPoint","urlTemplate":"https:\/\/www.ausflugsziele-schweiz.ch\/sommer\/?s={search_term_string}"},"query-input":{"@type":"PropertyValueSpecification","valueRequired":true,"valueName":"search_term_string"}}],"inLanguage":"so-MR"},{"@type":"Organization","@id":"https:\/\/www.ausflugsziele-schweiz.ch\/sommer\/#organization","name":"Ausflugsziele Schweiz","alternateName":"Entdecke die sch\u00f6nsten Erlebnisse der Schweiz.","url":"https:\/\/www.ausflugsziele-schweiz.ch\/sommer\/","logo":{"@type":"ImageObject","inLanguage":"so-MR","@id":"https:\/\/www.ausflugsziele-schweiz.ch\/sommer\/#\/schema\/logo\/image\/","url":"https:\/\/www.ausflugsziele-schweiz.ch\/wp-content\/uploads\/2022\/03\/icon-1.png","contentUrl":"https:\/\/www.ausflugsziele-schweiz.ch\/wp-content\/uploads\/2022\/03\/icon-1.png","width":600,"height":600,"caption":"Ausflugsziele Schweiz"},"image":{"@id":"https:\/\/www.ausflugsziele-schweiz.ch\/sommer\/#\/schema\/logo\/image\/"},"sameAs":["https:\/\/www.facebook.com\/ausflugszieleschweiz\/"]},{"@type":"Person","@id":"https:\/\/www.ausflugsziele-schweiz.ch\/sommer\/#\/schema\/person\/c57c323f187c389c84ea15885ffe79f1","name":"imatrix","image":{"@type":"ImageObject","inLanguage":"so-MR","@id":"https:\/\/secure.gravatar.com\/avatar\/d8860d2cdda3de8e09895767394557b234c0e6ad1a80b3b7ccfec03df1a6a41b?s=96&d=retro&r=g","url":"https:\/\/secure.gravatar.com\/avatar\/d8860d2cdda3de8e09895767394557b234c0e6ad1a80b3b7ccfec03df1a6a41b?s=96&d=retro&r=g","contentUrl":"https:\/\/secure.gravatar.com\/avatar\/d8860d2cdda3de8e09895767394557b234c0e6ad1a80b3b7ccfec03df1a6a41b?s=96&d=retro&r=g","caption":"imatrix"},"url":"https:\/\/www.ausflugsziele-schweiz.ch\/sommer\/author\/imatrix\/"}]}},"_links":{"self":[{"href":"https:\/\/www.ausflugsziele-schweiz.ch\/sommer\/wp-json\/wp\/v2\/posts\/2500","targetHints":{"allow":["GET"]}}],"collection":[{"href":"https:\/\/www.ausflugsziele-schweiz.ch\/sommer\/wp-json\/wp\/v2\/posts"}],"about":[{"href":"https:\/\/www.ausflugsziele-schweiz.ch\/sommer\/wp-json\/wp\/v2\/types\/post"}],"author":[{"embeddable":true,"href":"https:\/\/www.ausflugsziele-schweiz.ch\/sommer\/wp-json\/wp\/v2\/users\/7"}],"replies":[{"embeddable":true,"href":"https:\/\/www.ausflugsziele-schweiz.ch\/sommer\/wp-json\/wp\/v2\/comments?post=2500"}],"version-history":[{"count":0,"href":"https:\/\/www.ausflugsziele-schweiz.ch\/sommer\/wp-json\/wp\/v2\/posts\/2500\/revisions"}],"wp:featuredmedia":[{"embeddable":true,"href":"https:\/\/www.ausflugsziele-schweiz.ch\/sommer\/wp-json\/wp\/v2\/media\/115478"}],"wp:attachment":[{"href":"https:\/\/www.ausflugsziele-schweiz.ch\/sommer\/wp-json\/wp\/v2\/media?parent=2500"}],"wp:term":[{"taxonomy":"category","embeddable":true,"href":"https:\/\/www.ausflugsziele-schweiz.ch\/sommer\/wp-json\/wp\/v2\/categories?post=2500"},{"taxonomy":"post_tag","embeddable":true,"href":"https:\/\/www.ausflugsziele-schweiz.ch\/sommer\/wp-json\/wp\/v2\/tags?post=2500"}],"curies":[{"name":"wp","href":"https:\/\/api.w.org\/{rel}","templated":true}]}}