{"id":5122,"date":"2019-06-12T12:30:52","date_gmt":"2019-06-12T10:30:52","guid":{"rendered":"https:\/\/www.ausflugsziele-schweiz.ch\/sommer\/?p=5122"},"modified":"2022-04-04T21:17:01","modified_gmt":"2022-04-04T19:17:01","slug":"kombipaket-tamaro-park-fur-den-perfekten-familienausflug","status":"publish","type":"post","link":"https:\/\/www.ausflugsziele-schweiz.ch\/sommer\/kombipaket-tamaro-park-fur-den-perfekten-familienausflug\/","title":{"rendered":"Kombipaket Tamaro Park f\u00fcr den perfekten Familienausflug"},"content":{"rendered":"<h3><strong>Bergerlebnis und Wasserspass an einem Tag<\/strong><\/h3>\n<p><strong>Der Tamaro Park liegt in der Traumregion Lugano, Bellinzona und Locarna und ist das perfekte Ausflugsziel f\u00fcr Ihren Familienausflug. Zwischen dem Lago Maggiore und dem Luganersee erwarten Sie der Freizeitberg Monte Tamaro und das Wasserparadies Splash e Spa mit einer Vielzahl spannender Aktivit\u00e4ten. Verbringen Sie im Tamaro Park einen Tag mit unvergesslichen Erlebnissen f\u00fcr Gross und Klein.<\/strong><\/p>\n<p><a href=\"https:\/\/www.tamaropark.ch\/de\" target=\"_blank\" rel=\"noopener noreferrer\">TamaroPark<\/a> | <a href=\"https:\/\/www.tamaropark.ch\/de\/#1pacchetti\" target=\"_blank\" rel=\"noopener noreferrer\">TamaroPark Pakete<\/a> | <a href=\"https:\/\/www.montetamaro.ch\/de\/ausfluege-tessin.php\" target=\"_blank\" rel=\"noopener noreferrer\">Ausfl\u00fcge<\/a><\/p>\n\r\n                <style type=\"text\/css\">\r\n                    \r\n                    #tdi_1  .td-doubleSlider-2 .td-item1 {\r\n                        background: url(https:\/\/www.ausflugsziele-schweiz.ch\/wp-content\/uploads\/2019\/03\/2017_monte_tamaro-39-1024x576-80x60.jpg) 0 0 no-repeat;\r\n                    }\r\n                    #tdi_1  .td-doubleSlider-2 .td-item2 {\r\n                        background: url(https:\/\/www.ausflugsziele-schweiz.ch\/wp-content\/uploads\/2019\/03\/2017_monte_tamaro-43-1024x576-80x60.jpg) 0 0 no-repeat;\r\n                    }\r\n                    #tdi_1  .td-doubleSlider-2 .td-item3 {\r\n                        background: url(https:\/\/www.ausflugsziele-schweiz.ch\/wp-content\/uploads\/2019\/03\/2017_monte_tamaro-46-1024x576-80x60.jpg) 0 0 no-repeat;\r\n                    }\r\n                    #tdi_1  .td-doubleSlider-2 .td-item4 {\r\n                        background: url(https:\/\/www.ausflugsziele-schweiz.ch\/wp-content\/uploads\/2019\/03\/Chiesa-S.-M.-Angeli-1024x683-80x60.jpg) 0 0 no-repeat;\r\n                    }\r\n                    #tdi_1  .td-doubleSlider-2 .td-item5 {\r\n                        background: url(https:\/\/www.ausflugsziele-schweiz.ch\/wp-content\/uploads\/2019\/03\/DSC_7184_2-1024x683-80x60.jpg) 0 0 no-repeat;\r\n                    }\r\n                    #tdi_1  .td-doubleSlider-2 .td-item6 {\r\n                        background: url(https:\/\/www.ausflugsziele-schweiz.ch\/wp-content\/uploads\/2019\/03\/Foto-pas-verso-Alpe-di-Neggia-1024x754-80x60.jpg) 0 0 no-repeat;\r\n                    }\r\n                    #tdi_1  .td-doubleSlider-2 .td-item7 {\r\n                        background: url(https:\/\/www.ausflugsziele-schweiz.ch\/wp-content\/uploads\/2019\/03\/splash__spa_3_677-1024x683-80x60.jpg) 0 0 no-repeat;\r\n                    }\r\n                    #tdi_1  .td-doubleSlider-2 .td-item8 {\r\n                        background: url(https:\/\/www.ausflugsziele-schweiz.ch\/wp-content\/uploads\/2019\/03\/splashspa__sett16_241_post_al-1024x683-80x60.jpg) 0 0 no-repeat;\r\n                    }\r\n                    #tdi_1  .td-doubleSlider-2 .td-item9 {\r\n                        background: url(https:\/\/www.ausflugsziele-schweiz.ch\/wp-content\/uploads\/2019\/03\/Chiesa-S.-Maria-degli-Angeli-17-998x1024-80x60.jpg) 0 0 no-repeat;\r\n                    }\r\n                    #tdi_1  .td-doubleSlider-2 .td-item10 {\r\n                        background: url(https:\/\/www.ausflugsziele-schweiz.ch\/wp-content\/uploads\/2018\/05\/Foto-chiesa-80x60.jpg) 0 0 no-repeat;\r\n                    }\r\n                    #tdi_1  .td-doubleSlider-2 .td-item11 {\r\n                        background: url(https:\/\/www.ausflugsziele-schweiz.ch\/wp-content\/uploads\/2019\/03\/Monte-Tamaro-Monte-lema-1024x683-80x60.jpg) 0 0 no-repeat;\r\n                    }\r\n                <\/style>\r\n\r\n                <div id=\"tdi_1\" class=\"td-gallery td-slide-on-2-columns\">\r\n                    <div class=\"post_td_gallery\">\r\n                        <div class=\"td-gallery-slide-top\">\r\n                           <div class=\"td-gallery-title\"><\/div>\r\n\r\n                            <div class=\"td-gallery-controls-wrapper\">\r\n                                <div class=\"td-gallery-slide-count\"><span class=\"td-gallery-slide-item-focus\">1<\/span> of 11<\/div>\r\n                                <div class=\"td-gallery-slide-prev-next-but\">\r\n                                    <i class = \"td-icon-left doubleSliderPrevButton\"><\/i>\r\n                                    <i class = \"td-icon-right doubleSliderNextButton\"><\/i>\r\n                                <\/div>\r\n                            <\/div>\r\n                        <\/div>\r\n\r\n                        <div class = \"td-doubleSlider-1 \">\r\n                            <div class = \"td-slider\">\r\n                                \r\n                    <div class = \"td-slide-item td-item1\">\r\n                        <figure class=\"td-slide-galery-figure td-slide-popup-gallery\">\r\n                            <a class=\"slide-gallery-image-link\" href=\"https:\/\/www.ausflugsziele-schweiz.ch\/wp-content\/uploads\/2019\/03\/2017_monte_tamaro-39-1024x576.jpg\" title=\"2017 monte tamaro 39 1024x576\"  data-caption=\"2017 monte tamaro 39 1024x576\"  data-description=\"2017 monte tamaro 39 1024x576\">\r\n                                <img decoding=\"async\" src=\"https:\/\/www.ausflugsziele-schweiz.ch\/wp-content\/uploads\/2019\/03\/2017_monte_tamaro-39-1024x576-747x420.jpg\" srcset=\"https:\/\/www.ausflugsziele-schweiz.ch\/wp-content\/uploads\/2019\/03\/2017_monte_tamaro-39-1024x576-747x420.jpg 747w, https:\/\/www.ausflugsziele-schweiz.ch\/wp-content\/uploads\/2019\/03\/2017_monte_tamaro-39-1024x576-800x450.jpg 800w, https:\/\/www.ausflugsziele-schweiz.ch\/wp-content\/uploads\/2019\/03\/2017_monte_tamaro-39-1024x576-768x432.jpg 768w, https:\/\/www.ausflugsziele-schweiz.ch\/wp-content\/uploads\/2019\/03\/2017_monte_tamaro-39-1024x576-696x392.jpg 696w, https:\/\/www.ausflugsziele-schweiz.ch\/wp-content\/uploads\/2019\/03\/2017_monte_tamaro-39-1024x576.jpg 1024w\" sizes=\"(max-width: 747px) 100vw, 747px\" alt=\"2017 monte tamaro 39 1024x576\">\r\n                            <\/a>\r\n                            <figcaption class = \"td-slide-caption td-gallery-slide-content\"><div class = \"td-gallery-slide-copywrite\">2017 monte tamaro 39 1024x576<\/div><span>2017 monte tamaro 39 1024x576<\/span><\/figcaption>\r\n                        <\/figure>\r\n                    <\/div>\r\n                    <div class = \"td-slide-item td-item2\">\r\n                        <figure class=\"td-slide-galery-figure td-slide-popup-gallery\">\r\n                            <a class=\"slide-gallery-image-link\" href=\"https:\/\/www.ausflugsziele-schweiz.ch\/wp-content\/uploads\/2019\/03\/2017_monte_tamaro-43-1024x576.jpg\" title=\"2017 monte tamaro 43 1024x576\"  data-caption=\"2017 monte tamaro 43 1024x576\"  data-description=\"2017 monte tamaro 43 1024x576\">\r\n                                <img decoding=\"async\" src=\"https:\/\/www.ausflugsziele-schweiz.ch\/wp-content\/uploads\/2019\/03\/2017_monte_tamaro-43-1024x576-747x420.jpg\" srcset=\"https:\/\/www.ausflugsziele-schweiz.ch\/wp-content\/uploads\/2019\/03\/2017_monte_tamaro-43-1024x576-747x420.jpg 747w, https:\/\/www.ausflugsziele-schweiz.ch\/wp-content\/uploads\/2019\/03\/2017_monte_tamaro-43-1024x576-800x450.jpg 800w, https:\/\/www.ausflugsziele-schweiz.ch\/wp-content\/uploads\/2019\/03\/2017_monte_tamaro-43-1024x576-768x432.jpg 768w, https:\/\/www.ausflugsziele-schweiz.ch\/wp-content\/uploads\/2019\/03\/2017_monte_tamaro-43-1024x576-696x392.jpg 696w, https:\/\/www.ausflugsziele-schweiz.ch\/wp-content\/uploads\/2019\/03\/2017_monte_tamaro-43-1024x576.jpg 1024w\" sizes=\"(max-width: 747px) 100vw, 747px\" alt=\"2017 monte tamaro 43 1024x576\">\r\n                            <\/a>\r\n                            <figcaption class = \"td-slide-caption td-gallery-slide-content\"><div class = \"td-gallery-slide-copywrite\">2017 monte tamaro 43 1024x576<\/div><span>2017 monte tamaro 43 1024x576<\/span><\/figcaption>\r\n                        <\/figure>\r\n                    <\/div>\r\n                    <div class = \"td-slide-item td-item3\">\r\n                        <figure class=\"td-slide-galery-figure td-slide-popup-gallery\">\r\n                            <a class=\"slide-gallery-image-link\" href=\"https:\/\/www.ausflugsziele-schweiz.ch\/wp-content\/uploads\/2019\/03\/2017_monte_tamaro-46-1024x576.jpg\" title=\"2017 monte tamaro 46 1024x576\"  data-caption=\"2017 monte tamaro 46 1024x576\"  data-description=\"2017 monte tamaro 46 1024x576\">\r\n                                <img decoding=\"async\" src=\"https:\/\/www.ausflugsziele-schweiz.ch\/wp-content\/uploads\/2019\/03\/2017_monte_tamaro-46-1024x576-747x420.jpg\" srcset=\"https:\/\/www.ausflugsziele-schweiz.ch\/wp-content\/uploads\/2019\/03\/2017_monte_tamaro-46-1024x576-747x420.jpg 747w, https:\/\/www.ausflugsziele-schweiz.ch\/wp-content\/uploads\/2019\/03\/2017_monte_tamaro-46-1024x576-800x450.jpg 800w, https:\/\/www.ausflugsziele-schweiz.ch\/wp-content\/uploads\/2019\/03\/2017_monte_tamaro-46-1024x576-768x432.jpg 768w, https:\/\/www.ausflugsziele-schweiz.ch\/wp-content\/uploads\/2019\/03\/2017_monte_tamaro-46-1024x576-696x392.jpg 696w, https:\/\/www.ausflugsziele-schweiz.ch\/wp-content\/uploads\/2019\/03\/2017_monte_tamaro-46-1024x576.jpg 1024w\" sizes=\"(max-width: 747px) 100vw, 747px\" alt=\"2017 monte tamaro 46 1024x576\">\r\n                            <\/a>\r\n                            <figcaption class = \"td-slide-caption td-gallery-slide-content\"><div class = \"td-gallery-slide-copywrite\">2017 monte tamaro 46 1024x576<\/div><span>2017 monte tamaro 46 1024x576<\/span><\/figcaption>\r\n                        <\/figure>\r\n                    <\/div>\r\n                    <div class = \"td-slide-item td-item4\">\r\n                        <figure class=\"td-slide-galery-figure td-slide-popup-gallery\">\r\n                            <a class=\"slide-gallery-image-link\" href=\"https:\/\/www.ausflugsziele-schweiz.ch\/wp-content\/uploads\/2019\/03\/Chiesa-S.-M.-Angeli-1024x683.jpg\" title=\"Chiesa S. M. Angeli 1024x683\"  data-caption=\"Chiesa S. M. Angeli 1024x683\"  data-description=\"Chiesa S. M. Angeli 1024x683\">\r\n                                <img decoding=\"async\" src=\"https:\/\/www.ausflugsziele-schweiz.ch\/wp-content\/uploads\/2019\/03\/Chiesa-S.-M.-Angeli-1024x683-630x420.jpg\" srcset=\"https:\/\/www.ausflugsziele-schweiz.ch\/wp-content\/uploads\/2019\/03\/Chiesa-S.-M.-Angeli-1024x683-630x420.jpg 630w, https:\/\/www.ausflugsziele-schweiz.ch\/wp-content\/uploads\/2019\/03\/Chiesa-S.-M.-Angeli-1024x683-800x533.jpg 800w, https:\/\/www.ausflugsziele-schweiz.ch\/wp-content\/uploads\/2019\/03\/Chiesa-S.-M.-Angeli-1024x683-768x512.jpg 768w, https:\/\/www.ausflugsziele-schweiz.ch\/wp-content\/uploads\/2019\/03\/Chiesa-S.-M.-Angeli-1024x683-696x464.jpg 696w, https:\/\/www.ausflugsziele-schweiz.ch\/wp-content\/uploads\/2019\/03\/Chiesa-S.-M.-Angeli-1024x683.jpg 1024w\" sizes=\"(max-width: 630px) 100vw, 630px\" alt=\"Chiesa S. M. Angeli 1024x683\">\r\n                            <\/a>\r\n                            <figcaption class = \"td-slide-caption td-gallery-slide-content\"><div class = \"td-gallery-slide-copywrite\">Chiesa S. M. Angeli 1024x683<\/div><span>Chiesa S. M. Angeli 1024x683<\/span><\/figcaption>\r\n                        <\/figure>\r\n                    <\/div>\r\n                    <div class = \"td-slide-item td-item5\">\r\n                        <figure class=\"td-slide-galery-figure td-slide-popup-gallery\">\r\n                            <a class=\"slide-gallery-image-link\" href=\"https:\/\/www.ausflugsziele-schweiz.ch\/wp-content\/uploads\/2019\/03\/DSC_7184_2-1024x683.jpg\" title=\"DSC 7184 2 1024x683\"  data-caption=\"DSC 7184 2 1024x683\"  data-description=\"DSC 7184 2 1024x683\">\r\n                                <img decoding=\"async\" src=\"https:\/\/www.ausflugsziele-schweiz.ch\/wp-content\/uploads\/2019\/03\/DSC_7184_2-1024x683-630x420.jpg\" srcset=\"https:\/\/www.ausflugsziele-schweiz.ch\/wp-content\/uploads\/2019\/03\/DSC_7184_2-1024x683-630x420.jpg 630w, https:\/\/www.ausflugsziele-schweiz.ch\/wp-content\/uploads\/2019\/03\/DSC_7184_2-1024x683-800x533.jpg 800w, https:\/\/www.ausflugsziele-schweiz.ch\/wp-content\/uploads\/2019\/03\/DSC_7184_2-1024x683-768x512.jpg 768w, https:\/\/www.ausflugsziele-schweiz.ch\/wp-content\/uploads\/2019\/03\/DSC_7184_2-1024x683-696x464.jpg 696w, https:\/\/www.ausflugsziele-schweiz.ch\/wp-content\/uploads\/2019\/03\/DSC_7184_2-1024x683.jpg 1024w\" sizes=\"(max-width: 630px) 100vw, 630px\" alt=\"DSC 7184 2 1024x683\">\r\n                            <\/a>\r\n                            <figcaption class = \"td-slide-caption td-gallery-slide-content\"><div class = \"td-gallery-slide-copywrite\">DSC 7184 2 1024x683<\/div><span>DSC 7184 2 1024x683<\/span><\/figcaption>\r\n                        <\/figure>\r\n                    <\/div>\r\n                    <div class = \"td-slide-item td-item6\">\r\n                        <figure class=\"td-slide-galery-figure td-slide-popup-gallery\">\r\n                            <a class=\"slide-gallery-image-link\" href=\"https:\/\/www.ausflugsziele-schweiz.ch\/wp-content\/uploads\/2019\/03\/Foto-pas-verso-Alpe-di-Neggia-1024x754.jpg\" title=\"Foto pas verso Alpe di Neggia 1024x754\"  data-caption=\"Foto pas verso Alpe di Neggia 1024x754\"  data-description=\"Foto pas verso Alpe di Neggia 1024x754\">\r\n                                <img decoding=\"async\" src=\"https:\/\/www.ausflugsziele-schweiz.ch\/wp-content\/uploads\/2019\/03\/Foto-pas-verso-Alpe-di-Neggia-1024x754-570x420.jpg\" srcset=\"https:\/\/www.ausflugsziele-schweiz.ch\/wp-content\/uploads\/2019\/03\/Foto-pas-verso-Alpe-di-Neggia-1024x754-570x420.jpg 570w, https:\/\/www.ausflugsziele-schweiz.ch\/wp-content\/uploads\/2019\/03\/Foto-pas-verso-Alpe-di-Neggia-1024x754-724x533.jpg 724w, https:\/\/www.ausflugsziele-schweiz.ch\/wp-content\/uploads\/2019\/03\/Foto-pas-verso-Alpe-di-Neggia-1024x754-768x566.jpg 768w, https:\/\/www.ausflugsziele-schweiz.ch\/wp-content\/uploads\/2019\/03\/Foto-pas-verso-Alpe-di-Neggia-1024x754-80x60.jpg 80w, https:\/\/www.ausflugsziele-schweiz.ch\/wp-content\/uploads\/2019\/03\/Foto-pas-verso-Alpe-di-Neggia-1024x754-696x512.jpg 696w, https:\/\/www.ausflugsziele-schweiz.ch\/wp-content\/uploads\/2019\/03\/Foto-pas-verso-Alpe-di-Neggia-1024x754.jpg 1024w\" sizes=\"(max-width: 570px) 100vw, 570px\" alt=\"Foto pas verso Alpe di Neggia 1024x754\">\r\n                            <\/a>\r\n                            <figcaption class = \"td-slide-caption td-gallery-slide-content\"><div class = \"td-gallery-slide-copywrite\">Foto pas verso Alpe di Neggia 1024x754<\/div><span>Foto pas verso Alpe di Neggia 1024x754<\/span><\/figcaption>\r\n                        <\/figure>\r\n                    <\/div>\r\n                    <div class = \"td-slide-item td-item7\">\r\n                        <figure class=\"td-slide-galery-figure td-slide-popup-gallery\">\r\n                            <a class=\"slide-gallery-image-link\" href=\"https:\/\/www.ausflugsziele-schweiz.ch\/wp-content\/uploads\/2019\/03\/splash__spa_3_677-1024x683.jpg\" title=\"splash  spa 3 677 1024x683\"  data-caption=\"splash  spa 3 677 1024x683\"  data-description=\"splash  spa 3 677 1024x683\">\r\n                                <img decoding=\"async\" src=\"https:\/\/www.ausflugsziele-schweiz.ch\/wp-content\/uploads\/2019\/03\/splash__spa_3_677-1024x683-630x420.jpg\" srcset=\"https:\/\/www.ausflugsziele-schweiz.ch\/wp-content\/uploads\/2019\/03\/splash__spa_3_677-1024x683-630x420.jpg 630w, https:\/\/www.ausflugsziele-schweiz.ch\/wp-content\/uploads\/2019\/03\/splash__spa_3_677-1024x683-800x533.jpg 800w, https:\/\/www.ausflugsziele-schweiz.ch\/wp-content\/uploads\/2019\/03\/splash__spa_3_677-1024x683-768x512.jpg 768w, https:\/\/www.ausflugsziele-schweiz.ch\/wp-content\/uploads\/2019\/03\/splash__spa_3_677-1024x683-696x464.jpg 696w, https:\/\/www.ausflugsziele-schweiz.ch\/wp-content\/uploads\/2019\/03\/splash__spa_3_677-1024x683.jpg 1024w\" sizes=\"(max-width: 630px) 100vw, 630px\" alt=\"splash  spa 3 677 1024x683\">\r\n                            <\/a>\r\n                            <figcaption class = \"td-slide-caption td-gallery-slide-content\"><div class = \"td-gallery-slide-copywrite\">splash  spa 3 677 1024x683<\/div><span>splash  spa 3 677 1024x683<\/span><\/figcaption>\r\n                        <\/figure>\r\n                    <\/div>\r\n                    <div class = \"td-slide-item td-item8\">\r\n                        <figure class=\"td-slide-galery-figure td-slide-popup-gallery\">\r\n                            <a class=\"slide-gallery-image-link\" href=\"https:\/\/www.ausflugsziele-schweiz.ch\/wp-content\/uploads\/2019\/03\/splashspa__sett16_241_post_al-1024x683.jpg\" title=\"splashspa  sett16 241 post al 1024x683\"  data-caption=\"splashspa  sett16 241 post al 1024x683\"  data-description=\"splashspa  sett16 241 post al 1024x683\">\r\n                                <img decoding=\"async\" src=\"https:\/\/www.ausflugsziele-schweiz.ch\/wp-content\/uploads\/2019\/03\/splashspa__sett16_241_post_al-1024x683-630x420.jpg\" srcset=\"https:\/\/www.ausflugsziele-schweiz.ch\/wp-content\/uploads\/2019\/03\/splashspa__sett16_241_post_al-1024x683-630x420.jpg 630w, https:\/\/www.ausflugsziele-schweiz.ch\/wp-content\/uploads\/2019\/03\/splashspa__sett16_241_post_al-1024x683-800x533.jpg 800w, https:\/\/www.ausflugsziele-schweiz.ch\/wp-content\/uploads\/2019\/03\/splashspa__sett16_241_post_al-1024x683-768x512.jpg 768w, https:\/\/www.ausflugsziele-schweiz.ch\/wp-content\/uploads\/2019\/03\/splashspa__sett16_241_post_al-1024x683-696x464.jpg 696w, https:\/\/www.ausflugsziele-schweiz.ch\/wp-content\/uploads\/2019\/03\/splashspa__sett16_241_post_al-1024x683.jpg 1024w\" sizes=\"(max-width: 630px) 100vw, 630px\" alt=\"splashspa  sett16 241 post al 1024x683\">\r\n                            <\/a>\r\n                            <figcaption class = \"td-slide-caption td-gallery-slide-content\"><div class = \"td-gallery-slide-copywrite\">splashspa  sett16 241 post al 1024x683<\/div><span>splashspa  sett16 241 post al 1024x683<\/span><\/figcaption>\r\n                        <\/figure>\r\n                    <\/div>\r\n                    <div class = \"td-slide-item td-item9\">\r\n                        <figure class=\"td-slide-galery-figure td-slide-popup-gallery\">\r\n                            <a class=\"slide-gallery-image-link\" href=\"https:\/\/www.ausflugsziele-schweiz.ch\/wp-content\/uploads\/2019\/03\/Chiesa-S.-Maria-degli-Angeli-17-998x1024.jpg\" title=\"Chiesa S. Maria degli Angeli 17 998x1024\"  data-caption=\"Chiesa S. Maria degli Angeli 17 998x1024\"  data-description=\"Chiesa S. Maria degli Angeli 17 998x1024\">\r\n                                <img decoding=\"async\" src=\"https:\/\/www.ausflugsziele-schweiz.ch\/wp-content\/uploads\/2019\/03\/Chiesa-S.-Maria-degli-Angeli-17-998x1024-410x420.jpg\" srcset=\"https:\/\/www.ausflugsziele-schweiz.ch\/wp-content\/uploads\/2019\/03\/Chiesa-S.-Maria-degli-Angeli-17-998x1024-410x420.jpg 410w, https:\/\/www.ausflugsziele-schweiz.ch\/wp-content\/uploads\/2019\/03\/Chiesa-S.-Maria-degli-Angeli-17-998x1024-520x533.jpg 520w, https:\/\/www.ausflugsziele-schweiz.ch\/wp-content\/uploads\/2019\/03\/Chiesa-S.-Maria-degli-Angeli-17-998x1024-768x788.jpg 768w, https:\/\/www.ausflugsziele-schweiz.ch\/wp-content\/uploads\/2019\/03\/Chiesa-S.-Maria-degli-Angeli-17-998x1024-356x364.jpg 356w, https:\/\/www.ausflugsziele-schweiz.ch\/wp-content\/uploads\/2019\/03\/Chiesa-S.-Maria-degli-Angeli-17-998x1024-712x728.jpg 712w, https:\/\/www.ausflugsziele-schweiz.ch\/wp-content\/uploads\/2019\/03\/Chiesa-S.-Maria-degli-Angeli-17-998x1024-696x714.jpg 696w, https:\/\/www.ausflugsziele-schweiz.ch\/wp-content\/uploads\/2019\/03\/Chiesa-S.-Maria-degli-Angeli-17-998x1024-819x840.jpg 819w, https:\/\/www.ausflugsziele-schweiz.ch\/wp-content\/uploads\/2019\/03\/Chiesa-S.-Maria-degli-Angeli-17-998x1024-60x60.jpg 60w, https:\/\/www.ausflugsziele-schweiz.ch\/wp-content\/uploads\/2019\/03\/Chiesa-S.-Maria-degli-Angeli-17-998x1024.jpg 975w\" sizes=\"(max-width: 410px) 100vw, 410px\" alt=\"Chiesa S. Maria degli Angeli 17 998x1024\">\r\n                            <\/a>\r\n                            <figcaption class = \"td-slide-caption td-gallery-slide-content\"><div class = \"td-gallery-slide-copywrite\">Chiesa S. Maria degli Angeli 17 998x1024<\/div><span>Chiesa S. Maria degli Angeli 17 998x1024<\/span><\/figcaption>\r\n                        <\/figure>\r\n                    <\/div>\r\n                    <div class = \"td-slide-item td-item10\">\r\n                        <figure class=\"td-slide-galery-figure td-slide-popup-gallery\">\r\n                            <a class=\"slide-gallery-image-link\" href=\"https:\/\/www.ausflugsziele-schweiz.ch\/wp-content\/uploads\/2018\/05\/Foto-chiesa.jpg\" title=\"Foto chiesa\"  data-caption=\"Foto chiesa\"  data-description=\"Foto chiesa\">\r\n                                <img decoding=\"async\" src=\"https:\/\/www.ausflugsziele-schweiz.ch\/wp-content\/uploads\/2018\/05\/Foto-chiesa-630x420.jpg\" srcset=\"https:\/\/www.ausflugsziele-schweiz.ch\/wp-content\/uploads\/2018\/05\/Foto-chiesa-630x420.jpg 630w, https:\/\/www.ausflugsziele-schweiz.ch\/wp-content\/uploads\/2018\/05\/Foto-chiesa-800x533.jpg 800w, https:\/\/www.ausflugsziele-schweiz.ch\/wp-content\/uploads\/2018\/05\/Foto-chiesa-1024x683.jpg 1024w, https:\/\/www.ausflugsziele-schweiz.ch\/wp-content\/uploads\/2018\/05\/Foto-chiesa-768x512.jpg 768w, https:\/\/www.ausflugsziele-schweiz.ch\/wp-content\/uploads\/2018\/05\/Foto-chiesa-696x464.jpg 696w, https:\/\/www.ausflugsziele-schweiz.ch\/wp-content\/uploads\/2018\/05\/Foto-chiesa-1068x712.jpg 1068w, https:\/\/www.ausflugsziele-schweiz.ch\/wp-content\/uploads\/2018\/05\/Foto-chiesa.jpg 1200w\" sizes=\"(max-width: 630px) 100vw, 630px\" alt=\"Foto chiesa\">\r\n                            <\/a>\r\n                            <figcaption class = \"td-slide-caption td-gallery-slide-content\"><div class = \"td-gallery-slide-copywrite\">Foto chiesa<\/div><span>Foto chiesa<\/span><\/figcaption>\r\n                        <\/figure>\r\n                    <\/div>\r\n                    <div class = \"td-slide-item td-item11\">\r\n                        <figure class=\"td-slide-galery-figure td-slide-popup-gallery\">\r\n                            <a class=\"slide-gallery-image-link\" href=\"https:\/\/www.ausflugsziele-schweiz.ch\/wp-content\/uploads\/2019\/03\/Monte-Tamaro-Monte-lema-1024x683.jpg\" title=\"Monte Tamaro Monte lema 1024x683\"  data-caption=\"Monte Tamaro Monte lema 1024x683\"  data-description=\"Monte Tamaro Monte lema 1024x683\">\r\n                                <img decoding=\"async\" src=\"https:\/\/www.ausflugsziele-schweiz.ch\/wp-content\/uploads\/2019\/03\/Monte-Tamaro-Monte-lema-1024x683-630x420.jpg\" srcset=\"https:\/\/www.ausflugsziele-schweiz.ch\/wp-content\/uploads\/2019\/03\/Monte-Tamaro-Monte-lema-1024x683-630x420.jpg 630w, https:\/\/www.ausflugsziele-schweiz.ch\/wp-content\/uploads\/2019\/03\/Monte-Tamaro-Monte-lema-1024x683-800x533.jpg 800w, https:\/\/www.ausflugsziele-schweiz.ch\/wp-content\/uploads\/2019\/03\/Monte-Tamaro-Monte-lema-1024x683-768x512.jpg 768w, https:\/\/www.ausflugsziele-schweiz.ch\/wp-content\/uploads\/2019\/03\/Monte-Tamaro-Monte-lema-1024x683-696x464.jpg 696w, https:\/\/www.ausflugsziele-schweiz.ch\/wp-content\/uploads\/2019\/03\/Monte-Tamaro-Monte-lema-1024x683.jpg 1024w\" sizes=\"(max-width: 630px) 100vw, 630px\" alt=\"Monte Tamaro Monte lema 1024x683\">\r\n                            <\/a>\r\n                            <figcaption class = \"td-slide-caption td-gallery-slide-content\"><div class = \"td-gallery-slide-copywrite\">Monte Tamaro Monte lema 1024x683<\/div><span>Monte Tamaro Monte lema 1024x683<\/span><\/figcaption>\r\n                        <\/figure>\r\n                    <\/div>\r\n                            <\/div>\r\n                        <\/div>\r\n\r\n                        <div class = \"td-doubleSlider-2\">\r\n                            <div class = \"td-slider\">\r\n                                \r\n                    <div class = \"td-button td-item1\">\r\n                        <div class = \"td-border\"><\/div>\r\n                    <\/div>\r\n                    <div class = \"td-button td-item2\">\r\n                        <div class = \"td-border\"><\/div>\r\n                    <\/div>\r\n                    <div class = \"td-button td-item3\">\r\n                        <div class = \"td-border\"><\/div>\r\n                    <\/div>\r\n                    <div class = \"td-button td-item4\">\r\n                        <div class = \"td-border\"><\/div>\r\n                    <\/div>\r\n                    <div class = \"td-button td-item5\">\r\n                        <div class = \"td-border\"><\/div>\r\n                    <\/div>\r\n                    <div class = \"td-button td-item6\">\r\n                        <div class = \"td-border\"><\/div>\r\n                    <\/div>\r\n                    <div class = \"td-button td-item7\">\r\n                        <div class = \"td-border\"><\/div>\r\n                    <\/div>\r\n                    <div class = \"td-button td-item8\">\r\n                        <div class = \"td-border\"><\/div>\r\n                    <\/div>\r\n                    <div class = \"td-button td-item9\">\r\n                        <div class = \"td-border\"><\/div>\r\n                    <\/div>\r\n                    <div class = \"td-button td-item10\">\r\n                        <div class = \"td-border\"><\/div>\r\n                    <\/div>\r\n                    <div class = \"td-button td-item11\">\r\n                        <div class = \"td-border\"><\/div>\r\n                    <\/div>\r\n                            <\/div>\r\n                        <\/div>\r\n\r\n                    <\/div>\r\n\r\n                <\/div>\r\n                \n<h3><strong>Ausflugsziel Monte Tamaro als erste Station eines attraktiven Kombipakets<\/strong><\/h3>\n<p>Zuerst geht es mit der Gondelbahn hoch hinauf auf den Monte Tamaro. An der Bergstation Alpe Foppa angekommen, bereiten Sie sich auf eine rasante Talfahrt mit der Sommerrodelbahn vor und besonders mutige Abenteurer sausen mit der Tyrolienne talw\u00e4rts.\u00a0Sogar Kunst und Kultur finden Sie auf dem Berg. So ist die Kapelle Santa Maria degli Angelie des ber\u00fchmten Architekten Mario Botta ist genauso einen Besuch wert wie die Ausstellung \u00abKunst am Berg\u00bb des renommierten K\u00fcnstlers Ivo Soldini.<\/p>\n<p><a href=\"https:\/\/www.montetamaro.ch\/de\/kunst-und-kultur-tessin.php\" target=\"_blank\" rel=\"noopener noreferrer\">Kunst &amp; Kultur<\/a><\/p>\n<p><a href=\"https:\/\/www.ausflugsziele-schweiz.ch\/wp-content\/uploads\/2019\/03\/MTB-con-vista.jpg\"><img loading=\"lazy\" decoding=\"async\" class=\"aligncenter size-full wp-image-116151\" src=\"https:\/\/www.ausflugsziele-schweiz.ch\/wp-content\/uploads\/2019\/03\/MTB-con-vista.jpg\" alt=\"\" width=\"1778\" height=\"1000\" srcset=\"https:\/\/www.ausflugsziele-schweiz.ch\/wp-content\/uploads\/2019\/03\/MTB-con-vista.jpg 1400w, https:\/\/www.ausflugsziele-schweiz.ch\/wp-content\/uploads\/2019\/03\/MTB-con-vista-800x450.jpg 800w, https:\/\/www.ausflugsziele-schweiz.ch\/wp-content\/uploads\/2019\/03\/MTB-con-vista-1024x576.jpg 1024w, https:\/\/www.ausflugsziele-schweiz.ch\/wp-content\/uploads\/2019\/03\/MTB-con-vista-768x432.jpg 768w, https:\/\/www.ausflugsziele-schweiz.ch\/wp-content\/uploads\/2019\/03\/MTB-con-vista-696x391.jpg 696w, https:\/\/www.ausflugsziele-schweiz.ch\/wp-content\/uploads\/2019\/03\/MTB-con-vista-1392x783.jpg 1392w, https:\/\/www.ausflugsziele-schweiz.ch\/wp-content\/uploads\/2019\/03\/MTB-con-vista-1068x600.jpg 1068w, https:\/\/www.ausflugsziele-schweiz.ch\/wp-content\/uploads\/2019\/03\/MTB-con-vista-747x420.jpg 747w\" sizes=\"auto, (max-width: 1778px) 100vw, 1778px\" \/><\/a><\/p>\n<p>Wanderfreunde erleben die Natur auf Traumpfaden abseits der zahlreichen Highlights und Mountainbiker stellen auf den attraktiven Tracks ihr K\u00f6nnen unter Beweis. Alternativ stellen Sie sich bei der Mittelstation den zahlreichen Herausforderungen im Seilpark mit verschiedensten Parcours in allen Schwierigkeitsgraden. Schon die Kleinsten beweisen hier Ihre Geschicklichkeit.<\/p>\n\r\n                <style type=\"text\/css\">\r\n                    \r\n                    #tdi_2  .td-doubleSlider-2 .td-item1 {\r\n                        background: url(https:\/\/www.ausflugsziele-schweiz.ch\/wp-content\/uploads\/2019\/03\/JY9B6479_1-1024x683-80x60.jpg) 0 0 no-repeat;\r\n                    }\r\n                    #tdi_2  .td-doubleSlider-2 .td-item2 {\r\n                        background: url(https:\/\/www.ausflugsziele-schweiz.ch\/wp-content\/uploads\/2019\/03\/JY9B6523_1-1024x683-80x60.jpg) 0 0 no-repeat;\r\n                    }\r\n                    #tdi_2  .td-doubleSlider-2 .td-item3 {\r\n                        background: url(https:\/\/www.ausflugsziele-schweiz.ch\/wp-content\/uploads\/2019\/03\/JY9B6560_1-1024x683-80x60.jpg) 0 0 no-repeat;\r\n                    }\r\n                    #tdi_2  .td-doubleSlider-2 .td-item4 {\r\n                        background: url(https:\/\/www.ausflugsziele-schweiz.ch\/wp-content\/uploads\/2019\/03\/parco-avventura_2-1024x683-80x60.jpg) 0 0 no-repeat;\r\n                    }\r\n                    #tdi_2  .td-doubleSlider-2 .td-item5 {\r\n                        background: url(https:\/\/www.ausflugsziele-schweiz.ch\/wp-content\/uploads\/2019\/03\/Tirolese-1024x576-80x60.jpg) 0 0 no-repeat;\r\n                    }\r\n                <\/style>\r\n\r\n                <div id=\"tdi_2\" class=\"td-gallery td-slide-on-2-columns\">\r\n                    <div class=\"post_td_gallery\">\r\n                        <div class=\"td-gallery-slide-top\">\r\n                           <div class=\"td-gallery-title\"><\/div>\r\n\r\n                            <div class=\"td-gallery-controls-wrapper\">\r\n                                <div class=\"td-gallery-slide-count\"><span class=\"td-gallery-slide-item-focus\">1<\/span> of 5<\/div>\r\n                                <div class=\"td-gallery-slide-prev-next-but\">\r\n                                    <i class = \"td-icon-left doubleSliderPrevButton\"><\/i>\r\n                                    <i class = \"td-icon-right doubleSliderNextButton\"><\/i>\r\n                                <\/div>\r\n                            <\/div>\r\n                        <\/div>\r\n\r\n                        <div class = \"td-doubleSlider-1 \">\r\n                            <div class = \"td-slider\">\r\n                                \r\n                    <div class = \"td-slide-item td-item1\">\r\n                        <figure class=\"td-slide-galery-figure td-slide-popup-gallery\">\r\n                            <a class=\"slide-gallery-image-link\" href=\"https:\/\/www.ausflugsziele-schweiz.ch\/wp-content\/uploads\/2019\/03\/JY9B6479_1-1024x683.jpg\" title=\"JY9B6479 1 1024x683\"  data-caption=\"JY9B6479 1 1024x683\"  data-description=\"JY9B6479 1 1024x683\">\r\n                                <img decoding=\"async\" src=\"https:\/\/www.ausflugsziele-schweiz.ch\/wp-content\/uploads\/2019\/03\/JY9B6479_1-1024x683-630x420.jpg\" srcset=\"https:\/\/www.ausflugsziele-schweiz.ch\/wp-content\/uploads\/2019\/03\/JY9B6479_1-1024x683-630x420.jpg 630w, https:\/\/www.ausflugsziele-schweiz.ch\/wp-content\/uploads\/2019\/03\/JY9B6479_1-1024x683-800x533.jpg 800w, https:\/\/www.ausflugsziele-schweiz.ch\/wp-content\/uploads\/2019\/03\/JY9B6479_1-1024x683-768x512.jpg 768w, https:\/\/www.ausflugsziele-schweiz.ch\/wp-content\/uploads\/2019\/03\/JY9B6479_1-1024x683-696x464.jpg 696w, https:\/\/www.ausflugsziele-schweiz.ch\/wp-content\/uploads\/2019\/03\/JY9B6479_1-1024x683.jpg 1024w\" sizes=\"(max-width: 630px) 100vw, 630px\" alt=\"JY9B6479 1 1024x683\">\r\n                            <\/a>\r\n                            <figcaption class = \"td-slide-caption td-gallery-slide-content\"><div class = \"td-gallery-slide-copywrite\">JY9B6479 1 1024x683<\/div><span>JY9B6479 1 1024x683<\/span><\/figcaption>\r\n                        <\/figure>\r\n                    <\/div>\r\n                    <div class = \"td-slide-item td-item2\">\r\n                        <figure class=\"td-slide-galery-figure td-slide-popup-gallery\">\r\n                            <a class=\"slide-gallery-image-link\" href=\"https:\/\/www.ausflugsziele-schweiz.ch\/wp-content\/uploads\/2019\/03\/JY9B6523_1-1024x683.jpg\" title=\"JY9B6523 1 1024x683\"  data-caption=\"JY9B6523 1 1024x683\"  data-description=\"JY9B6523 1 1024x683\">\r\n                                <img decoding=\"async\" src=\"https:\/\/www.ausflugsziele-schweiz.ch\/wp-content\/uploads\/2019\/03\/JY9B6523_1-1024x683-630x420.jpg\" srcset=\"https:\/\/www.ausflugsziele-schweiz.ch\/wp-content\/uploads\/2019\/03\/JY9B6523_1-1024x683-630x420.jpg 630w, https:\/\/www.ausflugsziele-schweiz.ch\/wp-content\/uploads\/2019\/03\/JY9B6523_1-1024x683-800x533.jpg 800w, https:\/\/www.ausflugsziele-schweiz.ch\/wp-content\/uploads\/2019\/03\/JY9B6523_1-1024x683-768x512.jpg 768w, https:\/\/www.ausflugsziele-schweiz.ch\/wp-content\/uploads\/2019\/03\/JY9B6523_1-1024x683-696x464.jpg 696w, https:\/\/www.ausflugsziele-schweiz.ch\/wp-content\/uploads\/2019\/03\/JY9B6523_1-1024x683.jpg 1024w\" sizes=\"(max-width: 630px) 100vw, 630px\" alt=\"JY9B6523 1 1024x683\">\r\n                            <\/a>\r\n                            <figcaption class = \"td-slide-caption td-gallery-slide-content\"><div class = \"td-gallery-slide-copywrite\">JY9B6523 1 1024x683<\/div><span>JY9B6523 1 1024x683<\/span><\/figcaption>\r\n                        <\/figure>\r\n                    <\/div>\r\n                    <div class = \"td-slide-item td-item3\">\r\n                        <figure class=\"td-slide-galery-figure td-slide-popup-gallery\">\r\n                            <a class=\"slide-gallery-image-link\" href=\"https:\/\/www.ausflugsziele-schweiz.ch\/wp-content\/uploads\/2019\/03\/JY9B6560_1-1024x683.jpg\" title=\"JY9B6560 1 1024x683\"  data-caption=\"JY9B6560 1 1024x683\"  data-description=\"JY9B6560 1 1024x683\">\r\n                                <img decoding=\"async\" src=\"https:\/\/www.ausflugsziele-schweiz.ch\/wp-content\/uploads\/2019\/03\/JY9B6560_1-1024x683-630x420.jpg\" srcset=\"https:\/\/www.ausflugsziele-schweiz.ch\/wp-content\/uploads\/2019\/03\/JY9B6560_1-1024x683-630x420.jpg 630w, https:\/\/www.ausflugsziele-schweiz.ch\/wp-content\/uploads\/2019\/03\/JY9B6560_1-1024x683-800x533.jpg 800w, https:\/\/www.ausflugsziele-schweiz.ch\/wp-content\/uploads\/2019\/03\/JY9B6560_1-1024x683-768x512.jpg 768w, https:\/\/www.ausflugsziele-schweiz.ch\/wp-content\/uploads\/2019\/03\/JY9B6560_1-1024x683-696x464.jpg 696w, https:\/\/www.ausflugsziele-schweiz.ch\/wp-content\/uploads\/2019\/03\/JY9B6560_1-1024x683.jpg 1024w\" sizes=\"(max-width: 630px) 100vw, 630px\" alt=\"JY9B6560 1 1024x683\">\r\n                            <\/a>\r\n                            <figcaption class = \"td-slide-caption td-gallery-slide-content\"><div class = \"td-gallery-slide-copywrite\">JY9B6560 1 1024x683<\/div><span>JY9B6560 1 1024x683<\/span><\/figcaption>\r\n                        <\/figure>\r\n                    <\/div>\r\n                    <div class = \"td-slide-item td-item4\">\r\n                        <figure class=\"td-slide-galery-figure td-slide-popup-gallery\">\r\n                            <a class=\"slide-gallery-image-link\" href=\"https:\/\/www.ausflugsziele-schweiz.ch\/wp-content\/uploads\/2019\/03\/parco-avventura_2-1024x683.jpg\" title=\"parco avventura 2 1024x683\"  data-caption=\"parco avventura 2 1024x683\"  data-description=\"parco avventura 2 1024x683\">\r\n                                <img decoding=\"async\" src=\"https:\/\/www.ausflugsziele-schweiz.ch\/wp-content\/uploads\/2019\/03\/parco-avventura_2-1024x683-630x420.jpg\" srcset=\"https:\/\/www.ausflugsziele-schweiz.ch\/wp-content\/uploads\/2019\/03\/parco-avventura_2-1024x683-630x420.jpg 630w, https:\/\/www.ausflugsziele-schweiz.ch\/wp-content\/uploads\/2019\/03\/parco-avventura_2-1024x683-800x533.jpg 800w, https:\/\/www.ausflugsziele-schweiz.ch\/wp-content\/uploads\/2019\/03\/parco-avventura_2-1024x683-768x512.jpg 768w, https:\/\/www.ausflugsziele-schweiz.ch\/wp-content\/uploads\/2019\/03\/parco-avventura_2-1024x683-696x464.jpg 696w, https:\/\/www.ausflugsziele-schweiz.ch\/wp-content\/uploads\/2019\/03\/parco-avventura_2-1024x683.jpg 1024w\" sizes=\"(max-width: 630px) 100vw, 630px\" alt=\"parco avventura 2 1024x683\">\r\n                            <\/a>\r\n                            <figcaption class = \"td-slide-caption td-gallery-slide-content\"><div class = \"td-gallery-slide-copywrite\">parco avventura 2 1024x683<\/div><span>parco avventura 2 1024x683<\/span><\/figcaption>\r\n                        <\/figure>\r\n                    <\/div>\r\n                    <div class = \"td-slide-item td-item5\">\r\n                        <figure class=\"td-slide-galery-figure td-slide-popup-gallery\">\r\n                            <a class=\"slide-gallery-image-link\" href=\"https:\/\/www.ausflugsziele-schweiz.ch\/wp-content\/uploads\/2019\/03\/Tirolese-1024x576.jpg\" title=\"Tirolese 1024x576\"  data-caption=\"Tirolese 1024x576\"  data-description=\"Tirolese 1024x576\">\r\n                                <img decoding=\"async\" src=\"https:\/\/www.ausflugsziele-schweiz.ch\/wp-content\/uploads\/2019\/03\/Tirolese-1024x576-747x420.jpg\" srcset=\"https:\/\/www.ausflugsziele-schweiz.ch\/wp-content\/uploads\/2019\/03\/Tirolese-1024x576-747x420.jpg 747w, https:\/\/www.ausflugsziele-schweiz.ch\/wp-content\/uploads\/2019\/03\/Tirolese-1024x576-800x450.jpg 800w, https:\/\/www.ausflugsziele-schweiz.ch\/wp-content\/uploads\/2019\/03\/Tirolese-1024x576-768x432.jpg 768w, https:\/\/www.ausflugsziele-schweiz.ch\/wp-content\/uploads\/2019\/03\/Tirolese-1024x576-696x392.jpg 696w, https:\/\/www.ausflugsziele-schweiz.ch\/wp-content\/uploads\/2019\/03\/Tirolese-1024x576.jpg 1024w\" sizes=\"(max-width: 747px) 100vw, 747px\" alt=\"Tirolese 1024x576\">\r\n                            <\/a>\r\n                            <figcaption class = \"td-slide-caption td-gallery-slide-content\"><div class = \"td-gallery-slide-copywrite\">Tirolese 1024x576<\/div><span>Tirolese 1024x576<\/span><\/figcaption>\r\n                        <\/figure>\r\n                    <\/div>\r\n                            <\/div>\r\n                        <\/div>\r\n\r\n                        <div class = \"td-doubleSlider-2\">\r\n                            <div class = \"td-slider\">\r\n                                \r\n                    <div class = \"td-button td-item1\">\r\n                        <div class = \"td-border\"><\/div>\r\n                    <\/div>\r\n                    <div class = \"td-button td-item2\">\r\n                        <div class = \"td-border\"><\/div>\r\n                    <\/div>\r\n                    <div class = \"td-button td-item3\">\r\n                        <div class = \"td-border\"><\/div>\r\n                    <\/div>\r\n                    <div class = \"td-button td-item4\">\r\n                        <div class = \"td-border\"><\/div>\r\n                    <\/div>\r\n                    <div class = \"td-button td-item5\">\r\n                        <div class = \"td-border\"><\/div>\r\n                    <\/div>\r\n                            <\/div>\r\n                        <\/div>\r\n\r\n                    <\/div>\r\n\r\n                <\/div>\r\n                \n<p>Bevor es zur\u00fcck ins Tal geht, st\u00e4rken Sie sich im Bergrestaurant mit kulinarischen Spezialit\u00e4ten und entspannen auf der grossz\u00fcgigen Sonnenterrasse. Ihre Kinder vergn\u00fcgen sich auf dem nur wenige Meter entfernten Abenteuerspielplatz.<\/p>\n<h3><strong>Splash e Spa \u2013 Wasserspass pur f\u00fcr die ganze Familie<\/strong><\/h3>\n<p>F\u00fcnf Wasserrutschen der neuesten Generation sorgen im Splash e Spa f\u00fcr unvergessliche Erlebnisse. Ob mit Tempo in die Kurve, tief hinab im freien Fall, mit dem Schlauchboot durch die Wash Machine oder durch Tunnels, dunkel wie die Nacht: Der einzigartige Spassfaktor ist garantiert und wird durch Licht- und Soundeffekte perfektioniert. Wer es weniger rasant liebt, tummelt sich sich im Brandungswellendbad mit meterhohen Wellen oder geniesst die Wirkung der Massaged\u00fcsen im beheizten Panorama-Aussenbecken. Die Poolbar sorgt mit im Wasser servierten Cocktails f\u00fcr Ferien- und Tropen-Feeling.\u00a0Auf die kleinen G\u00e4ste wartet der Wasserspielplatz mit Spezialrutschen, Spritzfont\u00e4nen und vielem mehr.<\/p>\n\r\n                <style type=\"text\/css\">\r\n                    \r\n                    #tdi_3  .td-doubleSlider-2 .td-item1 {\r\n                        background: url(https:\/\/www.ausflugsziele-schweiz.ch\/wp-content\/uploads\/2019\/03\/DSC_7154_2-1024x684-80x60.jpg) 0 0 no-repeat;\r\n                    }\r\n                    #tdi_3  .td-doubleSlider-2 .td-item2 {\r\n                        background: url(https:\/\/www.ausflugsziele-schweiz.ch\/wp-content\/uploads\/2019\/03\/DSC_6038_1-80x60.jpg) 0 0 no-repeat;\r\n                    }\r\n                    #tdi_3  .td-doubleSlider-2 .td-item3 {\r\n                        background: url(https:\/\/www.ausflugsziele-schweiz.ch\/wp-content\/uploads\/2019\/03\/DSC_5930_2-1024x684-80x60.jpg) 0 0 no-repeat;\r\n                    }\r\n                    #tdi_3  .td-doubleSlider-2 .td-item4 {\r\n                        background: url(https:\/\/www.ausflugsziele-schweiz.ch\/wp-content\/uploads\/2019\/03\/DSC_5868_2-80x60.jpg) 0 0 no-repeat;\r\n                    }\r\n                    #tdi_3  .td-doubleSlider-2 .td-item5 {\r\n                        background: url(https:\/\/www.ausflugsziele-schweiz.ch\/wp-content\/uploads\/2019\/03\/splashspa__sett16_198_post_al-1024x683-80x60.jpg) 0 0 no-repeat;\r\n                    }\r\n                    #tdi_3  .td-doubleSlider-2 .td-item6 {\r\n                        background: url(https:\/\/www.ausflugsziele-schweiz.ch\/wp-content\/uploads\/2019\/03\/splashspa__sett16_172HD-1024x683-80x60.jpg) 0 0 no-repeat;\r\n                    }\r\n                    #tdi_3  .td-doubleSlider-2 .td-item7 {\r\n                        background: url(https:\/\/www.ausflugsziele-schweiz.ch\/wp-content\/uploads\/2019\/03\/splash__spa_3_531-1024x683-80x60.jpg) 0 0 no-repeat;\r\n                    }\r\n                <\/style>\r\n\r\n                <div id=\"tdi_3\" class=\"td-gallery td-slide-on-2-columns\">\r\n                    <div class=\"post_td_gallery\">\r\n                        <div class=\"td-gallery-slide-top\">\r\n                           <div class=\"td-gallery-title\"><\/div>\r\n\r\n                            <div class=\"td-gallery-controls-wrapper\">\r\n                                <div class=\"td-gallery-slide-count\"><span class=\"td-gallery-slide-item-focus\">1<\/span> of 7<\/div>\r\n                                <div class=\"td-gallery-slide-prev-next-but\">\r\n                                    <i class = \"td-icon-left doubleSliderPrevButton\"><\/i>\r\n                                    <i class = \"td-icon-right doubleSliderNextButton\"><\/i>\r\n                                <\/div>\r\n                            <\/div>\r\n                        <\/div>\r\n\r\n                        <div class = \"td-doubleSlider-1 \">\r\n                            <div class = \"td-slider\">\r\n                                \r\n                    <div class = \"td-slide-item td-item1\">\r\n                        <figure class=\"td-slide-galery-figure td-slide-popup-gallery\">\r\n                            <a class=\"slide-gallery-image-link\" href=\"https:\/\/www.ausflugsziele-schweiz.ch\/wp-content\/uploads\/2019\/03\/DSC_7154_2-1024x684.jpg\" title=\"DSC 7154 2 1024x684\"  data-caption=\"DSC 7154 2 1024x684\"  data-description=\"DSC 7154 2 1024x684\">\r\n                                <img decoding=\"async\" src=\"https:\/\/www.ausflugsziele-schweiz.ch\/wp-content\/uploads\/2019\/03\/DSC_7154_2-1024x684-629x420.jpg\" srcset=\"https:\/\/www.ausflugsziele-schweiz.ch\/wp-content\/uploads\/2019\/03\/DSC_7154_2-1024x684-629x420.jpg 629w, https:\/\/www.ausflugsziele-schweiz.ch\/wp-content\/uploads\/2019\/03\/DSC_7154_2-1024x684-798x533.jpg 798w, https:\/\/www.ausflugsziele-schweiz.ch\/wp-content\/uploads\/2019\/03\/DSC_7154_2-1024x684-768x513.jpg 768w, https:\/\/www.ausflugsziele-schweiz.ch\/wp-content\/uploads\/2019\/03\/DSC_7154_2-1024x684-696x465.jpg 696w, https:\/\/www.ausflugsziele-schweiz.ch\/wp-content\/uploads\/2019\/03\/DSC_7154_2-1024x684.jpg 1024w\" sizes=\"(max-width: 629px) 100vw, 629px\" alt=\"DSC 7154 2 1024x684\">\r\n                            <\/a>\r\n                            <figcaption class = \"td-slide-caption td-gallery-slide-content\"><div class = \"td-gallery-slide-copywrite\">DSC 7154 2 1024x684<\/div><span>DSC 7154 2 1024x684<\/span><\/figcaption>\r\n                        <\/figure>\r\n                    <\/div>\r\n                    <div class = \"td-slide-item td-item2\">\r\n                        <figure class=\"td-slide-galery-figure td-slide-popup-gallery\">\r\n                            <a class=\"slide-gallery-image-link\" href=\"https:\/\/www.ausflugsziele-schweiz.ch\/wp-content\/uploads\/2019\/03\/DSC_6038_1.jpg\" title=\"DSC 6038 1\"  data-caption=\"DSC 6038 1\"  data-description=\"DSC 6038 1\">\r\n                                <img decoding=\"async\" src=\"https:\/\/www.ausflugsziele-schweiz.ch\/wp-content\/uploads\/2019\/03\/DSC_6038_1-630x420.jpg\" srcset=\"https:\/\/www.ausflugsziele-schweiz.ch\/wp-content\/uploads\/2019\/03\/DSC_6038_1-630x420.jpg 630w, https:\/\/www.ausflugsziele-schweiz.ch\/wp-content\/uploads\/2019\/03\/DSC_6038_1-800x533.jpg 800w, https:\/\/www.ausflugsziele-schweiz.ch\/wp-content\/uploads\/2019\/03\/DSC_6038_1-768x512.jpg 768w, https:\/\/www.ausflugsziele-schweiz.ch\/wp-content\/uploads\/2019\/03\/DSC_6038_1-696x464.jpg 696w, https:\/\/www.ausflugsziele-schweiz.ch\/wp-content\/uploads\/2019\/03\/DSC_6038_1.jpg 1024w\" sizes=\"(max-width: 630px) 100vw, 630px\" alt=\"DSC 6038 1\">\r\n                            <\/a>\r\n                            <figcaption class = \"td-slide-caption td-gallery-slide-content\"><div class = \"td-gallery-slide-copywrite\">DSC 6038 1<\/div><span>DSC 6038 1<\/span><\/figcaption>\r\n                        <\/figure>\r\n                    <\/div>\r\n                    <div class = \"td-slide-item td-item3\">\r\n                        <figure class=\"td-slide-galery-figure td-slide-popup-gallery\">\r\n                            <a class=\"slide-gallery-image-link\" href=\"https:\/\/www.ausflugsziele-schweiz.ch\/wp-content\/uploads\/2019\/03\/DSC_5930_2-1024x684.jpg\" title=\"DSC 5930 2 1024x684\"  data-caption=\"DSC 5930 2 1024x684\"  data-description=\"DSC 5930 2 1024x684\">\r\n                                <img decoding=\"async\" src=\"https:\/\/www.ausflugsziele-schweiz.ch\/wp-content\/uploads\/2019\/03\/DSC_5930_2-1024x684-629x420.jpg\" srcset=\"https:\/\/www.ausflugsziele-schweiz.ch\/wp-content\/uploads\/2019\/03\/DSC_5930_2-1024x684-629x420.jpg 629w, https:\/\/www.ausflugsziele-schweiz.ch\/wp-content\/uploads\/2019\/03\/DSC_5930_2-1024x684-798x533.jpg 798w, https:\/\/www.ausflugsziele-schweiz.ch\/wp-content\/uploads\/2019\/03\/DSC_5930_2-1024x684-768x513.jpg 768w, https:\/\/www.ausflugsziele-schweiz.ch\/wp-content\/uploads\/2019\/03\/DSC_5930_2-1024x684-696x465.jpg 696w, https:\/\/www.ausflugsziele-schweiz.ch\/wp-content\/uploads\/2019\/03\/DSC_5930_2-1024x684.jpg 1024w\" sizes=\"(max-width: 629px) 100vw, 629px\" alt=\"DSC 5930 2 1024x684\">\r\n                            <\/a>\r\n                            <figcaption class = \"td-slide-caption td-gallery-slide-content\"><div class = \"td-gallery-slide-copywrite\">DSC 5930 2 1024x684<\/div><span>DSC 5930 2 1024x684<\/span><\/figcaption>\r\n                        <\/figure>\r\n                    <\/div>\r\n                    <div class = \"td-slide-item td-item4\">\r\n                        <figure class=\"td-slide-galery-figure td-slide-popup-gallery\">\r\n                            <a class=\"slide-gallery-image-link\" href=\"https:\/\/www.ausflugsziele-schweiz.ch\/wp-content\/uploads\/2019\/03\/DSC_5868_2.jpg\" title=\"DSC 5868 2\"  data-caption=\"DSC 5868 2\"  data-description=\"DSC 5868 2\">\r\n                                <img decoding=\"async\" src=\"https:\/\/www.ausflugsziele-schweiz.ch\/wp-content\/uploads\/2019\/03\/DSC_5868_2-630x420.jpg\" srcset=\"https:\/\/www.ausflugsziele-schweiz.ch\/wp-content\/uploads\/2019\/03\/DSC_5868_2-630x420.jpg 630w, https:\/\/www.ausflugsziele-schweiz.ch\/wp-content\/uploads\/2019\/03\/DSC_5868_2-800x533.jpg 800w, https:\/\/www.ausflugsziele-schweiz.ch\/wp-content\/uploads\/2019\/03\/DSC_5868_2-768x512.jpg 768w, https:\/\/www.ausflugsziele-schweiz.ch\/wp-content\/uploads\/2019\/03\/DSC_5868_2-696x464.jpg 696w, https:\/\/www.ausflugsziele-schweiz.ch\/wp-content\/uploads\/2019\/03\/DSC_5868_2.jpg 1024w\" sizes=\"(max-width: 630px) 100vw, 630px\" alt=\"DSC 5868 2\">\r\n                            <\/a>\r\n                            <figcaption class = \"td-slide-caption td-gallery-slide-content\"><div class = \"td-gallery-slide-copywrite\">DSC 5868 2<\/div><span>DSC 5868 2<\/span><\/figcaption>\r\n                        <\/figure>\r\n                    <\/div>\r\n                    <div class = \"td-slide-item td-item5\">\r\n                        <figure class=\"td-slide-galery-figure td-slide-popup-gallery\">\r\n                            <a class=\"slide-gallery-image-link\" href=\"https:\/\/www.ausflugsziele-schweiz.ch\/wp-content\/uploads\/2019\/03\/splashspa__sett16_198_post_al-1024x683.jpg\" title=\"splashspa  sett16 198 post al 1024x683\"  data-caption=\"splashspa  sett16 198 post al 1024x683\"  data-description=\"splashspa  sett16 198 post al 1024x683\">\r\n                                <img decoding=\"async\" src=\"https:\/\/www.ausflugsziele-schweiz.ch\/wp-content\/uploads\/2019\/03\/splashspa__sett16_198_post_al-1024x683-630x420.jpg\" srcset=\"https:\/\/www.ausflugsziele-schweiz.ch\/wp-content\/uploads\/2019\/03\/splashspa__sett16_198_post_al-1024x683-630x420.jpg 630w, https:\/\/www.ausflugsziele-schweiz.ch\/wp-content\/uploads\/2019\/03\/splashspa__sett16_198_post_al-1024x683-800x533.jpg 800w, https:\/\/www.ausflugsziele-schweiz.ch\/wp-content\/uploads\/2019\/03\/splashspa__sett16_198_post_al-1024x683-768x512.jpg 768w, https:\/\/www.ausflugsziele-schweiz.ch\/wp-content\/uploads\/2019\/03\/splashspa__sett16_198_post_al-1024x683-696x464.jpg 696w, https:\/\/www.ausflugsziele-schweiz.ch\/wp-content\/uploads\/2019\/03\/splashspa__sett16_198_post_al-1024x683.jpg 1024w\" sizes=\"(max-width: 630px) 100vw, 630px\" alt=\"splashspa  sett16 198 post al 1024x683\">\r\n                            <\/a>\r\n                            <figcaption class = \"td-slide-caption td-gallery-slide-content\"><div class = \"td-gallery-slide-copywrite\">splashspa  sett16 198 post al 1024x683<\/div><span>splashspa  sett16 198 post al 1024x683<\/span><\/figcaption>\r\n                        <\/figure>\r\n                    <\/div>\r\n                    <div class = \"td-slide-item td-item6\">\r\n                        <figure class=\"td-slide-galery-figure td-slide-popup-gallery\">\r\n                            <a class=\"slide-gallery-image-link\" href=\"https:\/\/www.ausflugsziele-schweiz.ch\/wp-content\/uploads\/2019\/03\/splashspa__sett16_172HD-1024x683.jpg\" title=\"splashspa  sett16 172HD 1024x683\"  data-caption=\"splashspa  sett16 172HD 1024x683\"  data-description=\"splashspa  sett16 172HD 1024x683\">\r\n                                <img decoding=\"async\" src=\"https:\/\/www.ausflugsziele-schweiz.ch\/wp-content\/uploads\/2019\/03\/splashspa__sett16_172HD-1024x683-630x420.jpg\" srcset=\"https:\/\/www.ausflugsziele-schweiz.ch\/wp-content\/uploads\/2019\/03\/splashspa__sett16_172HD-1024x683-630x420.jpg 630w, https:\/\/www.ausflugsziele-schweiz.ch\/wp-content\/uploads\/2019\/03\/splashspa__sett16_172HD-1024x683-800x533.jpg 800w, https:\/\/www.ausflugsziele-schweiz.ch\/wp-content\/uploads\/2019\/03\/splashspa__sett16_172HD-1024x683-768x512.jpg 768w, https:\/\/www.ausflugsziele-schweiz.ch\/wp-content\/uploads\/2019\/03\/splashspa__sett16_172HD-1024x683-696x464.jpg 696w, https:\/\/www.ausflugsziele-schweiz.ch\/wp-content\/uploads\/2019\/03\/splashspa__sett16_172HD-1024x683.jpg 1024w\" sizes=\"(max-width: 630px) 100vw, 630px\" alt=\"splashspa  sett16 172HD 1024x683\">\r\n                            <\/a>\r\n                            <figcaption class = \"td-slide-caption td-gallery-slide-content\"><div class = \"td-gallery-slide-copywrite\">splashspa  sett16 172HD 1024x683<\/div><span>splashspa  sett16 172HD 1024x683<\/span><\/figcaption>\r\n                        <\/figure>\r\n                    <\/div>\r\n                    <div class = \"td-slide-item td-item7\">\r\n                        <figure class=\"td-slide-galery-figure td-slide-popup-gallery\">\r\n                            <a class=\"slide-gallery-image-link\" href=\"https:\/\/www.ausflugsziele-schweiz.ch\/wp-content\/uploads\/2019\/03\/splash__spa_3_531-1024x683.jpg\" title=\"splash  spa 3 531 1024x683\"  data-caption=\"splash  spa 3 531 1024x683\"  data-description=\"splash  spa 3 531 1024x683\">\r\n                                <img decoding=\"async\" src=\"https:\/\/www.ausflugsziele-schweiz.ch\/wp-content\/uploads\/2019\/03\/splash__spa_3_531-1024x683-630x420.jpg\" srcset=\"https:\/\/www.ausflugsziele-schweiz.ch\/wp-content\/uploads\/2019\/03\/splash__spa_3_531-1024x683-630x420.jpg 630w, https:\/\/www.ausflugsziele-schweiz.ch\/wp-content\/uploads\/2019\/03\/splash__spa_3_531-1024x683-800x533.jpg 800w, https:\/\/www.ausflugsziele-schweiz.ch\/wp-content\/uploads\/2019\/03\/splash__spa_3_531-1024x683-768x512.jpg 768w, https:\/\/www.ausflugsziele-schweiz.ch\/wp-content\/uploads\/2019\/03\/splash__spa_3_531-1024x683-696x464.jpg 696w, https:\/\/www.ausflugsziele-schweiz.ch\/wp-content\/uploads\/2019\/03\/splash__spa_3_531-1024x683.jpg 1024w\" sizes=\"(max-width: 630px) 100vw, 630px\" alt=\"splash  spa 3 531 1024x683\">\r\n                            <\/a>\r\n                            <figcaption class = \"td-slide-caption td-gallery-slide-content\"><div class = \"td-gallery-slide-copywrite\">splash  spa 3 531 1024x683<\/div><span>splash  spa 3 531 1024x683<\/span><\/figcaption>\r\n                        <\/figure>\r\n                    <\/div>\r\n                            <\/div>\r\n                        <\/div>\r\n\r\n                        <div class = \"td-doubleSlider-2\">\r\n                            <div class = \"td-slider\">\r\n                                \r\n                    <div class = \"td-button td-item1\">\r\n                        <div class = \"td-border\"><\/div>\r\n                    <\/div>\r\n                    <div class = \"td-button td-item2\">\r\n                        <div class = \"td-border\"><\/div>\r\n                    <\/div>\r\n                    <div class = \"td-button td-item3\">\r\n                        <div class = \"td-border\"><\/div>\r\n                    <\/div>\r\n                    <div class = \"td-button td-item4\">\r\n                        <div class = \"td-border\"><\/div>\r\n                    <\/div>\r\n                    <div class = \"td-button td-item5\">\r\n                        <div class = \"td-border\"><\/div>\r\n                    <\/div>\r\n                    <div class = \"td-button td-item6\">\r\n                        <div class = \"td-border\"><\/div>\r\n                    <\/div>\r\n                    <div class = \"td-button td-item7\">\r\n                        <div class = \"td-border\"><\/div>\r\n                    <\/div>\r\n                            <\/div>\r\n                        <\/div>\r\n\r\n                    <\/div>\r\n\r\n                <\/div>\r\n                \n<p>Sie m\u00f6chten einen erlebnisreichen Tag mit einem speziellen Verw\u00f6hnprogramm abschliessen? Dann ist der SPA-Bereich perfekt. Hier erwarten Sie Themen-Saunen, ein Hamam Rundgang mit Dampfb\u00e4dern und zahlreiche andere Erlebnisse f\u00fcr K\u00f6rper und Sinne wie Aroma- Duschen oder eine Schneegrotte.<\/p>\n<p><iframe loading=\"lazy\" title=\"-tamaropark_nur_10_minuten_von_bellinzona_entfernt_tessin (Original).mp4\" src=\"https:\/\/player.vimeo.com\/video\/694554701?h=b3377c16f7&amp;dnt=1&amp;app_id=122963\" width=\"696\" height=\"392\" frameborder=\"0\" allow=\"autoplay; fullscreen; picture-in-picture\" allowfullscreen><\/iframe><\/p>\n<h3><strong>Tamaro Park \u2013 ein Kombiprodukt aus Monte Tamaro und Splash e Spa<\/strong><\/h3>\n<p>Kombinieren Sie unvergessliche Bergerlebnisse auf dem Monte Tamaro mit der Erlebniswelt im Splash e SPA. Durch diese einzigartige und familienfreundliche Kombination verschiedenster Aktivit\u00e4ten wird Ihr Familienausflug zum perfekten Familienerlebnis.<\/p>\n<p><strong>Informieren Sie sich \u00fcber die attraktiven, und mit den verschiedensten Erlebnissen gef\u00fcllten, Kombipakete f\u00fcr einen unvergesslichen Familienausflug.<\/strong><\/p>\n","protected":false},"excerpt":{"rendered":"<p>Bergerlebnis und Wasserspass an einem Tag Der Tamaro Park liegt in der Traumregion Lugano, Bellinzona und Locarna und ist das perfekte Ausflugsziel f\u00fcr Ihren Familienausflug. Zwischen dem Lago Maggiore und dem Luganersee erwarten Sie der Freizeitberg Monte Tamaro und das Wasserparadies Splash e Spa mit einer Vielzahl spannender Aktivit\u00e4ten. Verbringen Sie im Tamaro Park einen [&hellip;]<\/p>\n","protected":false},"author":7,"featured_media":126451,"comment_status":"closed","ping_status":"closed","sticky":false,"template":"","format":"standard","meta":{"_acf_changed":false,"footnotes":""},"categories":[560,561,531],"tags":[604,859,1192,1479,1471,1465,3655,1468,471,1469,514,1480,1478,1467,3654,3653,1011,1187,1476,1475,790,1470,3008,1477,1474,3610,1464,3009,1191,1184,1466,860,1481,1472,1473],"class_list":{"0":"post-5122","1":"post","2":"type-post","3":"status-publish","4":"format-standard","5":"has-post-thumbnail","7":"category-erholung-freizeit-ausflugsziele","8":"category-familienausflug-freizeit-ausflugsziele","9":"category-freizeit-ausflugsziele","10":"tag-abenteuer","11":"tag-aktivitaeten","12":"tag-alpe-foppa","13":"tag-doppelbob","14":"tag-enzo-cucchi","15":"tag-erlebnisbad","16":"tag-erlebnissen","17":"tag-erlebnistage","18":"tag-familienausflug-2","19":"tag-freizeitpark","20":"tag-gondelbahn-2","21":"tag-hochseilgarten","22":"tag-kinderspielbereich","23":"tag-kindpfad","24":"tag-kombipakete","25":"tag-kombiprodukt","26":"tag-massagen","27":"tag-monte-tamaro","28":"tag-panorama-aussenschwimmbad","29":"tag-plantschen-tessin","30":"tag-poolbar","31":"tag-santa-maria-degli-angeli","32":"tag-schwimmbad-2","33":"tag-schwimmbad-tessin","34":"tag-schwimmen","35":"tag-spass-winter","36":"tag-splash-e-spa","37":"tag-sport-2","38":"tag-tamaro-jumping","39":"tag-tamaro-park","40":"tag-tamaro-park-pakete","41":"tag-tessin","42":"tag-tyrolienne","43":"tag-vergnuegen-im-tessin","44":"tag-vergnuegungspark"},"acf":[],"yoast_head":"<!-- This site is optimized with the Yoast SEO plugin v27.5 - https:\/\/yoast.com\/product\/yoast-seo-wordpress\/ -->\n<title>Kombipaket Tamaro Park f\u00fcr den perfekten Familienausflug - Ausflugsziele<\/title>\n<meta name=\"description\" content=\"Bergerlebnis und Wasserspass an einem Tag im Tamaro Park. Das perfekte Ausflugsziel f\u00fcr Ihren Familienausflug in der Traumregion Lugano, Bellinzona und ...\" \/>\n<meta name=\"robots\" content=\"index, follow, max-snippet:-1, max-image-preview:large, max-video-preview:-1\" \/>\n<link rel=\"canonical\" href=\"https:\/\/www.ausflugsziele-schweiz.ch\/sommer\/kombipaket-tamaro-park-fur-den-perfekten-familienausflug\/\" \/>\n<meta property=\"og:locale\" content=\"so_SO\" \/>\n<meta property=\"og:type\" content=\"article\" \/>\n<meta property=\"og:title\" content=\"Kombipaket Tamaro Park f\u00fcr den perfekten Familienausflug - Ausflugsziele\" \/>\n<meta property=\"og:description\" content=\"Bergerlebnis und Wasserspass an einem Tag im Tamaro Park. Das perfekte Ausflugsziel f\u00fcr Ihren Familienausflug in der Traumregion Lugano, Bellinzona und ...\" \/>\n<meta property=\"og:url\" content=\"https:\/\/www.ausflugsziele-schweiz.ch\/sommer\/kombipaket-tamaro-park-fur-den-perfekten-familienausflug\/\" \/>\n<meta property=\"og:site_name\" content=\"Ausflugsziele\" \/>\n<meta property=\"article:publisher\" content=\"https:\/\/www.facebook.com\/ausflugszieleschweiz\/\" \/>\n<meta property=\"article:published_time\" content=\"2019-06-12T10:30:52+00:00\" \/>\n<meta property=\"article:modified_time\" content=\"2022-04-04T19:17:01+00:00\" \/>\n<meta property=\"og:image\" content=\"https:\/\/www.ausflugsziele-schweiz.ch\/wp-content\/uploads\/2019\/06\/Tamaro_Foto-chiesa-2013.jpg\" \/>\n\t<meta property=\"og:image:width\" content=\"1600\" \/>\n\t<meta property=\"og:image:height\" content=\"1067\" \/>\n\t<meta property=\"og:image:type\" content=\"image\/jpeg\" \/>\n<meta name=\"author\" content=\"imatrix\" \/>\n<meta name=\"twitter:card\" content=\"summary_large_image\" \/>\n<meta name=\"twitter:label1\" content=\"Written by\" \/>\n\t<meta name=\"twitter:data1\" content=\"imatrix\" \/>\n\t<meta name=\"twitter:label2\" content=\"Est. reading time\" \/>\n\t<meta name=\"twitter:data2\" content=\"2 minutes\" \/>\n<script type=\"application\/ld+json\" class=\"yoast-schema-graph\">{\"@context\":\"https:\\\/\\\/schema.org\",\"@graph\":[{\"@type\":\"Article\",\"@id\":\"https:\\\/\\\/www.ausflugsziele-schweiz.ch\\\/sommer\\\/kombipaket-tamaro-park-fur-den-perfekten-familienausflug\\\/#article\",\"isPartOf\":{\"@id\":\"https:\\\/\\\/www.ausflugsziele-schweiz.ch\\\/sommer\\\/kombipaket-tamaro-park-fur-den-perfekten-familienausflug\\\/\"},\"author\":{\"name\":\"imatrix\",\"@id\":\"https:\\\/\\\/www.ausflugsziele-schweiz.ch\\\/sommer\\\/#\\\/schema\\\/person\\\/c57c323f187c389c84ea15885ffe79f1\"},\"headline\":\"Kombipaket Tamaro Park f\u00fcr den perfekten Familienausflug\",\"datePublished\":\"2019-06-12T10:30:52+00:00\",\"dateModified\":\"2022-04-04T19:17:01+00:00\",\"mainEntityOfPage\":{\"@id\":\"https:\\\/\\\/www.ausflugsziele-schweiz.ch\\\/sommer\\\/kombipaket-tamaro-park-fur-den-perfekten-familienausflug\\\/\"},\"wordCount\":493,\"publisher\":{\"@id\":\"https:\\\/\\\/www.ausflugsziele-schweiz.ch\\\/sommer\\\/#organization\"},\"image\":{\"@id\":\"https:\\\/\\\/www.ausflugsziele-schweiz.ch\\\/sommer\\\/kombipaket-tamaro-park-fur-den-perfekten-familienausflug\\\/#primaryimage\"},\"thumbnailUrl\":\"https:\\\/\\\/www.ausflugsziele-schweiz.ch\\\/wp-content\\\/uploads\\\/2019\\\/06\\\/Tamaro_Foto-chiesa-2013.jpg\",\"keywords\":[\"Abenteuer\",\"Aktivit\u00e4ten\",\"Alpe Foppa\",\"Doppelbob\",\"Enzo Cucchi\",\"Erlebnisbad\",\"Erlebnissen\",\"Erlebnistage\",\"Familienausflug\",\"Freizeitpark\",\"Gondelbahn\",\"Hochseilgarten\",\"Kinderspielbereich\",\"Kindpfad\",\"Kombipakete\",\"Kombiprodukt\",\"Massagen\",\"Monte Tamaro\",\"Panorama-Aussenschwimmbad\",\"plantschen Tessin\",\"Poolbar\",\"Santa Maria degli Angeli\",\"Schwimmbad\",\"Schwimmbad Tessin\",\"schwimmen\",\"Spass\",\"Splash e Spa\",\"Sport\",\"Tamaro jumping\",\"Tamaro Park\",\"Tamaro-Park-Pakete\",\"Tessin\",\"Tyrolienne\",\"Vergn\u00fcgen im Tessin\",\"Vergn\u00fcgungspark\"],\"articleSection\":[\"Erholung\",\"Familienausflug\",\"Freizeit &amp; Ausflugsziele\"],\"inLanguage\":\"so-MR\"},{\"@type\":\"WebPage\",\"@id\":\"https:\\\/\\\/www.ausflugsziele-schweiz.ch\\\/sommer\\\/kombipaket-tamaro-park-fur-den-perfekten-familienausflug\\\/\",\"url\":\"https:\\\/\\\/www.ausflugsziele-schweiz.ch\\\/sommer\\\/kombipaket-tamaro-park-fur-den-perfekten-familienausflug\\\/\",\"name\":\"Kombipaket Tamaro Park f\u00fcr den perfekten Familienausflug - Ausflugsziele\",\"isPartOf\":{\"@id\":\"https:\\\/\\\/www.ausflugsziele-schweiz.ch\\\/sommer\\\/#website\"},\"primaryImageOfPage\":{\"@id\":\"https:\\\/\\\/www.ausflugsziele-schweiz.ch\\\/sommer\\\/kombipaket-tamaro-park-fur-den-perfekten-familienausflug\\\/#primaryimage\"},\"image\":{\"@id\":\"https:\\\/\\\/www.ausflugsziele-schweiz.ch\\\/sommer\\\/kombipaket-tamaro-park-fur-den-perfekten-familienausflug\\\/#primaryimage\"},\"thumbnailUrl\":\"https:\\\/\\\/www.ausflugsziele-schweiz.ch\\\/wp-content\\\/uploads\\\/2019\\\/06\\\/Tamaro_Foto-chiesa-2013.jpg\",\"datePublished\":\"2019-06-12T10:30:52+00:00\",\"dateModified\":\"2022-04-04T19:17:01+00:00\",\"description\":\"Bergerlebnis und Wasserspass an einem Tag im Tamaro Park. Das perfekte Ausflugsziel f\u00fcr Ihren Familienausflug in der Traumregion Lugano, Bellinzona und ...\",\"breadcrumb\":{\"@id\":\"https:\\\/\\\/www.ausflugsziele-schweiz.ch\\\/sommer\\\/kombipaket-tamaro-park-fur-den-perfekten-familienausflug\\\/#breadcrumb\"},\"inLanguage\":\"so-MR\",\"potentialAction\":[{\"@type\":\"ReadAction\",\"target\":[\"https:\\\/\\\/www.ausflugsziele-schweiz.ch\\\/sommer\\\/kombipaket-tamaro-park-fur-den-perfekten-familienausflug\\\/\"]}]},{\"@type\":\"ImageObject\",\"inLanguage\":\"so-MR\",\"@id\":\"https:\\\/\\\/www.ausflugsziele-schweiz.ch\\\/sommer\\\/kombipaket-tamaro-park-fur-den-perfekten-familienausflug\\\/#primaryimage\",\"url\":\"https:\\\/\\\/www.ausflugsziele-schweiz.ch\\\/wp-content\\\/uploads\\\/2019\\\/06\\\/Tamaro_Foto-chiesa-2013.jpg\",\"contentUrl\":\"https:\\\/\\\/www.ausflugsziele-schweiz.ch\\\/wp-content\\\/uploads\\\/2019\\\/06\\\/Tamaro_Foto-chiesa-2013.jpg\",\"width\":1600,\"height\":1067,\"caption\":\"Tamaro Foto chiesa 2013\"},{\"@type\":\"BreadcrumbList\",\"@id\":\"https:\\\/\\\/www.ausflugsziele-schweiz.ch\\\/sommer\\\/kombipaket-tamaro-park-fur-den-perfekten-familienausflug\\\/#breadcrumb\",\"itemListElement\":[{\"@type\":\"ListItem\",\"position\":1,\"name\":\"Home\",\"item\":\"https:\\\/\\\/www.ausflugsziele-schweiz.ch\\\/sommer\\\/\"},{\"@type\":\"ListItem\",\"position\":2,\"name\":\"Kombipaket Tamaro Park f\u00fcr den perfekten Familienausflug\"}]},{\"@type\":\"WebSite\",\"@id\":\"https:\\\/\\\/www.ausflugsziele-schweiz.ch\\\/sommer\\\/#website\",\"url\":\"https:\\\/\\\/www.ausflugsziele-schweiz.ch\\\/sommer\\\/\",\"name\":\"Ausflugsziele\",\"description\":\"ausflugsziele-schweiz.ch\",\"publisher\":{\"@id\":\"https:\\\/\\\/www.ausflugsziele-schweiz.ch\\\/sommer\\\/#organization\"},\"alternateName\":\"Entdecke die sch\u00f6nsten Erlebnisse der Schweiz.\",\"potentialAction\":[{\"@type\":\"SearchAction\",\"target\":{\"@type\":\"EntryPoint\",\"urlTemplate\":\"https:\\\/\\\/www.ausflugsziele-schweiz.ch\\\/sommer\\\/?s={search_term_string}\"},\"query-input\":{\"@type\":\"PropertyValueSpecification\",\"valueRequired\":true,\"valueName\":\"search_term_string\"}}],\"inLanguage\":\"so-MR\"},{\"@type\":\"Organization\",\"@id\":\"https:\\\/\\\/www.ausflugsziele-schweiz.ch\\\/sommer\\\/#organization\",\"name\":\"Ausflugsziele Schweiz\",\"alternateName\":\"Entdecke die sch\u00f6nsten Erlebnisse der Schweiz.\",\"url\":\"https:\\\/\\\/www.ausflugsziele-schweiz.ch\\\/sommer\\\/\",\"logo\":{\"@type\":\"ImageObject\",\"inLanguage\":\"so-MR\",\"@id\":\"https:\\\/\\\/www.ausflugsziele-schweiz.ch\\\/sommer\\\/#\\\/schema\\\/logo\\\/image\\\/\",\"url\":\"https:\\\/\\\/www.ausflugsziele-schweiz.ch\\\/wp-content\\\/uploads\\\/2022\\\/03\\\/icon-1.png\",\"contentUrl\":\"https:\\\/\\\/www.ausflugsziele-schweiz.ch\\\/wp-content\\\/uploads\\\/2022\\\/03\\\/icon-1.png\",\"width\":600,\"height\":600,\"caption\":\"Ausflugsziele Schweiz\"},\"image\":{\"@id\":\"https:\\\/\\\/www.ausflugsziele-schweiz.ch\\\/sommer\\\/#\\\/schema\\\/logo\\\/image\\\/\"},\"sameAs\":[\"https:\\\/\\\/www.facebook.com\\\/ausflugszieleschweiz\\\/\"]},{\"@type\":\"Person\",\"@id\":\"https:\\\/\\\/www.ausflugsziele-schweiz.ch\\\/sommer\\\/#\\\/schema\\\/person\\\/c57c323f187c389c84ea15885ffe79f1\",\"name\":\"imatrix\",\"image\":{\"@type\":\"ImageObject\",\"inLanguage\":\"so-MR\",\"@id\":\"https:\\\/\\\/secure.gravatar.com\\\/avatar\\\/d8860d2cdda3de8e09895767394557b234c0e6ad1a80b3b7ccfec03df1a6a41b?s=96&d=retro&r=g\",\"url\":\"https:\\\/\\\/secure.gravatar.com\\\/avatar\\\/d8860d2cdda3de8e09895767394557b234c0e6ad1a80b3b7ccfec03df1a6a41b?s=96&d=retro&r=g\",\"contentUrl\":\"https:\\\/\\\/secure.gravatar.com\\\/avatar\\\/d8860d2cdda3de8e09895767394557b234c0e6ad1a80b3b7ccfec03df1a6a41b?s=96&d=retro&r=g\",\"caption\":\"imatrix\"},\"url\":\"https:\\\/\\\/www.ausflugsziele-schweiz.ch\\\/sommer\\\/author\\\/imatrix\\\/\"}]}<\/script>\n<!-- \/ Yoast SEO plugin. -->","yoast_head_json":{"title":"Kombipaket Tamaro Park f\u00fcr den perfekten Familienausflug - Ausflugsziele","description":"Bergerlebnis und Wasserspass an einem Tag im Tamaro Park. Das perfekte Ausflugsziel f\u00fcr Ihren Familienausflug in der Traumregion Lugano, Bellinzona und ...","robots":{"index":"index","follow":"follow","max-snippet":"max-snippet:-1","max-image-preview":"max-image-preview:large","max-video-preview":"max-video-preview:-1"},"canonical":"https:\/\/www.ausflugsziele-schweiz.ch\/sommer\/kombipaket-tamaro-park-fur-den-perfekten-familienausflug\/","og_locale":"so_SO","og_type":"article","og_title":"Kombipaket Tamaro Park f\u00fcr den perfekten Familienausflug - Ausflugsziele","og_description":"Bergerlebnis und Wasserspass an einem Tag im Tamaro Park. Das perfekte Ausflugsziel f\u00fcr Ihren Familienausflug in der Traumregion Lugano, Bellinzona und ...","og_url":"https:\/\/www.ausflugsziele-schweiz.ch\/sommer\/kombipaket-tamaro-park-fur-den-perfekten-familienausflug\/","og_site_name":"Ausflugsziele","article_publisher":"https:\/\/www.facebook.com\/ausflugszieleschweiz\/","article_published_time":"2019-06-12T10:30:52+00:00","article_modified_time":"2022-04-04T19:17:01+00:00","og_image":[{"width":1600,"height":1067,"url":"https:\/\/www.ausflugsziele-schweiz.ch\/wp-content\/uploads\/2019\/06\/Tamaro_Foto-chiesa-2013.jpg","type":"image\/jpeg"}],"author":"imatrix","twitter_card":"summary_large_image","twitter_misc":{"Written by":"imatrix","Est. reading time":"2 minutes"},"schema":{"@context":"https:\/\/schema.org","@graph":[{"@type":"Article","@id":"https:\/\/www.ausflugsziele-schweiz.ch\/sommer\/kombipaket-tamaro-park-fur-den-perfekten-familienausflug\/#article","isPartOf":{"@id":"https:\/\/www.ausflugsziele-schweiz.ch\/sommer\/kombipaket-tamaro-park-fur-den-perfekten-familienausflug\/"},"author":{"name":"imatrix","@id":"https:\/\/www.ausflugsziele-schweiz.ch\/sommer\/#\/schema\/person\/c57c323f187c389c84ea15885ffe79f1"},"headline":"Kombipaket Tamaro Park f\u00fcr den perfekten Familienausflug","datePublished":"2019-06-12T10:30:52+00:00","dateModified":"2022-04-04T19:17:01+00:00","mainEntityOfPage":{"@id":"https:\/\/www.ausflugsziele-schweiz.ch\/sommer\/kombipaket-tamaro-park-fur-den-perfekten-familienausflug\/"},"wordCount":493,"publisher":{"@id":"https:\/\/www.ausflugsziele-schweiz.ch\/sommer\/#organization"},"image":{"@id":"https:\/\/www.ausflugsziele-schweiz.ch\/sommer\/kombipaket-tamaro-park-fur-den-perfekten-familienausflug\/#primaryimage"},"thumbnailUrl":"https:\/\/www.ausflugsziele-schweiz.ch\/wp-content\/uploads\/2019\/06\/Tamaro_Foto-chiesa-2013.jpg","keywords":["Abenteuer","Aktivit\u00e4ten","Alpe Foppa","Doppelbob","Enzo Cucchi","Erlebnisbad","Erlebnissen","Erlebnistage","Familienausflug","Freizeitpark","Gondelbahn","Hochseilgarten","Kinderspielbereich","Kindpfad","Kombipakete","Kombiprodukt","Massagen","Monte Tamaro","Panorama-Aussenschwimmbad","plantschen Tessin","Poolbar","Santa Maria degli Angeli","Schwimmbad","Schwimmbad Tessin","schwimmen","Spass","Splash e Spa","Sport","Tamaro jumping","Tamaro Park","Tamaro-Park-Pakete","Tessin","Tyrolienne","Vergn\u00fcgen im Tessin","Vergn\u00fcgungspark"],"articleSection":["Erholung","Familienausflug","Freizeit &amp; Ausflugsziele"],"inLanguage":"so-MR"},{"@type":"WebPage","@id":"https:\/\/www.ausflugsziele-schweiz.ch\/sommer\/kombipaket-tamaro-park-fur-den-perfekten-familienausflug\/","url":"https:\/\/www.ausflugsziele-schweiz.ch\/sommer\/kombipaket-tamaro-park-fur-den-perfekten-familienausflug\/","name":"Kombipaket Tamaro Park f\u00fcr den perfekten Familienausflug - Ausflugsziele","isPartOf":{"@id":"https:\/\/www.ausflugsziele-schweiz.ch\/sommer\/#website"},"primaryImageOfPage":{"@id":"https:\/\/www.ausflugsziele-schweiz.ch\/sommer\/kombipaket-tamaro-park-fur-den-perfekten-familienausflug\/#primaryimage"},"image":{"@id":"https:\/\/www.ausflugsziele-schweiz.ch\/sommer\/kombipaket-tamaro-park-fur-den-perfekten-familienausflug\/#primaryimage"},"thumbnailUrl":"https:\/\/www.ausflugsziele-schweiz.ch\/wp-content\/uploads\/2019\/06\/Tamaro_Foto-chiesa-2013.jpg","datePublished":"2019-06-12T10:30:52+00:00","dateModified":"2022-04-04T19:17:01+00:00","description":"Bergerlebnis und Wasserspass an einem Tag im Tamaro Park. Das perfekte Ausflugsziel f\u00fcr Ihren Familienausflug in der Traumregion Lugano, Bellinzona und ...","breadcrumb":{"@id":"https:\/\/www.ausflugsziele-schweiz.ch\/sommer\/kombipaket-tamaro-park-fur-den-perfekten-familienausflug\/#breadcrumb"},"inLanguage":"so-MR","potentialAction":[{"@type":"ReadAction","target":["https:\/\/www.ausflugsziele-schweiz.ch\/sommer\/kombipaket-tamaro-park-fur-den-perfekten-familienausflug\/"]}]},{"@type":"ImageObject","inLanguage":"so-MR","@id":"https:\/\/www.ausflugsziele-schweiz.ch\/sommer\/kombipaket-tamaro-park-fur-den-perfekten-familienausflug\/#primaryimage","url":"https:\/\/www.ausflugsziele-schweiz.ch\/wp-content\/uploads\/2019\/06\/Tamaro_Foto-chiesa-2013.jpg","contentUrl":"https:\/\/www.ausflugsziele-schweiz.ch\/wp-content\/uploads\/2019\/06\/Tamaro_Foto-chiesa-2013.jpg","width":1600,"height":1067,"caption":"Tamaro Foto chiesa 2013"},{"@type":"BreadcrumbList","@id":"https:\/\/www.ausflugsziele-schweiz.ch\/sommer\/kombipaket-tamaro-park-fur-den-perfekten-familienausflug\/#breadcrumb","itemListElement":[{"@type":"ListItem","position":1,"name":"Home","item":"https:\/\/www.ausflugsziele-schweiz.ch\/sommer\/"},{"@type":"ListItem","position":2,"name":"Kombipaket Tamaro Park f\u00fcr den perfekten Familienausflug"}]},{"@type":"WebSite","@id":"https:\/\/www.ausflugsziele-schweiz.ch\/sommer\/#website","url":"https:\/\/www.ausflugsziele-schweiz.ch\/sommer\/","name":"Ausflugsziele","description":"ausflugsziele-schweiz.ch","publisher":{"@id":"https:\/\/www.ausflugsziele-schweiz.ch\/sommer\/#organization"},"alternateName":"Entdecke die sch\u00f6nsten Erlebnisse der Schweiz.","potentialAction":[{"@type":"SearchAction","target":{"@type":"EntryPoint","urlTemplate":"https:\/\/www.ausflugsziele-schweiz.ch\/sommer\/?s={search_term_string}"},"query-input":{"@type":"PropertyValueSpecification","valueRequired":true,"valueName":"search_term_string"}}],"inLanguage":"so-MR"},{"@type":"Organization","@id":"https:\/\/www.ausflugsziele-schweiz.ch\/sommer\/#organization","name":"Ausflugsziele Schweiz","alternateName":"Entdecke die sch\u00f6nsten Erlebnisse der Schweiz.","url":"https:\/\/www.ausflugsziele-schweiz.ch\/sommer\/","logo":{"@type":"ImageObject","inLanguage":"so-MR","@id":"https:\/\/www.ausflugsziele-schweiz.ch\/sommer\/#\/schema\/logo\/image\/","url":"https:\/\/www.ausflugsziele-schweiz.ch\/wp-content\/uploads\/2022\/03\/icon-1.png","contentUrl":"https:\/\/www.ausflugsziele-schweiz.ch\/wp-content\/uploads\/2022\/03\/icon-1.png","width":600,"height":600,"caption":"Ausflugsziele Schweiz"},"image":{"@id":"https:\/\/www.ausflugsziele-schweiz.ch\/sommer\/#\/schema\/logo\/image\/"},"sameAs":["https:\/\/www.facebook.com\/ausflugszieleschweiz\/"]},{"@type":"Person","@id":"https:\/\/www.ausflugsziele-schweiz.ch\/sommer\/#\/schema\/person\/c57c323f187c389c84ea15885ffe79f1","name":"imatrix","image":{"@type":"ImageObject","inLanguage":"so-MR","@id":"https:\/\/secure.gravatar.com\/avatar\/d8860d2cdda3de8e09895767394557b234c0e6ad1a80b3b7ccfec03df1a6a41b?s=96&d=retro&r=g","url":"https:\/\/secure.gravatar.com\/avatar\/d8860d2cdda3de8e09895767394557b234c0e6ad1a80b3b7ccfec03df1a6a41b?s=96&d=retro&r=g","contentUrl":"https:\/\/secure.gravatar.com\/avatar\/d8860d2cdda3de8e09895767394557b234c0e6ad1a80b3b7ccfec03df1a6a41b?s=96&d=retro&r=g","caption":"imatrix"},"url":"https:\/\/www.ausflugsziele-schweiz.ch\/sommer\/author\/imatrix\/"}]}},"_links":{"self":[{"href":"https:\/\/www.ausflugsziele-schweiz.ch\/sommer\/wp-json\/wp\/v2\/posts\/5122","targetHints":{"allow":["GET"]}}],"collection":[{"href":"https:\/\/www.ausflugsziele-schweiz.ch\/sommer\/wp-json\/wp\/v2\/posts"}],"about":[{"href":"https:\/\/www.ausflugsziele-schweiz.ch\/sommer\/wp-json\/wp\/v2\/types\/post"}],"author":[{"embeddable":true,"href":"https:\/\/www.ausflugsziele-schweiz.ch\/sommer\/wp-json\/wp\/v2\/users\/7"}],"replies":[{"embeddable":true,"href":"https:\/\/www.ausflugsziele-schweiz.ch\/sommer\/wp-json\/wp\/v2\/comments?post=5122"}],"version-history":[{"count":0,"href":"https:\/\/www.ausflugsziele-schweiz.ch\/sommer\/wp-json\/wp\/v2\/posts\/5122\/revisions"}],"wp:featuredmedia":[{"embeddable":true,"href":"https:\/\/www.ausflugsziele-schweiz.ch\/sommer\/wp-json\/wp\/v2\/media\/126451"}],"wp:attachment":[{"href":"https:\/\/www.ausflugsziele-schweiz.ch\/sommer\/wp-json\/wp\/v2\/media?parent=5122"}],"wp:term":[{"taxonomy":"category","embeddable":true,"href":"https:\/\/www.ausflugsziele-schweiz.ch\/sommer\/wp-json\/wp\/v2\/categories?post=5122"},{"taxonomy":"post_tag","embeddable":true,"href":"https:\/\/www.ausflugsziele-schweiz.ch\/sommer\/wp-json\/wp\/v2\/tags?post=5122"}],"curies":[{"name":"wp","href":"https:\/\/api.w.org\/{rel}","templated":true}]}}