{"id":5432,"date":"2019-04-13T15:00:59","date_gmt":"2019-04-13T13:00:59","guid":{"rendered":"https:\/\/www.ausflugsziele-schweiz.ch\/sommer\/?p=5432"},"modified":"2022-04-04T21:33:06","modified_gmt":"2022-04-04T19:33:06","slug":"die-alpenstadt-chur-im-sommer-erleben-2","status":"publish","type":"post","link":"https:\/\/www.ausflugsziele-schweiz.ch\/sommer\/die-alpenstadt-chur-im-sommer-erleben-2\/","title":{"rendered":"Entdecken Sie die Alpenstadt Chur"},"content":{"rendered":"<h3>Ihr Stadt- und Bergerlebnis in der \u00e4ltesten Stadt der Schweiz<\/h3>\n<p class=\"p1\"><strong>Entdecken Sie die B\u00fcndner Hauptstadt Chur auf einer abwechslungsreichen Stadtf\u00fchrung durch die malerische Altstadt. Die Chur Bergbahnen bringen Sie danach direkt aus dem Stadtzentrum auf den Hausberg Brambr\u00fcesch. Erleben Sie die herrliche Natur beim Biken und Wandern oder buchen Sie eines der originellen Gruppenangebote oder eine genussvolle kulinarische Wandertour.<\/strong><\/p>\n\r\n                <style type=\"text\/css\">\r\n                    \r\n                    #tdi_1  .td-doubleSlider-2 .td-item1 {\r\n                        background: url(https:\/\/www.ausflugsziele-schweiz.ch\/wp-content\/uploads\/2019\/04\/IMG_0219-1024x683-80x60.jpg) 0 0 no-repeat;\r\n                    }\r\n                    #tdi_1  .td-doubleSlider-2 .td-item2 {\r\n                        background: url(https:\/\/www.ausflugsziele-schweiz.ch\/wp-content\/uploads\/2019\/04\/stadtfuehrung_altstadt_yvonnebollhalder-8-1024x683-80x60.jpg) 0 0 no-repeat;\r\n                    }\r\n                    #tdi_1  .td-doubleSlider-2 .td-item3 {\r\n                        background: url(https:\/\/www.ausflugsziele-schweiz.ch\/wp-content\/uploads\/2019\/04\/stadtfuehrung_Chur-1024x639-80x60.jpg) 0 0 no-repeat;\r\n                    }\r\n                    #tdi_1  .td-doubleSlider-2 .td-item4 {\r\n                        background: url(https:\/\/www.ausflugsziele-schweiz.ch\/wp-content\/uploads\/2019\/04\/160518_209-1024x684-80x60.jpg) 0 0 no-repeat;\r\n                    }\r\n                    #tdi_1  .td-doubleSlider-2 .td-item5 {\r\n                        background: url(https:\/\/www.ausflugsziele-schweiz.ch\/wp-content\/uploads\/2019\/04\/Chur_Tourismus_050_Fotopower.ch_18-1024x683-80x60.jpg) 0 0 no-repeat;\r\n                    }\r\n                    #tdi_1  .td-doubleSlider-2 .td-item6 {\r\n                        background: url(https:\/\/www.ausflugsziele-schweiz.ch\/wp-content\/uploads\/2019\/04\/Chur-Arosabahn-mit-Obertor-Altstadt-CT-YB-1024x683-80x60.jpg) 0 0 no-repeat;\r\n                    }\r\n                    #tdi_1  .td-doubleSlider-2 .td-item7 {\r\n                        background: url(https:\/\/www.ausflugsziele-schweiz.ch\/wp-content\/uploads\/2019\/04\/Chur-Martinskirche-CT-YB-683x1024-80x60.jpg) 0 0 no-repeat;\r\n                    }\r\n                <\/style>\r\n\r\n                <div id=\"tdi_1\" class=\"td-gallery td-slide-on-2-columns\">\r\n                    <div class=\"post_td_gallery\">\r\n                        <div class=\"td-gallery-slide-top\">\r\n                           <div class=\"td-gallery-title\"><\/div>\r\n\r\n                            <div class=\"td-gallery-controls-wrapper\">\r\n                                <div class=\"td-gallery-slide-count\"><span class=\"td-gallery-slide-item-focus\">1<\/span> of 7<\/div>\r\n                                <div class=\"td-gallery-slide-prev-next-but\">\r\n                                    <i class = \"td-icon-left doubleSliderPrevButton\"><\/i>\r\n                                    <i class = \"td-icon-right doubleSliderNextButton\"><\/i>\r\n                                <\/div>\r\n                            <\/div>\r\n                        <\/div>\r\n\r\n                        <div class = \"td-doubleSlider-1 \">\r\n                            <div class = \"td-slider\">\r\n                                \r\n                    <div class = \"td-slide-item td-item1\">\r\n                        <figure class=\"td-slide-galery-figure td-slide-popup-gallery\">\r\n                            <a class=\"slide-gallery-image-link\" href=\"https:\/\/www.ausflugsziele-schweiz.ch\/wp-content\/uploads\/2019\/04\/IMG_0219-1024x683.jpg\" title=\"IMG_0219-1024x683\"  data-caption=\"\"  data-description=\"\">\r\n                                <img decoding=\"async\" src=\"https:\/\/www.ausflugsziele-schweiz.ch\/wp-content\/uploads\/2019\/04\/IMG_0219-1024x683-630x420.jpg\" srcset=\"https:\/\/www.ausflugsziele-schweiz.ch\/wp-content\/uploads\/2019\/04\/IMG_0219-1024x683-630x420.jpg 630w, https:\/\/www.ausflugsziele-schweiz.ch\/wp-content\/uploads\/2019\/04\/IMG_0219-1024x683-800x533.jpg 800w, https:\/\/www.ausflugsziele-schweiz.ch\/wp-content\/uploads\/2019\/04\/IMG_0219-1024x683-768x512.jpg 768w, https:\/\/www.ausflugsziele-schweiz.ch\/wp-content\/uploads\/2019\/04\/IMG_0219-1024x683-696x464.jpg 696w, https:\/\/www.ausflugsziele-schweiz.ch\/wp-content\/uploads\/2019\/04\/IMG_0219-1024x683.jpg 1024w\" sizes=\"(max-width: 630px) 100vw, 630px\" alt=\"\">\r\n                            <\/a>\r\n                            \r\n                        <\/figure>\r\n                    <\/div>\r\n                    <div class = \"td-slide-item td-item2\">\r\n                        <figure class=\"td-slide-galery-figure td-slide-popup-gallery\">\r\n                            <a class=\"slide-gallery-image-link\" href=\"https:\/\/www.ausflugsziele-schweiz.ch\/wp-content\/uploads\/2019\/04\/stadtfuehrung_altstadt_yvonnebollhalder-8-1024x683.jpg\" title=\"stadtfuehrung_altstadt_yvonnebollhalder-8-1024x683\"  data-caption=\"\"  data-description=\"\">\r\n                                <img decoding=\"async\" src=\"https:\/\/www.ausflugsziele-schweiz.ch\/wp-content\/uploads\/2019\/04\/stadtfuehrung_altstadt_yvonnebollhalder-8-1024x683-630x420.jpg\" srcset=\"https:\/\/www.ausflugsziele-schweiz.ch\/wp-content\/uploads\/2019\/04\/stadtfuehrung_altstadt_yvonnebollhalder-8-1024x683-630x420.jpg 630w, https:\/\/www.ausflugsziele-schweiz.ch\/wp-content\/uploads\/2019\/04\/stadtfuehrung_altstadt_yvonnebollhalder-8-1024x683-800x533.jpg 800w, https:\/\/www.ausflugsziele-schweiz.ch\/wp-content\/uploads\/2019\/04\/stadtfuehrung_altstadt_yvonnebollhalder-8-1024x683-768x512.jpg 768w, https:\/\/www.ausflugsziele-schweiz.ch\/wp-content\/uploads\/2019\/04\/stadtfuehrung_altstadt_yvonnebollhalder-8-1024x683-696x464.jpg 696w, https:\/\/www.ausflugsziele-schweiz.ch\/wp-content\/uploads\/2019\/04\/stadtfuehrung_altstadt_yvonnebollhalder-8-1024x683.jpg 1024w\" sizes=\"(max-width: 630px) 100vw, 630px\" alt=\"\">\r\n                            <\/a>\r\n                            \r\n                        <\/figure>\r\n                    <\/div>\r\n                    <div class = \"td-slide-item td-item3\">\r\n                        <figure class=\"td-slide-galery-figure td-slide-popup-gallery\">\r\n                            <a class=\"slide-gallery-image-link\" href=\"https:\/\/www.ausflugsziele-schweiz.ch\/wp-content\/uploads\/2019\/04\/stadtfuehrung_Chur-1024x639.jpg\" title=\"stadtfuehrung_Chur-1024x639\"  data-caption=\"\"  data-description=\"\">\r\n                                <img decoding=\"async\" src=\"https:\/\/www.ausflugsziele-schweiz.ch\/wp-content\/uploads\/2019\/04\/stadtfuehrung_Chur-1024x639-673x420.jpg\" srcset=\"https:\/\/www.ausflugsziele-schweiz.ch\/wp-content\/uploads\/2019\/04\/stadtfuehrung_Chur-1024x639-673x420.jpg 673w, https:\/\/www.ausflugsziele-schweiz.ch\/wp-content\/uploads\/2019\/04\/stadtfuehrung_Chur-1024x639-800x499.jpg 800w, https:\/\/www.ausflugsziele-schweiz.ch\/wp-content\/uploads\/2019\/04\/stadtfuehrung_Chur-1024x639-768x479.jpg 768w, https:\/\/www.ausflugsziele-schweiz.ch\/wp-content\/uploads\/2019\/04\/stadtfuehrung_Chur-1024x639-696x434.jpg 696w, https:\/\/www.ausflugsziele-schweiz.ch\/wp-content\/uploads\/2019\/04\/stadtfuehrung_Chur-1024x639.jpg 1024w\" sizes=\"(max-width: 673px) 100vw, 673px\" alt=\"\">\r\n                            <\/a>\r\n                            \r\n                        <\/figure>\r\n                    <\/div>\r\n                    <div class = \"td-slide-item td-item4\">\r\n                        <figure class=\"td-slide-galery-figure td-slide-popup-gallery\">\r\n                            <a class=\"slide-gallery-image-link\" href=\"https:\/\/www.ausflugsziele-schweiz.ch\/wp-content\/uploads\/2019\/04\/160518_209-1024x684.jpg\" title=\"160518_209-1024x684\"  data-caption=\"\"  data-description=\"\">\r\n                                <img decoding=\"async\" src=\"https:\/\/www.ausflugsziele-schweiz.ch\/wp-content\/uploads\/2019\/04\/160518_209-1024x684-629x420.jpg\" srcset=\"https:\/\/www.ausflugsziele-schweiz.ch\/wp-content\/uploads\/2019\/04\/160518_209-1024x684-629x420.jpg 629w, https:\/\/www.ausflugsziele-schweiz.ch\/wp-content\/uploads\/2019\/04\/160518_209-1024x684-798x533.jpg 798w, https:\/\/www.ausflugsziele-schweiz.ch\/wp-content\/uploads\/2019\/04\/160518_209-1024x684-768x513.jpg 768w, https:\/\/www.ausflugsziele-schweiz.ch\/wp-content\/uploads\/2019\/04\/160518_209-1024x684-696x465.jpg 696w, https:\/\/www.ausflugsziele-schweiz.ch\/wp-content\/uploads\/2019\/04\/160518_209-1024x684.jpg 1024w\" sizes=\"(max-width: 629px) 100vw, 629px\" alt=\"\">\r\n                            <\/a>\r\n                            \r\n                        <\/figure>\r\n                    <\/div>\r\n                    <div class = \"td-slide-item td-item5\">\r\n                        <figure class=\"td-slide-galery-figure td-slide-popup-gallery\">\r\n                            <a class=\"slide-gallery-image-link\" href=\"https:\/\/www.ausflugsziele-schweiz.ch\/wp-content\/uploads\/2019\/04\/Chur_Tourismus_050_Fotopower.ch_18-1024x683.jpg\" title=\"Chur_Tourismus_050_Fotopower.ch_18-1024x683\"  data-caption=\"\"  data-description=\"\">\r\n                                <img decoding=\"async\" src=\"https:\/\/www.ausflugsziele-schweiz.ch\/wp-content\/uploads\/2019\/04\/Chur_Tourismus_050_Fotopower.ch_18-1024x683-630x420.jpg\" srcset=\"https:\/\/www.ausflugsziele-schweiz.ch\/wp-content\/uploads\/2019\/04\/Chur_Tourismus_050_Fotopower.ch_18-1024x683-630x420.jpg 630w, https:\/\/www.ausflugsziele-schweiz.ch\/wp-content\/uploads\/2019\/04\/Chur_Tourismus_050_Fotopower.ch_18-1024x683-800x533.jpg 800w, https:\/\/www.ausflugsziele-schweiz.ch\/wp-content\/uploads\/2019\/04\/Chur_Tourismus_050_Fotopower.ch_18-1024x683-768x512.jpg 768w, https:\/\/www.ausflugsziele-schweiz.ch\/wp-content\/uploads\/2019\/04\/Chur_Tourismus_050_Fotopower.ch_18-1024x683-696x464.jpg 696w, https:\/\/www.ausflugsziele-schweiz.ch\/wp-content\/uploads\/2019\/04\/Chur_Tourismus_050_Fotopower.ch_18-1024x683.jpg 1024w\" sizes=\"(max-width: 630px) 100vw, 630px\" alt=\"\">\r\n                            <\/a>\r\n                            \r\n                        <\/figure>\r\n                    <\/div>\r\n                    <div class = \"td-slide-item td-item6\">\r\n                        <figure class=\"td-slide-galery-figure td-slide-popup-gallery\">\r\n                            <a class=\"slide-gallery-image-link\" href=\"https:\/\/www.ausflugsziele-schweiz.ch\/wp-content\/uploads\/2019\/04\/Chur-Arosabahn-mit-Obertor-Altstadt-CT-YB-1024x683.jpg\" title=\"Chur-Arosabahn-mit-Obertor-Altstadt-CT-YB-1024x683\"  data-caption=\"\"  data-description=\"\">\r\n                                <img decoding=\"async\" src=\"https:\/\/www.ausflugsziele-schweiz.ch\/wp-content\/uploads\/2019\/04\/Chur-Arosabahn-mit-Obertor-Altstadt-CT-YB-1024x683-630x420.jpg\" srcset=\"https:\/\/www.ausflugsziele-schweiz.ch\/wp-content\/uploads\/2019\/04\/Chur-Arosabahn-mit-Obertor-Altstadt-CT-YB-1024x683-630x420.jpg 630w, https:\/\/www.ausflugsziele-schweiz.ch\/wp-content\/uploads\/2019\/04\/Chur-Arosabahn-mit-Obertor-Altstadt-CT-YB-1024x683-800x533.jpg 800w, https:\/\/www.ausflugsziele-schweiz.ch\/wp-content\/uploads\/2019\/04\/Chur-Arosabahn-mit-Obertor-Altstadt-CT-YB-1024x683-768x512.jpg 768w, https:\/\/www.ausflugsziele-schweiz.ch\/wp-content\/uploads\/2019\/04\/Chur-Arosabahn-mit-Obertor-Altstadt-CT-YB-1024x683-696x464.jpg 696w, https:\/\/www.ausflugsziele-schweiz.ch\/wp-content\/uploads\/2019\/04\/Chur-Arosabahn-mit-Obertor-Altstadt-CT-YB-1024x683.jpg 1024w\" sizes=\"(max-width: 630px) 100vw, 630px\" alt=\"\">\r\n                            <\/a>\r\n                            \r\n                        <\/figure>\r\n                    <\/div>\r\n                    <div class = \"td-slide-item td-item7\">\r\n                        <figure class=\"td-slide-galery-figure td-slide-popup-gallery\">\r\n                            <a class=\"slide-gallery-image-link\" href=\"https:\/\/www.ausflugsziele-schweiz.ch\/wp-content\/uploads\/2019\/04\/Chur-Martinskirche-CT-YB-683x1024.jpg\" title=\"Chur-Martinskirche-CT-YB-683x1024\"  data-caption=\"\"  data-description=\"\">\r\n                                <img decoding=\"async\" src=\"https:\/\/www.ausflugsziele-schweiz.ch\/wp-content\/uploads\/2019\/04\/Chur-Martinskirche-CT-YB-683x1024-280x420.jpg\" srcset=\"https:\/\/www.ausflugsziele-schweiz.ch\/wp-content\/uploads\/2019\/04\/Chur-Martinskirche-CT-YB-683x1024-280x420.jpg 280w, https:\/\/www.ausflugsziele-schweiz.ch\/wp-content\/uploads\/2019\/04\/Chur-Martinskirche-CT-YB-683x1024-356x533.jpg 356w, https:\/\/www.ausflugsziele-schweiz.ch\/wp-content\/uploads\/2019\/04\/Chur-Martinskirche-CT-YB-683x1024-560x840.jpg 560w, https:\/\/www.ausflugsziele-schweiz.ch\/wp-content\/uploads\/2019\/04\/Chur-Martinskirche-CT-YB-683x1024.jpg 667w\" sizes=\"(max-width: 280px) 100vw, 280px\" alt=\"\">\r\n                            <\/a>\r\n                            \r\n                        <\/figure>\r\n                    <\/div>\r\n                            <\/div>\r\n                        <\/div>\r\n\r\n                        <div class = \"td-doubleSlider-2\">\r\n                            <div class = \"td-slider\">\r\n                                \r\n                    <div class = \"td-button td-item1\">\r\n                        <div class = \"td-border\"><\/div>\r\n                    <\/div>\r\n                    <div class = \"td-button td-item2\">\r\n                        <div class = \"td-border\"><\/div>\r\n                    <\/div>\r\n                    <div class = \"td-button td-item3\">\r\n                        <div class = \"td-border\"><\/div>\r\n                    <\/div>\r\n                    <div class = \"td-button td-item4\">\r\n                        <div class = \"td-border\"><\/div>\r\n                    <\/div>\r\n                    <div class = \"td-button td-item5\">\r\n                        <div class = \"td-border\"><\/div>\r\n                    <\/div>\r\n                    <div class = \"td-button td-item6\">\r\n                        <div class = \"td-border\"><\/div>\r\n                    <\/div>\r\n                    <div class = \"td-button td-item7\">\r\n                        <div class = \"td-border\"><\/div>\r\n                    <\/div>\r\n                            <\/div>\r\n                        <\/div>\r\n\r\n                    <\/div>\r\n\r\n                <\/div>\r\n                \n<p><a href=\"https:\/\/chur.graubuenden.ch\/de\/aktivitaeten-erlebnisse\/wandern\" target=\"_blank\" rel=\"noopener noreferrer\">Wandern<\/a> |\u00a0<a href=\"https:\/\/chur.graubuenden.ch\/de\/aktivitaeten-erlebnisse\/mountainbiken\" target=\"_blank\" rel=\"noopener noreferrer\">Mountainbiken<\/a> | <a href=\"https:\/\/chur.graubuenden.ch\/de\/aktivitaeten-erlebnisse\/klettern\" target=\"_blank\" rel=\"noopener noreferrer\">Klettern<\/a> | <a href=\"https:\/\/chur.graubuenden.ch\/de\/alpenstadt-region\/weitere-umgebung-ausflugstipps\" target=\"_blank\" rel=\"noopener noreferrer\">Ausflugstipps<\/a><\/p>\n<p><iframe loading=\"lazy\" title=\"-schweizer_alpenstadt_chur (Original).mp4\" src=\"https:\/\/player.vimeo.com\/video\/694554655?h=8c61605371&amp;dnt=1&amp;app_id=122963\" width=\"696\" height=\"392\" frameborder=\"0\" allow=\"autoplay; fullscreen; picture-in-picture\" allowfullscreen><\/iframe><\/p>\n<h3>Bergzauber und pulsierendes Stadtleben? Chur bietet beides!<\/h3>\n<p class=\"p1\">Mit \u00fcber 5000 Jahren Siedlungsgeschichte hat Chur viel zu erz\u00e4hlen. Die intakte Altstadt z\u00e4hlt zweifellos zu den sch\u00f6nsten Altst\u00e4dten der Schweiz und verzaubert mit verwinkelten Gassen, h\u00fcbschen Caf\u00e9s und einer Vielzahl an kleinen Gesch\u00e4ften. In den Sommermonaten findet jeden Samstagvormittag der beliebte Churer Wochenmarkt statt. Und wer danach genug vom Stadtleben hat, den bringt die Brambr\u00fceschbahn in wenigen Minuten mitten aus dem Stadtzentrum in die Sommerfrische auf dem Churer Hausberg.<\/p>\n\r\n                <style type=\"text\/css\">\r\n                    \r\n                    #tdi_2  .td-doubleSlider-2 .td-item1 {\r\n                        background: url(https:\/\/www.ausflugsziele-schweiz.ch\/wp-content\/uploads\/2019\/04\/Kunstmuseum_Chur_Giger-CT-AB-768x1024-80x60.jpg) 0 0 no-repeat;\r\n                    }\r\n                    #tdi_2  .td-doubleSlider-2 .td-item2 {\r\n                        background: url(https:\/\/www.ausflugsziele-schweiz.ch\/wp-content\/uploads\/2019\/04\/Naturmuseum-2015-1024x683-80x60.jpg) 0 0 no-repeat;\r\n                    }\r\n                    #tdi_2  .td-doubleSlider-2 .td-item3 {\r\n                        background: url(https:\/\/www.ausflugsziele-schweiz.ch\/wp-content\/uploads\/2019\/04\/Aldstadt_Chur_shopping-1024x683-80x60.jpg) 0 0 no-repeat;\r\n                    }\r\n                    #tdi_2  .td-doubleSlider-2 .td-item4 {\r\n                        background: url(https:\/\/www.ausflugsziele-schweiz.ch\/wp-content\/uploads\/2019\/04\/Chur-Buendner-Kunstmuseum-2-1024x683-80x60.jpg) 0 0 no-repeat;\r\n                    }\r\n                    #tdi_2  .td-doubleSlider-2 .td-item5 {\r\n                        background: url(https:\/\/www.ausflugsziele-schweiz.ch\/wp-content\/uploads\/2019\/04\/Chur-Museumsplatz-CT-AB_Altstadt_Shopping-1024x768-80x60.jpg) 0 0 no-repeat;\r\n                    }\r\n                    #tdi_2  .td-doubleSlider-2 .td-item6 {\r\n                        background: url(https:\/\/www.ausflugsziele-schweiz.ch\/wp-content\/uploads\/2019\/04\/DSC02779-683x1024-80x60.jpg) 0 0 no-repeat;\r\n                    }\r\n                    #tdi_2  .td-doubleSlider-2 .td-item7 {\r\n                        background: url(https:\/\/www.ausflugsziele-schweiz.ch\/wp-content\/uploads\/2019\/04\/IMG_0224-2-1024x683-80x60.jpg) 0 0 no-repeat;\r\n                    }\r\n                    #tdi_2  .td-doubleSlider-2 .td-item8 {\r\n                        background: url(https:\/\/www.ausflugsziele-schweiz.ch\/wp-content\/uploads\/2019\/04\/kultur_altstadt_raetisches-museum_yvonnebollhalder-1024x683-80x60.jpg) 0 0 no-repeat;\r\n                    }\r\n                <\/style>\r\n\r\n                <div id=\"tdi_2\" class=\"td-gallery td-slide-on-2-columns\">\r\n                    <div class=\"post_td_gallery\">\r\n                        <div class=\"td-gallery-slide-top\">\r\n                           <div class=\"td-gallery-title\"><\/div>\r\n\r\n                            <div class=\"td-gallery-controls-wrapper\">\r\n                                <div class=\"td-gallery-slide-count\"><span class=\"td-gallery-slide-item-focus\">1<\/span> of 8<\/div>\r\n                                <div class=\"td-gallery-slide-prev-next-but\">\r\n                                    <i class = \"td-icon-left doubleSliderPrevButton\"><\/i>\r\n                                    <i class = \"td-icon-right doubleSliderNextButton\"><\/i>\r\n                                <\/div>\r\n                            <\/div>\r\n                        <\/div>\r\n\r\n                        <div class = \"td-doubleSlider-1 \">\r\n                            <div class = \"td-slider\">\r\n                                \r\n                    <div class = \"td-slide-item td-item1\">\r\n                        <figure class=\"td-slide-galery-figure td-slide-popup-gallery\">\r\n                            <a class=\"slide-gallery-image-link\" href=\"https:\/\/www.ausflugsziele-schweiz.ch\/wp-content\/uploads\/2019\/04\/Kunstmuseum_Chur_Giger-CT-AB-768x1024.jpg\" title=\"Kunstmuseum_Chur_Giger-CT-AB-768x1024\"  data-caption=\"\"  data-description=\"\">\r\n                                <img decoding=\"async\" src=\"https:\/\/www.ausflugsziele-schweiz.ch\/wp-content\/uploads\/2019\/04\/Kunstmuseum_Chur_Giger-CT-AB-768x1024-315x420.jpg\" srcset=\"https:\/\/www.ausflugsziele-schweiz.ch\/wp-content\/uploads\/2019\/04\/Kunstmuseum_Chur_Giger-CT-AB-768x1024-315x420.jpg 315w, https:\/\/www.ausflugsziele-schweiz.ch\/wp-content\/uploads\/2019\/04\/Kunstmuseum_Chur_Giger-CT-AB-768x1024-400x533.jpg 400w, https:\/\/www.ausflugsziele-schweiz.ch\/wp-content\/uploads\/2019\/04\/Kunstmuseum_Chur_Giger-CT-AB-768x1024-696x928.jpg 696w, https:\/\/www.ausflugsziele-schweiz.ch\/wp-content\/uploads\/2019\/04\/Kunstmuseum_Chur_Giger-CT-AB-768x1024-630x840.jpg 630w, https:\/\/www.ausflugsziele-schweiz.ch\/wp-content\/uploads\/2019\/04\/Kunstmuseum_Chur_Giger-CT-AB-768x1024.jpg 750w\" sizes=\"(max-width: 315px) 100vw, 315px\" alt=\"\">\r\n                            <\/a>\r\n                            \r\n                        <\/figure>\r\n                    <\/div>\r\n                    <div class = \"td-slide-item td-item2\">\r\n                        <figure class=\"td-slide-galery-figure td-slide-popup-gallery\">\r\n                            <a class=\"slide-gallery-image-link\" href=\"https:\/\/www.ausflugsziele-schweiz.ch\/wp-content\/uploads\/2019\/04\/Naturmuseum-2015-1024x683.jpg\" title=\"Naturmuseum-2015-1024x683\"  data-caption=\"\"  data-description=\"\">\r\n                                <img decoding=\"async\" src=\"https:\/\/www.ausflugsziele-schweiz.ch\/wp-content\/uploads\/2019\/04\/Naturmuseum-2015-1024x683-630x420.jpg\" srcset=\"https:\/\/www.ausflugsziele-schweiz.ch\/wp-content\/uploads\/2019\/04\/Naturmuseum-2015-1024x683-630x420.jpg 630w, https:\/\/www.ausflugsziele-schweiz.ch\/wp-content\/uploads\/2019\/04\/Naturmuseum-2015-1024x683-800x533.jpg 800w, https:\/\/www.ausflugsziele-schweiz.ch\/wp-content\/uploads\/2019\/04\/Naturmuseum-2015-1024x683-768x512.jpg 768w, https:\/\/www.ausflugsziele-schweiz.ch\/wp-content\/uploads\/2019\/04\/Naturmuseum-2015-1024x683-696x464.jpg 696w, https:\/\/www.ausflugsziele-schweiz.ch\/wp-content\/uploads\/2019\/04\/Naturmuseum-2015-1024x683.jpg 1024w\" sizes=\"(max-width: 630px) 100vw, 630px\" alt=\"\">\r\n                            <\/a>\r\n                            \r\n                        <\/figure>\r\n                    <\/div>\r\n                    <div class = \"td-slide-item td-item3\">\r\n                        <figure class=\"td-slide-galery-figure td-slide-popup-gallery\">\r\n                            <a class=\"slide-gallery-image-link\" href=\"https:\/\/www.ausflugsziele-schweiz.ch\/wp-content\/uploads\/2019\/04\/Aldstadt_Chur_shopping-1024x683.jpg\" title=\"Aldstadt_Chur_shopping-1024x683\"  data-caption=\"\"  data-description=\"\">\r\n                                <img decoding=\"async\" src=\"https:\/\/www.ausflugsziele-schweiz.ch\/wp-content\/uploads\/2019\/04\/Aldstadt_Chur_shopping-1024x683-630x420.jpg\" srcset=\"https:\/\/www.ausflugsziele-schweiz.ch\/wp-content\/uploads\/2019\/04\/Aldstadt_Chur_shopping-1024x683-630x420.jpg 630w, https:\/\/www.ausflugsziele-schweiz.ch\/wp-content\/uploads\/2019\/04\/Aldstadt_Chur_shopping-1024x683-800x533.jpg 800w, https:\/\/www.ausflugsziele-schweiz.ch\/wp-content\/uploads\/2019\/04\/Aldstadt_Chur_shopping-1024x683-768x512.jpg 768w, https:\/\/www.ausflugsziele-schweiz.ch\/wp-content\/uploads\/2019\/04\/Aldstadt_Chur_shopping-1024x683-696x464.jpg 696w, https:\/\/www.ausflugsziele-schweiz.ch\/wp-content\/uploads\/2019\/04\/Aldstadt_Chur_shopping-1024x683.jpg 1024w\" sizes=\"(max-width: 630px) 100vw, 630px\" alt=\"\">\r\n                            <\/a>\r\n                            \r\n                        <\/figure>\r\n                    <\/div>\r\n                    <div class = \"td-slide-item td-item4\">\r\n                        <figure class=\"td-slide-galery-figure td-slide-popup-gallery\">\r\n                            <a class=\"slide-gallery-image-link\" href=\"https:\/\/www.ausflugsziele-schweiz.ch\/wp-content\/uploads\/2019\/04\/Chur-Buendner-Kunstmuseum-2-1024x683.jpg\" title=\"Chur-Buendner-Kunstmuseum-2-1024x683\"  data-caption=\"\"  data-description=\"\">\r\n                                <img decoding=\"async\" src=\"https:\/\/www.ausflugsziele-schweiz.ch\/wp-content\/uploads\/2019\/04\/Chur-Buendner-Kunstmuseum-2-1024x683-630x420.jpg\" srcset=\"https:\/\/www.ausflugsziele-schweiz.ch\/wp-content\/uploads\/2019\/04\/Chur-Buendner-Kunstmuseum-2-1024x683-630x420.jpg 630w, https:\/\/www.ausflugsziele-schweiz.ch\/wp-content\/uploads\/2019\/04\/Chur-Buendner-Kunstmuseum-2-1024x683-800x533.jpg 800w, https:\/\/www.ausflugsziele-schweiz.ch\/wp-content\/uploads\/2019\/04\/Chur-Buendner-Kunstmuseum-2-1024x683-768x512.jpg 768w, https:\/\/www.ausflugsziele-schweiz.ch\/wp-content\/uploads\/2019\/04\/Chur-Buendner-Kunstmuseum-2-1024x683-696x464.jpg 696w, https:\/\/www.ausflugsziele-schweiz.ch\/wp-content\/uploads\/2019\/04\/Chur-Buendner-Kunstmuseum-2-1024x683.jpg 1024w\" sizes=\"(max-width: 630px) 100vw, 630px\" alt=\"\">\r\n                            <\/a>\r\n                            \r\n                        <\/figure>\r\n                    <\/div>\r\n                    <div class = \"td-slide-item td-item5\">\r\n                        <figure class=\"td-slide-galery-figure td-slide-popup-gallery\">\r\n                            <a class=\"slide-gallery-image-link\" href=\"https:\/\/www.ausflugsziele-schweiz.ch\/wp-content\/uploads\/2019\/04\/Chur-Museumsplatz-CT-AB_Altstadt_Shopping-1024x768.jpg\" title=\"Chur-Museumsplatz-CT-AB_Altstadt_Shopping-1024x768\"  data-caption=\"\"  data-description=\"\">\r\n                                <img decoding=\"async\" src=\"https:\/\/www.ausflugsziele-schweiz.ch\/wp-content\/uploads\/2019\/04\/Chur-Museumsplatz-CT-AB_Altstadt_Shopping-1024x768-560x420.jpg\" srcset=\"https:\/\/www.ausflugsziele-schweiz.ch\/wp-content\/uploads\/2019\/04\/Chur-Museumsplatz-CT-AB_Altstadt_Shopping-1024x768-560x420.jpg 560w, https:\/\/www.ausflugsziele-schweiz.ch\/wp-content\/uploads\/2019\/04\/Chur-Museumsplatz-CT-AB_Altstadt_Shopping-1024x768-711x533.jpg 711w, https:\/\/www.ausflugsziele-schweiz.ch\/wp-content\/uploads\/2019\/04\/Chur-Museumsplatz-CT-AB_Altstadt_Shopping-1024x768-768x576.jpg 768w, https:\/\/www.ausflugsziele-schweiz.ch\/wp-content\/uploads\/2019\/04\/Chur-Museumsplatz-CT-AB_Altstadt_Shopping-1024x768-80x60.jpg 80w, https:\/\/www.ausflugsziele-schweiz.ch\/wp-content\/uploads\/2019\/04\/Chur-Museumsplatz-CT-AB_Altstadt_Shopping-1024x768-160x120.jpg 160w, https:\/\/www.ausflugsziele-schweiz.ch\/wp-content\/uploads\/2019\/04\/Chur-Museumsplatz-CT-AB_Altstadt_Shopping-1024x768-265x198.jpg 265w, https:\/\/www.ausflugsziele-schweiz.ch\/wp-content\/uploads\/2019\/04\/Chur-Museumsplatz-CT-AB_Altstadt_Shopping-1024x768-696x522.jpg 696w, https:\/\/www.ausflugsziele-schweiz.ch\/wp-content\/uploads\/2019\/04\/Chur-Museumsplatz-CT-AB_Altstadt_Shopping-1024x768.jpg 1024w\" sizes=\"(max-width: 560px) 100vw, 560px\" alt=\"\">\r\n                            <\/a>\r\n                            \r\n                        <\/figure>\r\n                    <\/div>\r\n                    <div class = \"td-slide-item td-item6\">\r\n                        <figure class=\"td-slide-galery-figure td-slide-popup-gallery\">\r\n                            <a class=\"slide-gallery-image-link\" href=\"https:\/\/www.ausflugsziele-schweiz.ch\/wp-content\/uploads\/2019\/04\/DSC02779-683x1024.jpg\" title=\"DSC02779-683x1024\"  data-caption=\"\"  data-description=\"\">\r\n                                <img decoding=\"async\" src=\"https:\/\/www.ausflugsziele-schweiz.ch\/wp-content\/uploads\/2019\/04\/DSC02779-683x1024-280x420.jpg\" srcset=\"https:\/\/www.ausflugsziele-schweiz.ch\/wp-content\/uploads\/2019\/04\/DSC02779-683x1024-280x420.jpg 280w, https:\/\/www.ausflugsziele-schweiz.ch\/wp-content\/uploads\/2019\/04\/DSC02779-683x1024-356x533.jpg 356w, https:\/\/www.ausflugsziele-schweiz.ch\/wp-content\/uploads\/2019\/04\/DSC02779-683x1024-560x840.jpg 560w, https:\/\/www.ausflugsziele-schweiz.ch\/wp-content\/uploads\/2019\/04\/DSC02779-683x1024.jpg 667w\" sizes=\"(max-width: 280px) 100vw, 280px\" alt=\"\">\r\n                            <\/a>\r\n                            \r\n                        <\/figure>\r\n                    <\/div>\r\n                    <div class = \"td-slide-item td-item7\">\r\n                        <figure class=\"td-slide-galery-figure td-slide-popup-gallery\">\r\n                            <a class=\"slide-gallery-image-link\" href=\"https:\/\/www.ausflugsziele-schweiz.ch\/wp-content\/uploads\/2019\/04\/IMG_0224-2-1024x683.jpg\" title=\"IMG_0224-2-1024x683\"  data-caption=\"\"  data-description=\"\">\r\n                                <img decoding=\"async\" src=\"https:\/\/www.ausflugsziele-schweiz.ch\/wp-content\/uploads\/2019\/04\/IMG_0224-2-1024x683-630x420.jpg\" srcset=\"https:\/\/www.ausflugsziele-schweiz.ch\/wp-content\/uploads\/2019\/04\/IMG_0224-2-1024x683-630x420.jpg 630w, https:\/\/www.ausflugsziele-schweiz.ch\/wp-content\/uploads\/2019\/04\/IMG_0224-2-1024x683-800x533.jpg 800w, https:\/\/www.ausflugsziele-schweiz.ch\/wp-content\/uploads\/2019\/04\/IMG_0224-2-1024x683-768x512.jpg 768w, https:\/\/www.ausflugsziele-schweiz.ch\/wp-content\/uploads\/2019\/04\/IMG_0224-2-1024x683-696x464.jpg 696w, https:\/\/www.ausflugsziele-schweiz.ch\/wp-content\/uploads\/2019\/04\/IMG_0224-2-1024x683.jpg 1024w\" sizes=\"(max-width: 630px) 100vw, 630px\" alt=\"\">\r\n                            <\/a>\r\n                            \r\n                        <\/figure>\r\n                    <\/div>\r\n                    <div class = \"td-slide-item td-item8\">\r\n                        <figure class=\"td-slide-galery-figure td-slide-popup-gallery\">\r\n                            <a class=\"slide-gallery-image-link\" href=\"https:\/\/www.ausflugsziele-schweiz.ch\/wp-content\/uploads\/2019\/04\/kultur_altstadt_raetisches-museum_yvonnebollhalder-1024x683.jpg\" title=\"kultur_altstadt_raetisches-museum_yvonnebollhalder-1024x683\"  data-caption=\"\"  data-description=\"\">\r\n                                <img decoding=\"async\" src=\"https:\/\/www.ausflugsziele-schweiz.ch\/wp-content\/uploads\/2019\/04\/kultur_altstadt_raetisches-museum_yvonnebollhalder-1024x683-630x420.jpg\" srcset=\"https:\/\/www.ausflugsziele-schweiz.ch\/wp-content\/uploads\/2019\/04\/kultur_altstadt_raetisches-museum_yvonnebollhalder-1024x683-630x420.jpg 630w, https:\/\/www.ausflugsziele-schweiz.ch\/wp-content\/uploads\/2019\/04\/kultur_altstadt_raetisches-museum_yvonnebollhalder-1024x683-800x533.jpg 800w, https:\/\/www.ausflugsziele-schweiz.ch\/wp-content\/uploads\/2019\/04\/kultur_altstadt_raetisches-museum_yvonnebollhalder-1024x683-768x512.jpg 768w, https:\/\/www.ausflugsziele-schweiz.ch\/wp-content\/uploads\/2019\/04\/kultur_altstadt_raetisches-museum_yvonnebollhalder-1024x683-696x464.jpg 696w, https:\/\/www.ausflugsziele-schweiz.ch\/wp-content\/uploads\/2019\/04\/kultur_altstadt_raetisches-museum_yvonnebollhalder-1024x683.jpg 1024w\" sizes=\"(max-width: 630px) 100vw, 630px\" alt=\"\">\r\n                            <\/a>\r\n                            \r\n                        <\/figure>\r\n                    <\/div>\r\n                            <\/div>\r\n                        <\/div>\r\n\r\n                        <div class = \"td-doubleSlider-2\">\r\n                            <div class = \"td-slider\">\r\n                                \r\n                    <div class = \"td-button td-item1\">\r\n                        <div class = \"td-border\"><\/div>\r\n                    <\/div>\r\n                    <div class = \"td-button td-item2\">\r\n                        <div class = \"td-border\"><\/div>\r\n                    <\/div>\r\n                    <div class = \"td-button td-item3\">\r\n                        <div class = \"td-border\"><\/div>\r\n                    <\/div>\r\n                    <div class = \"td-button td-item4\">\r\n                        <div class = \"td-border\"><\/div>\r\n                    <\/div>\r\n                    <div class = \"td-button td-item5\">\r\n                        <div class = \"td-border\"><\/div>\r\n                    <\/div>\r\n                    <div class = \"td-button td-item6\">\r\n                        <div class = \"td-border\"><\/div>\r\n                    <\/div>\r\n                    <div class = \"td-button td-item7\">\r\n                        <div class = \"td-border\"><\/div>\r\n                    <\/div>\r\n                    <div class = \"td-button td-item8\">\r\n                        <div class = \"td-border\"><\/div>\r\n                    <\/div>\r\n                            <\/div>\r\n                        <\/div>\r\n\r\n                    <\/div>\r\n\r\n                <\/div>\r\n                \n<p><a href=\"http:\/\/www.churtourismus.ch\/kultur\" target=\"_blank\" rel=\"noopener noreferrer\">B\u00fcndner Museen<\/a> | <a href=\"https:\/\/chur.graubuenden.ch\/de\/alpenstadt-region\/shopping\" target=\"_blank\" rel=\"noopener noreferrer\">Shopping<\/a> |\u00a0<a href=\"https:\/\/chur.graubuenden.ch\/de\/maerkte-alpenstadt\" target=\"_blank\" rel=\"noopener noreferrer\">Altstadt-M\u00e4rkte<\/a> |\u00a0<a href=\"https:\/\/chur.graubuenden.ch\/de\/planen-buchen\/stadtfuehrungen\" target=\"_blank\" rel=\"noopener noreferrer\">F\u00fchrungen und Stadtrundg\u00e4nge<\/a> |\u00a0<a href=\"https:\/\/chur.graubuenden.ch\/de\/suche\/angebote\/t\/fuehrungen-private-gruppen\" target=\"_blank\" rel=\"noopener noreferrer\">Gruppenf\u00fchrungen<\/a><\/p>\n<h3>Hausberg Brambr\u00fcesch \u2013 Bergbahnbetrieb ab dem 6. April!<\/h3>\n<p>Mit der Gondelbahn schweben Sie direkt zur Hochebene Brambr\u00fcesch im S\u00fcdwesten der Stadt und der Erholung entgegen, wo Sie ein toller Ausblick in die B\u00fcndner Bergwelt erwartet. Der Hausberg ist ein Naherholungsgebiet, das an den Wochenenden im Sommer bis sp\u00e4t in den Abend mit der Bergbahn zu erreichen ist. Bereits ab dem 6. April beginnt der Bergbahnbetrieb an den Wochenenden und an Feiertagen, sodass Sie die ersten w\u00e4rmenden Sonnenstrahlen des Fr\u00fchjahrs auf dem Berg beim Wandern, Biken und Relaxen geniessen k\u00f6nnen. Am 15. Juni f\u00e4llt dann der Startschuss f\u00fcr die eigentliche Bergbahnsaison, in der die Bahn t\u00e4glich verkehrt.<\/p>\n\r\n                <style type=\"text\/css\">\r\n                    \r\n                    #tdi_3  .td-doubleSlider-2 .td-item1 {\r\n                        background: url(https:\/\/www.ausflugsziele-schweiz.ch\/wp-content\/uploads\/2019\/04\/bergbahnen_brambruesch_kaenzeli_gondel-sommer_walterschmid-1024x680-80x60.jpg) 0 0 no-repeat;\r\n                    }\r\n                    #tdi_3  .td-doubleSlider-2 .td-item2 {\r\n                        background: url(https:\/\/www.ausflugsziele-schweiz.ch\/wp-content\/uploads\/2019\/04\/Chur_Tourismus_003_Fotopower.ch_18-1024x683-80x60.jpg) 0 0 no-repeat;\r\n                    }\r\n                    #tdi_3  .td-doubleSlider-2 .td-item3 {\r\n                        background: url(https:\/\/www.ausflugsziele-schweiz.ch\/wp-content\/uploads\/2019\/04\/Chur_vom_Calanda_Herbst_CT_AB-1024x478-80x60.jpg) 0 0 no-repeat;\r\n                    }\r\n                    #tdi_3  .td-doubleSlider-2 .td-item4 {\r\n                        background: url(https:\/\/www.ausflugsziele-schweiz.ch\/wp-content\/uploads\/2019\/04\/Gondel_Chur_biken-1024x683-80x60.jpg) 0 0 no-repeat;\r\n                    }\r\n                    #tdi_3  .td-doubleSlider-2 .td-item5 {\r\n                        background: url(https:\/\/www.ausflugsziele-schweiz.ch\/wp-content\/uploads\/2019\/04\/Gondel_Chur_wald_Aussicht-1024x683-80x60.jpg) 0 0 no-repeat;\r\n                    }\r\n                <\/style>\r\n\r\n                <div id=\"tdi_3\" class=\"td-gallery td-slide-on-2-columns\">\r\n                    <div class=\"post_td_gallery\">\r\n                        <div class=\"td-gallery-slide-top\">\r\n                           <div class=\"td-gallery-title\"><\/div>\r\n\r\n                            <div class=\"td-gallery-controls-wrapper\">\r\n                                <div class=\"td-gallery-slide-count\"><span class=\"td-gallery-slide-item-focus\">1<\/span> of 5<\/div>\r\n                                <div class=\"td-gallery-slide-prev-next-but\">\r\n                                    <i class = \"td-icon-left doubleSliderPrevButton\"><\/i>\r\n                                    <i class = \"td-icon-right doubleSliderNextButton\"><\/i>\r\n                                <\/div>\r\n                            <\/div>\r\n                        <\/div>\r\n\r\n                        <div class = \"td-doubleSlider-1 \">\r\n                            <div class = \"td-slider\">\r\n                                \r\n                    <div class = \"td-slide-item td-item1\">\r\n                        <figure class=\"td-slide-galery-figure td-slide-popup-gallery\">\r\n                            <a class=\"slide-gallery-image-link\" href=\"https:\/\/www.ausflugsziele-schweiz.ch\/wp-content\/uploads\/2019\/04\/bergbahnen_brambruesch_kaenzeli_gondel-sommer_walterschmid-1024x680.jpg\" title=\"bergbahnen_brambruesch_kaenzeli_gondel-sommer_walterschmid-1024x680\"  data-caption=\"\"  data-description=\"\">\r\n                                <img decoding=\"async\" src=\"https:\/\/www.ausflugsziele-schweiz.ch\/wp-content\/uploads\/2019\/04\/bergbahnen_brambruesch_kaenzeli_gondel-sommer_walterschmid-1024x680-632x420.jpg\" srcset=\"https:\/\/www.ausflugsziele-schweiz.ch\/wp-content\/uploads\/2019\/04\/bergbahnen_brambruesch_kaenzeli_gondel-sommer_walterschmid-1024x680-632x420.jpg 632w, https:\/\/www.ausflugsziele-schweiz.ch\/wp-content\/uploads\/2019\/04\/bergbahnen_brambruesch_kaenzeli_gondel-sommer_walterschmid-1024x680-800x531.jpg 800w, https:\/\/www.ausflugsziele-schweiz.ch\/wp-content\/uploads\/2019\/04\/bergbahnen_brambruesch_kaenzeli_gondel-sommer_walterschmid-1024x680-768x510.jpg 768w, https:\/\/www.ausflugsziele-schweiz.ch\/wp-content\/uploads\/2019\/04\/bergbahnen_brambruesch_kaenzeli_gondel-sommer_walterschmid-1024x680-696x462.jpg 696w, https:\/\/www.ausflugsziele-schweiz.ch\/wp-content\/uploads\/2019\/04\/bergbahnen_brambruesch_kaenzeli_gondel-sommer_walterschmid-1024x680.jpg 1024w\" sizes=\"(max-width: 632px) 100vw, 632px\" alt=\"\">\r\n                            <\/a>\r\n                            \r\n                        <\/figure>\r\n                    <\/div>\r\n                    <div class = \"td-slide-item td-item2\">\r\n                        <figure class=\"td-slide-galery-figure td-slide-popup-gallery\">\r\n                            <a class=\"slide-gallery-image-link\" href=\"https:\/\/www.ausflugsziele-schweiz.ch\/wp-content\/uploads\/2019\/04\/Chur_Tourismus_003_Fotopower.ch_18-1024x683.jpg\" title=\"Chur_Tourismus_003_Fotopower.ch_18-1024x683\"  data-caption=\"\"  data-description=\"\">\r\n                                <img decoding=\"async\" src=\"https:\/\/www.ausflugsziele-schweiz.ch\/wp-content\/uploads\/2019\/04\/Chur_Tourismus_003_Fotopower.ch_18-1024x683-630x420.jpg\" srcset=\"https:\/\/www.ausflugsziele-schweiz.ch\/wp-content\/uploads\/2019\/04\/Chur_Tourismus_003_Fotopower.ch_18-1024x683-630x420.jpg 630w, https:\/\/www.ausflugsziele-schweiz.ch\/wp-content\/uploads\/2019\/04\/Chur_Tourismus_003_Fotopower.ch_18-1024x683-800x533.jpg 800w, https:\/\/www.ausflugsziele-schweiz.ch\/wp-content\/uploads\/2019\/04\/Chur_Tourismus_003_Fotopower.ch_18-1024x683-768x512.jpg 768w, https:\/\/www.ausflugsziele-schweiz.ch\/wp-content\/uploads\/2019\/04\/Chur_Tourismus_003_Fotopower.ch_18-1024x683-696x464.jpg 696w, https:\/\/www.ausflugsziele-schweiz.ch\/wp-content\/uploads\/2019\/04\/Chur_Tourismus_003_Fotopower.ch_18-1024x683.jpg 1024w\" sizes=\"(max-width: 630px) 100vw, 630px\" alt=\"\">\r\n                            <\/a>\r\n                            \r\n                        <\/figure>\r\n                    <\/div>\r\n                    <div class = \"td-slide-item td-item3\">\r\n                        <figure class=\"td-slide-galery-figure td-slide-popup-gallery\">\r\n                            <a class=\"slide-gallery-image-link\" href=\"https:\/\/www.ausflugsziele-schweiz.ch\/wp-content\/uploads\/2019\/04\/Chur_vom_Calanda_Herbst_CT_AB-1024x478.jpg\" title=\"Chur_vom_Calanda_Herbst_CT_AB-1024x478\"  data-caption=\"\"  data-description=\"\">\r\n                                <img decoding=\"async\" src=\"https:\/\/www.ausflugsziele-schweiz.ch\/wp-content\/uploads\/2019\/04\/Chur_vom_Calanda_Herbst_CT_AB-1024x478-900x420.jpg\" srcset=\"https:\/\/www.ausflugsziele-schweiz.ch\/wp-content\/uploads\/2019\/04\/Chur_vom_Calanda_Herbst_CT_AB-1024x478-900x420.jpg 900w, https:\/\/www.ausflugsziele-schweiz.ch\/wp-content\/uploads\/2019\/04\/Chur_vom_Calanda_Herbst_CT_AB-1024x478-800x373.jpg 800w, https:\/\/www.ausflugsziele-schweiz.ch\/wp-content\/uploads\/2019\/04\/Chur_vom_Calanda_Herbst_CT_AB-1024x478-768x359.jpg 768w, https:\/\/www.ausflugsziele-schweiz.ch\/wp-content\/uploads\/2019\/04\/Chur_vom_Calanda_Herbst_CT_AB-1024x478-696x325.jpg 696w, https:\/\/www.ausflugsziele-schweiz.ch\/wp-content\/uploads\/2019\/04\/Chur_vom_Calanda_Herbst_CT_AB-1024x478.jpg 1024w\" sizes=\"(max-width: 900px) 100vw, 900px\" alt=\"\">\r\n                            <\/a>\r\n                            \r\n                        <\/figure>\r\n                    <\/div>\r\n                    <div class = \"td-slide-item td-item4\">\r\n                        <figure class=\"td-slide-galery-figure td-slide-popup-gallery\">\r\n                            <a class=\"slide-gallery-image-link\" href=\"https:\/\/www.ausflugsziele-schweiz.ch\/wp-content\/uploads\/2019\/04\/Gondel_Chur_biken-1024x683.jpg\" title=\"Gondel_Chur_biken-1024x683\"  data-caption=\"\"  data-description=\"\">\r\n                                <img decoding=\"async\" src=\"https:\/\/www.ausflugsziele-schweiz.ch\/wp-content\/uploads\/2019\/04\/Gondel_Chur_biken-1024x683-630x420.jpg\" srcset=\"https:\/\/www.ausflugsziele-schweiz.ch\/wp-content\/uploads\/2019\/04\/Gondel_Chur_biken-1024x683-630x420.jpg 630w, https:\/\/www.ausflugsziele-schweiz.ch\/wp-content\/uploads\/2019\/04\/Gondel_Chur_biken-1024x683-800x533.jpg 800w, https:\/\/www.ausflugsziele-schweiz.ch\/wp-content\/uploads\/2019\/04\/Gondel_Chur_biken-1024x683-768x512.jpg 768w, https:\/\/www.ausflugsziele-schweiz.ch\/wp-content\/uploads\/2019\/04\/Gondel_Chur_biken-1024x683-696x464.jpg 696w, https:\/\/www.ausflugsziele-schweiz.ch\/wp-content\/uploads\/2019\/04\/Gondel_Chur_biken-1024x683.jpg 1024w\" sizes=\"(max-width: 630px) 100vw, 630px\" alt=\"\">\r\n                            <\/a>\r\n                            \r\n                        <\/figure>\r\n                    <\/div>\r\n                    <div class = \"td-slide-item td-item5\">\r\n                        <figure class=\"td-slide-galery-figure td-slide-popup-gallery\">\r\n                            <a class=\"slide-gallery-image-link\" href=\"https:\/\/www.ausflugsziele-schweiz.ch\/wp-content\/uploads\/2019\/04\/Gondel_Chur_wald_Aussicht-1024x683.jpg\" title=\"Gondel_Chur_wald_Aussicht-1024x683\"  data-caption=\"\"  data-description=\"\">\r\n                                <img decoding=\"async\" src=\"https:\/\/www.ausflugsziele-schweiz.ch\/wp-content\/uploads\/2019\/04\/Gondel_Chur_wald_Aussicht-1024x683-630x420.jpg\" srcset=\"https:\/\/www.ausflugsziele-schweiz.ch\/wp-content\/uploads\/2019\/04\/Gondel_Chur_wald_Aussicht-1024x683-630x420.jpg 630w, https:\/\/www.ausflugsziele-schweiz.ch\/wp-content\/uploads\/2019\/04\/Gondel_Chur_wald_Aussicht-1024x683-800x533.jpg 800w, https:\/\/www.ausflugsziele-schweiz.ch\/wp-content\/uploads\/2019\/04\/Gondel_Chur_wald_Aussicht-1024x683-768x512.jpg 768w, https:\/\/www.ausflugsziele-schweiz.ch\/wp-content\/uploads\/2019\/04\/Gondel_Chur_wald_Aussicht-1024x683-696x464.jpg 696w, https:\/\/www.ausflugsziele-schweiz.ch\/wp-content\/uploads\/2019\/04\/Gondel_Chur_wald_Aussicht-1024x683.jpg 1024w\" sizes=\"(max-width: 630px) 100vw, 630px\" alt=\"\">\r\n                            <\/a>\r\n                            \r\n                        <\/figure>\r\n                    <\/div>\r\n                            <\/div>\r\n                        <\/div>\r\n\r\n                        <div class = \"td-doubleSlider-2\">\r\n                            <div class = \"td-slider\">\r\n                                \r\n                    <div class = \"td-button td-item1\">\r\n                        <div class = \"td-border\"><\/div>\r\n                    <\/div>\r\n                    <div class = \"td-button td-item2\">\r\n                        <div class = \"td-border\"><\/div>\r\n                    <\/div>\r\n                    <div class = \"td-button td-item3\">\r\n                        <div class = \"td-border\"><\/div>\r\n                    <\/div>\r\n                    <div class = \"td-button td-item4\">\r\n                        <div class = \"td-border\"><\/div>\r\n                    <\/div>\r\n                    <div class = \"td-button td-item5\">\r\n                        <div class = \"td-border\"><\/div>\r\n                    <\/div>\r\n                            <\/div>\r\n                        <\/div>\r\n\r\n                    <\/div>\r\n\r\n                <\/div>\r\n                \n<h3>Kulinarik Tour: Bewegung mit Genuss verbinden<\/h3>\n<p>Im Sommer 2019 findet bereits die sechste Kulinarik-Tour statt, die Bewegung und Genuss miteinander verbindet. Sie nehmen an einer Wanderung oder Velo-Tour teil, die entlang der Route von einem mehrg\u00e4ngigen Men\u00fc begleitet wird. Bei der neuesten \u00abDreib\u00fcndenstein Genusswanderung\u00bb touren Sie \u00fcber die aussichtsreiche Dreib\u00fcndenstein Hochebene von Brambr\u00fcesch nach Feldis, gut ausger\u00fcstet mit einem Churer Lunch-Sack. Er ist gef\u00fcllt mit B\u00fcndner Spezialit\u00e4ten aus regionaler Produktion, die Sie gen\u00fcsslich bei dem einen oder anderen Zwischenstopp verzehren k\u00f6nnen, zusammen mit einem kr\u00e4ftigen Schluck aus der Portionenflasche echten Churer R\u00f6teli.<\/p>\n\r\n                <style type=\"text\/css\">\r\n                    \r\n                    #tdi_4  .td-doubleSlider-2 .td-item1 {\r\n                        background: url(https:\/\/www.ausflugsziele-schweiz.ch\/wp-content\/uploads\/2019\/04\/dreibuendenstein-genusswaderung_03-1024x683-80x60.jpg) 0 0 no-repeat;\r\n                    }\r\n                    #tdi_4  .td-doubleSlider-2 .td-item2 {\r\n                        background: url(https:\/\/www.ausflugsziele-schweiz.ch\/wp-content\/uploads\/2019\/04\/kulinarik-tour_dreibuendenstein-genusswanderung_lunch-sack_michaelchrist-1024x683-80x60.jpg) 0 0 no-repeat;\r\n                    }\r\n                    #tdi_4  .td-doubleSlider-2 .td-item3 {\r\n                        background: url(https:\/\/www.ausflugsziele-schweiz.ch\/wp-content\/uploads\/2019\/04\/160518_132-1024x684-80x60.jpg) 0 0 no-repeat;\r\n                    }\r\n                    #tdi_4  .td-doubleSlider-2 .td-item4 {\r\n                        background: url(https:\/\/www.ausflugsziele-schweiz.ch\/wp-content\/uploads\/2019\/04\/dreibuendenstein-genusswaderung_02-1024x683-80x60.jpg) 0 0 no-repeat;\r\n                    }\r\n                    #tdi_4  .td-doubleSlider-2 .td-item5 {\r\n                        background: url(https:\/\/www.ausflugsziele-schweiz.ch\/wp-content\/uploads\/2019\/04\/dreibuendenstein-genusswaderung_01-1024x684-80x60.jpg) 0 0 no-repeat;\r\n                    }\r\n                <\/style>\r\n\r\n                <div id=\"tdi_4\" class=\"td-gallery td-slide-on-2-columns\">\r\n                    <div class=\"post_td_gallery\">\r\n                        <div class=\"td-gallery-slide-top\">\r\n                           <div class=\"td-gallery-title\"><\/div>\r\n\r\n                            <div class=\"td-gallery-controls-wrapper\">\r\n                                <div class=\"td-gallery-slide-count\"><span class=\"td-gallery-slide-item-focus\">1<\/span> of 5<\/div>\r\n                                <div class=\"td-gallery-slide-prev-next-but\">\r\n                                    <i class = \"td-icon-left doubleSliderPrevButton\"><\/i>\r\n                                    <i class = \"td-icon-right doubleSliderNextButton\"><\/i>\r\n                                <\/div>\r\n                            <\/div>\r\n                        <\/div>\r\n\r\n                        <div class = \"td-doubleSlider-1 \">\r\n                            <div class = \"td-slider\">\r\n                                \r\n                    <div class = \"td-slide-item td-item1\">\r\n                        <figure class=\"td-slide-galery-figure td-slide-popup-gallery\">\r\n                            <a class=\"slide-gallery-image-link\" href=\"https:\/\/www.ausflugsziele-schweiz.ch\/wp-content\/uploads\/2019\/04\/dreibuendenstein-genusswaderung_03-1024x683.jpg\" title=\"dreibuendenstein-genusswaderung_03-1024x683\"  data-caption=\"\"  data-description=\"\">\r\n                                <img decoding=\"async\" src=\"https:\/\/www.ausflugsziele-schweiz.ch\/wp-content\/uploads\/2019\/04\/dreibuendenstein-genusswaderung_03-1024x683-630x420.jpg\" srcset=\"https:\/\/www.ausflugsziele-schweiz.ch\/wp-content\/uploads\/2019\/04\/dreibuendenstein-genusswaderung_03-1024x683-630x420.jpg 630w, https:\/\/www.ausflugsziele-schweiz.ch\/wp-content\/uploads\/2019\/04\/dreibuendenstein-genusswaderung_03-1024x683-800x533.jpg 800w, https:\/\/www.ausflugsziele-schweiz.ch\/wp-content\/uploads\/2019\/04\/dreibuendenstein-genusswaderung_03-1024x683-768x512.jpg 768w, https:\/\/www.ausflugsziele-schweiz.ch\/wp-content\/uploads\/2019\/04\/dreibuendenstein-genusswaderung_03-1024x683-696x464.jpg 696w, https:\/\/www.ausflugsziele-schweiz.ch\/wp-content\/uploads\/2019\/04\/dreibuendenstein-genusswaderung_03-1024x683.jpg 1024w\" sizes=\"(max-width: 630px) 100vw, 630px\" alt=\"\">\r\n                            <\/a>\r\n                            \r\n                        <\/figure>\r\n                    <\/div>\r\n                    <div class = \"td-slide-item td-item2\">\r\n                        <figure class=\"td-slide-galery-figure td-slide-popup-gallery\">\r\n                            <a class=\"slide-gallery-image-link\" href=\"https:\/\/www.ausflugsziele-schweiz.ch\/wp-content\/uploads\/2019\/04\/kulinarik-tour_dreibuendenstein-genusswanderung_lunch-sack_michaelchrist-1024x683.jpg\" title=\"kulinarik-tour_dreibuendenstein-genusswanderung_lunch-sack_michaelchrist-1024x683\"  data-caption=\"\"  data-description=\"\">\r\n                                <img decoding=\"async\" src=\"https:\/\/www.ausflugsziele-schweiz.ch\/wp-content\/uploads\/2019\/04\/kulinarik-tour_dreibuendenstein-genusswanderung_lunch-sack_michaelchrist-1024x683-630x420.jpg\" srcset=\"https:\/\/www.ausflugsziele-schweiz.ch\/wp-content\/uploads\/2019\/04\/kulinarik-tour_dreibuendenstein-genusswanderung_lunch-sack_michaelchrist-1024x683-630x420.jpg 630w, https:\/\/www.ausflugsziele-schweiz.ch\/wp-content\/uploads\/2019\/04\/kulinarik-tour_dreibuendenstein-genusswanderung_lunch-sack_michaelchrist-1024x683-800x533.jpg 800w, https:\/\/www.ausflugsziele-schweiz.ch\/wp-content\/uploads\/2019\/04\/kulinarik-tour_dreibuendenstein-genusswanderung_lunch-sack_michaelchrist-1024x683-768x512.jpg 768w, https:\/\/www.ausflugsziele-schweiz.ch\/wp-content\/uploads\/2019\/04\/kulinarik-tour_dreibuendenstein-genusswanderung_lunch-sack_michaelchrist-1024x683-696x464.jpg 696w, https:\/\/www.ausflugsziele-schweiz.ch\/wp-content\/uploads\/2019\/04\/kulinarik-tour_dreibuendenstein-genusswanderung_lunch-sack_michaelchrist-1024x683.jpg 1024w\" sizes=\"(max-width: 630px) 100vw, 630px\" alt=\"\">\r\n                            <\/a>\r\n                            \r\n                        <\/figure>\r\n                    <\/div>\r\n                    <div class = \"td-slide-item td-item3\">\r\n                        <figure class=\"td-slide-galery-figure td-slide-popup-gallery\">\r\n                            <a class=\"slide-gallery-image-link\" href=\"https:\/\/www.ausflugsziele-schweiz.ch\/wp-content\/uploads\/2019\/04\/160518_132-1024x684.jpg\" title=\"160518_132-1024x684\"  data-caption=\"\"  data-description=\"\">\r\n                                <img decoding=\"async\" src=\"https:\/\/www.ausflugsziele-schweiz.ch\/wp-content\/uploads\/2019\/04\/160518_132-1024x684-629x420.jpg\" srcset=\"https:\/\/www.ausflugsziele-schweiz.ch\/wp-content\/uploads\/2019\/04\/160518_132-1024x684-629x420.jpg 629w, https:\/\/www.ausflugsziele-schweiz.ch\/wp-content\/uploads\/2019\/04\/160518_132-1024x684-798x533.jpg 798w, https:\/\/www.ausflugsziele-schweiz.ch\/wp-content\/uploads\/2019\/04\/160518_132-1024x684-768x513.jpg 768w, https:\/\/www.ausflugsziele-schweiz.ch\/wp-content\/uploads\/2019\/04\/160518_132-1024x684-696x465.jpg 696w, https:\/\/www.ausflugsziele-schweiz.ch\/wp-content\/uploads\/2019\/04\/160518_132-1024x684.jpg 1024w\" sizes=\"(max-width: 629px) 100vw, 629px\" alt=\"\">\r\n                            <\/a>\r\n                            \r\n                        <\/figure>\r\n                    <\/div>\r\n                    <div class = \"td-slide-item td-item4\">\r\n                        <figure class=\"td-slide-galery-figure td-slide-popup-gallery\">\r\n                            <a class=\"slide-gallery-image-link\" href=\"https:\/\/www.ausflugsziele-schweiz.ch\/wp-content\/uploads\/2019\/04\/dreibuendenstein-genusswaderung_02-1024x683.jpg\" title=\"dreibuendenstein-genusswaderung_02-1024x683\"  data-caption=\"\"  data-description=\"\">\r\n                                <img decoding=\"async\" src=\"https:\/\/www.ausflugsziele-schweiz.ch\/wp-content\/uploads\/2019\/04\/dreibuendenstein-genusswaderung_02-1024x683-630x420.jpg\" srcset=\"https:\/\/www.ausflugsziele-schweiz.ch\/wp-content\/uploads\/2019\/04\/dreibuendenstein-genusswaderung_02-1024x683-630x420.jpg 630w, https:\/\/www.ausflugsziele-schweiz.ch\/wp-content\/uploads\/2019\/04\/dreibuendenstein-genusswaderung_02-1024x683-800x533.jpg 800w, https:\/\/www.ausflugsziele-schweiz.ch\/wp-content\/uploads\/2019\/04\/dreibuendenstein-genusswaderung_02-1024x683-768x512.jpg 768w, https:\/\/www.ausflugsziele-schweiz.ch\/wp-content\/uploads\/2019\/04\/dreibuendenstein-genusswaderung_02-1024x683-696x464.jpg 696w, https:\/\/www.ausflugsziele-schweiz.ch\/wp-content\/uploads\/2019\/04\/dreibuendenstein-genusswaderung_02-1024x683.jpg 1024w\" sizes=\"(max-width: 630px) 100vw, 630px\" alt=\"\">\r\n                            <\/a>\r\n                            \r\n                        <\/figure>\r\n                    <\/div>\r\n                    <div class = \"td-slide-item td-item5\">\r\n                        <figure class=\"td-slide-galery-figure td-slide-popup-gallery\">\r\n                            <a class=\"slide-gallery-image-link\" href=\"https:\/\/www.ausflugsziele-schweiz.ch\/wp-content\/uploads\/2019\/04\/dreibuendenstein-genusswaderung_01-1024x684.jpg\" title=\"dreibuendenstein-genusswaderung_01-1024x684\"  data-caption=\"\"  data-description=\"\">\r\n                                <img decoding=\"async\" src=\"https:\/\/www.ausflugsziele-schweiz.ch\/wp-content\/uploads\/2019\/04\/dreibuendenstein-genusswaderung_01-1024x684-629x420.jpg\" srcset=\"https:\/\/www.ausflugsziele-schweiz.ch\/wp-content\/uploads\/2019\/04\/dreibuendenstein-genusswaderung_01-1024x684-629x420.jpg 629w, https:\/\/www.ausflugsziele-schweiz.ch\/wp-content\/uploads\/2019\/04\/dreibuendenstein-genusswaderung_01-1024x684-798x533.jpg 798w, https:\/\/www.ausflugsziele-schweiz.ch\/wp-content\/uploads\/2019\/04\/dreibuendenstein-genusswaderung_01-1024x684-768x513.jpg 768w, https:\/\/www.ausflugsziele-schweiz.ch\/wp-content\/uploads\/2019\/04\/dreibuendenstein-genusswaderung_01-1024x684-696x465.jpg 696w, https:\/\/www.ausflugsziele-schweiz.ch\/wp-content\/uploads\/2019\/04\/dreibuendenstein-genusswaderung_01-1024x684.jpg 1024w\" sizes=\"(max-width: 629px) 100vw, 629px\" alt=\"\">\r\n                            <\/a>\r\n                            \r\n                        <\/figure>\r\n                    <\/div>\r\n                            <\/div>\r\n                        <\/div>\r\n\r\n                        <div class = \"td-doubleSlider-2\">\r\n                            <div class = \"td-slider\">\r\n                                \r\n                    <div class = \"td-button td-item1\">\r\n                        <div class = \"td-border\"><\/div>\r\n                    <\/div>\r\n                    <div class = \"td-button td-item2\">\r\n                        <div class = \"td-border\"><\/div>\r\n                    <\/div>\r\n                    <div class = \"td-button td-item3\">\r\n                        <div class = \"td-border\"><\/div>\r\n                    <\/div>\r\n                    <div class = \"td-button td-item4\">\r\n                        <div class = \"td-border\"><\/div>\r\n                    <\/div>\r\n                    <div class = \"td-button td-item5\">\r\n                        <div class = \"td-border\"><\/div>\r\n                    <\/div>\r\n                            <\/div>\r\n                        <\/div>\r\n\r\n                    <\/div>\r\n\r\n                <\/div>\r\n                \n<p><a href=\"http:\/\/www.churtourismus.ch\/kulinariktouren\" target=\"_blank\" rel=\"noopener noreferrer\">Kulinarik Touren<\/a> | <a href=\"https:\/\/chur.graubuenden.ch\/de\/aktivitaeten-erlebnisse\/dreibuendenstein-rundwanderungen-sommer\" target=\"_blank\" rel=\"noopener noreferrer\">Dreib\u00fcndenstein Rundwanderungen<\/a> | <a href=\"https:\/\/chur.graubuenden.ch\/de\/buendner-spezialitaeten\" target=\"_blank\" rel=\"noopener noreferrer\">B\u00fcndner Spezialit\u00e4ten<\/a> |\u00a0<a href=\"https:\/\/chur.graubuenden.ch\/de\/angebot\/chur\/alpenstadt-haeppchen-gspunna-guat\" target=\"_blank\" rel=\"noopener noreferrer\">Alpenstadt H\u00e4ppchen<\/a> | <a href=\"https:\/\/chur.graubuenden.ch\/de\/angebot\/chur\/wie-kommt-churer-roeteli-flasche\" target=\"_blank\" rel=\"noopener noreferrer\">Churer R\u00f6teli<\/a><\/p>\n<h3>Alpengaudi-Stafette Brambr\u00fcesch \u2013 das neue urchige Team-Event<\/h3>\n<p>Nicht nur Muskelkraft und Hirnschmalz sind bei der Alpengaudi-Stafette Brambr\u00fcesch gefragt. Auch Ihre Lachmuskeln werden bei diesem neuen urchigen Team-Event am Churer Hausberg trainiert. Ein Alpenparcours, N\u00e4gel versenken, Baumstamm werfen, Gummistiefel Weitwurf und Kuh melken auf Zeit heissen die Disziplinen, die Sie gemeinsam im Team meistern m\u00fcssen. Dieses Gruppenerlebnis wird noch lange ein lustiges Gespr\u00e4chsthema sein und unvergessen bleiben, ganz egal, ob Sie als Verein, Unternehmen, unter Freunden oder Familien an diesem Gruppenangebot teilnehmen.<\/p>\n<p><a href=\"https:\/\/chur.graubuenden.ch\/de\/angebot\/chur\/alpengaudi-stafette-teamevent-brambrueesch\" target=\"_blank\" rel=\"noopener noreferrer\">Alpengaudi-Stafette Brambr\u00fcesch<\/a> | <a href=\"https:\/\/chur.graubuenden.ch\/de\/suche\/angebote\/t\/angebote-gruppenausfluege\" target=\"_blank\" rel=\"noopener noreferrer\">Weitere Gruppenangebote<\/a><\/p>\n<p><iframe loading=\"lazy\" src=\"https:\/\/player.vimeo.com\/video\/329426005\" width=\"640\" height=\"480\" frameborder=\"0\" allowfullscreen=\"allowfullscreen\"><\/iframe><\/p>\n<p><strong>Sie m\u00f6chten detaillierte Informationen oder haben Fragen? Schicken Sie uns eine Mitteilung oder rufen Sie uns an!<\/strong><\/p>\n","protected":false},"excerpt":{"rendered":"<p>Ihr Stadt- und Bergerlebnis in der \u00e4ltesten Stadt der Schweiz Entdecken Sie die B\u00fcndner Hauptstadt Chur auf einer abwechslungsreichen Stadtf\u00fchrung durch die malerische Altstadt. Die Chur Bergbahnen bringen Sie danach direkt aus dem Stadtzentrum auf den Hausberg Brambr\u00fcesch. Erleben Sie die herrliche Natur beim Biken und Wandern oder buchen Sie eines der originellen Gruppenangebote oder [&hellip;]<\/p>\n","protected":false},"author":7,"featured_media":114294,"comment_status":"closed","ping_status":"closed","sticky":false,"template":"","format":"standard","meta":{"_acf_changed":false,"footnotes":""},"categories":[496,714,3644,4133,603],"tags":[498,499,500,501,502,503,504,505,506,507,508,509,510,511,512,513,514,515,516,517,518,519,520,3646,521,522,523,524,525,526,527,528,529],"class_list":{"0":"post-5432","1":"post","2":"type-post","3":"status-publish","4":"format-standard","5":"has-post-thumbnail","7":"category-bahn-schiff","8":"category-bergbahnen","9":"category-destination","10":"category-premium-tourismus-sommer","11":"category-tourismus-ausflugsziele","12":"tag-alpengaudi-stafette-2","13":"tag-alpenparcours-2","14":"tag-alpenstadt-2","15":"tag-altstadt-chur-2","16":"tag-bauernmarkt-2","17":"tag-bauernmarkt-chur-2","18":"tag-biken-2","19":"tag-brambrueesch-2","20":"tag-buendner-spezialitaeten-2","21":"tag-chur-2","22":"tag-chur-entdecken-2","23":"tag-chur-tourismus-2","24":"tag-churer-roeteli-2","25":"tag-dreibuendenstein-2","26":"tag-dreibuendenstein-genusswanderung-2","27":"tag-feldis-2","28":"tag-gondelbahn-2","29":"tag-gruppenangebote-2","30":"tag-gruppenerlebnis-2","31":"tag-hochebene-brambrueesch-2","32":"tag-kulinarik-tour-2","33":"tag-museen-2","34":"tag-roeteli-2","35":"tag-slider","36":"tag-sommer-2","37":"tag-sommer-in-chur-2","38":"tag-stadtfuehrung-2","39":"tag-stadtfuehrung-chur-2","40":"tag-team-event-2","41":"tag-velo-tour-2","42":"tag-wandern-2","43":"tag-wandern-chur-2","44":"tag-wanderung-2"},"acf":[],"yoast_head":"<!-- This site is optimized with the Yoast SEO plugin v27.5 - https:\/\/yoast.com\/product\/yoast-seo-wordpress\/ -->\n<title>Entdecken Sie die Alpenstadt Chur \u2013 Ausflugsziele Schweiz<\/title>\n<meta name=\"description\" content=\"Die Alpenstadt Chur ist ein tolles Stadt- und Bergerlebnis. Unternehmen Sie eine Stadtf\u00fchrung oder machen Sie einen Ausflug mit der Gondelbahn auf den ...\" \/>\n<meta name=\"robots\" content=\"index, follow, max-snippet:-1, max-image-preview:large, max-video-preview:-1\" \/>\n<link rel=\"canonical\" href=\"https:\/\/www.ausflugsziele-schweiz.ch\/sommer\/die-alpenstadt-chur-im-sommer-erleben-2\/\" \/>\n<meta property=\"og:locale\" content=\"so_SO\" \/>\n<meta property=\"og:type\" content=\"article\" \/>\n<meta property=\"og:title\" content=\"Entdecken Sie die Alpenstadt Chur \u2013 Ausflugsziele Schweiz\" \/>\n<meta property=\"og:description\" content=\"Die Alpenstadt Chur ist ein tolles Stadt- und Bergerlebnis. Unternehmen Sie eine Stadtf\u00fchrung oder machen Sie einen Ausflug mit der Gondelbahn auf den ...\" \/>\n<meta property=\"og:url\" content=\"https:\/\/www.ausflugsziele-schweiz.ch\/sommer\/die-alpenstadt-chur-im-sommer-erleben-2\/\" \/>\n<meta property=\"og:site_name\" content=\"Ausflugsziele\" \/>\n<meta property=\"article:publisher\" content=\"https:\/\/www.facebook.com\/ausflugszieleschweiz\/\" \/>\n<meta property=\"article:published_time\" content=\"2019-04-13T13:00:59+00:00\" \/>\n<meta property=\"article:modified_time\" content=\"2022-04-04T19:33:06+00:00\" \/>\n<meta property=\"og:image\" content=\"https:\/\/www.ausflugsziele-schweiz.ch\/wp-content\/uploads\/2019\/04\/Alpenbikepark-Chur_Gondel-1200x800.jpg\" \/>\n\t<meta property=\"og:image:width\" content=\"1400\" \/>\n\t<meta property=\"og:image:height\" content=\"933\" \/>\n\t<meta property=\"og:image:type\" content=\"image\/jpeg\" \/>\n<meta name=\"author\" content=\"imatrix\" \/>\n<meta name=\"twitter:card\" content=\"summary_large_image\" \/>\n<meta name=\"twitter:label1\" content=\"Written by\" \/>\n\t<meta name=\"twitter:data1\" content=\"imatrix\" \/>\n\t<meta name=\"twitter:label2\" content=\"Est. reading time\" \/>\n\t<meta name=\"twitter:data2\" content=\"3 minutes\" \/>\n<script type=\"application\/ld+json\" class=\"yoast-schema-graph\">{\"@context\":\"https:\\\/\\\/schema.org\",\"@graph\":[{\"@type\":\"Article\",\"@id\":\"https:\\\/\\\/www.ausflugsziele-schweiz.ch\\\/sommer\\\/die-alpenstadt-chur-im-sommer-erleben-2\\\/#article\",\"isPartOf\":{\"@id\":\"https:\\\/\\\/www.ausflugsziele-schweiz.ch\\\/sommer\\\/die-alpenstadt-chur-im-sommer-erleben-2\\\/\"},\"author\":{\"name\":\"imatrix\",\"@id\":\"https:\\\/\\\/www.ausflugsziele-schweiz.ch\\\/sommer\\\/#\\\/schema\\\/person\\\/c57c323f187c389c84ea15885ffe79f1\"},\"headline\":\"Entdecken Sie die Alpenstadt Chur\",\"datePublished\":\"2019-04-13T13:00:59+00:00\",\"dateModified\":\"2022-04-04T19:33:06+00:00\",\"mainEntityOfPage\":{\"@id\":\"https:\\\/\\\/www.ausflugsziele-schweiz.ch\\\/sommer\\\/die-alpenstadt-chur-im-sommer-erleben-2\\\/\"},\"wordCount\":538,\"publisher\":{\"@id\":\"https:\\\/\\\/www.ausflugsziele-schweiz.ch\\\/sommer\\\/#organization\"},\"image\":{\"@id\":\"https:\\\/\\\/www.ausflugsziele-schweiz.ch\\\/sommer\\\/die-alpenstadt-chur-im-sommer-erleben-2\\\/#primaryimage\"},\"thumbnailUrl\":\"https:\\\/\\\/www.ausflugsziele-schweiz.ch\\\/wp-content\\\/uploads\\\/2019\\\/04\\\/Alpenbikepark-Chur_Gondel-1200x800.jpg\",\"keywords\":[\"Alpengaudi-Stafette\",\"Alpenparcours\",\"Alpenstadt\",\"Altstadt Chur\",\"Bauernmarkt\",\"Bauernmarkt Chur\",\"biken\",\"Brambr\u00fcesch\",\"B\u00fcndner Spezialit\u00e4ten\",\"Chur\",\"Chur entdecken:\",\"Chur Tourismus\",\"Churer R\u00f6teli\",\"Dreib\u00fcndenstein\",\"Dreib\u00fcndenstein Genusswanderung\",\"Feldis\",\"Gondelbahn\",\"Gruppenangebote\",\"Gruppenerlebnis\",\"Hochebene Brambr\u00fcesch\",\"Kulinarik-Tour\",\"Museen\",\"R\u00f6teli\",\"slider\",\"Sommer\",\"Sommer in Chur\",\"Stadtf\u00fchrung\",\"Stadtf\u00fchrung Chur\",\"Team-Event\",\"Velo-Tour\",\"Wandern\",\"wandern Chur\",\"Wanderung\"],\"articleSection\":[\"Bahn &amp; Schiff\",\"Bergbahnen &amp; Bahnen\",\"Destination\",\"Premium Tourismus\",\"Tourismus\"],\"inLanguage\":\"so-MR\"},{\"@type\":\"WebPage\",\"@id\":\"https:\\\/\\\/www.ausflugsziele-schweiz.ch\\\/sommer\\\/die-alpenstadt-chur-im-sommer-erleben-2\\\/\",\"url\":\"https:\\\/\\\/www.ausflugsziele-schweiz.ch\\\/sommer\\\/die-alpenstadt-chur-im-sommer-erleben-2\\\/\",\"name\":\"Entdecken Sie die Alpenstadt Chur \u2013 Ausflugsziele Schweiz\",\"isPartOf\":{\"@id\":\"https:\\\/\\\/www.ausflugsziele-schweiz.ch\\\/sommer\\\/#website\"},\"primaryImageOfPage\":{\"@id\":\"https:\\\/\\\/www.ausflugsziele-schweiz.ch\\\/sommer\\\/die-alpenstadt-chur-im-sommer-erleben-2\\\/#primaryimage\"},\"image\":{\"@id\":\"https:\\\/\\\/www.ausflugsziele-schweiz.ch\\\/sommer\\\/die-alpenstadt-chur-im-sommer-erleben-2\\\/#primaryimage\"},\"thumbnailUrl\":\"https:\\\/\\\/www.ausflugsziele-schweiz.ch\\\/wp-content\\\/uploads\\\/2019\\\/04\\\/Alpenbikepark-Chur_Gondel-1200x800.jpg\",\"datePublished\":\"2019-04-13T13:00:59+00:00\",\"dateModified\":\"2022-04-04T19:33:06+00:00\",\"description\":\"Die Alpenstadt Chur ist ein tolles Stadt- und Bergerlebnis. Unternehmen Sie eine Stadtf\u00fchrung oder machen Sie einen Ausflug mit der Gondelbahn auf den ...\",\"breadcrumb\":{\"@id\":\"https:\\\/\\\/www.ausflugsziele-schweiz.ch\\\/sommer\\\/die-alpenstadt-chur-im-sommer-erleben-2\\\/#breadcrumb\"},\"inLanguage\":\"so-MR\",\"potentialAction\":[{\"@type\":\"ReadAction\",\"target\":[\"https:\\\/\\\/www.ausflugsziele-schweiz.ch\\\/sommer\\\/die-alpenstadt-chur-im-sommer-erleben-2\\\/\"]}]},{\"@type\":\"ImageObject\",\"inLanguage\":\"so-MR\",\"@id\":\"https:\\\/\\\/www.ausflugsziele-schweiz.ch\\\/sommer\\\/die-alpenstadt-chur-im-sommer-erleben-2\\\/#primaryimage\",\"url\":\"https:\\\/\\\/www.ausflugsziele-schweiz.ch\\\/wp-content\\\/uploads\\\/2019\\\/04\\\/Alpenbikepark-Chur_Gondel-1200x800.jpg\",\"contentUrl\":\"https:\\\/\\\/www.ausflugsziele-schweiz.ch\\\/wp-content\\\/uploads\\\/2019\\\/04\\\/Alpenbikepark-Chur_Gondel-1200x800.jpg\",\"width\":1400,\"height\":933},{\"@type\":\"BreadcrumbList\",\"@id\":\"https:\\\/\\\/www.ausflugsziele-schweiz.ch\\\/sommer\\\/die-alpenstadt-chur-im-sommer-erleben-2\\\/#breadcrumb\",\"itemListElement\":[{\"@type\":\"ListItem\",\"position\":1,\"name\":\"Home\",\"item\":\"https:\\\/\\\/www.ausflugsziele-schweiz.ch\\\/sommer\\\/\"},{\"@type\":\"ListItem\",\"position\":2,\"name\":\"Entdecken Sie die Alpenstadt Chur\"}]},{\"@type\":\"WebSite\",\"@id\":\"https:\\\/\\\/www.ausflugsziele-schweiz.ch\\\/sommer\\\/#website\",\"url\":\"https:\\\/\\\/www.ausflugsziele-schweiz.ch\\\/sommer\\\/\",\"name\":\"Ausflugsziele\",\"description\":\"ausflugsziele-schweiz.ch\",\"publisher\":{\"@id\":\"https:\\\/\\\/www.ausflugsziele-schweiz.ch\\\/sommer\\\/#organization\"},\"alternateName\":\"Entdecke die sch\u00f6nsten Erlebnisse der Schweiz.\",\"potentialAction\":[{\"@type\":\"SearchAction\",\"target\":{\"@type\":\"EntryPoint\",\"urlTemplate\":\"https:\\\/\\\/www.ausflugsziele-schweiz.ch\\\/sommer\\\/?s={search_term_string}\"},\"query-input\":{\"@type\":\"PropertyValueSpecification\",\"valueRequired\":true,\"valueName\":\"search_term_string\"}}],\"inLanguage\":\"so-MR\"},{\"@type\":\"Organization\",\"@id\":\"https:\\\/\\\/www.ausflugsziele-schweiz.ch\\\/sommer\\\/#organization\",\"name\":\"Ausflugsziele Schweiz\",\"alternateName\":\"Entdecke die sch\u00f6nsten Erlebnisse der Schweiz.\",\"url\":\"https:\\\/\\\/www.ausflugsziele-schweiz.ch\\\/sommer\\\/\",\"logo\":{\"@type\":\"ImageObject\",\"inLanguage\":\"so-MR\",\"@id\":\"https:\\\/\\\/www.ausflugsziele-schweiz.ch\\\/sommer\\\/#\\\/schema\\\/logo\\\/image\\\/\",\"url\":\"https:\\\/\\\/www.ausflugsziele-schweiz.ch\\\/wp-content\\\/uploads\\\/2022\\\/03\\\/icon-1.png\",\"contentUrl\":\"https:\\\/\\\/www.ausflugsziele-schweiz.ch\\\/wp-content\\\/uploads\\\/2022\\\/03\\\/icon-1.png\",\"width\":600,\"height\":600,\"caption\":\"Ausflugsziele Schweiz\"},\"image\":{\"@id\":\"https:\\\/\\\/www.ausflugsziele-schweiz.ch\\\/sommer\\\/#\\\/schema\\\/logo\\\/image\\\/\"},\"sameAs\":[\"https:\\\/\\\/www.facebook.com\\\/ausflugszieleschweiz\\\/\"]},{\"@type\":\"Person\",\"@id\":\"https:\\\/\\\/www.ausflugsziele-schweiz.ch\\\/sommer\\\/#\\\/schema\\\/person\\\/c57c323f187c389c84ea15885ffe79f1\",\"name\":\"imatrix\",\"image\":{\"@type\":\"ImageObject\",\"inLanguage\":\"so-MR\",\"@id\":\"https:\\\/\\\/secure.gravatar.com\\\/avatar\\\/d8860d2cdda3de8e09895767394557b234c0e6ad1a80b3b7ccfec03df1a6a41b?s=96&d=retro&r=g\",\"url\":\"https:\\\/\\\/secure.gravatar.com\\\/avatar\\\/d8860d2cdda3de8e09895767394557b234c0e6ad1a80b3b7ccfec03df1a6a41b?s=96&d=retro&r=g\",\"contentUrl\":\"https:\\\/\\\/secure.gravatar.com\\\/avatar\\\/d8860d2cdda3de8e09895767394557b234c0e6ad1a80b3b7ccfec03df1a6a41b?s=96&d=retro&r=g\",\"caption\":\"imatrix\"},\"url\":\"https:\\\/\\\/www.ausflugsziele-schweiz.ch\\\/sommer\\\/author\\\/imatrix\\\/\"}]}<\/script>\n<!-- \/ Yoast SEO plugin. -->","yoast_head_json":{"title":"Entdecken Sie die Alpenstadt Chur \u2013 Ausflugsziele Schweiz","description":"Die Alpenstadt Chur ist ein tolles Stadt- und Bergerlebnis. Unternehmen Sie eine Stadtf\u00fchrung oder machen Sie einen Ausflug mit der Gondelbahn auf den ...","robots":{"index":"index","follow":"follow","max-snippet":"max-snippet:-1","max-image-preview":"max-image-preview:large","max-video-preview":"max-video-preview:-1"},"canonical":"https:\/\/www.ausflugsziele-schweiz.ch\/sommer\/die-alpenstadt-chur-im-sommer-erleben-2\/","og_locale":"so_SO","og_type":"article","og_title":"Entdecken Sie die Alpenstadt Chur \u2013 Ausflugsziele Schweiz","og_description":"Die Alpenstadt Chur ist ein tolles Stadt- und Bergerlebnis. Unternehmen Sie eine Stadtf\u00fchrung oder machen Sie einen Ausflug mit der Gondelbahn auf den ...","og_url":"https:\/\/www.ausflugsziele-schweiz.ch\/sommer\/die-alpenstadt-chur-im-sommer-erleben-2\/","og_site_name":"Ausflugsziele","article_publisher":"https:\/\/www.facebook.com\/ausflugszieleschweiz\/","article_published_time":"2019-04-13T13:00:59+00:00","article_modified_time":"2022-04-04T19:33:06+00:00","og_image":[{"width":1400,"height":933,"url":"https:\/\/www.ausflugsziele-schweiz.ch\/wp-content\/uploads\/2019\/04\/Alpenbikepark-Chur_Gondel-1200x800.jpg","type":"image\/jpeg"}],"author":"imatrix","twitter_card":"summary_large_image","twitter_misc":{"Written by":"imatrix","Est. reading time":"3 minutes"},"schema":{"@context":"https:\/\/schema.org","@graph":[{"@type":"Article","@id":"https:\/\/www.ausflugsziele-schweiz.ch\/sommer\/die-alpenstadt-chur-im-sommer-erleben-2\/#article","isPartOf":{"@id":"https:\/\/www.ausflugsziele-schweiz.ch\/sommer\/die-alpenstadt-chur-im-sommer-erleben-2\/"},"author":{"name":"imatrix","@id":"https:\/\/www.ausflugsziele-schweiz.ch\/sommer\/#\/schema\/person\/c57c323f187c389c84ea15885ffe79f1"},"headline":"Entdecken Sie die Alpenstadt Chur","datePublished":"2019-04-13T13:00:59+00:00","dateModified":"2022-04-04T19:33:06+00:00","mainEntityOfPage":{"@id":"https:\/\/www.ausflugsziele-schweiz.ch\/sommer\/die-alpenstadt-chur-im-sommer-erleben-2\/"},"wordCount":538,"publisher":{"@id":"https:\/\/www.ausflugsziele-schweiz.ch\/sommer\/#organization"},"image":{"@id":"https:\/\/www.ausflugsziele-schweiz.ch\/sommer\/die-alpenstadt-chur-im-sommer-erleben-2\/#primaryimage"},"thumbnailUrl":"https:\/\/www.ausflugsziele-schweiz.ch\/wp-content\/uploads\/2019\/04\/Alpenbikepark-Chur_Gondel-1200x800.jpg","keywords":["Alpengaudi-Stafette","Alpenparcours","Alpenstadt","Altstadt Chur","Bauernmarkt","Bauernmarkt Chur","biken","Brambr\u00fcesch","B\u00fcndner Spezialit\u00e4ten","Chur","Chur entdecken:","Chur Tourismus","Churer R\u00f6teli","Dreib\u00fcndenstein","Dreib\u00fcndenstein Genusswanderung","Feldis","Gondelbahn","Gruppenangebote","Gruppenerlebnis","Hochebene Brambr\u00fcesch","Kulinarik-Tour","Museen","R\u00f6teli","slider","Sommer","Sommer in Chur","Stadtf\u00fchrung","Stadtf\u00fchrung Chur","Team-Event","Velo-Tour","Wandern","wandern Chur","Wanderung"],"articleSection":["Bahn &amp; Schiff","Bergbahnen &amp; Bahnen","Destination","Premium Tourismus","Tourismus"],"inLanguage":"so-MR"},{"@type":"WebPage","@id":"https:\/\/www.ausflugsziele-schweiz.ch\/sommer\/die-alpenstadt-chur-im-sommer-erleben-2\/","url":"https:\/\/www.ausflugsziele-schweiz.ch\/sommer\/die-alpenstadt-chur-im-sommer-erleben-2\/","name":"Entdecken Sie die Alpenstadt Chur \u2013 Ausflugsziele Schweiz","isPartOf":{"@id":"https:\/\/www.ausflugsziele-schweiz.ch\/sommer\/#website"},"primaryImageOfPage":{"@id":"https:\/\/www.ausflugsziele-schweiz.ch\/sommer\/die-alpenstadt-chur-im-sommer-erleben-2\/#primaryimage"},"image":{"@id":"https:\/\/www.ausflugsziele-schweiz.ch\/sommer\/die-alpenstadt-chur-im-sommer-erleben-2\/#primaryimage"},"thumbnailUrl":"https:\/\/www.ausflugsziele-schweiz.ch\/wp-content\/uploads\/2019\/04\/Alpenbikepark-Chur_Gondel-1200x800.jpg","datePublished":"2019-04-13T13:00:59+00:00","dateModified":"2022-04-04T19:33:06+00:00","description":"Die Alpenstadt Chur ist ein tolles Stadt- und Bergerlebnis. Unternehmen Sie eine Stadtf\u00fchrung oder machen Sie einen Ausflug mit der Gondelbahn auf den ...","breadcrumb":{"@id":"https:\/\/www.ausflugsziele-schweiz.ch\/sommer\/die-alpenstadt-chur-im-sommer-erleben-2\/#breadcrumb"},"inLanguage":"so-MR","potentialAction":[{"@type":"ReadAction","target":["https:\/\/www.ausflugsziele-schweiz.ch\/sommer\/die-alpenstadt-chur-im-sommer-erleben-2\/"]}]},{"@type":"ImageObject","inLanguage":"so-MR","@id":"https:\/\/www.ausflugsziele-schweiz.ch\/sommer\/die-alpenstadt-chur-im-sommer-erleben-2\/#primaryimage","url":"https:\/\/www.ausflugsziele-schweiz.ch\/wp-content\/uploads\/2019\/04\/Alpenbikepark-Chur_Gondel-1200x800.jpg","contentUrl":"https:\/\/www.ausflugsziele-schweiz.ch\/wp-content\/uploads\/2019\/04\/Alpenbikepark-Chur_Gondel-1200x800.jpg","width":1400,"height":933},{"@type":"BreadcrumbList","@id":"https:\/\/www.ausflugsziele-schweiz.ch\/sommer\/die-alpenstadt-chur-im-sommer-erleben-2\/#breadcrumb","itemListElement":[{"@type":"ListItem","position":1,"name":"Home","item":"https:\/\/www.ausflugsziele-schweiz.ch\/sommer\/"},{"@type":"ListItem","position":2,"name":"Entdecken Sie die Alpenstadt Chur"}]},{"@type":"WebSite","@id":"https:\/\/www.ausflugsziele-schweiz.ch\/sommer\/#website","url":"https:\/\/www.ausflugsziele-schweiz.ch\/sommer\/","name":"Ausflugsziele","description":"ausflugsziele-schweiz.ch","publisher":{"@id":"https:\/\/www.ausflugsziele-schweiz.ch\/sommer\/#organization"},"alternateName":"Entdecke die sch\u00f6nsten Erlebnisse der Schweiz.","potentialAction":[{"@type":"SearchAction","target":{"@type":"EntryPoint","urlTemplate":"https:\/\/www.ausflugsziele-schweiz.ch\/sommer\/?s={search_term_string}"},"query-input":{"@type":"PropertyValueSpecification","valueRequired":true,"valueName":"search_term_string"}}],"inLanguage":"so-MR"},{"@type":"Organization","@id":"https:\/\/www.ausflugsziele-schweiz.ch\/sommer\/#organization","name":"Ausflugsziele Schweiz","alternateName":"Entdecke die sch\u00f6nsten Erlebnisse der Schweiz.","url":"https:\/\/www.ausflugsziele-schweiz.ch\/sommer\/","logo":{"@type":"ImageObject","inLanguage":"so-MR","@id":"https:\/\/www.ausflugsziele-schweiz.ch\/sommer\/#\/schema\/logo\/image\/","url":"https:\/\/www.ausflugsziele-schweiz.ch\/wp-content\/uploads\/2022\/03\/icon-1.png","contentUrl":"https:\/\/www.ausflugsziele-schweiz.ch\/wp-content\/uploads\/2022\/03\/icon-1.png","width":600,"height":600,"caption":"Ausflugsziele Schweiz"},"image":{"@id":"https:\/\/www.ausflugsziele-schweiz.ch\/sommer\/#\/schema\/logo\/image\/"},"sameAs":["https:\/\/www.facebook.com\/ausflugszieleschweiz\/"]},{"@type":"Person","@id":"https:\/\/www.ausflugsziele-schweiz.ch\/sommer\/#\/schema\/person\/c57c323f187c389c84ea15885ffe79f1","name":"imatrix","image":{"@type":"ImageObject","inLanguage":"so-MR","@id":"https:\/\/secure.gravatar.com\/avatar\/d8860d2cdda3de8e09895767394557b234c0e6ad1a80b3b7ccfec03df1a6a41b?s=96&d=retro&r=g","url":"https:\/\/secure.gravatar.com\/avatar\/d8860d2cdda3de8e09895767394557b234c0e6ad1a80b3b7ccfec03df1a6a41b?s=96&d=retro&r=g","contentUrl":"https:\/\/secure.gravatar.com\/avatar\/d8860d2cdda3de8e09895767394557b234c0e6ad1a80b3b7ccfec03df1a6a41b?s=96&d=retro&r=g","caption":"imatrix"},"url":"https:\/\/www.ausflugsziele-schweiz.ch\/sommer\/author\/imatrix\/"}]}},"_links":{"self":[{"href":"https:\/\/www.ausflugsziele-schweiz.ch\/sommer\/wp-json\/wp\/v2\/posts\/5432","targetHints":{"allow":["GET"]}}],"collection":[{"href":"https:\/\/www.ausflugsziele-schweiz.ch\/sommer\/wp-json\/wp\/v2\/posts"}],"about":[{"href":"https:\/\/www.ausflugsziele-schweiz.ch\/sommer\/wp-json\/wp\/v2\/types\/post"}],"author":[{"embeddable":true,"href":"https:\/\/www.ausflugsziele-schweiz.ch\/sommer\/wp-json\/wp\/v2\/users\/7"}],"replies":[{"embeddable":true,"href":"https:\/\/www.ausflugsziele-schweiz.ch\/sommer\/wp-json\/wp\/v2\/comments?post=5432"}],"version-history":[{"count":0,"href":"https:\/\/www.ausflugsziele-schweiz.ch\/sommer\/wp-json\/wp\/v2\/posts\/5432\/revisions"}],"wp:featuredmedia":[{"embeddable":true,"href":"https:\/\/www.ausflugsziele-schweiz.ch\/sommer\/wp-json\/wp\/v2\/media\/114294"}],"wp:attachment":[{"href":"https:\/\/www.ausflugsziele-schweiz.ch\/sommer\/wp-json\/wp\/v2\/media?parent=5432"}],"wp:term":[{"taxonomy":"category","embeddable":true,"href":"https:\/\/www.ausflugsziele-schweiz.ch\/sommer\/wp-json\/wp\/v2\/categories?post=5432"},{"taxonomy":"post_tag","embeddable":true,"href":"https:\/\/www.ausflugsziele-schweiz.ch\/sommer\/wp-json\/wp\/v2\/tags?post=5432"}],"curies":[{"name":"wp","href":"https:\/\/api.w.org\/{rel}","templated":true}]}}