{"id":5553,"date":"2019-06-12T15:00:10","date_gmt":"2019-06-12T13:00:10","guid":{"rendered":"https:\/\/www.ausflugsziele-schweiz.ch\/sommer\/?p=5553"},"modified":"2022-04-07T10:10:33","modified_gmt":"2022-04-07T08:10:33","slug":"sommer-ausfluge-auf-die-rigi-rigi-bahnen-ag","status":"publish","type":"post","link":"https:\/\/www.ausflugsziele-schweiz.ch\/sommer\/sommer-ausfluge-auf-die-rigi-rigi-bahnen-ag\/","title":{"rendered":"Sommer-Ausfl\u00fcge auf die Rigi \u2013\u00a0Rigi Bahnen"},"content":{"rendered":"<h3>RIGI: Wandern, Wellness und beste Kulinarik auf der K\u00f6nigin der Berge<\/h3>\n<p><strong>Eine Auszeit gef\u00e4llig? Auf der Flucht vom Stress des Alltags? Dann ab auf die Rigi! Auf fast 1\u2019800 m \u00fc. M. warten die intakte Natur, die eindr\u00fcckliche Alpenflora, einsame Sonnenunterg\u00e4nge, eine fantastische Aussicht und romantische Wasserf\u00e4lle auf Geniesser, Wanderer und Erholungssuchende.<\/strong><\/p>\n\r\n                <style type=\"text\/css\">\r\n                    \r\n                    #tdi_1  .td-doubleSlider-2 .td-item1 {\r\n                        background: url(https:\/\/www.ausflugsziele-schweiz.ch\/wp-content\/uploads\/2019\/04\/Rigi_Panorama-4-1024x683-80x60.jpg) 0 0 no-repeat;\r\n                    }\r\n                    #tdi_1  .td-doubleSlider-2 .td-item2 {\r\n                        background: url(https:\/\/www.ausflugsziele-schweiz.ch\/wp-content\/uploads\/2019\/04\/Rigi_Panorama-Restaurant-1024x683-80x60.jpg) 0 0 no-repeat;\r\n                    }\r\n                    #tdi_1  .td-doubleSlider-2 .td-item3 {\r\n                        background: url(https:\/\/www.ausflugsziele-schweiz.ch\/wp-content\/uploads\/2019\/04\/Rigi_Wegweiser-3-1024x627-80x60.jpg) 0 0 no-repeat;\r\n                    }\r\n                    #tdi_1  .td-doubleSlider-2 .td-item4 {\r\n                        background: url(https:\/\/www.ausflugsziele-schweiz.ch\/wp-content\/uploads\/2019\/04\/Rigi_Abendstimmung-1-1024x683-80x60.jpg) 0 0 no-repeat;\r\n                    }\r\n                    #tdi_1  .td-doubleSlider-2 .td-item5 {\r\n                        background: url(https:\/\/www.ausflugsziele-schweiz.ch\/wp-content\/uploads\/2019\/04\/Rigi_Bahn-1-1024x683-80x60.jpg) 0 0 no-repeat;\r\n                    }\r\n                    #tdi_1  .td-doubleSlider-2 .td-item6 {\r\n                        background: url(https:\/\/www.ausflugsziele-schweiz.ch\/wp-content\/uploads\/2019\/04\/Rigi_Entspannung-1024x684-80x60.jpg) 0 0 no-repeat;\r\n                    }\r\n                    #tdi_1  .td-doubleSlider-2 .td-item7 {\r\n                        background: url(https:\/\/www.ausflugsziele-schweiz.ch\/wp-content\/uploads\/2019\/04\/Rigi_Panorama-2-1024x683-80x60.jpg) 0 0 no-repeat;\r\n                    }\r\n                <\/style>\r\n\r\n                <div id=\"tdi_1\" class=\"td-gallery td-slide-on-2-columns\">\r\n                    <div class=\"post_td_gallery\">\r\n                        <div class=\"td-gallery-slide-top\">\r\n                           <div class=\"td-gallery-title\"><\/div>\r\n\r\n                            <div class=\"td-gallery-controls-wrapper\">\r\n                                <div class=\"td-gallery-slide-count\"><span class=\"td-gallery-slide-item-focus\">1<\/span> of 7<\/div>\r\n                                <div class=\"td-gallery-slide-prev-next-but\">\r\n                                    <i class = \"td-icon-left doubleSliderPrevButton\"><\/i>\r\n                                    <i class = \"td-icon-right doubleSliderNextButton\"><\/i>\r\n                                <\/div>\r\n                            <\/div>\r\n                        <\/div>\r\n\r\n                        <div class = \"td-doubleSlider-1 \">\r\n                            <div class = \"td-slider\">\r\n                                \r\n                    <div class = \"td-slide-item td-item1\">\r\n                        <figure class=\"td-slide-galery-figure td-slide-popup-gallery\">\r\n                            <a class=\"slide-gallery-image-link\" href=\"https:\/\/www.ausflugsziele-schweiz.ch\/wp-content\/uploads\/2019\/04\/Rigi_Panorama-4-1024x683.jpg\" title=\"Rigi_Panorama-4-1024x683\"  data-caption=\"\"  data-description=\"\">\r\n                                <img decoding=\"async\" src=\"https:\/\/www.ausflugsziele-schweiz.ch\/wp-content\/uploads\/2019\/04\/Rigi_Panorama-4-1024x683-630x420.jpg\" srcset=\"https:\/\/www.ausflugsziele-schweiz.ch\/wp-content\/uploads\/2019\/04\/Rigi_Panorama-4-1024x683-630x420.jpg 630w, https:\/\/www.ausflugsziele-schweiz.ch\/wp-content\/uploads\/2019\/04\/Rigi_Panorama-4-1024x683-800x533.jpg 800w, https:\/\/www.ausflugsziele-schweiz.ch\/wp-content\/uploads\/2019\/04\/Rigi_Panorama-4-1024x683-768x512.jpg 768w, https:\/\/www.ausflugsziele-schweiz.ch\/wp-content\/uploads\/2019\/04\/Rigi_Panorama-4-1024x683-696x464.jpg 696w, https:\/\/www.ausflugsziele-schweiz.ch\/wp-content\/uploads\/2019\/04\/Rigi_Panorama-4-1024x683.jpg 1024w\" sizes=\"(max-width: 630px) 100vw, 630px\" alt=\"\">\r\n                            <\/a>\r\n                            \r\n                        <\/figure>\r\n                    <\/div>\r\n                    <div class = \"td-slide-item td-item2\">\r\n                        <figure class=\"td-slide-galery-figure td-slide-popup-gallery\">\r\n                            <a class=\"slide-gallery-image-link\" href=\"https:\/\/www.ausflugsziele-schweiz.ch\/wp-content\/uploads\/2019\/04\/Rigi_Panorama-Restaurant-1024x683.jpg\" title=\"Rigi_Panorama-Restaurant-1024x683\"  data-caption=\"\"  data-description=\"\">\r\n                                <img decoding=\"async\" src=\"https:\/\/www.ausflugsziele-schweiz.ch\/wp-content\/uploads\/2019\/04\/Rigi_Panorama-Restaurant-1024x683-630x420.jpg\" srcset=\"https:\/\/www.ausflugsziele-schweiz.ch\/wp-content\/uploads\/2019\/04\/Rigi_Panorama-Restaurant-1024x683-630x420.jpg 630w, https:\/\/www.ausflugsziele-schweiz.ch\/wp-content\/uploads\/2019\/04\/Rigi_Panorama-Restaurant-1024x683-800x533.jpg 800w, https:\/\/www.ausflugsziele-schweiz.ch\/wp-content\/uploads\/2019\/04\/Rigi_Panorama-Restaurant-1024x683-768x512.jpg 768w, https:\/\/www.ausflugsziele-schweiz.ch\/wp-content\/uploads\/2019\/04\/Rigi_Panorama-Restaurant-1024x683-696x464.jpg 696w, https:\/\/www.ausflugsziele-schweiz.ch\/wp-content\/uploads\/2019\/04\/Rigi_Panorama-Restaurant-1024x683.jpg 1024w\" sizes=\"(max-width: 630px) 100vw, 630px\" alt=\"\">\r\n                            <\/a>\r\n                            \r\n                        <\/figure>\r\n                    <\/div>\r\n                    <div class = \"td-slide-item td-item3\">\r\n                        <figure class=\"td-slide-galery-figure td-slide-popup-gallery\">\r\n                            <a class=\"slide-gallery-image-link\" href=\"https:\/\/www.ausflugsziele-schweiz.ch\/wp-content\/uploads\/2019\/04\/Rigi_Wegweiser-3-1024x627.jpg\" title=\"Rigi_Wegweiser-3-1024x627\"  data-caption=\"\"  data-description=\"\">\r\n                                <img decoding=\"async\" src=\"https:\/\/www.ausflugsziele-schweiz.ch\/wp-content\/uploads\/2019\/04\/Rigi_Wegweiser-3-1024x627-686x420.jpg\" srcset=\"https:\/\/www.ausflugsziele-schweiz.ch\/wp-content\/uploads\/2019\/04\/Rigi_Wegweiser-3-1024x627-686x420.jpg 686w, https:\/\/www.ausflugsziele-schweiz.ch\/wp-content\/uploads\/2019\/04\/Rigi_Wegweiser-3-1024x627-800x490.jpg 800w, https:\/\/www.ausflugsziele-schweiz.ch\/wp-content\/uploads\/2019\/04\/Rigi_Wegweiser-3-1024x627-768x470.jpg 768w, https:\/\/www.ausflugsziele-schweiz.ch\/wp-content\/uploads\/2019\/04\/Rigi_Wegweiser-3-1024x627-696x426.jpg 696w, https:\/\/www.ausflugsziele-schweiz.ch\/wp-content\/uploads\/2019\/04\/Rigi_Wegweiser-3-1024x627.jpg 1024w\" sizes=\"(max-width: 686px) 100vw, 686px\" alt=\"\">\r\n                            <\/a>\r\n                            \r\n                        <\/figure>\r\n                    <\/div>\r\n                    <div class = \"td-slide-item td-item4\">\r\n                        <figure class=\"td-slide-galery-figure td-slide-popup-gallery\">\r\n                            <a class=\"slide-gallery-image-link\" href=\"https:\/\/www.ausflugsziele-schweiz.ch\/wp-content\/uploads\/2019\/04\/Rigi_Abendstimmung-1-1024x683.jpg\" title=\"Rigi_Abendstimmung-1-1024x683\"  data-caption=\"\"  data-description=\"\">\r\n                                <img decoding=\"async\" src=\"https:\/\/www.ausflugsziele-schweiz.ch\/wp-content\/uploads\/2019\/04\/Rigi_Abendstimmung-1-1024x683-630x420.jpg\" srcset=\"https:\/\/www.ausflugsziele-schweiz.ch\/wp-content\/uploads\/2019\/04\/Rigi_Abendstimmung-1-1024x683-630x420.jpg 630w, https:\/\/www.ausflugsziele-schweiz.ch\/wp-content\/uploads\/2019\/04\/Rigi_Abendstimmung-1-1024x683-800x533.jpg 800w, https:\/\/www.ausflugsziele-schweiz.ch\/wp-content\/uploads\/2019\/04\/Rigi_Abendstimmung-1-1024x683-768x512.jpg 768w, https:\/\/www.ausflugsziele-schweiz.ch\/wp-content\/uploads\/2019\/04\/Rigi_Abendstimmung-1-1024x683-696x464.jpg 696w, https:\/\/www.ausflugsziele-schweiz.ch\/wp-content\/uploads\/2019\/04\/Rigi_Abendstimmung-1-1024x683.jpg 1024w\" sizes=\"(max-width: 630px) 100vw, 630px\" alt=\"\">\r\n                            <\/a>\r\n                            \r\n                        <\/figure>\r\n                    <\/div>\r\n                    <div class = \"td-slide-item td-item5\">\r\n                        <figure class=\"td-slide-galery-figure td-slide-popup-gallery\">\r\n                            <a class=\"slide-gallery-image-link\" href=\"https:\/\/www.ausflugsziele-schweiz.ch\/wp-content\/uploads\/2019\/04\/Rigi_Bahn-1-1024x683.jpg\" title=\"Rigi_Bahn-1-1024x683\"  data-caption=\"\"  data-description=\"\">\r\n                                <img decoding=\"async\" src=\"https:\/\/www.ausflugsziele-schweiz.ch\/wp-content\/uploads\/2019\/04\/Rigi_Bahn-1-1024x683-630x420.jpg\" srcset=\"https:\/\/www.ausflugsziele-schweiz.ch\/wp-content\/uploads\/2019\/04\/Rigi_Bahn-1-1024x683-630x420.jpg 630w, https:\/\/www.ausflugsziele-schweiz.ch\/wp-content\/uploads\/2019\/04\/Rigi_Bahn-1-1024x683-800x533.jpg 800w, https:\/\/www.ausflugsziele-schweiz.ch\/wp-content\/uploads\/2019\/04\/Rigi_Bahn-1-1024x683-768x512.jpg 768w, https:\/\/www.ausflugsziele-schweiz.ch\/wp-content\/uploads\/2019\/04\/Rigi_Bahn-1-1024x683-696x464.jpg 696w, https:\/\/www.ausflugsziele-schweiz.ch\/wp-content\/uploads\/2019\/04\/Rigi_Bahn-1-1024x683.jpg 1024w\" sizes=\"(max-width: 630px) 100vw, 630px\" alt=\"\">\r\n                            <\/a>\r\n                            \r\n                        <\/figure>\r\n                    <\/div>\r\n                    <div class = \"td-slide-item td-item6\">\r\n                        <figure class=\"td-slide-galery-figure td-slide-popup-gallery\">\r\n                            <a class=\"slide-gallery-image-link\" href=\"https:\/\/www.ausflugsziele-schweiz.ch\/wp-content\/uploads\/2019\/04\/Rigi_Entspannung-1024x684.jpg\" title=\"Alpin wellness auf der Rigi\"  data-caption=\"\"  data-description=\"\">\r\n                                <img decoding=\"async\" src=\"https:\/\/www.ausflugsziele-schweiz.ch\/wp-content\/uploads\/2019\/04\/Rigi_Entspannung-1024x684-629x420.jpg\" srcset=\"https:\/\/www.ausflugsziele-schweiz.ch\/wp-content\/uploads\/2019\/04\/Rigi_Entspannung-1024x684-629x420.jpg 629w, https:\/\/www.ausflugsziele-schweiz.ch\/wp-content\/uploads\/2019\/04\/Rigi_Entspannung-1024x684-798x533.jpg 798w, https:\/\/www.ausflugsziele-schweiz.ch\/wp-content\/uploads\/2019\/04\/Rigi_Entspannung-1024x684-768x513.jpg 768w, https:\/\/www.ausflugsziele-schweiz.ch\/wp-content\/uploads\/2019\/04\/Rigi_Entspannung-1024x684-696x465.jpg 696w, https:\/\/www.ausflugsziele-schweiz.ch\/wp-content\/uploads\/2019\/04\/Rigi_Entspannung-1024x684.jpg 1024w\" sizes=\"(max-width: 629px) 100vw, 629px\" alt=\"\">\r\n                            <\/a>\r\n                            \r\n                        <\/figure>\r\n                    <\/div>\r\n                    <div class = \"td-slide-item td-item7\">\r\n                        <figure class=\"td-slide-galery-figure td-slide-popup-gallery\">\r\n                            <a class=\"slide-gallery-image-link\" href=\"https:\/\/www.ausflugsziele-schweiz.ch\/wp-content\/uploads\/2019\/04\/Rigi_Panorama-2-1024x683.jpg\" title=\"Rigi_Panorama-2-1024x683\"  data-caption=\"\"  data-description=\"\">\r\n                                <img decoding=\"async\" src=\"https:\/\/www.ausflugsziele-schweiz.ch\/wp-content\/uploads\/2019\/04\/Rigi_Panorama-2-1024x683-630x420.jpg\" srcset=\"https:\/\/www.ausflugsziele-schweiz.ch\/wp-content\/uploads\/2019\/04\/Rigi_Panorama-2-1024x683-630x420.jpg 630w, https:\/\/www.ausflugsziele-schweiz.ch\/wp-content\/uploads\/2019\/04\/Rigi_Panorama-2-1024x683-800x533.jpg 800w, https:\/\/www.ausflugsziele-schweiz.ch\/wp-content\/uploads\/2019\/04\/Rigi_Panorama-2-1024x683-768x512.jpg 768w, https:\/\/www.ausflugsziele-schweiz.ch\/wp-content\/uploads\/2019\/04\/Rigi_Panorama-2-1024x683-696x464.jpg 696w, https:\/\/www.ausflugsziele-schweiz.ch\/wp-content\/uploads\/2019\/04\/Rigi_Panorama-2-1024x683.jpg 1024w\" sizes=\"(max-width: 630px) 100vw, 630px\" alt=\"\">\r\n                            <\/a>\r\n                            \r\n                        <\/figure>\r\n                    <\/div>\r\n                            <\/div>\r\n                        <\/div>\r\n\r\n                        <div class = \"td-doubleSlider-2\">\r\n                            <div class = \"td-slider\">\r\n                                \r\n                    <div class = \"td-button td-item1\">\r\n                        <div class = \"td-border\"><\/div>\r\n                    <\/div>\r\n                    <div class = \"td-button td-item2\">\r\n                        <div class = \"td-border\"><\/div>\r\n                    <\/div>\r\n                    <div class = \"td-button td-item3\">\r\n                        <div class = \"td-border\"><\/div>\r\n                    <\/div>\r\n                    <div class = \"td-button td-item4\">\r\n                        <div class = \"td-border\"><\/div>\r\n                    <\/div>\r\n                    <div class = \"td-button td-item5\">\r\n                        <div class = \"td-border\"><\/div>\r\n                    <\/div>\r\n                    <div class = \"td-button td-item6\">\r\n                        <div class = \"td-border\"><\/div>\r\n                    <\/div>\r\n                    <div class = \"td-button td-item7\">\r\n                        <div class = \"td-border\"><\/div>\r\n                    <\/div>\r\n                            <\/div>\r\n                        <\/div>\r\n\r\n                    <\/div>\r\n\r\n                <\/div>\r\n                \n<p><a href=\"https:\/\/www.rigi.ch\/Erleben-Genuss\/Erlebnisangebote\" target=\"_blank\" rel=\"noopener noreferrer\">Erlebnisangebote<\/a> |\u00a0 <a href=\"https:\/\/www.rigi.ch\/Erleben-Genuss\/Sommer\" target=\"_blank\" rel=\"noopener noreferrer\">Rigi im Sommer<\/a> | <a href=\"https:\/\/www.rigi.ch\/Erleben-Genuss\/Sommer\/Familien\" target=\"_blank\" rel=\"noopener noreferrer\">Familien<\/a> |\u00a0<a href=\"https:\/\/www.rigi.ch\/Erleben-Genuss\/Wellness\" target=\"_blank\" rel=\"noopener noreferrer\">Wellness auf der Rigi<\/a><\/p>\n<p>Ob mit der ersten Bergbahn Europas ab Vitznau im Kanton Luzern, der Zahnradbahn ab Goldau oder mit einer der vielen Luftseilbahnen: Viele Wege f\u00fchren auf das imposante Bergmassiv mitten in der Zentralschweiz. Mit 1797 m \u00fc. M. ist Rigi Kulm der h\u00f6chste Gipfel der Rigi. Von hier oben schweift der Blick in einem 360-Grad Radius \u00fcber 13 Seen und ein Meer aus Gipfelzacken. Bei dieser atemberaubenden Aussicht geht die Hektik des Alltags schnell vergessen.<\/p>\n<h3>Wanderparadies<\/h3>\n<p>Auf der Rigi l\u00e4sst es sich herrlich spazieren, biken und wandern. Das Rigi-Wanderwegnetz erstreckt sich \u00fcber 120 Kilometer und punktet mit viel Abwechslung. Die Routen f\u00fchren \u00fcber saftig-gr\u00fcne Alpenwiesen, durch lauschige Waldpartien und vorbei an majest\u00e4tischen Felsformationen. Entlang der Pfade bieten sich immer wieder fantastische Aussichten auf die Buchten des Vierwaldst\u00e4ttersees und die umliegende Bergwelt.<\/p>\n\r\n                <style type=\"text\/css\">\r\n                    \r\n                    #tdi_2  .td-doubleSlider-2 .td-item1 {\r\n                        background: url(https:\/\/www.ausflugsziele-schweiz.ch\/wp-content\/uploads\/2019\/04\/Rigi_Wegweiser-1-1024x660-80x60.jpg) 0 0 no-repeat;\r\n                    }\r\n                    #tdi_2  .td-doubleSlider-2 .td-item2 {\r\n                        background: url(https:\/\/www.ausflugsziele-schweiz.ch\/wp-content\/uploads\/2019\/04\/Rigi_Wegweiser-2-1024x682-80x60.jpg) 0 0 no-repeat;\r\n                    }\r\n                    #tdi_2  .td-doubleSlider-2 .td-item3 {\r\n                        background: url(https:\/\/www.ausflugsziele-schweiz.ch\/wp-content\/uploads\/2019\/04\/Rigi_Felsenweg-1024x680-80x60.jpg) 0 0 no-repeat;\r\n                    }\r\n                    #tdi_2  .td-doubleSlider-2 .td-item4 {\r\n                        background: url(https:\/\/www.ausflugsziele-schweiz.ch\/wp-content\/uploads\/2019\/04\/Rigi_Rinder-706x1024-80x60.jpg) 0 0 no-repeat;\r\n                    }\r\n                    #tdi_2  .td-doubleSlider-2 .td-item5 {\r\n                        background: url(https:\/\/www.ausflugsziele-schweiz.ch\/wp-content\/uploads\/2019\/04\/Rigi_Rucksack-to-go-2-1024x732-80x60.jpg) 0 0 no-repeat;\r\n                    }\r\n                    #tdi_2  .td-doubleSlider-2 .td-item6 {\r\n                        background: url(https:\/\/www.ausflugsziele-schweiz.ch\/wp-content\/uploads\/2019\/04\/Rigi_Rucksack-to-go-1024x683-80x60.jpg) 0 0 no-repeat;\r\n                    }\r\n                <\/style>\r\n\r\n                <div id=\"tdi_2\" class=\"td-gallery td-slide-on-2-columns\">\r\n                    <div class=\"post_td_gallery\">\r\n                        <div class=\"td-gallery-slide-top\">\r\n                           <div class=\"td-gallery-title\"><\/div>\r\n\r\n                            <div class=\"td-gallery-controls-wrapper\">\r\n                                <div class=\"td-gallery-slide-count\"><span class=\"td-gallery-slide-item-focus\">1<\/span> of 6<\/div>\r\n                                <div class=\"td-gallery-slide-prev-next-but\">\r\n                                    <i class = \"td-icon-left doubleSliderPrevButton\"><\/i>\r\n                                    <i class = \"td-icon-right doubleSliderNextButton\"><\/i>\r\n                                <\/div>\r\n                            <\/div>\r\n                        <\/div>\r\n\r\n                        <div class = \"td-doubleSlider-1 \">\r\n                            <div class = \"td-slider\">\r\n                                \r\n                    <div class = \"td-slide-item td-item1\">\r\n                        <figure class=\"td-slide-galery-figure td-slide-popup-gallery\">\r\n                            <a class=\"slide-gallery-image-link\" href=\"https:\/\/www.ausflugsziele-schweiz.ch\/wp-content\/uploads\/2019\/04\/Rigi_Wegweiser-1-1024x660.jpg\" title=\"SONY DSC\"  data-caption=\"SONY DSC\"  data-description=\"\">\r\n                                <img decoding=\"async\" src=\"https:\/\/www.ausflugsziele-schweiz.ch\/wp-content\/uploads\/2019\/04\/Rigi_Wegweiser-1-1024x660-652x420.jpg\" srcset=\"https:\/\/www.ausflugsziele-schweiz.ch\/wp-content\/uploads\/2019\/04\/Rigi_Wegweiser-1-1024x660-652x420.jpg 652w, https:\/\/www.ausflugsziele-schweiz.ch\/wp-content\/uploads\/2019\/04\/Rigi_Wegweiser-1-1024x660-800x516.jpg 800w, https:\/\/www.ausflugsziele-schweiz.ch\/wp-content\/uploads\/2019\/04\/Rigi_Wegweiser-1-1024x660-768x495.jpg 768w, https:\/\/www.ausflugsziele-schweiz.ch\/wp-content\/uploads\/2019\/04\/Rigi_Wegweiser-1-1024x660-696x449.jpg 696w, https:\/\/www.ausflugsziele-schweiz.ch\/wp-content\/uploads\/2019\/04\/Rigi_Wegweiser-1-1024x660.jpg 1024w\" sizes=\"(max-width: 652px) 100vw, 652px\" alt=\"\">\r\n                            <\/a>\r\n                            <figcaption class = \"td-slide-caption td-gallery-slide-content\"><div class = \"td-gallery-slide-copywrite\">SONY DSC<\/div><\/figcaption>\r\n                        <\/figure>\r\n                    <\/div>\r\n                    <div class = \"td-slide-item td-item2\">\r\n                        <figure class=\"td-slide-galery-figure td-slide-popup-gallery\">\r\n                            <a class=\"slide-gallery-image-link\" href=\"https:\/\/www.ausflugsziele-schweiz.ch\/wp-content\/uploads\/2019\/04\/Rigi_Wegweiser-2-1024x682.jpg\" title=\"Rigi_Wegweiser-2-1024x682\"  data-caption=\"\"  data-description=\"\">\r\n                                <img decoding=\"async\" src=\"https:\/\/www.ausflugsziele-schweiz.ch\/wp-content\/uploads\/2019\/04\/Rigi_Wegweiser-2-1024x682-631x420.jpg\" srcset=\"https:\/\/www.ausflugsziele-schweiz.ch\/wp-content\/uploads\/2019\/04\/Rigi_Wegweiser-2-1024x682-631x420.jpg 631w, https:\/\/www.ausflugsziele-schweiz.ch\/wp-content\/uploads\/2019\/04\/Rigi_Wegweiser-2-1024x682-800x533.jpg 800w, https:\/\/www.ausflugsziele-schweiz.ch\/wp-content\/uploads\/2019\/04\/Rigi_Wegweiser-2-1024x682-768x512.jpg 768w, https:\/\/www.ausflugsziele-schweiz.ch\/wp-content\/uploads\/2019\/04\/Rigi_Wegweiser-2-1024x682-696x464.jpg 696w, https:\/\/www.ausflugsziele-schweiz.ch\/wp-content\/uploads\/2019\/04\/Rigi_Wegweiser-2-1024x682.jpg 1024w\" sizes=\"(max-width: 631px) 100vw, 631px\" alt=\"\">\r\n                            <\/a>\r\n                            \r\n                        <\/figure>\r\n                    <\/div>\r\n                    <div class = \"td-slide-item td-item3\">\r\n                        <figure class=\"td-slide-galery-figure td-slide-popup-gallery\">\r\n                            <a class=\"slide-gallery-image-link\" href=\"https:\/\/www.ausflugsziele-schweiz.ch\/wp-content\/uploads\/2019\/04\/Rigi_Felsenweg-1024x680.jpg\" title=\"Felsenweg auf der Rigi\"  data-caption=\"Felsenweg auf der Rigi\"  data-description=\"\">\r\n                                <img decoding=\"async\" src=\"https:\/\/www.ausflugsziele-schweiz.ch\/wp-content\/uploads\/2019\/04\/Rigi_Felsenweg-1024x680-632x420.jpg\" srcset=\"https:\/\/www.ausflugsziele-schweiz.ch\/wp-content\/uploads\/2019\/04\/Rigi_Felsenweg-1024x680-632x420.jpg 632w, https:\/\/www.ausflugsziele-schweiz.ch\/wp-content\/uploads\/2019\/04\/Rigi_Felsenweg-1024x680-800x531.jpg 800w, https:\/\/www.ausflugsziele-schweiz.ch\/wp-content\/uploads\/2019\/04\/Rigi_Felsenweg-1024x680-768x510.jpg 768w, https:\/\/www.ausflugsziele-schweiz.ch\/wp-content\/uploads\/2019\/04\/Rigi_Felsenweg-1024x680-696x462.jpg 696w, https:\/\/www.ausflugsziele-schweiz.ch\/wp-content\/uploads\/2019\/04\/Rigi_Felsenweg-1024x680.jpg 1024w\" sizes=\"(max-width: 632px) 100vw, 632px\" alt=\"\">\r\n                            <\/a>\r\n                            <figcaption class = \"td-slide-caption td-gallery-slide-content\"><div class = \"td-gallery-slide-copywrite\">Felsenweg auf der Rigi<\/div><\/figcaption>\r\n                        <\/figure>\r\n                    <\/div>\r\n                    <div class = \"td-slide-item td-item4\">\r\n                        <figure class=\"td-slide-galery-figure td-slide-popup-gallery\">\r\n                            <a class=\"slide-gallery-image-link\" href=\"https:\/\/www.ausflugsziele-schweiz.ch\/wp-content\/uploads\/2019\/04\/Rigi_Rinder-706x1024.jpg\" title=\"Rigi_Rinder-706x1024\"  data-caption=\"\"  data-description=\"\">\r\n                                <img decoding=\"async\" src=\"https:\/\/www.ausflugsziele-schweiz.ch\/wp-content\/uploads\/2019\/04\/Rigi_Rinder-706x1024-289x420.jpg\" srcset=\"https:\/\/www.ausflugsziele-schweiz.ch\/wp-content\/uploads\/2019\/04\/Rigi_Rinder-706x1024-289x420.jpg 289w, https:\/\/www.ausflugsziele-schweiz.ch\/wp-content\/uploads\/2019\/04\/Rigi_Rinder-706x1024-367x533.jpg 367w, https:\/\/www.ausflugsziele-schweiz.ch\/wp-content\/uploads\/2019\/04\/Rigi_Rinder-706x1024-579x840.jpg 579w, https:\/\/www.ausflugsziele-schweiz.ch\/wp-content\/uploads\/2019\/04\/Rigi_Rinder-706x1024.jpg 689w\" sizes=\"(max-width: 289px) 100vw, 289px\" alt=\"\">\r\n                            <\/a>\r\n                            \r\n                        <\/figure>\r\n                    <\/div>\r\n                    <div class = \"td-slide-item td-item5\">\r\n                        <figure class=\"td-slide-galery-figure td-slide-popup-gallery\">\r\n                            <a class=\"slide-gallery-image-link\" href=\"https:\/\/www.ausflugsziele-schweiz.ch\/wp-content\/uploads\/2019\/04\/Rigi_Rucksack-to-go-2-1024x732.jpg\" title=\"Rigi_Rucksack-to-go-2-1024x732\"  data-caption=\"\"  data-description=\"\">\r\n                                <img decoding=\"async\" src=\"https:\/\/www.ausflugsziele-schweiz.ch\/wp-content\/uploads\/2019\/04\/Rigi_Rucksack-to-go-2-1024x732-588x420.jpg\" srcset=\"https:\/\/www.ausflugsziele-schweiz.ch\/wp-content\/uploads\/2019\/04\/Rigi_Rucksack-to-go-2-1024x732-588x420.jpg 588w, https:\/\/www.ausflugsziele-schweiz.ch\/wp-content\/uploads\/2019\/04\/Rigi_Rucksack-to-go-2-1024x732-746x533.jpg 746w, https:\/\/www.ausflugsziele-schweiz.ch\/wp-content\/uploads\/2019\/04\/Rigi_Rucksack-to-go-2-1024x732-768x549.jpg 768w, https:\/\/www.ausflugsziele-schweiz.ch\/wp-content\/uploads\/2019\/04\/Rigi_Rucksack-to-go-2-1024x732-100x70.jpg 100w, https:\/\/www.ausflugsziele-schweiz.ch\/wp-content\/uploads\/2019\/04\/Rigi_Rucksack-to-go-2-1024x732-696x498.jpg 696w, https:\/\/www.ausflugsziele-schweiz.ch\/wp-content\/uploads\/2019\/04\/Rigi_Rucksack-to-go-2-1024x732.jpg 1024w\" sizes=\"(max-width: 588px) 100vw, 588px\" alt=\"\">\r\n                            <\/a>\r\n                            \r\n                        <\/figure>\r\n                    <\/div>\r\n                    <div class = \"td-slide-item td-item6\">\r\n                        <figure class=\"td-slide-galery-figure td-slide-popup-gallery\">\r\n                            <a class=\"slide-gallery-image-link\" href=\"https:\/\/www.ausflugsziele-schweiz.ch\/wp-content\/uploads\/2019\/04\/Rigi_Rucksack-to-go-1024x683.jpg\" title=\"Rigi_Rucksack-to-go-1024x683\"  data-caption=\"\"  data-description=\"\">\r\n                                <img decoding=\"async\" src=\"https:\/\/www.ausflugsziele-schweiz.ch\/wp-content\/uploads\/2019\/04\/Rigi_Rucksack-to-go-1024x683-630x420.jpg\" srcset=\"https:\/\/www.ausflugsziele-schweiz.ch\/wp-content\/uploads\/2019\/04\/Rigi_Rucksack-to-go-1024x683-630x420.jpg 630w, https:\/\/www.ausflugsziele-schweiz.ch\/wp-content\/uploads\/2019\/04\/Rigi_Rucksack-to-go-1024x683-800x533.jpg 800w, https:\/\/www.ausflugsziele-schweiz.ch\/wp-content\/uploads\/2019\/04\/Rigi_Rucksack-to-go-1024x683-768x512.jpg 768w, https:\/\/www.ausflugsziele-schweiz.ch\/wp-content\/uploads\/2019\/04\/Rigi_Rucksack-to-go-1024x683-696x464.jpg 696w, https:\/\/www.ausflugsziele-schweiz.ch\/wp-content\/uploads\/2019\/04\/Rigi_Rucksack-to-go-1024x683.jpg 1024w\" sizes=\"(max-width: 630px) 100vw, 630px\" alt=\"\">\r\n                            <\/a>\r\n                            \r\n                        <\/figure>\r\n                    <\/div>\r\n                            <\/div>\r\n                        <\/div>\r\n\r\n                        <div class = \"td-doubleSlider-2\">\r\n                            <div class = \"td-slider\">\r\n                                \r\n                    <div class = \"td-button td-item1\">\r\n                        <div class = \"td-border\"><\/div>\r\n                    <\/div>\r\n                    <div class = \"td-button td-item2\">\r\n                        <div class = \"td-border\"><\/div>\r\n                    <\/div>\r\n                    <div class = \"td-button td-item3\">\r\n                        <div class = \"td-border\"><\/div>\r\n                    <\/div>\r\n                    <div class = \"td-button td-item4\">\r\n                        <div class = \"td-border\"><\/div>\r\n                    <\/div>\r\n                    <div class = \"td-button td-item5\">\r\n                        <div class = \"td-border\"><\/div>\r\n                    <\/div>\r\n                    <div class = \"td-button td-item6\">\r\n                        <div class = \"td-border\"><\/div>\r\n                    <\/div>\r\n                            <\/div>\r\n                        <\/div>\r\n\r\n                    <\/div>\r\n\r\n                <\/div>\r\n                \n<p><a href=\"https:\/\/www.rigi.ch\/Erleben-Genuss\/Sommer\/Wandern\" target=\"_blank\" rel=\"noopener noreferrer\">Wandern auf der Rigi<\/a> | <a href=\"https:\/\/www.rigi.ch\/Erleben-Genuss\/Sommer\/Wandern\/Gefuehrte-Wanderungen\" target=\"_blank\" rel=\"noopener noreferrer\">Gef\u00fchrte Wanderungen<\/a> |\u00a0<a href=\"https:\/\/www.rigi.ch\/Erleben-Genuss\/Sommer\/Tourenfinder#cat=Themenweg&amp;filter=r-fullyTranslatedLangus-5381,sb-sortedBy-0&amp;ov=hiking\" target=\"_blank\" rel=\"noopener noreferrer\">Themenwege<\/a> |\u00a0<a href=\"https:\/\/www.rigi.ch\/Erleben-Genuss\/Sommer\/Familien\/Wanderungen-mit-Kindern\" target=\"_blank\" rel=\"noopener noreferrer\">Wanderungen mit Kindern<\/a> |\u00a0<a href=\"https:\/\/www.rigi.ch\/Erleben-Genuss\/Sommer\/Feuerstellen-Picknick-Plaetze\" target=\"_blank\" rel=\"noopener noreferrer\">Feuerstellen &amp; Picknick-Pl\u00e4tze<\/a><\/p>\n<p><iframe loading=\"lazy\" title=\"gefu\u0308hrte_barry-wanderungen_auf_der_rigi (Original)\" src=\"https:\/\/player.vimeo.com\/video\/696840651?h=42d3f5a254&amp;dnt=1&amp;app_id=122963\" width=\"696\" height=\"392\" frameborder=\"0\" allow=\"autoplay; fullscreen; picture-in-picture\" allowfullscreen><\/iframe><\/p>\n<h3>Wellness und Kulinarik vom Feinsten<\/h3>\n<p>Die Rigi ist nicht nur ein Paradies f\u00fcr Wanderer und Naturfreunde, sondern auch f\u00fcr Geniesser. Die Alp Ch\u00e4serenholz l\u00e4dt zum Alpenwellness mit Whirlpool, Sauna und Molkebad ein. Gepaart mit der fantastischen Weitsicht und dem Genuss der hauseigenen K\u00e4seschnitte wird der alpine Badespass zum unvergesslichen Erlebnis.<\/p>\n\r\n                <style type=\"text\/css\">\r\n                    \r\n                    #tdi_3  .td-doubleSlider-2 .td-item1 {\r\n                        background: url(https:\/\/www.ausflugsziele-schweiz.ch\/wp-content\/uploads\/2019\/04\/Rigi_Kraeuterhotel-Edelweiss-1024x683-80x60.jpg) 0 0 no-repeat;\r\n                    }\r\n                    #tdi_3  .td-doubleSlider-2 .td-item2 {\r\n                        background: url(https:\/\/www.ausflugsziele-schweiz.ch\/wp-content\/uploads\/2019\/04\/Rigi_Ruheort-1024x683-80x60.jpg) 0 0 no-repeat;\r\n                    }\r\n                    #tdi_3  .td-doubleSlider-2 .td-item3 {\r\n                        background: url(https:\/\/www.ausflugsziele-schweiz.ch\/wp-content\/uploads\/2019\/04\/Rigi_Alpenwellness_Molkebad-1-1024x684-80x60.jpg) 0 0 no-repeat;\r\n                    }\r\n                    #tdi_3  .td-doubleSlider-2 .td-item4 {\r\n                        background: url(https:\/\/www.ausflugsziele-schweiz.ch\/wp-content\/uploads\/2019\/04\/Rigi_Alpenwellness_Molkebad-2-80x60.jpg) 0 0 no-repeat;\r\n                    }\r\n                    #tdi_3  .td-doubleSlider-2 .td-item5 {\r\n                        background: url(https:\/\/www.ausflugsziele-schweiz.ch\/wp-content\/uploads\/2019\/04\/Rigi_Alpwirtschaft-Raab-1024x683-80x60.jpg) 0 0 no-repeat;\r\n                    }\r\n                <\/style>\r\n\r\n                <div id=\"tdi_3\" class=\"td-gallery td-slide-on-2-columns\">\r\n                    <div class=\"post_td_gallery\">\r\n                        <div class=\"td-gallery-slide-top\">\r\n                           <div class=\"td-gallery-title\"><\/div>\r\n\r\n                            <div class=\"td-gallery-controls-wrapper\">\r\n                                <div class=\"td-gallery-slide-count\"><span class=\"td-gallery-slide-item-focus\">1<\/span> of 5<\/div>\r\n                                <div class=\"td-gallery-slide-prev-next-but\">\r\n                                    <i class = \"td-icon-left doubleSliderPrevButton\"><\/i>\r\n                                    <i class = \"td-icon-right doubleSliderNextButton\"><\/i>\r\n                                <\/div>\r\n                            <\/div>\r\n                        <\/div>\r\n\r\n                        <div class = \"td-doubleSlider-1 \">\r\n                            <div class = \"td-slider\">\r\n                                \r\n                    <div class = \"td-slide-item td-item1\">\r\n                        <figure class=\"td-slide-galery-figure td-slide-popup-gallery\">\r\n                            <a class=\"slide-gallery-image-link\" href=\"https:\/\/www.ausflugsziele-schweiz.ch\/wp-content\/uploads\/2019\/04\/Rigi_Kraeuterhotel-Edelweiss-1024x683.jpg\" title=\"Rigi_Kra\u0308uterhotel-Edelweiss-1024x683\"  data-caption=\"\"  data-description=\"\">\r\n                                <img decoding=\"async\" src=\"https:\/\/www.ausflugsziele-schweiz.ch\/wp-content\/uploads\/2019\/04\/Rigi_Kraeuterhotel-Edelweiss-1024x683-630x420.jpg\" srcset=\"https:\/\/www.ausflugsziele-schweiz.ch\/wp-content\/uploads\/2019\/04\/Rigi_Kraeuterhotel-Edelweiss-1024x683-630x420.jpg 630w, https:\/\/www.ausflugsziele-schweiz.ch\/wp-content\/uploads\/2019\/04\/Rigi_Kraeuterhotel-Edelweiss-1024x683-800x533.jpg 800w, https:\/\/www.ausflugsziele-schweiz.ch\/wp-content\/uploads\/2019\/04\/Rigi_Kraeuterhotel-Edelweiss-1024x683-768x512.jpg 768w, https:\/\/www.ausflugsziele-schweiz.ch\/wp-content\/uploads\/2019\/04\/Rigi_Kraeuterhotel-Edelweiss-1024x683-696x464.jpg 696w, https:\/\/www.ausflugsziele-schweiz.ch\/wp-content\/uploads\/2019\/04\/Rigi_Kraeuterhotel-Edelweiss-1024x683.jpg 1024w\" sizes=\"(max-width: 630px) 100vw, 630px\" alt=\"\">\r\n                            <\/a>\r\n                            \r\n                        <\/figure>\r\n                    <\/div>\r\n                    <div class = \"td-slide-item td-item2\">\r\n                        <figure class=\"td-slide-galery-figure td-slide-popup-gallery\">\r\n                            <a class=\"slide-gallery-image-link\" href=\"https:\/\/www.ausflugsziele-schweiz.ch\/wp-content\/uploads\/2019\/04\/Rigi_Ruheort-1024x683.jpg\" title=\"Rigi_Ruheort-1024x683\"  data-caption=\"\"  data-description=\"\">\r\n                                <img decoding=\"async\" src=\"https:\/\/www.ausflugsziele-schweiz.ch\/wp-content\/uploads\/2019\/04\/Rigi_Ruheort-1024x683-630x420.jpg\" srcset=\"https:\/\/www.ausflugsziele-schweiz.ch\/wp-content\/uploads\/2019\/04\/Rigi_Ruheort-1024x683-630x420.jpg 630w, https:\/\/www.ausflugsziele-schweiz.ch\/wp-content\/uploads\/2019\/04\/Rigi_Ruheort-1024x683-800x533.jpg 800w, https:\/\/www.ausflugsziele-schweiz.ch\/wp-content\/uploads\/2019\/04\/Rigi_Ruheort-1024x683-768x512.jpg 768w, https:\/\/www.ausflugsziele-schweiz.ch\/wp-content\/uploads\/2019\/04\/Rigi_Ruheort-1024x683-696x464.jpg 696w, https:\/\/www.ausflugsziele-schweiz.ch\/wp-content\/uploads\/2019\/04\/Rigi_Ruheort-1024x683.jpg 1024w\" sizes=\"(max-width: 630px) 100vw, 630px\" alt=\"\">\r\n                            <\/a>\r\n                            \r\n                        <\/figure>\r\n                    <\/div>\r\n                    <div class = \"td-slide-item td-item3\">\r\n                        <figure class=\"td-slide-galery-figure td-slide-popup-gallery\">\r\n                            <a class=\"slide-gallery-image-link\" href=\"https:\/\/www.ausflugsziele-schweiz.ch\/wp-content\/uploads\/2019\/04\/Rigi_Alpenwellness_Molkebad-1-1024x684.jpg\" title=\"Rigi_Alpenwellness_Molkebad-1-1024x684\"  data-caption=\"\"  data-description=\"\">\r\n                                <img decoding=\"async\" src=\"https:\/\/www.ausflugsziele-schweiz.ch\/wp-content\/uploads\/2019\/04\/Rigi_Alpenwellness_Molkebad-1-1024x684-629x420.jpg\" srcset=\"https:\/\/www.ausflugsziele-schweiz.ch\/wp-content\/uploads\/2019\/04\/Rigi_Alpenwellness_Molkebad-1-1024x684-629x420.jpg 629w, https:\/\/www.ausflugsziele-schweiz.ch\/wp-content\/uploads\/2019\/04\/Rigi_Alpenwellness_Molkebad-1-1024x684-798x533.jpg 798w, https:\/\/www.ausflugsziele-schweiz.ch\/wp-content\/uploads\/2019\/04\/Rigi_Alpenwellness_Molkebad-1-1024x684-768x513.jpg 768w, https:\/\/www.ausflugsziele-schweiz.ch\/wp-content\/uploads\/2019\/04\/Rigi_Alpenwellness_Molkebad-1-1024x684-696x465.jpg 696w, https:\/\/www.ausflugsziele-schweiz.ch\/wp-content\/uploads\/2019\/04\/Rigi_Alpenwellness_Molkebad-1-1024x684.jpg 1024w\" sizes=\"(max-width: 629px) 100vw, 629px\" alt=\"\">\r\n                            <\/a>\r\n                            \r\n                        <\/figure>\r\n                    <\/div>\r\n                    <div class = \"td-slide-item td-item4\">\r\n                        <figure class=\"td-slide-galery-figure td-slide-popup-gallery\">\r\n                            <a class=\"slide-gallery-image-link\" href=\"https:\/\/www.ausflugsziele-schweiz.ch\/wp-content\/uploads\/2019\/04\/Rigi_Alpenwellness_Molkebad-2.jpg\" title=\"Rigi_Alpenwellness_Molkebad-2\"  data-caption=\"\"  data-description=\"\">\r\n                                <img decoding=\"async\" src=\"https:\/\/www.ausflugsziele-schweiz.ch\/wp-content\/uploads\/2019\/04\/Rigi_Alpenwellness_Molkebad-2-630x420.jpg\" srcset=\"https:\/\/www.ausflugsziele-schweiz.ch\/wp-content\/uploads\/2019\/04\/Rigi_Alpenwellness_Molkebad-2-630x420.jpg 630w, https:\/\/www.ausflugsziele-schweiz.ch\/wp-content\/uploads\/2019\/04\/Rigi_Alpenwellness_Molkebad-2-800x533.jpg 800w, https:\/\/www.ausflugsziele-schweiz.ch\/wp-content\/uploads\/2019\/04\/Rigi_Alpenwellness_Molkebad-2-768x512.jpg 768w, https:\/\/www.ausflugsziele-schweiz.ch\/wp-content\/uploads\/2019\/04\/Rigi_Alpenwellness_Molkebad-2-696x464.jpg 696w, https:\/\/www.ausflugsziele-schweiz.ch\/wp-content\/uploads\/2019\/04\/Rigi_Alpenwellness_Molkebad-2.jpg 1024w\" sizes=\"(max-width: 630px) 100vw, 630px\" alt=\"\">\r\n                            <\/a>\r\n                            \r\n                        <\/figure>\r\n                    <\/div>\r\n                    <div class = \"td-slide-item td-item5\">\r\n                        <figure class=\"td-slide-galery-figure td-slide-popup-gallery\">\r\n                            <a class=\"slide-gallery-image-link\" href=\"https:\/\/www.ausflugsziele-schweiz.ch\/wp-content\/uploads\/2019\/04\/Rigi_Alpwirtschaft-Raab-1024x683.jpg\" title=\"Rigi_Alpwirtschaft-Ra\u0308b-1024x683\"  data-caption=\"\"  data-description=\"\">\r\n                                <img decoding=\"async\" src=\"https:\/\/www.ausflugsziele-schweiz.ch\/wp-content\/uploads\/2019\/04\/Rigi_Alpwirtschaft-Raab-1024x683-630x420.jpg\" srcset=\"https:\/\/www.ausflugsziele-schweiz.ch\/wp-content\/uploads\/2019\/04\/Rigi_Alpwirtschaft-Raab-1024x683-630x420.jpg 630w, https:\/\/www.ausflugsziele-schweiz.ch\/wp-content\/uploads\/2019\/04\/Rigi_Alpwirtschaft-Raab-1024x683-800x533.jpg 800w, https:\/\/www.ausflugsziele-schweiz.ch\/wp-content\/uploads\/2019\/04\/Rigi_Alpwirtschaft-Raab-1024x683-768x512.jpg 768w, https:\/\/www.ausflugsziele-schweiz.ch\/wp-content\/uploads\/2019\/04\/Rigi_Alpwirtschaft-Raab-1024x683-696x464.jpg 696w, https:\/\/www.ausflugsziele-schweiz.ch\/wp-content\/uploads\/2019\/04\/Rigi_Alpwirtschaft-Raab-1024x683.jpg 1024w\" sizes=\"(max-width: 630px) 100vw, 630px\" alt=\"\">\r\n                            <\/a>\r\n                            \r\n                        <\/figure>\r\n                    <\/div>\r\n                            <\/div>\r\n                        <\/div>\r\n\r\n                        <div class = \"td-doubleSlider-2\">\r\n                            <div class = \"td-slider\">\r\n                                \r\n                    <div class = \"td-button td-item1\">\r\n                        <div class = \"td-border\"><\/div>\r\n                    <\/div>\r\n                    <div class = \"td-button td-item2\">\r\n                        <div class = \"td-border\"><\/div>\r\n                    <\/div>\r\n                    <div class = \"td-button td-item3\">\r\n                        <div class = \"td-border\"><\/div>\r\n                    <\/div>\r\n                    <div class = \"td-button td-item4\">\r\n                        <div class = \"td-border\"><\/div>\r\n                    <\/div>\r\n                    <div class = \"td-button td-item5\">\r\n                        <div class = \"td-border\"><\/div>\r\n                    <\/div>\r\n                            <\/div>\r\n                        <\/div>\r\n\r\n                    <\/div>\r\n\r\n                <\/div>\r\n                \n<p><a href=\"https:\/\/www.rigi.ch\/Erleben-Genuss\/Wellness\" target=\"_blank\" rel=\"noopener noreferrer\">Wellness auf der Rigi<\/a> |\u00a0<a href=\"https:\/\/www.rigi.ch\/Erleben-Genuss\/Wellness\/Alpenwellness-Chaeserenholz\" target=\"_blank\" rel=\"noopener noreferrer\">Alpenwellness Ch\u00e4serenholz<\/a> |\u00a0<a href=\"https:\/\/www.rigi.ch\/Erleben-Genuss\/Wellness\/Hotels-mit-Wellness\" target=\"_blank\" rel=\"noopener noreferrer\">Hotels mit Wellness<\/a> |\u00a0<a href=\"https:\/\/www.rigi.ch\/Erleben-Genuss\/Restaurants\" target=\"_blank\" rel=\"noopener noreferrer\">Restaurants<\/a> |\u00a0<a href=\"https:\/\/www.rigi.ch\/Erleben-Genuss\/Unterkuenfte\" target=\"_blank\" rel=\"noopener noreferrer\">Unterk\u00fcnfte<\/a><\/p>\n<p>So viel Bewegung macht hungrig. Zum Gl\u00fcck gibt es auf der Rigi unz\u00e4hlige Restaurants, Gaststuben und Beizen. Von der einfachen \u00abBergbeiz\u00bb bis hin zur Terroir-K\u00fcche bieten die Gastronomiebetriebe am und um den Berg so manches kulinarische Highlight mit regionalen Produkten. Ob Pflanzen auf dem Teller oder K\u00e4se auf dem Brot \u2013 kulinarisch werden Sie auf der K\u00f6nigin der Berge originell und \u00abgluschtig\u00bb verw\u00f6hnt. Wer gerne noch etwas l\u00e4nger bleiben will, macht es sich in einem der Hotels oder Berggasth\u00e4user auf dem Berg gem\u00fctlich.<\/p>\n<h3>Rigi: Das Naturparadies im Herzen der Schweiz<\/h3>\n<p>Zentral gelegen, kommen Ausfl\u00fcgler aus allen Richtungen schnell zu den verschiedenen Talstationen der RIGI BAHNEN AG. GA-Besitzer reisen das ganze Jahr \u00fcber kostenlos auf die K\u00f6nigin der Berge. Aber auch f\u00fcr Reisende ohne Generalabo gibt es viele verschiedene Angebote und Spezialtarife wie das \u00abFr\u00fcher Feierabend\u00bb-Package, das Rigi-Wanderbillett oder die Rigi Bahnen Tageskarte.<\/p>\n\r\n                <style type=\"text\/css\">\r\n                    \r\n                    #tdi_4  .td-doubleSlider-2 .td-item1 {\r\n                        background: url(https:\/\/www.ausflugsziele-schweiz.ch\/wp-content\/uploads\/2019\/04\/Rigi_Bahn-2-1024x683-80x60.jpg) 0 0 no-repeat;\r\n                    }\r\n                    #tdi_4  .td-doubleSlider-2 .td-item2 {\r\n                        background: url(https:\/\/www.ausflugsziele-schweiz.ch\/wp-content\/uploads\/2019\/04\/Rigi_Bahn-3-1024x683-80x60.jpg) 0 0 no-repeat;\r\n                    }\r\n                    #tdi_4  .td-doubleSlider-2 .td-item3 {\r\n                        background: url(https:\/\/www.ausflugsziele-schweiz.ch\/wp-content\/uploads\/2019\/04\/Rigi_Abendstimmung-3-1024x768-80x60.jpg) 0 0 no-repeat;\r\n                    }\r\n                <\/style>\r\n\r\n                <div id=\"tdi_4\" class=\"td-gallery td-slide-on-2-columns\">\r\n                    <div class=\"post_td_gallery\">\r\n                        <div class=\"td-gallery-slide-top\">\r\n                           <div class=\"td-gallery-title\"><\/div>\r\n\r\n                            <div class=\"td-gallery-controls-wrapper\">\r\n                                <div class=\"td-gallery-slide-count\"><span class=\"td-gallery-slide-item-focus\">1<\/span> of 3<\/div>\r\n                                <div class=\"td-gallery-slide-prev-next-but\">\r\n                                    <i class = \"td-icon-left doubleSliderPrevButton\"><\/i>\r\n                                    <i class = \"td-icon-right doubleSliderNextButton\"><\/i>\r\n                                <\/div>\r\n                            <\/div>\r\n                        <\/div>\r\n\r\n                        <div class = \"td-doubleSlider-1 \">\r\n                            <div class = \"td-slider\">\r\n                                \r\n                    <div class = \"td-slide-item td-item1\">\r\n                        <figure class=\"td-slide-galery-figure td-slide-popup-gallery\">\r\n                            <a class=\"slide-gallery-image-link\" href=\"https:\/\/www.ausflugsziele-schweiz.ch\/wp-content\/uploads\/2019\/04\/Rigi_Bahn-2-1024x683.jpg\" title=\"Rigi_Bahn-2-1024x683\"  data-caption=\"\"  data-description=\"\">\r\n                                <img decoding=\"async\" src=\"https:\/\/www.ausflugsziele-schweiz.ch\/wp-content\/uploads\/2019\/04\/Rigi_Bahn-2-1024x683-630x420.jpg\" srcset=\"https:\/\/www.ausflugsziele-schweiz.ch\/wp-content\/uploads\/2019\/04\/Rigi_Bahn-2-1024x683-630x420.jpg 630w, https:\/\/www.ausflugsziele-schweiz.ch\/wp-content\/uploads\/2019\/04\/Rigi_Bahn-2-1024x683-800x533.jpg 800w, https:\/\/www.ausflugsziele-schweiz.ch\/wp-content\/uploads\/2019\/04\/Rigi_Bahn-2-1024x683-768x512.jpg 768w, https:\/\/www.ausflugsziele-schweiz.ch\/wp-content\/uploads\/2019\/04\/Rigi_Bahn-2-1024x683-696x464.jpg 696w, https:\/\/www.ausflugsziele-schweiz.ch\/wp-content\/uploads\/2019\/04\/Rigi_Bahn-2-1024x683.jpg 1024w\" sizes=\"(max-width: 630px) 100vw, 630px\" alt=\"\">\r\n                            <\/a>\r\n                            \r\n                        <\/figure>\r\n                    <\/div>\r\n                    <div class = \"td-slide-item td-item2\">\r\n                        <figure class=\"td-slide-galery-figure td-slide-popup-gallery\">\r\n                            <a class=\"slide-gallery-image-link\" href=\"https:\/\/www.ausflugsziele-schweiz.ch\/wp-content\/uploads\/2019\/04\/Rigi_Bahn-3-1024x683.jpg\" title=\"Rigi_Bahn-3-1024x683\"  data-caption=\"\"  data-description=\"\">\r\n                                <img decoding=\"async\" src=\"https:\/\/www.ausflugsziele-schweiz.ch\/wp-content\/uploads\/2019\/04\/Rigi_Bahn-3-1024x683-630x420.jpg\" srcset=\"https:\/\/www.ausflugsziele-schweiz.ch\/wp-content\/uploads\/2019\/04\/Rigi_Bahn-3-1024x683-630x420.jpg 630w, https:\/\/www.ausflugsziele-schweiz.ch\/wp-content\/uploads\/2019\/04\/Rigi_Bahn-3-1024x683-800x533.jpg 800w, https:\/\/www.ausflugsziele-schweiz.ch\/wp-content\/uploads\/2019\/04\/Rigi_Bahn-3-1024x683-768x512.jpg 768w, https:\/\/www.ausflugsziele-schweiz.ch\/wp-content\/uploads\/2019\/04\/Rigi_Bahn-3-1024x683-696x464.jpg 696w, https:\/\/www.ausflugsziele-schweiz.ch\/wp-content\/uploads\/2019\/04\/Rigi_Bahn-3-1024x683.jpg 1024w\" sizes=\"(max-width: 630px) 100vw, 630px\" alt=\"\">\r\n                            <\/a>\r\n                            \r\n                        <\/figure>\r\n                    <\/div>\r\n                    <div class = \"td-slide-item td-item3\">\r\n                        <figure class=\"td-slide-galery-figure td-slide-popup-gallery\">\r\n                            <a class=\"slide-gallery-image-link\" href=\"https:\/\/www.ausflugsziele-schweiz.ch\/wp-content\/uploads\/2019\/04\/Rigi_Abendstimmung-3-1024x768.jpg\" title=\"Rigi_Abendstimmung-3-1024x768\"  data-caption=\"\"  data-description=\"\">\r\n                                <img decoding=\"async\" src=\"https:\/\/www.ausflugsziele-schweiz.ch\/wp-content\/uploads\/2019\/04\/Rigi_Abendstimmung-3-1024x768-560x420.jpg\" srcset=\"https:\/\/www.ausflugsziele-schweiz.ch\/wp-content\/uploads\/2019\/04\/Rigi_Abendstimmung-3-1024x768-560x420.jpg 560w, https:\/\/www.ausflugsziele-schweiz.ch\/wp-content\/uploads\/2019\/04\/Rigi_Abendstimmung-3-1024x768-711x533.jpg 711w, https:\/\/www.ausflugsziele-schweiz.ch\/wp-content\/uploads\/2019\/04\/Rigi_Abendstimmung-3-1024x768-768x576.jpg 768w, https:\/\/www.ausflugsziele-schweiz.ch\/wp-content\/uploads\/2019\/04\/Rigi_Abendstimmung-3-1024x768-80x60.jpg 80w, https:\/\/www.ausflugsziele-schweiz.ch\/wp-content\/uploads\/2019\/04\/Rigi_Abendstimmung-3-1024x768-160x120.jpg 160w, https:\/\/www.ausflugsziele-schweiz.ch\/wp-content\/uploads\/2019\/04\/Rigi_Abendstimmung-3-1024x768-265x198.jpg 265w, https:\/\/www.ausflugsziele-schweiz.ch\/wp-content\/uploads\/2019\/04\/Rigi_Abendstimmung-3-1024x768-696x522.jpg 696w, https:\/\/www.ausflugsziele-schweiz.ch\/wp-content\/uploads\/2019\/04\/Rigi_Abendstimmung-3-1024x768.jpg 1024w\" sizes=\"(max-width: 560px) 100vw, 560px\" alt=\"\">\r\n                            <\/a>\r\n                            \r\n                        <\/figure>\r\n                    <\/div>\r\n                            <\/div>\r\n                        <\/div>\r\n\r\n                        <div class = \"td-doubleSlider-2\">\r\n                            <div class = \"td-slider\">\r\n                                \r\n                    <div class = \"td-button td-item1\">\r\n                        <div class = \"td-border\"><\/div>\r\n                    <\/div>\r\n                    <div class = \"td-button td-item2\">\r\n                        <div class = \"td-border\"><\/div>\r\n                    <\/div>\r\n                    <div class = \"td-button td-item3\">\r\n                        <div class = \"td-border\"><\/div>\r\n                    <\/div>\r\n                            <\/div>\r\n                        <\/div>\r\n\r\n                    <\/div>\r\n\r\n                <\/div>\r\n                \n<p><a href=\"https:\/\/www.rigi.ch\/Information\/Bergbahnen\/Fahrplan-Tickets\/Online-Tickets-Rigi-Bahnen\/Frueher-Feierabend\" target=\"_blank\" rel=\"noopener noreferrer\">Fr\u00fcher Feierabend<\/a> |\u00a0<a href=\"https:\/\/www.rigi.ch\/Information\/Bergbahnen\/Fahrplan-Tickets\/Online-Tickets-Rigi-Bahnen\/Rigi-Wanderbillett\" target=\"_blank\" rel=\"noopener noreferrer\">Rigi Wanderbillett<\/a> |\u00a0<a href=\"https:\/\/www.rigi.ch\/Information\/Bergbahnen\/Fahrplan-Tickets\/Online-Tickets-Rigi-Bahnen\/RIGI-BAHNEN-TAGESKARTE\" target=\"_blank\" rel=\"noopener noreferrer\">Rigi Bahnen Tageskarte<\/a> |\u00a0<a href=\"https:\/\/www.rigi.ch\/Information\/Bergbahnen\/Fahrplan-Tickets\/Online-Tickets-Rigi-Bahnen\" target=\"_blank\" rel=\"noopener noreferrer\">Online-Tickets Rigi Bahnen<\/a><\/p>\n<p><strong>Buchen Sie jetzt das Angebot Ihrer Wahl.<\/strong><\/p>\n","protected":false},"excerpt":{"rendered":"<p>RIGI: Wandern, Wellness und beste Kulinarik auf der K\u00f6nigin der Berge Eine Auszeit gef\u00e4llig? Auf der Flucht vom Stress des Alltags? Dann ab auf die Rigi! Auf fast 1\u2019800 m \u00fc. M. warten die intakte Natur, die eindr\u00fcckliche Alpenflora, einsame Sonnenunterg\u00e4nge, eine fantastische Aussicht und romantische Wasserf\u00e4lle auf Geniesser, Wanderer und Erholungssuchende. Erlebnisangebote |\u00a0 Rigi [&hellip;]<\/p>\n","protected":false},"author":7,"featured_media":120541,"comment_status":"closed","ping_status":"closed","sticky":false,"template":"","format":"standard","meta":{"_acf_changed":false,"footnotes":""},"categories":[496,714,561,4131],"tags":[1674,1683,1107,1682,688,879,504,1455,471,891,1677,1670,1673,1678,1675,1053,590,1679,1671,1686,1681,1672,1685,1680,521,1684,1332,1676,527,691],"class_list":{"0":"post-5553","1":"post","2":"type-post","3":"status-publish","4":"format-standard","5":"has-post-thumbnail","7":"category-bahn-schiff","8":"category-bergbahnen","9":"category-familienausflug-freizeit-ausflugsziele","10":"category-premium-bahn-schiff-sommer","11":"tag-alpenflora","12":"tag-alpenwellness","13":"tag-angebote","14":"tag-angebote-sommer","15":"tag-ausfluege","16":"tag-aussicht","17":"tag-biken-2","18":"tag-fahrplan","19":"tag-familienausflug-2","20":"tag-familienerlebnis","21":"tag-gourmet-restaurant","22":"tag-hotels","23":"tag-koenigin-der-berge","24":"tag-kraeuter-hotel-edelweiss","25":"tag-luftseilbahnen","26":"tag-paradies","27":"tag-restaurant","28":"tag-restaurant-seebodenalp","29":"tag-rigi","30":"tag-rigi-bahnen-ag","31":"tag-rigi-bahnen-tageskarte","32":"tag-rigi-bergbahnen","33":"tag-rigi-sommer","34":"tag-rigi-bier","35":"tag-sommer-2","36":"tag-sommer-auf-der-rigi","37":"tag-tageskarte","38":"tag-vierwaldstaettersees","39":"tag-wandern-2","40":"tag-wellness"},"acf":[],"yoast_head":"<!-- This site is optimized with the Yoast SEO plugin v27.5 - https:\/\/yoast.com\/product\/yoast-seo-wordpress\/ -->\n<title>Sommer-Ausfl\u00fcge auf die Rigi \u2013\u00a0Rigi Bahnen - Ausflugsziele<\/title>\n<meta name=\"description\" content=\"Rigi Bahnen: Wandern, Wellness und beste Kulinarik auf der K\u00f6nigin der Berge. Geniessen Sie die eindr\u00fcckliche Alpenflora, einsame Sonnenunterg\u00e4nge, eine ...\" \/>\n<meta name=\"robots\" content=\"index, follow, max-snippet:-1, max-image-preview:large, max-video-preview:-1\" \/>\n<link rel=\"canonical\" href=\"https:\/\/www.ausflugsziele-schweiz.ch\/sommer\/sommer-ausfluge-auf-die-rigi-rigi-bahnen-ag\/\" \/>\n<meta property=\"og:locale\" content=\"so_SO\" \/>\n<meta property=\"og:type\" content=\"article\" \/>\n<meta property=\"og:title\" content=\"Sommer-Ausfl\u00fcge auf die Rigi \u2013\u00a0Rigi Bahnen - Ausflugsziele\" \/>\n<meta property=\"og:description\" content=\"Rigi Bahnen: Wandern, Wellness und beste Kulinarik auf der K\u00f6nigin der Berge. Geniessen Sie die eindr\u00fcckliche Alpenflora, einsame Sonnenunterg\u00e4nge, eine ...\" \/>\n<meta property=\"og:url\" content=\"https:\/\/www.ausflugsziele-schweiz.ch\/sommer\/sommer-ausfluge-auf-die-rigi-rigi-bahnen-ag\/\" \/>\n<meta property=\"og:site_name\" content=\"Ausflugsziele\" \/>\n<meta property=\"article:publisher\" content=\"https:\/\/www.facebook.com\/ausflugszieleschweiz\/\" \/>\n<meta property=\"article:published_time\" content=\"2019-06-12T13:00:10+00:00\" \/>\n<meta property=\"article:modified_time\" content=\"2022-04-07T08:10:33+00:00\" \/>\n<meta property=\"og:image\" content=\"https:\/\/www.ausflugsziele-schweiz.ch\/wp-content\/uploads\/2019\/06\/Rigi_Felsenweg_Frontbild.jpg\" \/>\n\t<meta property=\"og:image:width\" content=\"1400\" \/>\n\t<meta property=\"og:image:height\" content=\"1000\" \/>\n\t<meta property=\"og:image:type\" content=\"image\/jpeg\" \/>\n<meta name=\"author\" content=\"imatrix\" \/>\n<meta name=\"twitter:card\" content=\"summary_large_image\" \/>\n<meta name=\"twitter:label1\" content=\"Written by\" \/>\n\t<meta name=\"twitter:data1\" content=\"imatrix\" \/>\n\t<meta name=\"twitter:label2\" content=\"Est. reading time\" \/>\n\t<meta name=\"twitter:data2\" content=\"2 minutes\" \/>\n<script type=\"application\/ld+json\" class=\"yoast-schema-graph\">{\"@context\":\"https:\\\/\\\/schema.org\",\"@graph\":[{\"@type\":\"Article\",\"@id\":\"https:\\\/\\\/www.ausflugsziele-schweiz.ch\\\/sommer\\\/sommer-ausfluge-auf-die-rigi-rigi-bahnen-ag\\\/#article\",\"isPartOf\":{\"@id\":\"https:\\\/\\\/www.ausflugsziele-schweiz.ch\\\/sommer\\\/sommer-ausfluge-auf-die-rigi-rigi-bahnen-ag\\\/\"},\"author\":{\"name\":\"imatrix\",\"@id\":\"https:\\\/\\\/www.ausflugsziele-schweiz.ch\\\/sommer\\\/#\\\/schema\\\/person\\\/c57c323f187c389c84ea15885ffe79f1\"},\"headline\":\"Sommer-Ausfl\u00fcge auf die Rigi \u2013\u00a0Rigi Bahnen\",\"datePublished\":\"2019-06-12T13:00:10+00:00\",\"dateModified\":\"2022-04-07T08:10:33+00:00\",\"mainEntityOfPage\":{\"@id\":\"https:\\\/\\\/www.ausflugsziele-schweiz.ch\\\/sommer\\\/sommer-ausfluge-auf-die-rigi-rigi-bahnen-ag\\\/\"},\"wordCount\":491,\"publisher\":{\"@id\":\"https:\\\/\\\/www.ausflugsziele-schweiz.ch\\\/sommer\\\/#organization\"},\"image\":{\"@id\":\"https:\\\/\\\/www.ausflugsziele-schweiz.ch\\\/sommer\\\/sommer-ausfluge-auf-die-rigi-rigi-bahnen-ag\\\/#primaryimage\"},\"thumbnailUrl\":\"https:\\\/\\\/www.ausflugsziele-schweiz.ch\\\/wp-content\\\/uploads\\\/2019\\\/06\\\/Rigi_Felsenweg_Frontbild.jpg\",\"keywords\":[\"Alpenflora\",\"Alpenwellness\",\"Angebote\",\"Angebote Sommer\",\"Ausfl\u00fcge\",\"Aussicht\",\"biken\",\"Fahrplan\",\"Familienausflug\",\"Familienerlebnis\",\"Gourmet Restaurant\",\"Hotels\",\"K\u00f6nigin der Berge\",\"Kr\u00e4uter Hotel Edelweiss\",\"Luftseilbahnen\",\"Paradies\",\"Restaurant\",\"Restaurant Seebodenalp\",\"Rigi\",\"RIGI BAHNEN AG\",\"Rigi Bahnen Tageskarte\",\"Rigi Bergbahnen\",\"Rigi Sommer\",\"Rigi-Bier\",\"Sommer\",\"Sommer auf der Rigi\",\"Tageskarte\",\"Vierwaldst\u00e4ttersees\",\"Wandern\",\"Wellness\"],\"articleSection\":[\"Bahn &amp; Schiff\",\"Bergbahnen &amp; Bahnen\",\"Familienausflug\",\"Premium Bahn &amp; Schiff\"],\"inLanguage\":\"so-MR\"},{\"@type\":\"WebPage\",\"@id\":\"https:\\\/\\\/www.ausflugsziele-schweiz.ch\\\/sommer\\\/sommer-ausfluge-auf-die-rigi-rigi-bahnen-ag\\\/\",\"url\":\"https:\\\/\\\/www.ausflugsziele-schweiz.ch\\\/sommer\\\/sommer-ausfluge-auf-die-rigi-rigi-bahnen-ag\\\/\",\"name\":\"Sommer-Ausfl\u00fcge auf die Rigi \u2013\u00a0Rigi Bahnen - Ausflugsziele\",\"isPartOf\":{\"@id\":\"https:\\\/\\\/www.ausflugsziele-schweiz.ch\\\/sommer\\\/#website\"},\"primaryImageOfPage\":{\"@id\":\"https:\\\/\\\/www.ausflugsziele-schweiz.ch\\\/sommer\\\/sommer-ausfluge-auf-die-rigi-rigi-bahnen-ag\\\/#primaryimage\"},\"image\":{\"@id\":\"https:\\\/\\\/www.ausflugsziele-schweiz.ch\\\/sommer\\\/sommer-ausfluge-auf-die-rigi-rigi-bahnen-ag\\\/#primaryimage\"},\"thumbnailUrl\":\"https:\\\/\\\/www.ausflugsziele-schweiz.ch\\\/wp-content\\\/uploads\\\/2019\\\/06\\\/Rigi_Felsenweg_Frontbild.jpg\",\"datePublished\":\"2019-06-12T13:00:10+00:00\",\"dateModified\":\"2022-04-07T08:10:33+00:00\",\"description\":\"Rigi Bahnen: Wandern, Wellness und beste Kulinarik auf der K\u00f6nigin der Berge. Geniessen Sie die eindr\u00fcckliche Alpenflora, einsame Sonnenunterg\u00e4nge, eine ...\",\"breadcrumb\":{\"@id\":\"https:\\\/\\\/www.ausflugsziele-schweiz.ch\\\/sommer\\\/sommer-ausfluge-auf-die-rigi-rigi-bahnen-ag\\\/#breadcrumb\"},\"inLanguage\":\"so-MR\",\"potentialAction\":[{\"@type\":\"ReadAction\",\"target\":[\"https:\\\/\\\/www.ausflugsziele-schweiz.ch\\\/sommer\\\/sommer-ausfluge-auf-die-rigi-rigi-bahnen-ag\\\/\"]}]},{\"@type\":\"ImageObject\",\"inLanguage\":\"so-MR\",\"@id\":\"https:\\\/\\\/www.ausflugsziele-schweiz.ch\\\/sommer\\\/sommer-ausfluge-auf-die-rigi-rigi-bahnen-ag\\\/#primaryimage\",\"url\":\"https:\\\/\\\/www.ausflugsziele-schweiz.ch\\\/wp-content\\\/uploads\\\/2019\\\/06\\\/Rigi_Felsenweg_Frontbild.jpg\",\"contentUrl\":\"https:\\\/\\\/www.ausflugsziele-schweiz.ch\\\/wp-content\\\/uploads\\\/2019\\\/06\\\/Rigi_Felsenweg_Frontbild.jpg\",\"width\":1400,\"height\":1000,\"caption\":\"Rigi Felsenweg Frontbild\"},{\"@type\":\"BreadcrumbList\",\"@id\":\"https:\\\/\\\/www.ausflugsziele-schweiz.ch\\\/sommer\\\/sommer-ausfluge-auf-die-rigi-rigi-bahnen-ag\\\/#breadcrumb\",\"itemListElement\":[{\"@type\":\"ListItem\",\"position\":1,\"name\":\"Home\",\"item\":\"https:\\\/\\\/www.ausflugsziele-schweiz.ch\\\/sommer\\\/\"},{\"@type\":\"ListItem\",\"position\":2,\"name\":\"Sommer-Ausfl\u00fcge auf die Rigi \u2013\u00a0Rigi Bahnen\"}]},{\"@type\":\"WebSite\",\"@id\":\"https:\\\/\\\/www.ausflugsziele-schweiz.ch\\\/sommer\\\/#website\",\"url\":\"https:\\\/\\\/www.ausflugsziele-schweiz.ch\\\/sommer\\\/\",\"name\":\"Ausflugsziele\",\"description\":\"ausflugsziele-schweiz.ch\",\"publisher\":{\"@id\":\"https:\\\/\\\/www.ausflugsziele-schweiz.ch\\\/sommer\\\/#organization\"},\"alternateName\":\"Entdecke die sch\u00f6nsten Erlebnisse der Schweiz.\",\"potentialAction\":[{\"@type\":\"SearchAction\",\"target\":{\"@type\":\"EntryPoint\",\"urlTemplate\":\"https:\\\/\\\/www.ausflugsziele-schweiz.ch\\\/sommer\\\/?s={search_term_string}\"},\"query-input\":{\"@type\":\"PropertyValueSpecification\",\"valueRequired\":true,\"valueName\":\"search_term_string\"}}],\"inLanguage\":\"so-MR\"},{\"@type\":\"Organization\",\"@id\":\"https:\\\/\\\/www.ausflugsziele-schweiz.ch\\\/sommer\\\/#organization\",\"name\":\"Ausflugsziele Schweiz\",\"alternateName\":\"Entdecke die sch\u00f6nsten Erlebnisse der Schweiz.\",\"url\":\"https:\\\/\\\/www.ausflugsziele-schweiz.ch\\\/sommer\\\/\",\"logo\":{\"@type\":\"ImageObject\",\"inLanguage\":\"so-MR\",\"@id\":\"https:\\\/\\\/www.ausflugsziele-schweiz.ch\\\/sommer\\\/#\\\/schema\\\/logo\\\/image\\\/\",\"url\":\"https:\\\/\\\/www.ausflugsziele-schweiz.ch\\\/wp-content\\\/uploads\\\/2022\\\/03\\\/icon-1.png\",\"contentUrl\":\"https:\\\/\\\/www.ausflugsziele-schweiz.ch\\\/wp-content\\\/uploads\\\/2022\\\/03\\\/icon-1.png\",\"width\":600,\"height\":600,\"caption\":\"Ausflugsziele Schweiz\"},\"image\":{\"@id\":\"https:\\\/\\\/www.ausflugsziele-schweiz.ch\\\/sommer\\\/#\\\/schema\\\/logo\\\/image\\\/\"},\"sameAs\":[\"https:\\\/\\\/www.facebook.com\\\/ausflugszieleschweiz\\\/\"]},{\"@type\":\"Person\",\"@id\":\"https:\\\/\\\/www.ausflugsziele-schweiz.ch\\\/sommer\\\/#\\\/schema\\\/person\\\/c57c323f187c389c84ea15885ffe79f1\",\"name\":\"imatrix\",\"image\":{\"@type\":\"ImageObject\",\"inLanguage\":\"so-MR\",\"@id\":\"https:\\\/\\\/secure.gravatar.com\\\/avatar\\\/d8860d2cdda3de8e09895767394557b234c0e6ad1a80b3b7ccfec03df1a6a41b?s=96&d=retro&r=g\",\"url\":\"https:\\\/\\\/secure.gravatar.com\\\/avatar\\\/d8860d2cdda3de8e09895767394557b234c0e6ad1a80b3b7ccfec03df1a6a41b?s=96&d=retro&r=g\",\"contentUrl\":\"https:\\\/\\\/secure.gravatar.com\\\/avatar\\\/d8860d2cdda3de8e09895767394557b234c0e6ad1a80b3b7ccfec03df1a6a41b?s=96&d=retro&r=g\",\"caption\":\"imatrix\"},\"url\":\"https:\\\/\\\/www.ausflugsziele-schweiz.ch\\\/sommer\\\/author\\\/imatrix\\\/\"}]}<\/script>\n<!-- \/ Yoast SEO plugin. -->","yoast_head_json":{"title":"Sommer-Ausfl\u00fcge auf die Rigi \u2013\u00a0Rigi Bahnen - Ausflugsziele","description":"Rigi Bahnen: Wandern, Wellness und beste Kulinarik auf der K\u00f6nigin der Berge. Geniessen Sie die eindr\u00fcckliche Alpenflora, einsame Sonnenunterg\u00e4nge, eine ...","robots":{"index":"index","follow":"follow","max-snippet":"max-snippet:-1","max-image-preview":"max-image-preview:large","max-video-preview":"max-video-preview:-1"},"canonical":"https:\/\/www.ausflugsziele-schweiz.ch\/sommer\/sommer-ausfluge-auf-die-rigi-rigi-bahnen-ag\/","og_locale":"so_SO","og_type":"article","og_title":"Sommer-Ausfl\u00fcge auf die Rigi \u2013\u00a0Rigi Bahnen - Ausflugsziele","og_description":"Rigi Bahnen: Wandern, Wellness und beste Kulinarik auf der K\u00f6nigin der Berge. Geniessen Sie die eindr\u00fcckliche Alpenflora, einsame Sonnenunterg\u00e4nge, eine ...","og_url":"https:\/\/www.ausflugsziele-schweiz.ch\/sommer\/sommer-ausfluge-auf-die-rigi-rigi-bahnen-ag\/","og_site_name":"Ausflugsziele","article_publisher":"https:\/\/www.facebook.com\/ausflugszieleschweiz\/","article_published_time":"2019-06-12T13:00:10+00:00","article_modified_time":"2022-04-07T08:10:33+00:00","og_image":[{"width":1400,"height":1000,"url":"https:\/\/www.ausflugsziele-schweiz.ch\/wp-content\/uploads\/2019\/06\/Rigi_Felsenweg_Frontbild.jpg","type":"image\/jpeg"}],"author":"imatrix","twitter_card":"summary_large_image","twitter_misc":{"Written by":"imatrix","Est. reading time":"2 minutes"},"schema":{"@context":"https:\/\/schema.org","@graph":[{"@type":"Article","@id":"https:\/\/www.ausflugsziele-schweiz.ch\/sommer\/sommer-ausfluge-auf-die-rigi-rigi-bahnen-ag\/#article","isPartOf":{"@id":"https:\/\/www.ausflugsziele-schweiz.ch\/sommer\/sommer-ausfluge-auf-die-rigi-rigi-bahnen-ag\/"},"author":{"name":"imatrix","@id":"https:\/\/www.ausflugsziele-schweiz.ch\/sommer\/#\/schema\/person\/c57c323f187c389c84ea15885ffe79f1"},"headline":"Sommer-Ausfl\u00fcge auf die Rigi \u2013\u00a0Rigi Bahnen","datePublished":"2019-06-12T13:00:10+00:00","dateModified":"2022-04-07T08:10:33+00:00","mainEntityOfPage":{"@id":"https:\/\/www.ausflugsziele-schweiz.ch\/sommer\/sommer-ausfluge-auf-die-rigi-rigi-bahnen-ag\/"},"wordCount":491,"publisher":{"@id":"https:\/\/www.ausflugsziele-schweiz.ch\/sommer\/#organization"},"image":{"@id":"https:\/\/www.ausflugsziele-schweiz.ch\/sommer\/sommer-ausfluge-auf-die-rigi-rigi-bahnen-ag\/#primaryimage"},"thumbnailUrl":"https:\/\/www.ausflugsziele-schweiz.ch\/wp-content\/uploads\/2019\/06\/Rigi_Felsenweg_Frontbild.jpg","keywords":["Alpenflora","Alpenwellness","Angebote","Angebote Sommer","Ausfl\u00fcge","Aussicht","biken","Fahrplan","Familienausflug","Familienerlebnis","Gourmet Restaurant","Hotels","K\u00f6nigin der Berge","Kr\u00e4uter Hotel Edelweiss","Luftseilbahnen","Paradies","Restaurant","Restaurant Seebodenalp","Rigi","RIGI BAHNEN AG","Rigi Bahnen Tageskarte","Rigi Bergbahnen","Rigi Sommer","Rigi-Bier","Sommer","Sommer auf der Rigi","Tageskarte","Vierwaldst\u00e4ttersees","Wandern","Wellness"],"articleSection":["Bahn &amp; Schiff","Bergbahnen &amp; Bahnen","Familienausflug","Premium Bahn &amp; Schiff"],"inLanguage":"so-MR"},{"@type":"WebPage","@id":"https:\/\/www.ausflugsziele-schweiz.ch\/sommer\/sommer-ausfluge-auf-die-rigi-rigi-bahnen-ag\/","url":"https:\/\/www.ausflugsziele-schweiz.ch\/sommer\/sommer-ausfluge-auf-die-rigi-rigi-bahnen-ag\/","name":"Sommer-Ausfl\u00fcge auf die Rigi \u2013\u00a0Rigi Bahnen - Ausflugsziele","isPartOf":{"@id":"https:\/\/www.ausflugsziele-schweiz.ch\/sommer\/#website"},"primaryImageOfPage":{"@id":"https:\/\/www.ausflugsziele-schweiz.ch\/sommer\/sommer-ausfluge-auf-die-rigi-rigi-bahnen-ag\/#primaryimage"},"image":{"@id":"https:\/\/www.ausflugsziele-schweiz.ch\/sommer\/sommer-ausfluge-auf-die-rigi-rigi-bahnen-ag\/#primaryimage"},"thumbnailUrl":"https:\/\/www.ausflugsziele-schweiz.ch\/wp-content\/uploads\/2019\/06\/Rigi_Felsenweg_Frontbild.jpg","datePublished":"2019-06-12T13:00:10+00:00","dateModified":"2022-04-07T08:10:33+00:00","description":"Rigi Bahnen: Wandern, Wellness und beste Kulinarik auf der K\u00f6nigin der Berge. Geniessen Sie die eindr\u00fcckliche Alpenflora, einsame Sonnenunterg\u00e4nge, eine ...","breadcrumb":{"@id":"https:\/\/www.ausflugsziele-schweiz.ch\/sommer\/sommer-ausfluge-auf-die-rigi-rigi-bahnen-ag\/#breadcrumb"},"inLanguage":"so-MR","potentialAction":[{"@type":"ReadAction","target":["https:\/\/www.ausflugsziele-schweiz.ch\/sommer\/sommer-ausfluge-auf-die-rigi-rigi-bahnen-ag\/"]}]},{"@type":"ImageObject","inLanguage":"so-MR","@id":"https:\/\/www.ausflugsziele-schweiz.ch\/sommer\/sommer-ausfluge-auf-die-rigi-rigi-bahnen-ag\/#primaryimage","url":"https:\/\/www.ausflugsziele-schweiz.ch\/wp-content\/uploads\/2019\/06\/Rigi_Felsenweg_Frontbild.jpg","contentUrl":"https:\/\/www.ausflugsziele-schweiz.ch\/wp-content\/uploads\/2019\/06\/Rigi_Felsenweg_Frontbild.jpg","width":1400,"height":1000,"caption":"Rigi Felsenweg Frontbild"},{"@type":"BreadcrumbList","@id":"https:\/\/www.ausflugsziele-schweiz.ch\/sommer\/sommer-ausfluge-auf-die-rigi-rigi-bahnen-ag\/#breadcrumb","itemListElement":[{"@type":"ListItem","position":1,"name":"Home","item":"https:\/\/www.ausflugsziele-schweiz.ch\/sommer\/"},{"@type":"ListItem","position":2,"name":"Sommer-Ausfl\u00fcge auf die Rigi \u2013\u00a0Rigi Bahnen"}]},{"@type":"WebSite","@id":"https:\/\/www.ausflugsziele-schweiz.ch\/sommer\/#website","url":"https:\/\/www.ausflugsziele-schweiz.ch\/sommer\/","name":"Ausflugsziele","description":"ausflugsziele-schweiz.ch","publisher":{"@id":"https:\/\/www.ausflugsziele-schweiz.ch\/sommer\/#organization"},"alternateName":"Entdecke die sch\u00f6nsten Erlebnisse der Schweiz.","potentialAction":[{"@type":"SearchAction","target":{"@type":"EntryPoint","urlTemplate":"https:\/\/www.ausflugsziele-schweiz.ch\/sommer\/?s={search_term_string}"},"query-input":{"@type":"PropertyValueSpecification","valueRequired":true,"valueName":"search_term_string"}}],"inLanguage":"so-MR"},{"@type":"Organization","@id":"https:\/\/www.ausflugsziele-schweiz.ch\/sommer\/#organization","name":"Ausflugsziele Schweiz","alternateName":"Entdecke die sch\u00f6nsten Erlebnisse der Schweiz.","url":"https:\/\/www.ausflugsziele-schweiz.ch\/sommer\/","logo":{"@type":"ImageObject","inLanguage":"so-MR","@id":"https:\/\/www.ausflugsziele-schweiz.ch\/sommer\/#\/schema\/logo\/image\/","url":"https:\/\/www.ausflugsziele-schweiz.ch\/wp-content\/uploads\/2022\/03\/icon-1.png","contentUrl":"https:\/\/www.ausflugsziele-schweiz.ch\/wp-content\/uploads\/2022\/03\/icon-1.png","width":600,"height":600,"caption":"Ausflugsziele Schweiz"},"image":{"@id":"https:\/\/www.ausflugsziele-schweiz.ch\/sommer\/#\/schema\/logo\/image\/"},"sameAs":["https:\/\/www.facebook.com\/ausflugszieleschweiz\/"]},{"@type":"Person","@id":"https:\/\/www.ausflugsziele-schweiz.ch\/sommer\/#\/schema\/person\/c57c323f187c389c84ea15885ffe79f1","name":"imatrix","image":{"@type":"ImageObject","inLanguage":"so-MR","@id":"https:\/\/secure.gravatar.com\/avatar\/d8860d2cdda3de8e09895767394557b234c0e6ad1a80b3b7ccfec03df1a6a41b?s=96&d=retro&r=g","url":"https:\/\/secure.gravatar.com\/avatar\/d8860d2cdda3de8e09895767394557b234c0e6ad1a80b3b7ccfec03df1a6a41b?s=96&d=retro&r=g","contentUrl":"https:\/\/secure.gravatar.com\/avatar\/d8860d2cdda3de8e09895767394557b234c0e6ad1a80b3b7ccfec03df1a6a41b?s=96&d=retro&r=g","caption":"imatrix"},"url":"https:\/\/www.ausflugsziele-schweiz.ch\/sommer\/author\/imatrix\/"}]}},"_links":{"self":[{"href":"https:\/\/www.ausflugsziele-schweiz.ch\/sommer\/wp-json\/wp\/v2\/posts\/5553","targetHints":{"allow":["GET"]}}],"collection":[{"href":"https:\/\/www.ausflugsziele-schweiz.ch\/sommer\/wp-json\/wp\/v2\/posts"}],"about":[{"href":"https:\/\/www.ausflugsziele-schweiz.ch\/sommer\/wp-json\/wp\/v2\/types\/post"}],"author":[{"embeddable":true,"href":"https:\/\/www.ausflugsziele-schweiz.ch\/sommer\/wp-json\/wp\/v2\/users\/7"}],"replies":[{"embeddable":true,"href":"https:\/\/www.ausflugsziele-schweiz.ch\/sommer\/wp-json\/wp\/v2\/comments?post=5553"}],"version-history":[{"count":0,"href":"https:\/\/www.ausflugsziele-schweiz.ch\/sommer\/wp-json\/wp\/v2\/posts\/5553\/revisions"}],"wp:featuredmedia":[{"embeddable":true,"href":"https:\/\/www.ausflugsziele-schweiz.ch\/sommer\/wp-json\/wp\/v2\/media\/120541"}],"wp:attachment":[{"href":"https:\/\/www.ausflugsziele-schweiz.ch\/sommer\/wp-json\/wp\/v2\/media?parent=5553"}],"wp:term":[{"taxonomy":"category","embeddable":true,"href":"https:\/\/www.ausflugsziele-schweiz.ch\/sommer\/wp-json\/wp\/v2\/categories?post=5553"},{"taxonomy":"post_tag","embeddable":true,"href":"https:\/\/www.ausflugsziele-schweiz.ch\/sommer\/wp-json\/wp\/v2\/tags?post=5553"}],"curies":[{"name":"wp","href":"https:\/\/api.w.org\/{rel}","templated":true}]}}