{"id":5593,"date":"2019-06-07T11:50:47","date_gmt":"2019-06-07T09:50:47","guid":{"rendered":"https:\/\/www.ausflugsziele-schweiz.ch\/sommer\/?p=5593"},"modified":"2022-04-04T21:21:11","modified_gmt":"2022-04-04T19:21:11","slug":"familienausfluege-nach-nendaz-dem-walliser-sonnenplateau","status":"publish","type":"post","link":"https:\/\/www.ausflugsziele-schweiz.ch\/sommer\/familienausfluege-nach-nendaz-dem-walliser-sonnenplateau\/","title":{"rendered":"Familienausfl\u00fcge nach Nendaz, dem Walliser Sonnenplateau"},"content":{"rendered":"<h3>Nendaz \u2013 idyllische Suonenwanderwege und Naturerlebnis pur<\/h3>\n<p><strong>Das Ferienparadies Nendaz liegt hoch \u00fcber dem Rhonetal auf einem Sonnenplateau im Herzen des Wallis. Durch die exponierte Lage geniessen Sie einen unvergesslichen Panoramablick \u00fcber die Schweizer Alpenkulisse. Allerdings hat Nendaz mit einem gut ausgebauten Wanderwegenetz f\u00fcr jeden Anspruch, verschiedenen Sommer Events und einer abwechslungsreichen Naturlandschaft noch viel mehr zu bieten.<\/strong><\/p>\n\r\n                <style type=\"text\/css\">\r\n                    \r\n                    #tdi_1  .td-doubleSlider-2 .td-item1 {\r\n                        background: url(https:\/\/www.ausflugsziele-schweiz.ch\/wp-content\/uploads\/2019\/04\/Nendaz_Skulpturenweg_Chemin-Chemin-des-sculptures_Copyright-Arnaud-Delhez_2011-683x1024-80x60.jpg) 0 0 no-repeat;\r\n                    }\r\n                    #tdi_1  .td-doubleSlider-2 .td-item2 {\r\n                        background: url(https:\/\/www.ausflugsziele-schweiz.ch\/wp-content\/uploads\/2019\/04\/Nendaz_Cor-des-Alpes_Copyright-Florian-Bouvet-Fournier_20171-1024x683-80x60.jpg) 0 0 no-repeat;\r\n                    }\r\n                    #tdi_1  .td-doubleSlider-2 .td-item3 {\r\n                        background: url(https:\/\/www.ausflugsziele-schweiz.ch\/wp-content\/uploads\/2019\/04\/Nendaz_Sentier-panoramique_Copyright-Etienne-Bornet_20162-1024x683-80x60.jpg) 0 0 no-repeat;\r\n                    }\r\n                    #tdi_1  .td-doubleSlider-2 .td-item4 {\r\n                        background: url(https:\/\/www.ausflugsziele-schweiz.ch\/wp-content\/uploads\/2019\/04\/Nendaz_Siviez_Copyright-Florian-Bouvet-Fournier_2017-1024x683-80x60.jpg) 0 0 no-repeat;\r\n                    }\r\n                <\/style>\r\n\r\n                <div id=\"tdi_1\" class=\"td-gallery td-slide-on-2-columns\">\r\n                    <div class=\"post_td_gallery\">\r\n                        <div class=\"td-gallery-slide-top\">\r\n                           <div class=\"td-gallery-title\"><\/div>\r\n\r\n                            <div class=\"td-gallery-controls-wrapper\">\r\n                                <div class=\"td-gallery-slide-count\"><span class=\"td-gallery-slide-item-focus\">1<\/span> of 4<\/div>\r\n                                <div class=\"td-gallery-slide-prev-next-but\">\r\n                                    <i class = \"td-icon-left doubleSliderPrevButton\"><\/i>\r\n                                    <i class = \"td-icon-right doubleSliderNextButton\"><\/i>\r\n                                <\/div>\r\n                            <\/div>\r\n                        <\/div>\r\n\r\n                        <div class = \"td-doubleSlider-1 \">\r\n                            <div class = \"td-slider\">\r\n                                \r\n                    <div class = \"td-slide-item td-item1\">\r\n                        <figure class=\"td-slide-galery-figure td-slide-popup-gallery\">\r\n                            <a class=\"slide-gallery-image-link\" href=\"https:\/\/www.ausflugsziele-schweiz.ch\/wp-content\/uploads\/2019\/04\/Nendaz_Skulpturenweg_Chemin-Chemin-des-sculptures_Copyright-Arnaud-Delhez_2011-683x1024.jpg\" title=\"Chemin Chemin des sculptures_Copyright Arnaud Delhez_2011\"  data-caption=\"\"  data-description=\"\">\r\n                                <img decoding=\"async\" src=\"https:\/\/www.ausflugsziele-schweiz.ch\/wp-content\/uploads\/2019\/04\/Nendaz_Skulpturenweg_Chemin-Chemin-des-sculptures_Copyright-Arnaud-Delhez_2011-683x1024-280x420.jpg\" srcset=\"https:\/\/www.ausflugsziele-schweiz.ch\/wp-content\/uploads\/2019\/04\/Nendaz_Skulpturenweg_Chemin-Chemin-des-sculptures_Copyright-Arnaud-Delhez_2011-683x1024-280x420.jpg 280w, https:\/\/www.ausflugsziele-schweiz.ch\/wp-content\/uploads\/2019\/04\/Nendaz_Skulpturenweg_Chemin-Chemin-des-sculptures_Copyright-Arnaud-Delhez_2011-683x1024-356x533.jpg 356w, https:\/\/www.ausflugsziele-schweiz.ch\/wp-content\/uploads\/2019\/04\/Nendaz_Skulpturenweg_Chemin-Chemin-des-sculptures_Copyright-Arnaud-Delhez_2011-683x1024-560x840.jpg 560w, https:\/\/www.ausflugsziele-schweiz.ch\/wp-content\/uploads\/2019\/04\/Nendaz_Skulpturenweg_Chemin-Chemin-des-sculptures_Copyright-Arnaud-Delhez_2011-683x1024.jpg 667w\" sizes=\"(max-width: 280px) 100vw, 280px\" alt=\"\">\r\n                            <\/a>\r\n                            \r\n                        <\/figure>\r\n                    <\/div>\r\n                    <div class = \"td-slide-item td-item2\">\r\n                        <figure class=\"td-slide-galery-figure td-slide-popup-gallery\">\r\n                            <a class=\"slide-gallery-image-link\" href=\"https:\/\/www.ausflugsziele-schweiz.ch\/wp-content\/uploads\/2019\/04\/Nendaz_Cor-des-Alpes_Copyright-Florian-Bouvet-Fournier_20171-1024x683.jpg\" title=\"Cor des Alpes_Copyright Florian Bouvet-Fournier_2017\"  data-caption=\"\"  data-description=\"\">\r\n                                <img decoding=\"async\" src=\"https:\/\/www.ausflugsziele-schweiz.ch\/wp-content\/uploads\/2019\/04\/Nendaz_Cor-des-Alpes_Copyright-Florian-Bouvet-Fournier_20171-1024x683-630x420.jpg\" srcset=\"https:\/\/www.ausflugsziele-schweiz.ch\/wp-content\/uploads\/2019\/04\/Nendaz_Cor-des-Alpes_Copyright-Florian-Bouvet-Fournier_20171-1024x683-630x420.jpg 630w, https:\/\/www.ausflugsziele-schweiz.ch\/wp-content\/uploads\/2019\/04\/Nendaz_Cor-des-Alpes_Copyright-Florian-Bouvet-Fournier_20171-1024x683-800x533.jpg 800w, https:\/\/www.ausflugsziele-schweiz.ch\/wp-content\/uploads\/2019\/04\/Nendaz_Cor-des-Alpes_Copyright-Florian-Bouvet-Fournier_20171-1024x683-768x512.jpg 768w, https:\/\/www.ausflugsziele-schweiz.ch\/wp-content\/uploads\/2019\/04\/Nendaz_Cor-des-Alpes_Copyright-Florian-Bouvet-Fournier_20171-1024x683-696x464.jpg 696w, https:\/\/www.ausflugsziele-schweiz.ch\/wp-content\/uploads\/2019\/04\/Nendaz_Cor-des-Alpes_Copyright-Florian-Bouvet-Fournier_20171-1024x683.jpg 1024w\" sizes=\"(max-width: 630px) 100vw, 630px\" alt=\"\">\r\n                            <\/a>\r\n                            \r\n                        <\/figure>\r\n                    <\/div>\r\n                    <div class = \"td-slide-item td-item3\">\r\n                        <figure class=\"td-slide-galery-figure td-slide-popup-gallery\">\r\n                            <a class=\"slide-gallery-image-link\" href=\"https:\/\/www.ausflugsziele-schweiz.ch\/wp-content\/uploads\/2019\/04\/Nendaz_Sentier-panoramique_Copyright-Etienne-Bornet_20162-1024x683.jpg\" title=\"Sentier panoramique_Copyright Etienne Bornet_2016\"  data-caption=\"\"  data-description=\"\">\r\n                                <img decoding=\"async\" src=\"https:\/\/www.ausflugsziele-schweiz.ch\/wp-content\/uploads\/2019\/04\/Nendaz_Sentier-panoramique_Copyright-Etienne-Bornet_20162-1024x683-630x420.jpg\" srcset=\"https:\/\/www.ausflugsziele-schweiz.ch\/wp-content\/uploads\/2019\/04\/Nendaz_Sentier-panoramique_Copyright-Etienne-Bornet_20162-1024x683-630x420.jpg 630w, https:\/\/www.ausflugsziele-schweiz.ch\/wp-content\/uploads\/2019\/04\/Nendaz_Sentier-panoramique_Copyright-Etienne-Bornet_20162-1024x683-800x533.jpg 800w, https:\/\/www.ausflugsziele-schweiz.ch\/wp-content\/uploads\/2019\/04\/Nendaz_Sentier-panoramique_Copyright-Etienne-Bornet_20162-1024x683-768x512.jpg 768w, https:\/\/www.ausflugsziele-schweiz.ch\/wp-content\/uploads\/2019\/04\/Nendaz_Sentier-panoramique_Copyright-Etienne-Bornet_20162-1024x683-696x464.jpg 696w, https:\/\/www.ausflugsziele-schweiz.ch\/wp-content\/uploads\/2019\/04\/Nendaz_Sentier-panoramique_Copyright-Etienne-Bornet_20162-1024x683.jpg 1024w\" sizes=\"(max-width: 630px) 100vw, 630px\" alt=\"\">\r\n                            <\/a>\r\n                            \r\n                        <\/figure>\r\n                    <\/div>\r\n                    <div class = \"td-slide-item td-item4\">\r\n                        <figure class=\"td-slide-galery-figure td-slide-popup-gallery\">\r\n                            <a class=\"slide-gallery-image-link\" href=\"https:\/\/www.ausflugsziele-schweiz.ch\/wp-content\/uploads\/2019\/04\/Nendaz_Siviez_Copyright-Florian-Bouvet-Fournier_2017-1024x683.jpg\" title=\"Siviez_Copyright Florian Bouvet-Fournier_2017\"  data-caption=\"\"  data-description=\"\">\r\n                                <img decoding=\"async\" src=\"https:\/\/www.ausflugsziele-schweiz.ch\/wp-content\/uploads\/2019\/04\/Nendaz_Siviez_Copyright-Florian-Bouvet-Fournier_2017-1024x683-630x420.jpg\" srcset=\"https:\/\/www.ausflugsziele-schweiz.ch\/wp-content\/uploads\/2019\/04\/Nendaz_Siviez_Copyright-Florian-Bouvet-Fournier_2017-1024x683-630x420.jpg 630w, https:\/\/www.ausflugsziele-schweiz.ch\/wp-content\/uploads\/2019\/04\/Nendaz_Siviez_Copyright-Florian-Bouvet-Fournier_2017-1024x683-800x533.jpg 800w, https:\/\/www.ausflugsziele-schweiz.ch\/wp-content\/uploads\/2019\/04\/Nendaz_Siviez_Copyright-Florian-Bouvet-Fournier_2017-1024x683-768x512.jpg 768w, https:\/\/www.ausflugsziele-schweiz.ch\/wp-content\/uploads\/2019\/04\/Nendaz_Siviez_Copyright-Florian-Bouvet-Fournier_2017-1024x683-696x464.jpg 696w, https:\/\/www.ausflugsziele-schweiz.ch\/wp-content\/uploads\/2019\/04\/Nendaz_Siviez_Copyright-Florian-Bouvet-Fournier_2017-1024x683.jpg 1024w\" sizes=\"(max-width: 630px) 100vw, 630px\" alt=\"\">\r\n                            <\/a>\r\n                            \r\n                        <\/figure>\r\n                    <\/div>\r\n                            <\/div>\r\n                        <\/div>\r\n\r\n                        <div class = \"td-doubleSlider-2\">\r\n                            <div class = \"td-slider\">\r\n                                \r\n                    <div class = \"td-button td-item1\">\r\n                        <div class = \"td-border\"><\/div>\r\n                    <\/div>\r\n                    <div class = \"td-button td-item2\">\r\n                        <div class = \"td-border\"><\/div>\r\n                    <\/div>\r\n                    <div class = \"td-button td-item3\">\r\n                        <div class = \"td-border\"><\/div>\r\n                    <\/div>\r\n                    <div class = \"td-button td-item4\">\r\n                        <div class = \"td-border\"><\/div>\r\n                    <\/div>\r\n                            <\/div>\r\n                        <\/div>\r\n\r\n                    <\/div>\r\n\r\n                <\/div>\r\n                \n<p><a href=\"https:\/\/www.nendaz.ch\/de\/station-praktische-infos\/familien\/aktivitaten-fur-familien\/aktivitaten-fur-familien-listingm-at12-at0-pro5-pro6-pro2-ili0-vde7.html\" target=\"_blank\" rel=\"noopener noreferrer\">Aktivit\u00e4ten f\u00fcr Familien<\/a> | <a href=\"https:\/\/www.nendaz.ch\/de\/station-praktische-infos\/familien\/spielplatze\/spielplatze-listingm-ilp16.html\" target=\"_blank\" rel=\"noopener noreferrer\">Spielpl\u00e4tze<\/a> | <a href=\"https:\/\/www.nendaz.ch\/de\/station-praktische-infos\/familien\/picknickplatze\/picknickplatze-listingm-ilp81.html\" target=\"_blank\" rel=\"noopener noreferrer\">Picknickpl\u00e4tze<\/a> | <a href=\"https:\/\/www.nendaz.ch\/de\/activites-loisirs\/printemps-ete-automne\/bisses-balades-au-fil-de-eau\/bisses-balades-au-fil-de-eau-listingm-ac17-tbi0.html\" target=\"_blank\" rel=\"noopener noreferrer\">Wanderwege<\/a> | <a href=\"https:\/\/www.nendaz.ch\/de\/portail-suonen-nendaz.htm\" target=\"_blank\" rel=\"noopener noreferrer\">Suonenwanderung<\/a><\/p>\n<h3>Suonenwanderweg f\u00fcr Familienausfl\u00fcge ideal<\/h3>\n<p>Auf naturbegeisterte Wanderer wartet ein 98 Kilometer langes und einzigartiges Wandernetz entlang von acht Suonen. Sie f\u00fchren durch intakte Naturlandschaften, w\u00e4hrend leise vor sich hin pl\u00e4tschernde Suonenwasser den Wanderer begleiten. Dabei ist jeder Suonenwanderweg einzigartig. Einige dieser Traumwege pr\u00e4sentieren sich als Themenwanderwege.<\/p>\n\r\n                <style type=\"text\/css\">\r\n                    \r\n                    #tdi_2  .td-doubleSlider-2 .td-item1 {\r\n                        background: url(https:\/\/www.ausflugsziele-schweiz.ch\/wp-content\/uploads\/2019\/04\/Nendaz_Wanderung_Jardin-Japonais_Copyright-Florian-Bouvet-Fournier_2017-1024x683-80x60.jpg) 0 0 no-repeat;\r\n                    }\r\n                <\/style>\r\n\r\n                <div id=\"tdi_2\" class=\"td-gallery td-slide-on-2-columns\">\r\n                    <div class=\"post_td_gallery\">\r\n                        <div class=\"td-gallery-slide-top\">\r\n                           <div class=\"td-gallery-title\"><\/div>\r\n\r\n                            <div class=\"td-gallery-controls-wrapper\">\r\n                                <div class=\"td-gallery-slide-count\"><span class=\"td-gallery-slide-item-focus\">1<\/span> of 3<\/div>\r\n                                <div class=\"td-gallery-slide-prev-next-but\">\r\n                                    <i class = \"td-icon-left doubleSliderPrevButton\"><\/i>\r\n                                    <i class = \"td-icon-right doubleSliderNextButton\"><\/i>\r\n                                <\/div>\r\n                            <\/div>\r\n                        <\/div>\r\n\r\n                        <div class = \"td-doubleSlider-1 \">\r\n                            <div class = \"td-slider\">\r\n                                \r\n                    <div class = \"td-slide-item td-item1\">\r\n                        <figure class=\"td-slide-galery-figure td-slide-popup-gallery\">\r\n                            <a class=\"slide-gallery-image-link\" href=\"https:\/\/www.ausflugsziele-schweiz.ch\/wp-content\/uploads\/2019\/04\/Nendaz_Wanderung_Jardin-Japonais_Copyright-Florian-Bouvet-Fournier_2017-1024x683.jpg\" title=\"Jardin Japonais_Copyright Florian Bouvet-Fournier_2017\"  data-caption=\"\"  data-description=\"\">\r\n                                <img decoding=\"async\" src=\"https:\/\/www.ausflugsziele-schweiz.ch\/wp-content\/uploads\/2019\/04\/Nendaz_Wanderung_Jardin-Japonais_Copyright-Florian-Bouvet-Fournier_2017-1024x683-630x420.jpg\" srcset=\"https:\/\/www.ausflugsziele-schweiz.ch\/wp-content\/uploads\/2019\/04\/Nendaz_Wanderung_Jardin-Japonais_Copyright-Florian-Bouvet-Fournier_2017-1024x683-630x420.jpg 630w, https:\/\/www.ausflugsziele-schweiz.ch\/wp-content\/uploads\/2019\/04\/Nendaz_Wanderung_Jardin-Japonais_Copyright-Florian-Bouvet-Fournier_2017-1024x683-800x533.jpg 800w, https:\/\/www.ausflugsziele-schweiz.ch\/wp-content\/uploads\/2019\/04\/Nendaz_Wanderung_Jardin-Japonais_Copyright-Florian-Bouvet-Fournier_2017-1024x683-768x512.jpg 768w, https:\/\/www.ausflugsziele-schweiz.ch\/wp-content\/uploads\/2019\/04\/Nendaz_Wanderung_Jardin-Japonais_Copyright-Florian-Bouvet-Fournier_2017-1024x683-696x464.jpg 696w, https:\/\/www.ausflugsziele-schweiz.ch\/wp-content\/uploads\/2019\/04\/Nendaz_Wanderung_Jardin-Japonais_Copyright-Florian-Bouvet-Fournier_2017-1024x683.jpg 1024w\" sizes=\"(max-width: 630px) 100vw, 630px\" alt=\"\">\r\n                            <\/a>\r\n                            \r\n                        <\/figure>\r\n                    <\/div>\r\n                            <\/div>\r\n                        <\/div>\r\n\r\n                        <div class = \"td-doubleSlider-2\">\r\n                            <div class = \"td-slider\">\r\n                                \r\n                    <div class = \"td-button td-item1\">\r\n                        <div class = \"td-border\"><\/div>\r\n                    <\/div>\r\n                            <\/div>\r\n                        <\/div>\r\n\r\n                    <\/div>\r\n\r\n                <\/div>\r\n                \n<p><a href=\"https:\/\/www.nendaz.ch\/de\/activites-loisirs\/printemps-ete-automne\/bisses-balades-au-fil-de-eau\/bisses-balades-au-fil-de-eau-listingm-pc2.html\" target=\"_blank\" rel=\"noopener noreferrer\">8 Suonen entdecken<\/a> | <a href=\"https:\/\/www.nendaz.ch\/de\/portail-suonen-nendaz.htm\" target=\"_blank\" rel=\"noopener noreferrer\">Suonenwanderung<\/a> | <a href=\"https:\/\/www.nendaz.ch\/de\/activites-loisirs\/printemps-ete-automne\/bisses-balades-au-fil-de-eau\/bisses-balades-au-fil-de-eau-listingm-ac17-tbi0.html\" target=\"_blank\" rel=\"noopener noreferrer\">Wanderwege<\/a> | <a href=\"https:\/\/www.nendaz.ch\/de\/aktivitaten-freizeit\/fruhling-sommer-herbst\/themenpfade\/themenpfade-listingm-tsp66.html\" target=\"_blank\" rel=\"noopener noreferrer\">Themenpfade<\/a><\/p>\n<p>Die familienfreundlich gestalteten Themenwege erz\u00e4hlen \u00fcber die Natursch\u00f6nheit des Gebiets. So erfahren Sie auf dem Zapfenweg interessante Details \u00fcber den Weiher von Sofleu oder das Ger\u00f6llfeld von Dzerjonna und andere Natursch\u00f6nheiten, die sich auf Ihrem Wanderweg befinden. Der Panoramaweg vermittelt an Spielposten und \u00fcber Infotafeln lehrreiche Details \u00fcber Tiere und Pflanzen der Region. Den Barfussweg erleben Sie mit allen Sinnen. Am Ende der Wanderung erwartet Sie ein k\u00fchles B\u00e4chlein, wo sich die F\u00fcsse von diesem ungewohnten Erlebnis erholen. Wandern Sie \u00fcber den Skulpturenweg und begleiten Sie die Tiere der Bergwelt, w\u00e4hrend die Kinder auf Schatzsuche gehen.<\/p>\n\r\n                <style type=\"text\/css\">\r\n                    \r\n                    #tdi_3  .td-doubleSlider-2 .td-item1 {\r\n                        background: url(https:\/\/www.ausflugsziele-schweiz.ch\/wp-content\/uploads\/2019\/04\/Nendaz_Wanderweg_Bisse_Copyright-Florian-Bouvet-Fournier_2018-1024x683-80x60.jpg) 0 0 no-repeat;\r\n                    }\r\n                    #tdi_3  .td-doubleSlider-2 .td-item2 {\r\n                        background: url(https:\/\/www.ausflugsziele-schweiz.ch\/wp-content\/uploads\/2019\/04\/Nendaz__Skulpturenweg_Bisse-du-Milieu_Copyright-Florian-Bouvet-Fournier_2018-683x1024-80x60.jpg) 0 0 no-repeat;\r\n                    }\r\n                    #tdi_3  .td-doubleSlider-2 .td-item3 {\r\n                        background: url(https:\/\/www.ausflugsziele-schweiz.ch\/wp-content\/uploads\/2019\/04\/Nendaz_Sentier-panoramique_Copyright-Etienne-Bornet_2016-1024x683-80x60.jpg) 0 0 no-repeat;\r\n                    }\r\n                    #tdi_3  .td-doubleSlider-2 .td-item4 {\r\n                        background: url(https:\/\/www.ausflugsziele-schweiz.ch\/wp-content\/uploads\/2019\/04\/Nendaz_Sentier-panoramique_Copyright-Etienne-Bornet_20161-1024x683-80x60.jpg) 0 0 no-repeat;\r\n                    }\r\n                    #tdi_3  .td-doubleSlider-2 .td-item5 {\r\n                        background: url(https:\/\/www.ausflugsziele-schweiz.ch\/wp-content\/uploads\/2019\/04\/Nendaz_Sentier-pieds-nus_Copyright-Arnaud-Delhez_2013-683x1024-80x60.jpg) 0 0 no-repeat;\r\n                    }\r\n                <\/style>\r\n\r\n                <div id=\"tdi_3\" class=\"td-gallery td-slide-on-2-columns\">\r\n                    <div class=\"post_td_gallery\">\r\n                        <div class=\"td-gallery-slide-top\">\r\n                           <div class=\"td-gallery-title\"><\/div>\r\n\r\n                            <div class=\"td-gallery-controls-wrapper\">\r\n                                <div class=\"td-gallery-slide-count\"><span class=\"td-gallery-slide-item-focus\">1<\/span> of 6<\/div>\r\n                                <div class=\"td-gallery-slide-prev-next-but\">\r\n                                    <i class = \"td-icon-left doubleSliderPrevButton\"><\/i>\r\n                                    <i class = \"td-icon-right doubleSliderNextButton\"><\/i>\r\n                                <\/div>\r\n                            <\/div>\r\n                        <\/div>\r\n\r\n                        <div class = \"td-doubleSlider-1 \">\r\n                            <div class = \"td-slider\">\r\n                                \r\n                    <div class = \"td-slide-item td-item1\">\r\n                        <figure class=\"td-slide-galery-figure td-slide-popup-gallery\">\r\n                            <a class=\"slide-gallery-image-link\" href=\"https:\/\/www.ausflugsziele-schweiz.ch\/wp-content\/uploads\/2019\/04\/Nendaz_Wanderweg_Bisse_Copyright-Florian-Bouvet-Fournier_2018-1024x683.jpg\" title=\"Bisse_Copyright Florian Bouvet-Fournier_2018\"  data-caption=\"\"  data-description=\"\">\r\n                                <img decoding=\"async\" src=\"https:\/\/www.ausflugsziele-schweiz.ch\/wp-content\/uploads\/2019\/04\/Nendaz_Wanderweg_Bisse_Copyright-Florian-Bouvet-Fournier_2018-1024x683-630x420.jpg\" srcset=\"https:\/\/www.ausflugsziele-schweiz.ch\/wp-content\/uploads\/2019\/04\/Nendaz_Wanderweg_Bisse_Copyright-Florian-Bouvet-Fournier_2018-1024x683-630x420.jpg 630w, https:\/\/www.ausflugsziele-schweiz.ch\/wp-content\/uploads\/2019\/04\/Nendaz_Wanderweg_Bisse_Copyright-Florian-Bouvet-Fournier_2018-1024x683-800x533.jpg 800w, https:\/\/www.ausflugsziele-schweiz.ch\/wp-content\/uploads\/2019\/04\/Nendaz_Wanderweg_Bisse_Copyright-Florian-Bouvet-Fournier_2018-1024x683-768x512.jpg 768w, https:\/\/www.ausflugsziele-schweiz.ch\/wp-content\/uploads\/2019\/04\/Nendaz_Wanderweg_Bisse_Copyright-Florian-Bouvet-Fournier_2018-1024x683-696x464.jpg 696w, https:\/\/www.ausflugsziele-schweiz.ch\/wp-content\/uploads\/2019\/04\/Nendaz_Wanderweg_Bisse_Copyright-Florian-Bouvet-Fournier_2018-1024x683.jpg 1024w\" sizes=\"(max-width: 630px) 100vw, 630px\" alt=\"\">\r\n                            <\/a>\r\n                            \r\n                        <\/figure>\r\n                    <\/div>\r\n                    <div class = \"td-slide-item td-item2\">\r\n                        <figure class=\"td-slide-galery-figure td-slide-popup-gallery\">\r\n                            <a class=\"slide-gallery-image-link\" href=\"https:\/\/www.ausflugsziele-schweiz.ch\/wp-content\/uploads\/2019\/04\/Nendaz__Skulpturenweg_Bisse-du-Milieu_Copyright-Florian-Bouvet-Fournier_2018-683x1024.jpg\" title=\"Bisse du Milieu_Copyright Florian Bouvet-Fournier_2018\"  data-caption=\"\"  data-description=\"\">\r\n                                <img decoding=\"async\" src=\"https:\/\/www.ausflugsziele-schweiz.ch\/wp-content\/uploads\/2019\/04\/Nendaz__Skulpturenweg_Bisse-du-Milieu_Copyright-Florian-Bouvet-Fournier_2018-683x1024-280x420.jpg\" srcset=\"https:\/\/www.ausflugsziele-schweiz.ch\/wp-content\/uploads\/2019\/04\/Nendaz__Skulpturenweg_Bisse-du-Milieu_Copyright-Florian-Bouvet-Fournier_2018-683x1024-280x420.jpg 280w, https:\/\/www.ausflugsziele-schweiz.ch\/wp-content\/uploads\/2019\/04\/Nendaz__Skulpturenweg_Bisse-du-Milieu_Copyright-Florian-Bouvet-Fournier_2018-683x1024-356x533.jpg 356w, https:\/\/www.ausflugsziele-schweiz.ch\/wp-content\/uploads\/2019\/04\/Nendaz__Skulpturenweg_Bisse-du-Milieu_Copyright-Florian-Bouvet-Fournier_2018-683x1024-560x840.jpg 560w, https:\/\/www.ausflugsziele-schweiz.ch\/wp-content\/uploads\/2019\/04\/Nendaz__Skulpturenweg_Bisse-du-Milieu_Copyright-Florian-Bouvet-Fournier_2018-683x1024.jpg 667w\" sizes=\"(max-width: 280px) 100vw, 280px\" alt=\"\">\r\n                            <\/a>\r\n                            \r\n                        <\/figure>\r\n                    <\/div>\r\n                    <div class = \"td-slide-item td-item3\">\r\n                        <figure class=\"td-slide-galery-figure td-slide-popup-gallery\">\r\n                            <a class=\"slide-gallery-image-link\" href=\"https:\/\/www.ausflugsziele-schweiz.ch\/wp-content\/uploads\/2019\/04\/Nendaz_Sentier-panoramique_Copyright-Etienne-Bornet_2016-1024x683.jpg\" title=\"Sentier panoramique_Copyright Etienne Bornet_2016\"  data-caption=\"\"  data-description=\"\">\r\n                                <img decoding=\"async\" src=\"https:\/\/www.ausflugsziele-schweiz.ch\/wp-content\/uploads\/2019\/04\/Nendaz_Sentier-panoramique_Copyright-Etienne-Bornet_2016-1024x683-630x420.jpg\" srcset=\"https:\/\/www.ausflugsziele-schweiz.ch\/wp-content\/uploads\/2019\/04\/Nendaz_Sentier-panoramique_Copyright-Etienne-Bornet_2016-1024x683-630x420.jpg 630w, https:\/\/www.ausflugsziele-schweiz.ch\/wp-content\/uploads\/2019\/04\/Nendaz_Sentier-panoramique_Copyright-Etienne-Bornet_2016-1024x683-800x533.jpg 800w, https:\/\/www.ausflugsziele-schweiz.ch\/wp-content\/uploads\/2019\/04\/Nendaz_Sentier-panoramique_Copyright-Etienne-Bornet_2016-1024x683-768x512.jpg 768w, https:\/\/www.ausflugsziele-schweiz.ch\/wp-content\/uploads\/2019\/04\/Nendaz_Sentier-panoramique_Copyright-Etienne-Bornet_2016-1024x683-696x464.jpg 696w, https:\/\/www.ausflugsziele-schweiz.ch\/wp-content\/uploads\/2019\/04\/Nendaz_Sentier-panoramique_Copyright-Etienne-Bornet_2016-1024x683.jpg 1024w\" sizes=\"(max-width: 630px) 100vw, 630px\" alt=\"\">\r\n                            <\/a>\r\n                            \r\n                        <\/figure>\r\n                    <\/div>\r\n                    <div class = \"td-slide-item td-item4\">\r\n                        <figure class=\"td-slide-galery-figure td-slide-popup-gallery\">\r\n                            <a class=\"slide-gallery-image-link\" href=\"https:\/\/www.ausflugsziele-schweiz.ch\/wp-content\/uploads\/2019\/04\/Nendaz_Sentier-panoramique_Copyright-Etienne-Bornet_20161-1024x683.jpg\" title=\"Sentier panoramique_Copyright Etienne Bornet_2016\"  data-caption=\"\"  data-description=\"\">\r\n                                <img decoding=\"async\" src=\"https:\/\/www.ausflugsziele-schweiz.ch\/wp-content\/uploads\/2019\/04\/Nendaz_Sentier-panoramique_Copyright-Etienne-Bornet_20161-1024x683-630x420.jpg\" srcset=\"https:\/\/www.ausflugsziele-schweiz.ch\/wp-content\/uploads\/2019\/04\/Nendaz_Sentier-panoramique_Copyright-Etienne-Bornet_20161-1024x683-630x420.jpg 630w, https:\/\/www.ausflugsziele-schweiz.ch\/wp-content\/uploads\/2019\/04\/Nendaz_Sentier-panoramique_Copyright-Etienne-Bornet_20161-1024x683-800x533.jpg 800w, https:\/\/www.ausflugsziele-schweiz.ch\/wp-content\/uploads\/2019\/04\/Nendaz_Sentier-panoramique_Copyright-Etienne-Bornet_20161-1024x683-768x512.jpg 768w, https:\/\/www.ausflugsziele-schweiz.ch\/wp-content\/uploads\/2019\/04\/Nendaz_Sentier-panoramique_Copyright-Etienne-Bornet_20161-1024x683-696x464.jpg 696w, https:\/\/www.ausflugsziele-schweiz.ch\/wp-content\/uploads\/2019\/04\/Nendaz_Sentier-panoramique_Copyright-Etienne-Bornet_20161-1024x683.jpg 1024w\" sizes=\"(max-width: 630px) 100vw, 630px\" alt=\"\">\r\n                            <\/a>\r\n                            \r\n                        <\/figure>\r\n                    <\/div>\r\n                    <div class = \"td-slide-item td-item5\">\r\n                        <figure class=\"td-slide-galery-figure td-slide-popup-gallery\">\r\n                            <a class=\"slide-gallery-image-link\" href=\"https:\/\/www.ausflugsziele-schweiz.ch\/wp-content\/uploads\/2019\/04\/Nendaz_Sentier-pieds-nus_Copyright-Arnaud-Delhez_2013-683x1024.jpg\" title=\"Sentier pieds nus_Copyright Arnaud Delhez_2013\"  data-caption=\"\"  data-description=\"\">\r\n                                <img decoding=\"async\" src=\"https:\/\/www.ausflugsziele-schweiz.ch\/wp-content\/uploads\/2019\/04\/Nendaz_Sentier-pieds-nus_Copyright-Arnaud-Delhez_2013-683x1024-280x420.jpg\" srcset=\"https:\/\/www.ausflugsziele-schweiz.ch\/wp-content\/uploads\/2019\/04\/Nendaz_Sentier-pieds-nus_Copyright-Arnaud-Delhez_2013-683x1024-280x420.jpg 280w, https:\/\/www.ausflugsziele-schweiz.ch\/wp-content\/uploads\/2019\/04\/Nendaz_Sentier-pieds-nus_Copyright-Arnaud-Delhez_2013-683x1024-356x533.jpg 356w, https:\/\/www.ausflugsziele-schweiz.ch\/wp-content\/uploads\/2019\/04\/Nendaz_Sentier-pieds-nus_Copyright-Arnaud-Delhez_2013-683x1024-560x840.jpg 560w, https:\/\/www.ausflugsziele-schweiz.ch\/wp-content\/uploads\/2019\/04\/Nendaz_Sentier-pieds-nus_Copyright-Arnaud-Delhez_2013-683x1024.jpg 667w\" sizes=\"(max-width: 280px) 100vw, 280px\" alt=\"\">\r\n                            <\/a>\r\n                            \r\n                        <\/figure>\r\n                    <\/div>\r\n                            <\/div>\r\n                        <\/div>\r\n\r\n                        <div class = \"td-doubleSlider-2\">\r\n                            <div class = \"td-slider\">\r\n                                \r\n                    <div class = \"td-button td-item1\">\r\n                        <div class = \"td-border\"><\/div>\r\n                    <\/div>\r\n                    <div class = \"td-button td-item2\">\r\n                        <div class = \"td-border\"><\/div>\r\n                    <\/div>\r\n                    <div class = \"td-button td-item3\">\r\n                        <div class = \"td-border\"><\/div>\r\n                    <\/div>\r\n                    <div class = \"td-button td-item4\">\r\n                        <div class = \"td-border\"><\/div>\r\n                    <\/div>\r\n                    <div class = \"td-button td-item5\">\r\n                        <div class = \"td-border\"><\/div>\r\n                    <\/div>\r\n                            <\/div>\r\n                        <\/div>\r\n\r\n                    <\/div>\r\n\r\n                <\/div>\r\n                \n<p><a href=\"https:\/\/www.nendaz.ch\/de\/fppoi-skulpturenweg-41032-15151.html\" target=\"_blank\" rel=\"noopener noreferrer\">Skulpturenweg<\/a> | <a href=\"https:\/\/www.nendaz.ch\/de\/fppoi-schatzsuchen-40759-15229.html\" target=\"_blank\" rel=\"noopener noreferrer\">Schatzsuche<\/a> | <a href=\"https:\/\/www.nendaz.ch\/de\/station-praktische-infos\/familien\/wandern-mit-kinderwagen\/wandern-mit-kinderwagen-listingm-tsp67.html\" target=\"_blank\" rel=\"noopener noreferrer\">Wandern mit Kinderwagen<\/a> | <a href=\"https:\/\/www.nendaz.ch\/de\/station-praktische-infos\/familien\/picknickplatze\/picknickplatze-listingm-ilp81.html\" target=\"_blank\" rel=\"noopener noreferrer\">Picknickpl\u00e4tze<\/a><\/p>\n<p>Die Verantwortlichen von Nendaz legen grossen Wert darauf, dass sich Familien mit Kindern jeden Alters wohl f\u00fchlen. So finden Sie eine attraktive Auswahl an Wanderwegen, die Sie problemlos mit dem Kinderwagen befahren. Diese f\u00fchren Sie zu idyllischen Aussichtspunkten und anderen familienfreundlichen Zielen.<\/p>\n<h3>Sommer Events in Nendaz<\/h3>\n<p>Nendaz ist nicht nur als Ferienort f\u00fcr Familien perfekt. Auch f\u00fcr Familienausfl\u00fcge oder einen Kurzferien ist es eine Reise wert. Besuchen Sie die Sommer Events oder geniessen Sie Spiel und Spass im Wilden Westen. Ebenfalls beliebte Events sind die angebotenen Alphornkurse.<\/p>\n\r\n                <style type=\"text\/css\">\r\n                    \r\n                    #tdi_4  .td-doubleSlider-2 .td-item1 {\r\n                        background: url(https:\/\/www.ausflugsziele-schweiz.ch\/wp-content\/uploads\/2019\/04\/Nendaz_Cor-des-Alpes_Copyright-Florian-Bouvet-Fournier_20172-1024x683-80x60.jpg) 0 0 no-repeat;\r\n                    }\r\n                    #tdi_4  .td-doubleSlider-2 .td-item2 {\r\n                        background: url(https:\/\/www.ausflugsziele-schweiz.ch\/wp-content\/uploads\/2019\/04\/Nendaz_Cor-des-Alpes_Copyright-Florian-Bouvet-Fournier_2017-1024x768-80x60.jpg) 0 0 no-repeat;\r\n                    }\r\n                <\/style>\r\n\r\n                <div id=\"tdi_4\" class=\"td-gallery td-slide-on-2-columns\">\r\n                    <div class=\"post_td_gallery\">\r\n                        <div class=\"td-gallery-slide-top\">\r\n                           <div class=\"td-gallery-title\"><\/div>\r\n\r\n                            <div class=\"td-gallery-controls-wrapper\">\r\n                                <div class=\"td-gallery-slide-count\"><span class=\"td-gallery-slide-item-focus\">1<\/span> of 2<\/div>\r\n                                <div class=\"td-gallery-slide-prev-next-but\">\r\n                                    <i class = \"td-icon-left doubleSliderPrevButton\"><\/i>\r\n                                    <i class = \"td-icon-right doubleSliderNextButton\"><\/i>\r\n                                <\/div>\r\n                            <\/div>\r\n                        <\/div>\r\n\r\n                        <div class = \"td-doubleSlider-1 \">\r\n                            <div class = \"td-slider\">\r\n                                \r\n                    <div class = \"td-slide-item td-item1\">\r\n                        <figure class=\"td-slide-galery-figure td-slide-popup-gallery\">\r\n                            <a class=\"slide-gallery-image-link\" href=\"https:\/\/www.ausflugsziele-schweiz.ch\/wp-content\/uploads\/2019\/04\/Nendaz_Cor-des-Alpes_Copyright-Florian-Bouvet-Fournier_20172-1024x683.jpg\" title=\"Cor des Alpes_Copyright Florian Bouvet-Fournier_2017\"  data-caption=\"\"  data-description=\"\">\r\n                                <img decoding=\"async\" src=\"https:\/\/www.ausflugsziele-schweiz.ch\/wp-content\/uploads\/2019\/04\/Nendaz_Cor-des-Alpes_Copyright-Florian-Bouvet-Fournier_20172-1024x683-630x420.jpg\" srcset=\"https:\/\/www.ausflugsziele-schweiz.ch\/wp-content\/uploads\/2019\/04\/Nendaz_Cor-des-Alpes_Copyright-Florian-Bouvet-Fournier_20172-1024x683-630x420.jpg 630w, https:\/\/www.ausflugsziele-schweiz.ch\/wp-content\/uploads\/2019\/04\/Nendaz_Cor-des-Alpes_Copyright-Florian-Bouvet-Fournier_20172-1024x683-800x533.jpg 800w, https:\/\/www.ausflugsziele-schweiz.ch\/wp-content\/uploads\/2019\/04\/Nendaz_Cor-des-Alpes_Copyright-Florian-Bouvet-Fournier_20172-1024x683-768x512.jpg 768w, https:\/\/www.ausflugsziele-schweiz.ch\/wp-content\/uploads\/2019\/04\/Nendaz_Cor-des-Alpes_Copyright-Florian-Bouvet-Fournier_20172-1024x683-696x464.jpg 696w, https:\/\/www.ausflugsziele-schweiz.ch\/wp-content\/uploads\/2019\/04\/Nendaz_Cor-des-Alpes_Copyright-Florian-Bouvet-Fournier_20172-1024x683.jpg 1024w\" sizes=\"(max-width: 630px) 100vw, 630px\" alt=\"\">\r\n                            <\/a>\r\n                            \r\n                        <\/figure>\r\n                    <\/div>\r\n                    <div class = \"td-slide-item td-item2\">\r\n                        <figure class=\"td-slide-galery-figure td-slide-popup-gallery\">\r\n                            <a class=\"slide-gallery-image-link\" href=\"https:\/\/www.ausflugsziele-schweiz.ch\/wp-content\/uploads\/2019\/04\/Nendaz_Cor-des-Alpes_Copyright-Florian-Bouvet-Fournier_2017-1024x768.jpg\" title=\"Cor des Alpes_Copyright Florian Bouvet-Fournier_2017\"  data-caption=\"\"  data-description=\"\">\r\n                                <img decoding=\"async\" src=\"https:\/\/www.ausflugsziele-schweiz.ch\/wp-content\/uploads\/2019\/04\/Nendaz_Cor-des-Alpes_Copyright-Florian-Bouvet-Fournier_2017-1024x768-560x420.jpg\" srcset=\"https:\/\/www.ausflugsziele-schweiz.ch\/wp-content\/uploads\/2019\/04\/Nendaz_Cor-des-Alpes_Copyright-Florian-Bouvet-Fournier_2017-1024x768-560x420.jpg 560w, https:\/\/www.ausflugsziele-schweiz.ch\/wp-content\/uploads\/2019\/04\/Nendaz_Cor-des-Alpes_Copyright-Florian-Bouvet-Fournier_2017-1024x768-711x533.jpg 711w, https:\/\/www.ausflugsziele-schweiz.ch\/wp-content\/uploads\/2019\/04\/Nendaz_Cor-des-Alpes_Copyright-Florian-Bouvet-Fournier_2017-1024x768-768x576.jpg 768w, https:\/\/www.ausflugsziele-schweiz.ch\/wp-content\/uploads\/2019\/04\/Nendaz_Cor-des-Alpes_Copyright-Florian-Bouvet-Fournier_2017-1024x768-80x60.jpg 80w, https:\/\/www.ausflugsziele-schweiz.ch\/wp-content\/uploads\/2019\/04\/Nendaz_Cor-des-Alpes_Copyright-Florian-Bouvet-Fournier_2017-1024x768-160x120.jpg 160w, https:\/\/www.ausflugsziele-schweiz.ch\/wp-content\/uploads\/2019\/04\/Nendaz_Cor-des-Alpes_Copyright-Florian-Bouvet-Fournier_2017-1024x768-265x198.jpg 265w, https:\/\/www.ausflugsziele-schweiz.ch\/wp-content\/uploads\/2019\/04\/Nendaz_Cor-des-Alpes_Copyright-Florian-Bouvet-Fournier_2017-1024x768-696x522.jpg 696w, https:\/\/www.ausflugsziele-schweiz.ch\/wp-content\/uploads\/2019\/04\/Nendaz_Cor-des-Alpes_Copyright-Florian-Bouvet-Fournier_2017-1024x768.jpg 1024w\" sizes=\"(max-width: 560px) 100vw, 560px\" alt=\"\">\r\n                            <\/a>\r\n                            \r\n                        <\/figure>\r\n                    <\/div>\r\n                            <\/div>\r\n                        <\/div>\r\n\r\n                        <div class = \"td-doubleSlider-2\">\r\n                            <div class = \"td-slider\">\r\n                                \r\n                    <div class = \"td-button td-item1\">\r\n                        <div class = \"td-border\"><\/div>\r\n                    <\/div>\r\n                    <div class = \"td-button td-item2\">\r\n                        <div class = \"td-border\"><\/div>\r\n                    <\/div>\r\n                            <\/div>\r\n                        <\/div>\r\n\r\n                    <\/div>\r\n\r\n                <\/div>\r\n                \n<p><a href=\"https:\/\/www.nendaz.ch\/de\/fppoi-alphornkurse-40290-15229.html\" target=\"_blank\" rel=\"noopener noreferrer\">Alphornkurse<\/a> | <a href=\"https:\/\/www.nendaz.ch\/de\/fppoi-schatzsuchen-40759-15229.html\" target=\"_blank\" rel=\"noopener noreferrer\">Schatzsuche<\/a> | <a href=\"https:\/\/www.nendaz.ch\/de\/station-praktische-infos\/familien\/aktivitaten-fur-familien\/aktivitaten-fur-familien-listingm-at12-at0-pro5-pro6-pro2-ili0-vde7.html\" target=\"_blank\" rel=\"noopener noreferrer\">Aktivit\u00e4ten f\u00fcr Familien<\/a> | <a href=\"https:\/\/www.nendaz.ch\/de\/veranstaltungen-agenda-tsp62.html\" target=\"_blank\" rel=\"noopener noreferrer\">Top-Events<\/a><\/p>\n<p>Musikalische Vorkenntnisse sind daf\u00fcr nicht erforderlich. Die erfahrenen Musiklehrer Nathalie Monory und Nicolas Dev\u00e8nes lehren Sie alles, was Sie f\u00fcr das Spiel auf dem Alphorn ben\u00f6tigen. Die Kurse gibt es f\u00fcr Anf\u00e4nger und Fortgeschrittene und eignen sich f\u00fcr Kinder und Erwachsene. Lernen Sie das Spiel auf einem der traditionellsten Musikinstrumente der Schweiz und geniessen Sie die besonderen Kl\u00e4nge dieses Instruments.<\/p>\n<h3>Familienausfl\u00fcge in Nendaz sind echte Abenteuer<\/h3>\n<p>Ob Sie sich mit der Familie f\u00fcr eine der kinderfreundlichen Wanderungen auf einem Suonenwanderweg entscheiden oder einen Tag einfach mit Nichtstun verbringen: Nendaz bietet Kindern zahlreiche attraktive Erlebnisse. Mitten im Ort l\u00e4dt der Abenteuerspielplatz zum unbeschwerten Toben inmitten der Natur ein. Spannende Schatzsuchen f\u00fcr Gross und Klein sorgen f\u00fcr unvergessliche Erlebnisse. Oder Sie planen einen Ferientag nur f\u00fcr sich, w\u00e4hrend sich Ihre Kinder im Kinderhort vergn\u00fcgen.<\/p>\n<p><iframe loading=\"lazy\" title=\"nendaz_trekking (Original).mp4\" src=\"https:\/\/player.vimeo.com\/video\/694558111?h=4019ae13da&amp;dnt=1&amp;app_id=122963\" width=\"696\" height=\"392\" frameborder=\"0\" allow=\"autoplay; fullscreen; picture-in-picture\" allowfullscreen><\/iframe><\/p>\n<p><a href=\"https:\/\/www.nendaz.ch\/de\/portail-suonen-nendaz.htm\" target=\"_blank\" rel=\"noopener noreferrer\">Suonenwanderung<\/a> | <a href=\"https:\/\/www.nendaz.ch\/de\/fppoi-schatzsuchen-40759-15229.html\" target=\"_blank\" rel=\"noopener noreferrer\">Schatzsuche<\/a> | <a href=\"https:\/\/www.nendaz.ch\/de\/station-praktische-infos\/familien\/aktivitaten-fur-familien\/aktivitaten-fur-familien-listingm-at12-at0-pro5-pro6-pro2-ili0-vde7.html\" target=\"_blank\" rel=\"noopener noreferrer\">Aktivit\u00e4ten f\u00fcr Familien<\/a> | <a href=\"https:\/\/www.nendaz.ch\/de\/station-praktische-infos\/familien\/spielplatze\/spielplatze-listingm-ilp16.html\" target=\"_blank\" rel=\"noopener noreferrer\">Spielpl\u00e4tze<\/a><\/p>\n<p><strong>Informieren Sie sich \u00fcber das familienfreundliche Ferien- und Wanderparadies Nendaz und nehmen Sie sich Ihre individuell gestaltete Auszeit vom Alltag.<\/strong><\/p>\n","protected":false},"excerpt":{"rendered":"<p>Nendaz \u2013 idyllische Suonenwanderwege und Naturerlebnis pur Das Ferienparadies Nendaz liegt hoch \u00fcber dem Rhonetal auf einem Sonnenplateau im Herzen des Wallis. Durch die exponierte Lage geniessen Sie einen unvergesslichen Panoramablick \u00fcber die Schweizer Alpenkulisse. Allerdings hat Nendaz mit einem gut ausgebauten Wanderwegenetz f\u00fcr jeden Anspruch, verschiedenen Sommer Events und einer abwechslungsreichen Naturlandschaft noch viel [&hellip;]<\/p>\n","protected":false},"author":7,"featured_media":115050,"comment_status":"closed","ping_status":"closed","sticky":false,"template":"","format":"standard","meta":{"_acf_changed":false,"footnotes":""},"categories":[3644,561,603],"tags":[1322,1702,1690,1699,1698,1697,605,1204,1689,1704,627,1691,1701,1705,1703,729,1012,892,657,1693,521,1700,1687,738,1692,1688,1695,3006,1696,495,861,1694],"class_list":{"0":"post-5593","1":"post","2":"type-post","3":"status-publish","4":"format-standard","5":"has-post-thumbnail","7":"category-destination","8":"category-familienausflug-freizeit-ausflugsziele","9":"category-tourismus-ausflugsziele","10":"tag-abenteuerspielplatz","11":"tag-alphornkurse","12":"tag-ausfluege-wallis","13":"tag-aussichtspunkte","14":"tag-aussichtspunkten","15":"tag-erlebnis-wallis","16":"tag-events","17":"tag-familienausfluege","18":"tag-ferien-wallis","19":"tag-ferienort","20":"tag-ferienparadies","21":"tag-ferienparadies-nendaz","22":"tag-kurzferien","23":"tag-kurzferien-wallis","24":"tag-nathalie-monory","25":"tag-nendaz","26":"tag-panoramablick","27":"tag-panoramaweg","28":"tag-schatzsuche","29":"tag-skulpturenweg","30":"tag-sommer-2","31":"tag-sommer-events-in-nendaz","32":"tag-sonnenplateau","33":"tag-suonen","34":"tag-suonenwanderweg","35":"tag-suonenwanderwege","36":"tag-themenwege","37":"tag-wallis-2","38":"tag-wander-wallis","39":"tag-wanderungen-2","40":"tag-wanderwege","41":"tag-zapfenweg"},"acf":[],"yoast_head":"<!-- This site is optimized with the Yoast SEO plugin v27.5 - https:\/\/yoast.com\/product\/yoast-seo-wordpress\/ -->\n<title>Familienausfl\u00fcge nach Nendaz, dem Walliser Sonnenplateau<\/title>\n<meta name=\"description\" content=\"Nendaz \u2013 idyllische Suonenwanderwege und Naturerlebnis pur. Geniessen Sie einen unvergesslichen Panoramablick \u00fcber die Schweizer Alpenkulisse...\" \/>\n<meta name=\"robots\" content=\"index, follow, max-snippet:-1, max-image-preview:large, max-video-preview:-1\" \/>\n<link rel=\"canonical\" href=\"https:\/\/www.ausflugsziele-schweiz.ch\/sommer\/familienausfluege-nach-nendaz-dem-walliser-sonnenplateau\/\" \/>\n<meta property=\"og:locale\" content=\"so_SO\" \/>\n<meta property=\"og:type\" content=\"article\" \/>\n<meta property=\"og:title\" content=\"Familienausfl\u00fcge nach Nendaz, dem Walliser Sonnenplateau\" \/>\n<meta property=\"og:description\" content=\"Nendaz \u2013 idyllische Suonenwanderwege und Naturerlebnis pur. Geniessen Sie einen unvergesslichen Panoramablick \u00fcber die Schweizer Alpenkulisse...\" \/>\n<meta property=\"og:url\" content=\"https:\/\/www.ausflugsziele-schweiz.ch\/sommer\/familienausfluege-nach-nendaz-dem-walliser-sonnenplateau\/\" \/>\n<meta property=\"og:site_name\" content=\"Ausflugsziele\" \/>\n<meta property=\"article:publisher\" content=\"https:\/\/www.facebook.com\/ausflugszieleschweiz\/\" \/>\n<meta property=\"article:published_time\" content=\"2019-06-07T09:50:47+00:00\" \/>\n<meta property=\"article:modified_time\" content=\"2022-04-04T19:21:11+00:00\" \/>\n<meta property=\"og:image\" content=\"https:\/\/www.ausflugsziele-schweiz.ch\/wp-content\/uploads\/2019\/04\/familienausfluege-nach-nendaz-dem-walliser-sonnenplateau.jpg\" \/>\n\t<meta property=\"og:image:width\" content=\"1400\" \/>\n\t<meta property=\"og:image:height\" content=\"933\" \/>\n\t<meta property=\"og:image:type\" content=\"image\/jpeg\" \/>\n<meta name=\"author\" content=\"imatrix\" \/>\n<meta name=\"twitter:card\" content=\"summary_large_image\" \/>\n<meta name=\"twitter:label1\" content=\"Written by\" \/>\n\t<meta name=\"twitter:data1\" content=\"imatrix\" \/>\n\t<meta name=\"twitter:label2\" content=\"Est. reading time\" \/>\n\t<meta name=\"twitter:data2\" content=\"3 minutes\" \/>\n<script type=\"application\/ld+json\" class=\"yoast-schema-graph\">{\"@context\":\"https:\\\/\\\/schema.org\",\"@graph\":[{\"@type\":\"Article\",\"@id\":\"https:\\\/\\\/www.ausflugsziele-schweiz.ch\\\/sommer\\\/familienausfluege-nach-nendaz-dem-walliser-sonnenplateau\\\/#article\",\"isPartOf\":{\"@id\":\"https:\\\/\\\/www.ausflugsziele-schweiz.ch\\\/sommer\\\/familienausfluege-nach-nendaz-dem-walliser-sonnenplateau\\\/\"},\"author\":{\"name\":\"imatrix\",\"@id\":\"https:\\\/\\\/www.ausflugsziele-schweiz.ch\\\/sommer\\\/#\\\/schema\\\/person\\\/c57c323f187c389c84ea15885ffe79f1\"},\"headline\":\"Familienausfl\u00fcge nach Nendaz, dem Walliser Sonnenplateau\",\"datePublished\":\"2019-06-07T09:50:47+00:00\",\"dateModified\":\"2022-04-04T19:21:11+00:00\",\"mainEntityOfPage\":{\"@id\":\"https:\\\/\\\/www.ausflugsziele-schweiz.ch\\\/sommer\\\/familienausfluege-nach-nendaz-dem-walliser-sonnenplateau\\\/\"},\"wordCount\":551,\"publisher\":{\"@id\":\"https:\\\/\\\/www.ausflugsziele-schweiz.ch\\\/sommer\\\/#organization\"},\"image\":{\"@id\":\"https:\\\/\\\/www.ausflugsziele-schweiz.ch\\\/sommer\\\/familienausfluege-nach-nendaz-dem-walliser-sonnenplateau\\\/#primaryimage\"},\"thumbnailUrl\":\"https:\\\/\\\/www.ausflugsziele-schweiz.ch\\\/wp-content\\\/uploads\\\/2019\\\/04\\\/familienausfluege-nach-nendaz-dem-walliser-sonnenplateau.jpg\",\"keywords\":[\"Abenteuerspielplatz\",\"Alphornkurse\",\"Ausfl\u00fcge Wallis\",\"Aussichtspunkte\",\"Aussichtspunkten\",\"Erlebnis Wallis\",\"Events\",\"Familienausfl\u00fcge\",\"Ferien Wallis\",\"Ferienort\",\"Ferienparadies\",\"Ferienparadies Nendaz\",\"Kurzferien\",\"Kurzferien Wallis\",\"Nathalie Monory\",\"Nendaz\",\"Panoramablick\",\"Panoramaweg\",\"Schatzsuche\",\"Skulpturenweg\",\"Sommer\",\"Sommer Events in Nendaz\",\"Sonnenplateau\",\"Suonen\",\"Suonenwanderweg\",\"Suonenwanderwege\",\"Themenwege\",\"Wallis\",\"wander Wallis\",\"Wanderungen\",\"Wanderwege\",\"Zapfenweg\"],\"articleSection\":[\"Destination\",\"Familienausflug\",\"Tourismus\"],\"inLanguage\":\"so-MR\"},{\"@type\":\"WebPage\",\"@id\":\"https:\\\/\\\/www.ausflugsziele-schweiz.ch\\\/sommer\\\/familienausfluege-nach-nendaz-dem-walliser-sonnenplateau\\\/\",\"url\":\"https:\\\/\\\/www.ausflugsziele-schweiz.ch\\\/sommer\\\/familienausfluege-nach-nendaz-dem-walliser-sonnenplateau\\\/\",\"name\":\"Familienausfl\u00fcge nach Nendaz, dem Walliser Sonnenplateau\",\"isPartOf\":{\"@id\":\"https:\\\/\\\/www.ausflugsziele-schweiz.ch\\\/sommer\\\/#website\"},\"primaryImageOfPage\":{\"@id\":\"https:\\\/\\\/www.ausflugsziele-schweiz.ch\\\/sommer\\\/familienausfluege-nach-nendaz-dem-walliser-sonnenplateau\\\/#primaryimage\"},\"image\":{\"@id\":\"https:\\\/\\\/www.ausflugsziele-schweiz.ch\\\/sommer\\\/familienausfluege-nach-nendaz-dem-walliser-sonnenplateau\\\/#primaryimage\"},\"thumbnailUrl\":\"https:\\\/\\\/www.ausflugsziele-schweiz.ch\\\/wp-content\\\/uploads\\\/2019\\\/04\\\/familienausfluege-nach-nendaz-dem-walliser-sonnenplateau.jpg\",\"datePublished\":\"2019-06-07T09:50:47+00:00\",\"dateModified\":\"2022-04-04T19:21:11+00:00\",\"description\":\"Nendaz \u2013 idyllische Suonenwanderwege und Naturerlebnis pur. Geniessen Sie einen unvergesslichen Panoramablick \u00fcber die Schweizer Alpenkulisse...\",\"breadcrumb\":{\"@id\":\"https:\\\/\\\/www.ausflugsziele-schweiz.ch\\\/sommer\\\/familienausfluege-nach-nendaz-dem-walliser-sonnenplateau\\\/#breadcrumb\"},\"inLanguage\":\"so-MR\",\"potentialAction\":[{\"@type\":\"ReadAction\",\"target\":[\"https:\\\/\\\/www.ausflugsziele-schweiz.ch\\\/sommer\\\/familienausfluege-nach-nendaz-dem-walliser-sonnenplateau\\\/\"]}]},{\"@type\":\"ImageObject\",\"inLanguage\":\"so-MR\",\"@id\":\"https:\\\/\\\/www.ausflugsziele-schweiz.ch\\\/sommer\\\/familienausfluege-nach-nendaz-dem-walliser-sonnenplateau\\\/#primaryimage\",\"url\":\"https:\\\/\\\/www.ausflugsziele-schweiz.ch\\\/wp-content\\\/uploads\\\/2019\\\/04\\\/familienausfluege-nach-nendaz-dem-walliser-sonnenplateau.jpg\",\"contentUrl\":\"https:\\\/\\\/www.ausflugsziele-schweiz.ch\\\/wp-content\\\/uploads\\\/2019\\\/04\\\/familienausfluege-nach-nendaz-dem-walliser-sonnenplateau.jpg\",\"width\":1400,\"height\":933},{\"@type\":\"BreadcrumbList\",\"@id\":\"https:\\\/\\\/www.ausflugsziele-schweiz.ch\\\/sommer\\\/familienausfluege-nach-nendaz-dem-walliser-sonnenplateau\\\/#breadcrumb\",\"itemListElement\":[{\"@type\":\"ListItem\",\"position\":1,\"name\":\"Home\",\"item\":\"https:\\\/\\\/www.ausflugsziele-schweiz.ch\\\/sommer\\\/\"},{\"@type\":\"ListItem\",\"position\":2,\"name\":\"Familienausfl\u00fcge nach Nendaz, dem Walliser Sonnenplateau\"}]},{\"@type\":\"WebSite\",\"@id\":\"https:\\\/\\\/www.ausflugsziele-schweiz.ch\\\/sommer\\\/#website\",\"url\":\"https:\\\/\\\/www.ausflugsziele-schweiz.ch\\\/sommer\\\/\",\"name\":\"Ausflugsziele\",\"description\":\"ausflugsziele-schweiz.ch\",\"publisher\":{\"@id\":\"https:\\\/\\\/www.ausflugsziele-schweiz.ch\\\/sommer\\\/#organization\"},\"alternateName\":\"Entdecke die sch\u00f6nsten Erlebnisse der Schweiz.\",\"potentialAction\":[{\"@type\":\"SearchAction\",\"target\":{\"@type\":\"EntryPoint\",\"urlTemplate\":\"https:\\\/\\\/www.ausflugsziele-schweiz.ch\\\/sommer\\\/?s={search_term_string}\"},\"query-input\":{\"@type\":\"PropertyValueSpecification\",\"valueRequired\":true,\"valueName\":\"search_term_string\"}}],\"inLanguage\":\"so-MR\"},{\"@type\":\"Organization\",\"@id\":\"https:\\\/\\\/www.ausflugsziele-schweiz.ch\\\/sommer\\\/#organization\",\"name\":\"Ausflugsziele Schweiz\",\"alternateName\":\"Entdecke die sch\u00f6nsten Erlebnisse der Schweiz.\",\"url\":\"https:\\\/\\\/www.ausflugsziele-schweiz.ch\\\/sommer\\\/\",\"logo\":{\"@type\":\"ImageObject\",\"inLanguage\":\"so-MR\",\"@id\":\"https:\\\/\\\/www.ausflugsziele-schweiz.ch\\\/sommer\\\/#\\\/schema\\\/logo\\\/image\\\/\",\"url\":\"https:\\\/\\\/www.ausflugsziele-schweiz.ch\\\/wp-content\\\/uploads\\\/2022\\\/03\\\/icon-1.png\",\"contentUrl\":\"https:\\\/\\\/www.ausflugsziele-schweiz.ch\\\/wp-content\\\/uploads\\\/2022\\\/03\\\/icon-1.png\",\"width\":600,\"height\":600,\"caption\":\"Ausflugsziele Schweiz\"},\"image\":{\"@id\":\"https:\\\/\\\/www.ausflugsziele-schweiz.ch\\\/sommer\\\/#\\\/schema\\\/logo\\\/image\\\/\"},\"sameAs\":[\"https:\\\/\\\/www.facebook.com\\\/ausflugszieleschweiz\\\/\"]},{\"@type\":\"Person\",\"@id\":\"https:\\\/\\\/www.ausflugsziele-schweiz.ch\\\/sommer\\\/#\\\/schema\\\/person\\\/c57c323f187c389c84ea15885ffe79f1\",\"name\":\"imatrix\",\"image\":{\"@type\":\"ImageObject\",\"inLanguage\":\"so-MR\",\"@id\":\"https:\\\/\\\/secure.gravatar.com\\\/avatar\\\/d8860d2cdda3de8e09895767394557b234c0e6ad1a80b3b7ccfec03df1a6a41b?s=96&d=retro&r=g\",\"url\":\"https:\\\/\\\/secure.gravatar.com\\\/avatar\\\/d8860d2cdda3de8e09895767394557b234c0e6ad1a80b3b7ccfec03df1a6a41b?s=96&d=retro&r=g\",\"contentUrl\":\"https:\\\/\\\/secure.gravatar.com\\\/avatar\\\/d8860d2cdda3de8e09895767394557b234c0e6ad1a80b3b7ccfec03df1a6a41b?s=96&d=retro&r=g\",\"caption\":\"imatrix\"},\"url\":\"https:\\\/\\\/www.ausflugsziele-schweiz.ch\\\/sommer\\\/author\\\/imatrix\\\/\"}]}<\/script>\n<!-- \/ Yoast SEO plugin. -->","yoast_head_json":{"title":"Familienausfl\u00fcge nach Nendaz, dem Walliser Sonnenplateau","description":"Nendaz \u2013 idyllische Suonenwanderwege und Naturerlebnis pur. Geniessen Sie einen unvergesslichen Panoramablick \u00fcber die Schweizer Alpenkulisse...","robots":{"index":"index","follow":"follow","max-snippet":"max-snippet:-1","max-image-preview":"max-image-preview:large","max-video-preview":"max-video-preview:-1"},"canonical":"https:\/\/www.ausflugsziele-schweiz.ch\/sommer\/familienausfluege-nach-nendaz-dem-walliser-sonnenplateau\/","og_locale":"so_SO","og_type":"article","og_title":"Familienausfl\u00fcge nach Nendaz, dem Walliser Sonnenplateau","og_description":"Nendaz \u2013 idyllische Suonenwanderwege und Naturerlebnis pur. Geniessen Sie einen unvergesslichen Panoramablick \u00fcber die Schweizer Alpenkulisse...","og_url":"https:\/\/www.ausflugsziele-schweiz.ch\/sommer\/familienausfluege-nach-nendaz-dem-walliser-sonnenplateau\/","og_site_name":"Ausflugsziele","article_publisher":"https:\/\/www.facebook.com\/ausflugszieleschweiz\/","article_published_time":"2019-06-07T09:50:47+00:00","article_modified_time":"2022-04-04T19:21:11+00:00","og_image":[{"width":1400,"height":933,"url":"https:\/\/www.ausflugsziele-schweiz.ch\/wp-content\/uploads\/2019\/04\/familienausfluege-nach-nendaz-dem-walliser-sonnenplateau.jpg","type":"image\/jpeg"}],"author":"imatrix","twitter_card":"summary_large_image","twitter_misc":{"Written by":"imatrix","Est. reading time":"3 minutes"},"schema":{"@context":"https:\/\/schema.org","@graph":[{"@type":"Article","@id":"https:\/\/www.ausflugsziele-schweiz.ch\/sommer\/familienausfluege-nach-nendaz-dem-walliser-sonnenplateau\/#article","isPartOf":{"@id":"https:\/\/www.ausflugsziele-schweiz.ch\/sommer\/familienausfluege-nach-nendaz-dem-walliser-sonnenplateau\/"},"author":{"name":"imatrix","@id":"https:\/\/www.ausflugsziele-schweiz.ch\/sommer\/#\/schema\/person\/c57c323f187c389c84ea15885ffe79f1"},"headline":"Familienausfl\u00fcge nach Nendaz, dem Walliser Sonnenplateau","datePublished":"2019-06-07T09:50:47+00:00","dateModified":"2022-04-04T19:21:11+00:00","mainEntityOfPage":{"@id":"https:\/\/www.ausflugsziele-schweiz.ch\/sommer\/familienausfluege-nach-nendaz-dem-walliser-sonnenplateau\/"},"wordCount":551,"publisher":{"@id":"https:\/\/www.ausflugsziele-schweiz.ch\/sommer\/#organization"},"image":{"@id":"https:\/\/www.ausflugsziele-schweiz.ch\/sommer\/familienausfluege-nach-nendaz-dem-walliser-sonnenplateau\/#primaryimage"},"thumbnailUrl":"https:\/\/www.ausflugsziele-schweiz.ch\/wp-content\/uploads\/2019\/04\/familienausfluege-nach-nendaz-dem-walliser-sonnenplateau.jpg","keywords":["Abenteuerspielplatz","Alphornkurse","Ausfl\u00fcge Wallis","Aussichtspunkte","Aussichtspunkten","Erlebnis Wallis","Events","Familienausfl\u00fcge","Ferien Wallis","Ferienort","Ferienparadies","Ferienparadies Nendaz","Kurzferien","Kurzferien Wallis","Nathalie Monory","Nendaz","Panoramablick","Panoramaweg","Schatzsuche","Skulpturenweg","Sommer","Sommer Events in Nendaz","Sonnenplateau","Suonen","Suonenwanderweg","Suonenwanderwege","Themenwege","Wallis","wander Wallis","Wanderungen","Wanderwege","Zapfenweg"],"articleSection":["Destination","Familienausflug","Tourismus"],"inLanguage":"so-MR"},{"@type":"WebPage","@id":"https:\/\/www.ausflugsziele-schweiz.ch\/sommer\/familienausfluege-nach-nendaz-dem-walliser-sonnenplateau\/","url":"https:\/\/www.ausflugsziele-schweiz.ch\/sommer\/familienausfluege-nach-nendaz-dem-walliser-sonnenplateau\/","name":"Familienausfl\u00fcge nach Nendaz, dem Walliser Sonnenplateau","isPartOf":{"@id":"https:\/\/www.ausflugsziele-schweiz.ch\/sommer\/#website"},"primaryImageOfPage":{"@id":"https:\/\/www.ausflugsziele-schweiz.ch\/sommer\/familienausfluege-nach-nendaz-dem-walliser-sonnenplateau\/#primaryimage"},"image":{"@id":"https:\/\/www.ausflugsziele-schweiz.ch\/sommer\/familienausfluege-nach-nendaz-dem-walliser-sonnenplateau\/#primaryimage"},"thumbnailUrl":"https:\/\/www.ausflugsziele-schweiz.ch\/wp-content\/uploads\/2019\/04\/familienausfluege-nach-nendaz-dem-walliser-sonnenplateau.jpg","datePublished":"2019-06-07T09:50:47+00:00","dateModified":"2022-04-04T19:21:11+00:00","description":"Nendaz \u2013 idyllische Suonenwanderwege und Naturerlebnis pur. Geniessen Sie einen unvergesslichen Panoramablick \u00fcber die Schweizer Alpenkulisse...","breadcrumb":{"@id":"https:\/\/www.ausflugsziele-schweiz.ch\/sommer\/familienausfluege-nach-nendaz-dem-walliser-sonnenplateau\/#breadcrumb"},"inLanguage":"so-MR","potentialAction":[{"@type":"ReadAction","target":["https:\/\/www.ausflugsziele-schweiz.ch\/sommer\/familienausfluege-nach-nendaz-dem-walliser-sonnenplateau\/"]}]},{"@type":"ImageObject","inLanguage":"so-MR","@id":"https:\/\/www.ausflugsziele-schweiz.ch\/sommer\/familienausfluege-nach-nendaz-dem-walliser-sonnenplateau\/#primaryimage","url":"https:\/\/www.ausflugsziele-schweiz.ch\/wp-content\/uploads\/2019\/04\/familienausfluege-nach-nendaz-dem-walliser-sonnenplateau.jpg","contentUrl":"https:\/\/www.ausflugsziele-schweiz.ch\/wp-content\/uploads\/2019\/04\/familienausfluege-nach-nendaz-dem-walliser-sonnenplateau.jpg","width":1400,"height":933},{"@type":"BreadcrumbList","@id":"https:\/\/www.ausflugsziele-schweiz.ch\/sommer\/familienausfluege-nach-nendaz-dem-walliser-sonnenplateau\/#breadcrumb","itemListElement":[{"@type":"ListItem","position":1,"name":"Home","item":"https:\/\/www.ausflugsziele-schweiz.ch\/sommer\/"},{"@type":"ListItem","position":2,"name":"Familienausfl\u00fcge nach Nendaz, dem Walliser Sonnenplateau"}]},{"@type":"WebSite","@id":"https:\/\/www.ausflugsziele-schweiz.ch\/sommer\/#website","url":"https:\/\/www.ausflugsziele-schweiz.ch\/sommer\/","name":"Ausflugsziele","description":"ausflugsziele-schweiz.ch","publisher":{"@id":"https:\/\/www.ausflugsziele-schweiz.ch\/sommer\/#organization"},"alternateName":"Entdecke die sch\u00f6nsten Erlebnisse der Schweiz.","potentialAction":[{"@type":"SearchAction","target":{"@type":"EntryPoint","urlTemplate":"https:\/\/www.ausflugsziele-schweiz.ch\/sommer\/?s={search_term_string}"},"query-input":{"@type":"PropertyValueSpecification","valueRequired":true,"valueName":"search_term_string"}}],"inLanguage":"so-MR"},{"@type":"Organization","@id":"https:\/\/www.ausflugsziele-schweiz.ch\/sommer\/#organization","name":"Ausflugsziele Schweiz","alternateName":"Entdecke die sch\u00f6nsten Erlebnisse der Schweiz.","url":"https:\/\/www.ausflugsziele-schweiz.ch\/sommer\/","logo":{"@type":"ImageObject","inLanguage":"so-MR","@id":"https:\/\/www.ausflugsziele-schweiz.ch\/sommer\/#\/schema\/logo\/image\/","url":"https:\/\/www.ausflugsziele-schweiz.ch\/wp-content\/uploads\/2022\/03\/icon-1.png","contentUrl":"https:\/\/www.ausflugsziele-schweiz.ch\/wp-content\/uploads\/2022\/03\/icon-1.png","width":600,"height":600,"caption":"Ausflugsziele Schweiz"},"image":{"@id":"https:\/\/www.ausflugsziele-schweiz.ch\/sommer\/#\/schema\/logo\/image\/"},"sameAs":["https:\/\/www.facebook.com\/ausflugszieleschweiz\/"]},{"@type":"Person","@id":"https:\/\/www.ausflugsziele-schweiz.ch\/sommer\/#\/schema\/person\/c57c323f187c389c84ea15885ffe79f1","name":"imatrix","image":{"@type":"ImageObject","inLanguage":"so-MR","@id":"https:\/\/secure.gravatar.com\/avatar\/d8860d2cdda3de8e09895767394557b234c0e6ad1a80b3b7ccfec03df1a6a41b?s=96&d=retro&r=g","url":"https:\/\/secure.gravatar.com\/avatar\/d8860d2cdda3de8e09895767394557b234c0e6ad1a80b3b7ccfec03df1a6a41b?s=96&d=retro&r=g","contentUrl":"https:\/\/secure.gravatar.com\/avatar\/d8860d2cdda3de8e09895767394557b234c0e6ad1a80b3b7ccfec03df1a6a41b?s=96&d=retro&r=g","caption":"imatrix"},"url":"https:\/\/www.ausflugsziele-schweiz.ch\/sommer\/author\/imatrix\/"}]}},"_links":{"self":[{"href":"https:\/\/www.ausflugsziele-schweiz.ch\/sommer\/wp-json\/wp\/v2\/posts\/5593","targetHints":{"allow":["GET"]}}],"collection":[{"href":"https:\/\/www.ausflugsziele-schweiz.ch\/sommer\/wp-json\/wp\/v2\/posts"}],"about":[{"href":"https:\/\/www.ausflugsziele-schweiz.ch\/sommer\/wp-json\/wp\/v2\/types\/post"}],"author":[{"embeddable":true,"href":"https:\/\/www.ausflugsziele-schweiz.ch\/sommer\/wp-json\/wp\/v2\/users\/7"}],"replies":[{"embeddable":true,"href":"https:\/\/www.ausflugsziele-schweiz.ch\/sommer\/wp-json\/wp\/v2\/comments?post=5593"}],"version-history":[{"count":0,"href":"https:\/\/www.ausflugsziele-schweiz.ch\/sommer\/wp-json\/wp\/v2\/posts\/5593\/revisions"}],"wp:featuredmedia":[{"embeddable":true,"href":"https:\/\/www.ausflugsziele-schweiz.ch\/sommer\/wp-json\/wp\/v2\/media\/115050"}],"wp:attachment":[{"href":"https:\/\/www.ausflugsziele-schweiz.ch\/sommer\/wp-json\/wp\/v2\/media?parent=5593"}],"wp:term":[{"taxonomy":"category","embeddable":true,"href":"https:\/\/www.ausflugsziele-schweiz.ch\/sommer\/wp-json\/wp\/v2\/categories?post=5593"},{"taxonomy":"post_tag","embeddable":true,"href":"https:\/\/www.ausflugsziele-schweiz.ch\/sommer\/wp-json\/wp\/v2\/tags?post=5593"}],"curies":[{"name":"wp","href":"https:\/\/api.w.org\/{rel}","templated":true}]}}