{"id":130583,"date":"2021-12-05T12:00:39","date_gmt":"2021-12-05T11:00:39","guid":{"rendered":"https:\/\/www.ausflugsziele-schweiz.ch\/?p=130583"},"modified":"2024-11-18T09:20:12","modified_gmt":"2024-11-18T08:20:12","slug":"mit-der-treib-seelisberg-bahn-die-weihnachtsstimmung-am-engelweg-geniessen","status":"publish","type":"post","link":"https:\/\/www.ausflugsziele-schweiz.ch\/winter\/mit-der-treib-seelisberg-bahn-die-weihnachtsstimmung-am-engelweg-geniessen\/","title":{"rendered":"Mit der Treib-Seelisberg-Bahn die Weihnachtsstimmung am Engelweg geniessen"},"content":{"rendered":"<h1>Das ideale Ausflugsziel f\u00fcr unvergessliche Winterspazierg\u00e4nge<\/h1>\n<p><strong>Seelisberg ist im Sommer und im Winter ein erlebnisreiches Ausflugsziel f\u00fcr die ganze Familie. Vor allem in der Weihnachtszeit h\u00e4lt der Engelweg so manche \u00dcberraschung f\u00fcr Sie bereit. Lassen Sie sich nach einer winterlichen Schifffahrt \u00fcber den Vierwaldst\u00e4ttersee von der Treib-Seelisberg-Bahn 800 Meter hoch auf das Sonnenplateau Seelisberg bringen und starten Sie zu unvergesslichen Erlebnissen inmitten einer wunderbaren Winterlandschaft. Ob Vorweihnachtszeit oder Fasnacht: In Seelisberg gibt es immer etwas zu erleben.<\/strong><\/p>\n\r\n                <style type=\"text\/css\">\r\n                    \r\n                    #tdi_1  .td-doubleSlider-2 .td-item1 {\r\n                        background: url(https:\/\/www.ausflugsziele-schweiz.ch\/wp-content\/uploads\/2021\/10\/Seelisberg_SGV_Winter-Ti-mit-Mythen-80x60.jpg) 0 0 no-repeat;\r\n                    }\r\n                    #tdi_1  .td-doubleSlider-2 .td-item2 {\r\n                        background: url(https:\/\/www.ausflugsziele-schweiz.ch\/wp-content\/uploads\/2021\/10\/Seelisberg_TSB_Winter-ab-Bergstation-Bahn-unterwegs-mit-Schwanden-80x60.jpg) 0 0 no-repeat;\r\n                    }\r\n                    #tdi_1  .td-doubleSlider-2 .td-item3 {\r\n                        background: url(https:\/\/www.ausflugsziele-schweiz.ch\/wp-content\/uploads\/2021\/10\/Seelisberg_SGV_Winter-Bn-Sonnenuntergang-gegen-W-weit-80x60.jpg) 0 0 no-repeat;\r\n                    }\r\n                    #tdi_1  .td-doubleSlider-2 .td-item4 {\r\n                        background: url(https:\/\/www.ausflugsziele-schweiz.ch\/wp-content\/uploads\/2021\/10\/Seelisberg_SBT_Winter-Bellevue-von-unten-80x60.jpg) 0 0 no-repeat;\r\n                    }\r\n                    #tdi_1  .td-doubleSlider-2 .td-item5 {\r\n                        background: url(https:\/\/www.ausflugsziele-schweiz.ch\/wp-content\/uploads\/2022\/11\/SBT_Kaesefondueplausch-nah-Tell-80x60.jpg) 0 0 no-repeat;\r\n                    }\r\n                    #tdi_1  .td-doubleSlider-2 .td-item6 {\r\n                        background: url(https:\/\/www.ausflugsziele-schweiz.ch\/wp-content\/uploads\/2021\/10\/Seelisberg_SBT_Treib-Tagsatzungssaal-aufgedeckt-80x60.jpg) 0 0 no-repeat;\r\n                    }\r\n                    #tdi_1  .td-doubleSlider-2 .td-item7 {\r\n                        background: url(https:\/\/www.ausflugsziele-schweiz.ch\/wp-content\/uploads\/2021\/10\/Seelisberg_SBT_Winter-Stimmungsbild-Schiebenboden-80x60.jpg) 0 0 no-repeat;\r\n                    }\r\n                    #tdi_1  .td-doubleSlider-2 .td-item8 {\r\n                        background: url(https:\/\/www.ausflugsziele-schweiz.ch\/wp-content\/uploads\/2021\/10\/Seelisberg_SBT_Winter-Sonnenbergterrasse-mit-Fahnen-80x60.jpg) 0 0 no-repeat;\r\n                    }\r\n                    #tdi_1  .td-doubleSlider-2 .td-item9 {\r\n                        background: url(https:\/\/www.ausflugsziele-schweiz.ch\/wp-content\/uploads\/2021\/10\/Seelisberg_TSB_Winter-Bahnseite-mit-Rigimassiv-80x60.jpg) 0 0 no-repeat;\r\n                    }\r\n                    #tdi_1  .td-doubleSlider-2 .td-item10 {\r\n                        background: url(https:\/\/www.ausflugsziele-schweiz.ch\/wp-content\/uploads\/2022\/11\/SBT_Winter-Nebelmeer-ab-Schillerbalkon-gegen-S-80x60.jpg) 0 0 no-repeat;\r\n                    }\r\n                    #tdi_1  .td-doubleSlider-2 .td-item11 {\r\n                        background: url(https:\/\/www.ausflugsziele-schweiz.ch\/wp-content\/uploads\/2022\/11\/SBT_Winter-Blick-ab-Kaserei-auf-Kirche-und-Mythen-80x60.jpg) 0 0 no-repeat;\r\n                    }\r\n                <\/style>\r\n\r\n                <div id=\"tdi_1\" class=\"td-gallery td-slide-on-2-columns\">\r\n                    <div class=\"post_td_gallery\">\r\n                        <div class=\"td-gallery-slide-top\">\r\n                           <div class=\"td-gallery-title\"><\/div>\r\n\r\n                            <div class=\"td-gallery-controls-wrapper\">\r\n                                <div class=\"td-gallery-slide-count\"><span class=\"td-gallery-slide-item-focus\">1<\/span> of 11<\/div>\r\n                                <div class=\"td-gallery-slide-prev-next-but\">\r\n                                    <i class = \"td-icon-left doubleSliderPrevButton\"><\/i>\r\n                                    <i class = \"td-icon-right doubleSliderNextButton\"><\/i>\r\n                                <\/div>\r\n                            <\/div>\r\n                        <\/div>\r\n\r\n                        <div class = \"td-doubleSlider-1 \">\r\n                            <div class = \"td-slider\">\r\n                                \r\n                    <div class = \"td-slide-item td-item1\">\r\n                        <figure class=\"td-slide-galery-figure td-slide-popup-gallery\">\r\n                            <a class=\"slide-gallery-image-link\" href=\"https:\/\/www.ausflugsziele-schweiz.ch\/wp-content\/uploads\/2021\/10\/Seelisberg_SGV_Winter-Ti-mit-Mythen.jpg\" title=\"Seelisberg SGV Winter Ti mit Mythen\"  data-caption=\"Seelisberg SGV Winter Ti mit Mythen\"  data-description=\"Seelisberg SGV Winter Ti mit Mythen\">\r\n                                <img decoding=\"async\" src=\"https:\/\/www.ausflugsziele-schweiz.ch\/wp-content\/uploads\/2021\/10\/Seelisberg_SGV_Winter-Ti-mit-Mythen.jpg\" srcset=\"https:\/\/www.ausflugsziele-schweiz.ch\/wp-content\/uploads\/2021\/10\/Seelisberg_SGV_Winter-Ti-mit-Mythen.jpg 1600w, https:\/\/www.ausflugsziele-schweiz.ch\/wp-content\/uploads\/2021\/10\/Seelisberg_SGV_Winter-Ti-mit-Mythen-711x533.jpg 711w, https:\/\/www.ausflugsziele-schweiz.ch\/wp-content\/uploads\/2021\/10\/Seelisberg_SGV_Winter-Ti-mit-Mythen-1024x768.jpg 1024w, https:\/\/www.ausflugsziele-schweiz.ch\/wp-content\/uploads\/2021\/10\/Seelisberg_SGV_Winter-Ti-mit-Mythen-768x576.jpg 768w, https:\/\/www.ausflugsziele-schweiz.ch\/wp-content\/uploads\/2021\/10\/Seelisberg_SGV_Winter-Ti-mit-Mythen-1536x1152.jpg 1536w, https:\/\/www.ausflugsziele-schweiz.ch\/wp-content\/uploads\/2021\/10\/Seelisberg_SGV_Winter-Ti-mit-Mythen-80x60.jpg 80w, https:\/\/www.ausflugsziele-schweiz.ch\/wp-content\/uploads\/2021\/10\/Seelisberg_SGV_Winter-Ti-mit-Mythen-160x120.jpg 160w, https:\/\/www.ausflugsziele-schweiz.ch\/wp-content\/uploads\/2021\/10\/Seelisberg_SGV_Winter-Ti-mit-Mythen-265x198.jpg 265w, https:\/\/www.ausflugsziele-schweiz.ch\/wp-content\/uploads\/2021\/10\/Seelisberg_SGV_Winter-Ti-mit-Mythen-1068x801.jpg 1068w\" sizes=\"(max-width: 1600px) 100vw, 1600px\" alt=\"Seelisberg SGV Winter Ti mit Mythen\">\r\n                            <\/a>\r\n                            <figcaption class = \"td-slide-caption td-gallery-slide-content\"><div class = \"td-gallery-slide-copywrite\">Seelisberg SGV Winter Ti mit Mythen<\/div><span>Seelisberg SGV Winter Ti mit Mythen<\/span><\/figcaption>\r\n                        <\/figure>\r\n                    <\/div>\r\n                    <div class = \"td-slide-item td-item2\">\r\n                        <figure class=\"td-slide-galery-figure td-slide-popup-gallery\">\r\n                            <a class=\"slide-gallery-image-link\" href=\"https:\/\/www.ausflugsziele-schweiz.ch\/wp-content\/uploads\/2021\/10\/Seelisberg_TSB_Winter-ab-Bergstation-Bahn-unterwegs-mit-Schwanden.jpg\" title=\"Seelisberg TSB Winter ab Bergstation Bahn unterwegs mit Schwanden\"  data-caption=\"Seelisberg TSB Winter ab Bergstation Bahn unterwegs mit Schwanden\"  data-description=\"Seelisberg TSB Winter ab Bergstation Bahn unterwegs mit Schwanden\">\r\n                                <img decoding=\"async\" src=\"https:\/\/www.ausflugsziele-schweiz.ch\/wp-content\/uploads\/2021\/10\/Seelisberg_TSB_Winter-ab-Bergstation-Bahn-unterwegs-mit-Schwanden.jpg\" srcset=\"https:\/\/www.ausflugsziele-schweiz.ch\/wp-content\/uploads\/2021\/10\/Seelisberg_TSB_Winter-ab-Bergstation-Bahn-unterwegs-mit-Schwanden.jpg 1600w, https:\/\/www.ausflugsziele-schweiz.ch\/wp-content\/uploads\/2021\/10\/Seelisberg_TSB_Winter-ab-Bergstation-Bahn-unterwegs-mit-Schwanden-800x533.jpg 800w, https:\/\/www.ausflugsziele-schweiz.ch\/wp-content\/uploads\/2021\/10\/Seelisberg_TSB_Winter-ab-Bergstation-Bahn-unterwegs-mit-Schwanden-1024x683.jpg 1024w, https:\/\/www.ausflugsziele-schweiz.ch\/wp-content\/uploads\/2021\/10\/Seelisberg_TSB_Winter-ab-Bergstation-Bahn-unterwegs-mit-Schwanden-768x512.jpg 768w, https:\/\/www.ausflugsziele-schweiz.ch\/wp-content\/uploads\/2021\/10\/Seelisberg_TSB_Winter-ab-Bergstation-Bahn-unterwegs-mit-Schwanden-1536x1024.jpg 1536w, https:\/\/www.ausflugsziele-schweiz.ch\/wp-content\/uploads\/2021\/10\/Seelisberg_TSB_Winter-ab-Bergstation-Bahn-unterwegs-mit-Schwanden-1068x712.jpg 1068w\" sizes=\"(max-width: 1600px) 100vw, 1600px\" alt=\"Seelisberg TSB Winter ab Bergstation Bahn unterwegs mit Schwanden\">\r\n                            <\/a>\r\n                            <figcaption class = \"td-slide-caption td-gallery-slide-content\"><div class = \"td-gallery-slide-copywrite\">Seelisberg TSB Winter ab Bergstation Bahn unterwegs mit Schwanden<\/div><span>Seelisberg TSB Winter ab Bergstation Bahn unterwegs mit Schwanden<\/span><\/figcaption>\r\n                        <\/figure>\r\n                    <\/div>\r\n                    <div class = \"td-slide-item td-item3\">\r\n                        <figure class=\"td-slide-galery-figure td-slide-popup-gallery\">\r\n                            <a class=\"slide-gallery-image-link\" href=\"https:\/\/www.ausflugsziele-schweiz.ch\/wp-content\/uploads\/2021\/10\/Seelisberg_SGV_Winter-Bn-Sonnenuntergang-gegen-W-weit.jpg\" title=\"Seelisberg SGV Winter Bn Sonnenuntergang gegen W weit\"  data-caption=\"Seelisberg SGV Winter Bn Sonnenuntergang gegen W weit\"  data-description=\"Seelisberg SGV Winter Bn Sonnenuntergang gegen W weit\">\r\n                                <img decoding=\"async\" src=\"https:\/\/www.ausflugsziele-schweiz.ch\/wp-content\/uploads\/2021\/10\/Seelisberg_SGV_Winter-Bn-Sonnenuntergang-gegen-W-weit.jpg\" srcset=\"https:\/\/www.ausflugsziele-schweiz.ch\/wp-content\/uploads\/2021\/10\/Seelisberg_SGV_Winter-Bn-Sonnenuntergang-gegen-W-weit.jpg 1600w, https:\/\/www.ausflugsziele-schweiz.ch\/wp-content\/uploads\/2021\/10\/Seelisberg_SGV_Winter-Bn-Sonnenuntergang-gegen-W-weit-711x533.jpg 711w, https:\/\/www.ausflugsziele-schweiz.ch\/wp-content\/uploads\/2021\/10\/Seelisberg_SGV_Winter-Bn-Sonnenuntergang-gegen-W-weit-1024x768.jpg 1024w, https:\/\/www.ausflugsziele-schweiz.ch\/wp-content\/uploads\/2021\/10\/Seelisberg_SGV_Winter-Bn-Sonnenuntergang-gegen-W-weit-768x576.jpg 768w, https:\/\/www.ausflugsziele-schweiz.ch\/wp-content\/uploads\/2021\/10\/Seelisberg_SGV_Winter-Bn-Sonnenuntergang-gegen-W-weit-1536x1152.jpg 1536w, https:\/\/www.ausflugsziele-schweiz.ch\/wp-content\/uploads\/2021\/10\/Seelisberg_SGV_Winter-Bn-Sonnenuntergang-gegen-W-weit-80x60.jpg 80w, https:\/\/www.ausflugsziele-schweiz.ch\/wp-content\/uploads\/2021\/10\/Seelisberg_SGV_Winter-Bn-Sonnenuntergang-gegen-W-weit-160x120.jpg 160w, https:\/\/www.ausflugsziele-schweiz.ch\/wp-content\/uploads\/2021\/10\/Seelisberg_SGV_Winter-Bn-Sonnenuntergang-gegen-W-weit-265x198.jpg 265w, https:\/\/www.ausflugsziele-schweiz.ch\/wp-content\/uploads\/2021\/10\/Seelisberg_SGV_Winter-Bn-Sonnenuntergang-gegen-W-weit-1068x801.jpg 1068w\" sizes=\"(max-width: 1600px) 100vw, 1600px\" alt=\"Seelisberg SGV Winter Bn Sonnenuntergang gegen W weit\">\r\n                            <\/a>\r\n                            <figcaption class = \"td-slide-caption td-gallery-slide-content\"><div class = \"td-gallery-slide-copywrite\">Seelisberg SGV Winter Bn Sonnenuntergang gegen W weit<\/div><span>Seelisberg SGV Winter Bn Sonnenuntergang gegen W weit<\/span><\/figcaption>\r\n                        <\/figure>\r\n                    <\/div>\r\n                    <div class = \"td-slide-item td-item4\">\r\n                        <figure class=\"td-slide-galery-figure td-slide-popup-gallery\">\r\n                            <a class=\"slide-gallery-image-link\" href=\"https:\/\/www.ausflugsziele-schweiz.ch\/wp-content\/uploads\/2021\/10\/Seelisberg_SBT_Winter-Bellevue-von-unten.jpg\" title=\"Seelisberg SBT Winter Bellevue von unten\"  data-caption=\"Seelisberg SBT Winter Bellevue von unten\"  data-description=\"Seelisberg SBT Winter Bellevue von unten\">\r\n                                <img decoding=\"async\" src=\"https:\/\/www.ausflugsziele-schweiz.ch\/wp-content\/uploads\/2021\/10\/Seelisberg_SBT_Winter-Bellevue-von-unten.jpg\" srcset=\"https:\/\/www.ausflugsziele-schweiz.ch\/wp-content\/uploads\/2021\/10\/Seelisberg_SBT_Winter-Bellevue-von-unten.jpg 1600w, https:\/\/www.ausflugsziele-schweiz.ch\/wp-content\/uploads\/2021\/10\/Seelisberg_SBT_Winter-Bellevue-von-unten-800x533.jpg 800w, https:\/\/www.ausflugsziele-schweiz.ch\/wp-content\/uploads\/2021\/10\/Seelisberg_SBT_Winter-Bellevue-von-unten-1024x683.jpg 1024w, https:\/\/www.ausflugsziele-schweiz.ch\/wp-content\/uploads\/2021\/10\/Seelisberg_SBT_Winter-Bellevue-von-unten-768x512.jpg 768w, https:\/\/www.ausflugsziele-schweiz.ch\/wp-content\/uploads\/2021\/10\/Seelisberg_SBT_Winter-Bellevue-von-unten-1536x1024.jpg 1536w, https:\/\/www.ausflugsziele-schweiz.ch\/wp-content\/uploads\/2021\/10\/Seelisberg_SBT_Winter-Bellevue-von-unten-1068x712.jpg 1068w\" sizes=\"(max-width: 1600px) 100vw, 1600px\" alt=\"Seelisberg SBT Winter Bellevue von unten\">\r\n                            <\/a>\r\n                            <figcaption class = \"td-slide-caption td-gallery-slide-content\"><div class = \"td-gallery-slide-copywrite\">Seelisberg SBT Winter Bellevue von unten<\/div><span>Seelisberg SBT Winter Bellevue von unten<\/span><\/figcaption>\r\n                        <\/figure>\r\n                    <\/div>\r\n                    <div class = \"td-slide-item td-item5\">\r\n                        <figure class=\"td-slide-galery-figure td-slide-popup-gallery\">\r\n                            <a class=\"slide-gallery-image-link\" href=\"https:\/\/www.ausflugsziele-schweiz.ch\/wp-content\/uploads\/2022\/11\/SBT_Kaesefondueplausch-nah-Tell.jpg\" title=\"SBT Kaesefondueplausch nah Tell\"  data-caption=\"SBT Kaesefondueplausch nah Tell\"  data-description=\"SBT Kaesefondueplausch nah Tell\">\r\n                                <img decoding=\"async\" src=\"https:\/\/www.ausflugsziele-schweiz.ch\/wp-content\/uploads\/2022\/11\/SBT_Kaesefondueplausch-nah-Tell.jpg\" srcset=\"https:\/\/www.ausflugsziele-schweiz.ch\/wp-content\/uploads\/2022\/11\/SBT_Kaesefondueplausch-nah-Tell.jpg 1600w, https:\/\/www.ausflugsziele-schweiz.ch\/wp-content\/uploads\/2022\/11\/SBT_Kaesefondueplausch-nah-Tell-800x533.jpg 800w, https:\/\/www.ausflugsziele-schweiz.ch\/wp-content\/uploads\/2022\/11\/SBT_Kaesefondueplausch-nah-Tell-1024x683.jpg 1024w, https:\/\/www.ausflugsziele-schweiz.ch\/wp-content\/uploads\/2022\/11\/SBT_Kaesefondueplausch-nah-Tell-768x512.jpg 768w, https:\/\/www.ausflugsziele-schweiz.ch\/wp-content\/uploads\/2022\/11\/SBT_Kaesefondueplausch-nah-Tell-1536x1024.jpg 1536w, https:\/\/www.ausflugsziele-schweiz.ch\/wp-content\/uploads\/2022\/11\/SBT_Kaesefondueplausch-nah-Tell-696x464.jpg 696w, https:\/\/www.ausflugsziele-schweiz.ch\/wp-content\/uploads\/2022\/11\/SBT_Kaesefondueplausch-nah-Tell-1068x712.jpg 1068w\" sizes=\"(max-width: 1600px) 100vw, 1600px\" alt=\"SBT Kaesefondueplausch nah Tell\">\r\n                            <\/a>\r\n                            <figcaption class = \"td-slide-caption td-gallery-slide-content\"><div class = \"td-gallery-slide-copywrite\">SBT Kaesefondueplausch nah Tell<\/div><span>SBT Kaesefondueplausch nah Tell<\/span><\/figcaption>\r\n                        <\/figure>\r\n                    <\/div>\r\n                    <div class = \"td-slide-item td-item6\">\r\n                        <figure class=\"td-slide-galery-figure td-slide-popup-gallery\">\r\n                            <a class=\"slide-gallery-image-link\" href=\"https:\/\/www.ausflugsziele-schweiz.ch\/wp-content\/uploads\/2021\/10\/Seelisberg_SBT_Treib-Tagsatzungssaal-aufgedeckt.jpg\" title=\"Seelisberg SBT Treib Tagsatzungssaal aufgedeckt\"  data-caption=\"Seelisberg SBT Treib Tagsatzungssaal aufgedeckt\"  data-description=\"Seelisberg SBT Treib Tagsatzungssaal aufgedeckt\">\r\n                                <img decoding=\"async\" src=\"https:\/\/www.ausflugsziele-schweiz.ch\/wp-content\/uploads\/2021\/10\/Seelisberg_SBT_Treib-Tagsatzungssaal-aufgedeckt.jpg\" srcset=\"https:\/\/www.ausflugsziele-schweiz.ch\/wp-content\/uploads\/2021\/10\/Seelisberg_SBT_Treib-Tagsatzungssaal-aufgedeckt.jpg 1600w, https:\/\/www.ausflugsziele-schweiz.ch\/wp-content\/uploads\/2021\/10\/Seelisberg_SBT_Treib-Tagsatzungssaal-aufgedeckt-800x533.jpg 800w, https:\/\/www.ausflugsziele-schweiz.ch\/wp-content\/uploads\/2021\/10\/Seelisberg_SBT_Treib-Tagsatzungssaal-aufgedeckt-1024x683.jpg 1024w, https:\/\/www.ausflugsziele-schweiz.ch\/wp-content\/uploads\/2021\/10\/Seelisberg_SBT_Treib-Tagsatzungssaal-aufgedeckt-768x512.jpg 768w, https:\/\/www.ausflugsziele-schweiz.ch\/wp-content\/uploads\/2021\/10\/Seelisberg_SBT_Treib-Tagsatzungssaal-aufgedeckt-1536x1024.jpg 1536w, https:\/\/www.ausflugsziele-schweiz.ch\/wp-content\/uploads\/2021\/10\/Seelisberg_SBT_Treib-Tagsatzungssaal-aufgedeckt-1068x712.jpg 1068w\" sizes=\"(max-width: 1600px) 100vw, 1600px\" alt=\"Seelisberg SBT Treib Tagsatzungssaal aufgedeckt\">\r\n                            <\/a>\r\n                            <figcaption class = \"td-slide-caption td-gallery-slide-content\"><div class = \"td-gallery-slide-copywrite\">Seelisberg SBT Treib Tagsatzungssaal aufgedeckt<\/div><span>Seelisberg SBT Treib Tagsatzungssaal aufgedeckt<\/span><\/figcaption>\r\n                        <\/figure>\r\n                    <\/div>\r\n                    <div class = \"td-slide-item td-item7\">\r\n                        <figure class=\"td-slide-galery-figure td-slide-popup-gallery\">\r\n                            <a class=\"slide-gallery-image-link\" href=\"https:\/\/www.ausflugsziele-schweiz.ch\/wp-content\/uploads\/2021\/10\/Seelisberg_SBT_Winter-Stimmungsbild-Schiebenboden.jpg\" title=\"Seelisberg SBT Winter Stimmungsbild Schiebenboden\"  data-caption=\"Seelisberg SBT Winter Stimmungsbild Schiebenboden\"  data-description=\"Seelisberg SBT Winter Stimmungsbild Schiebenboden\">\r\n                                <img decoding=\"async\" src=\"https:\/\/www.ausflugsziele-schweiz.ch\/wp-content\/uploads\/2021\/10\/Seelisberg_SBT_Winter-Stimmungsbild-Schiebenboden.jpg\" srcset=\"https:\/\/www.ausflugsziele-schweiz.ch\/wp-content\/uploads\/2021\/10\/Seelisberg_SBT_Winter-Stimmungsbild-Schiebenboden.jpg 1600w, https:\/\/www.ausflugsziele-schweiz.ch\/wp-content\/uploads\/2021\/10\/Seelisberg_SBT_Winter-Stimmungsbild-Schiebenboden-800x533.jpg 800w, https:\/\/www.ausflugsziele-schweiz.ch\/wp-content\/uploads\/2021\/10\/Seelisberg_SBT_Winter-Stimmungsbild-Schiebenboden-1024x683.jpg 1024w, https:\/\/www.ausflugsziele-schweiz.ch\/wp-content\/uploads\/2021\/10\/Seelisberg_SBT_Winter-Stimmungsbild-Schiebenboden-768x512.jpg 768w, https:\/\/www.ausflugsziele-schweiz.ch\/wp-content\/uploads\/2021\/10\/Seelisberg_SBT_Winter-Stimmungsbild-Schiebenboden-1536x1024.jpg 1536w, https:\/\/www.ausflugsziele-schweiz.ch\/wp-content\/uploads\/2021\/10\/Seelisberg_SBT_Winter-Stimmungsbild-Schiebenboden-1068x712.jpg 1068w\" sizes=\"(max-width: 1600px) 100vw, 1600px\" alt=\"Seelisberg SBT Winter Stimmungsbild Schiebenboden\">\r\n                            <\/a>\r\n                            <figcaption class = \"td-slide-caption td-gallery-slide-content\"><div class = \"td-gallery-slide-copywrite\">Seelisberg SBT Winter Stimmungsbild Schiebenboden<\/div><span>Seelisberg SBT Winter Stimmungsbild Schiebenboden<\/span><\/figcaption>\r\n                        <\/figure>\r\n                    <\/div>\r\n                    <div class = \"td-slide-item td-item8\">\r\n                        <figure class=\"td-slide-galery-figure td-slide-popup-gallery\">\r\n                            <a class=\"slide-gallery-image-link\" href=\"https:\/\/www.ausflugsziele-schweiz.ch\/wp-content\/uploads\/2021\/10\/Seelisberg_SBT_Winter-Sonnenbergterrasse-mit-Fahnen.jpg\" title=\"Seelisberg SBT Winter Sonnenbergterrasse mit Fahnen\"  data-caption=\"Seelisberg SBT Winter Sonnenbergterrasse mit Fahnen\"  data-description=\"Seelisberg SBT Winter Sonnenbergterrasse mit Fahnen\">\r\n                                <img decoding=\"async\" src=\"https:\/\/www.ausflugsziele-schweiz.ch\/wp-content\/uploads\/2021\/10\/Seelisberg_SBT_Winter-Sonnenbergterrasse-mit-Fahnen.jpg\" srcset=\"https:\/\/www.ausflugsziele-schweiz.ch\/wp-content\/uploads\/2021\/10\/Seelisberg_SBT_Winter-Sonnenbergterrasse-mit-Fahnen.jpg 1600w, https:\/\/www.ausflugsziele-schweiz.ch\/wp-content\/uploads\/2021\/10\/Seelisberg_SBT_Winter-Sonnenbergterrasse-mit-Fahnen-800x533.jpg 800w, https:\/\/www.ausflugsziele-schweiz.ch\/wp-content\/uploads\/2021\/10\/Seelisberg_SBT_Winter-Sonnenbergterrasse-mit-Fahnen-1024x683.jpg 1024w, https:\/\/www.ausflugsziele-schweiz.ch\/wp-content\/uploads\/2021\/10\/Seelisberg_SBT_Winter-Sonnenbergterrasse-mit-Fahnen-768x512.jpg 768w, https:\/\/www.ausflugsziele-schweiz.ch\/wp-content\/uploads\/2021\/10\/Seelisberg_SBT_Winter-Sonnenbergterrasse-mit-Fahnen-1536x1024.jpg 1536w, https:\/\/www.ausflugsziele-schweiz.ch\/wp-content\/uploads\/2021\/10\/Seelisberg_SBT_Winter-Sonnenbergterrasse-mit-Fahnen-1068x712.jpg 1068w\" sizes=\"(max-width: 1600px) 100vw, 1600px\" alt=\"Seelisberg SBT Winter Sonnenbergterrasse mit Fahnen\">\r\n                            <\/a>\r\n                            <figcaption class = \"td-slide-caption td-gallery-slide-content\"><div class = \"td-gallery-slide-copywrite\">Seelisberg SBT Winter Sonnenbergterrasse mit Fahnen<\/div><span>Seelisberg SBT Winter Sonnenbergterrasse mit Fahnen<\/span><\/figcaption>\r\n                        <\/figure>\r\n                    <\/div>\r\n                    <div class = \"td-slide-item td-item9\">\r\n                        <figure class=\"td-slide-galery-figure td-slide-popup-gallery\">\r\n                            <a class=\"slide-gallery-image-link\" href=\"https:\/\/www.ausflugsziele-schweiz.ch\/wp-content\/uploads\/2021\/10\/Seelisberg_TSB_Winter-Bahnseite-mit-Rigimassiv.jpg\" title=\"Seelisberg TSB Winter Bahnseite mit Rigimassiv\"  data-caption=\"Seelisberg TSB Winter Bahnseite mit Rigimassiv\"  data-description=\"Seelisberg TSB Winter Bahnseite mit Rigimassiv\">\r\n                                <img decoding=\"async\" src=\"https:\/\/www.ausflugsziele-schweiz.ch\/wp-content\/uploads\/2021\/10\/Seelisberg_TSB_Winter-Bahnseite-mit-Rigimassiv.jpg\" srcset=\"https:\/\/www.ausflugsziele-schweiz.ch\/wp-content\/uploads\/2021\/10\/Seelisberg_TSB_Winter-Bahnseite-mit-Rigimassiv.jpg 1600w, https:\/\/www.ausflugsziele-schweiz.ch\/wp-content\/uploads\/2021\/10\/Seelisberg_TSB_Winter-Bahnseite-mit-Rigimassiv-711x533.jpg 711w, https:\/\/www.ausflugsziele-schweiz.ch\/wp-content\/uploads\/2021\/10\/Seelisberg_TSB_Winter-Bahnseite-mit-Rigimassiv-1024x768.jpg 1024w, https:\/\/www.ausflugsziele-schweiz.ch\/wp-content\/uploads\/2021\/10\/Seelisberg_TSB_Winter-Bahnseite-mit-Rigimassiv-768x576.jpg 768w, https:\/\/www.ausflugsziele-schweiz.ch\/wp-content\/uploads\/2021\/10\/Seelisberg_TSB_Winter-Bahnseite-mit-Rigimassiv-1536x1152.jpg 1536w, https:\/\/www.ausflugsziele-schweiz.ch\/wp-content\/uploads\/2021\/10\/Seelisberg_TSB_Winter-Bahnseite-mit-Rigimassiv-80x60.jpg 80w, https:\/\/www.ausflugsziele-schweiz.ch\/wp-content\/uploads\/2021\/10\/Seelisberg_TSB_Winter-Bahnseite-mit-Rigimassiv-160x120.jpg 160w, https:\/\/www.ausflugsziele-schweiz.ch\/wp-content\/uploads\/2021\/10\/Seelisberg_TSB_Winter-Bahnseite-mit-Rigimassiv-265x198.jpg 265w, https:\/\/www.ausflugsziele-schweiz.ch\/wp-content\/uploads\/2021\/10\/Seelisberg_TSB_Winter-Bahnseite-mit-Rigimassiv-1068x801.jpg 1068w\" sizes=\"(max-width: 1600px) 100vw, 1600px\" alt=\"Seelisberg TSB Winter Bahnseite mit Rigimassiv\">\r\n                            <\/a>\r\n                            <figcaption class = \"td-slide-caption td-gallery-slide-content\"><div class = \"td-gallery-slide-copywrite\">Seelisberg TSB Winter Bahnseite mit Rigimassiv<\/div><span>Seelisberg TSB Winter Bahnseite mit Rigimassiv<\/span><\/figcaption>\r\n                        <\/figure>\r\n                    <\/div>\r\n                    <div class = \"td-slide-item td-item10\">\r\n                        <figure class=\"td-slide-galery-figure td-slide-popup-gallery\">\r\n                            <a class=\"slide-gallery-image-link\" href=\"https:\/\/www.ausflugsziele-schweiz.ch\/wp-content\/uploads\/2022\/11\/SBT_Winter-Nebelmeer-ab-Schillerbalkon-gegen-S.jpg\" title=\"SBT Winter Nebelmeer ab Schillerbalkon gegen S\"  data-caption=\"SBT Winter Nebelmeer ab Schillerbalkon gegen S\"  data-description=\"SBT Winter Nebelmeer ab Schillerbalkon gegen S\">\r\n                                <img decoding=\"async\" src=\"https:\/\/www.ausflugsziele-schweiz.ch\/wp-content\/uploads\/2022\/11\/SBT_Winter-Nebelmeer-ab-Schillerbalkon-gegen-S.jpg\" srcset=\"https:\/\/www.ausflugsziele-schweiz.ch\/wp-content\/uploads\/2022\/11\/SBT_Winter-Nebelmeer-ab-Schillerbalkon-gegen-S.jpg 1600w, https:\/\/www.ausflugsziele-schweiz.ch\/wp-content\/uploads\/2022\/11\/SBT_Winter-Nebelmeer-ab-Schillerbalkon-gegen-S-800x533.jpg 800w, https:\/\/www.ausflugsziele-schweiz.ch\/wp-content\/uploads\/2022\/11\/SBT_Winter-Nebelmeer-ab-Schillerbalkon-gegen-S-1024x683.jpg 1024w, https:\/\/www.ausflugsziele-schweiz.ch\/wp-content\/uploads\/2022\/11\/SBT_Winter-Nebelmeer-ab-Schillerbalkon-gegen-S-768x512.jpg 768w, https:\/\/www.ausflugsziele-schweiz.ch\/wp-content\/uploads\/2022\/11\/SBT_Winter-Nebelmeer-ab-Schillerbalkon-gegen-S-1536x1024.jpg 1536w, https:\/\/www.ausflugsziele-schweiz.ch\/wp-content\/uploads\/2022\/11\/SBT_Winter-Nebelmeer-ab-Schillerbalkon-gegen-S-696x464.jpg 696w, https:\/\/www.ausflugsziele-schweiz.ch\/wp-content\/uploads\/2022\/11\/SBT_Winter-Nebelmeer-ab-Schillerbalkon-gegen-S-1068x712.jpg 1068w\" sizes=\"(max-width: 1600px) 100vw, 1600px\" alt=\"SBT Winter Nebelmeer ab Schillerbalkon gegen S\">\r\n                            <\/a>\r\n                            <figcaption class = \"td-slide-caption td-gallery-slide-content\"><div class = \"td-gallery-slide-copywrite\">SBT Winter Nebelmeer ab Schillerbalkon gegen S<\/div><span>SBT Winter Nebelmeer ab Schillerbalkon gegen S<\/span><\/figcaption>\r\n                        <\/figure>\r\n                    <\/div>\r\n                    <div class = \"td-slide-item td-item11\">\r\n                        <figure class=\"td-slide-galery-figure td-slide-popup-gallery\">\r\n                            <a class=\"slide-gallery-image-link\" href=\"https:\/\/www.ausflugsziele-schweiz.ch\/wp-content\/uploads\/2022\/11\/SBT_Winter-Blick-ab-Kaserei-auf-Kirche-und-Mythen.jpg\" title=\"SBT Winter Blick ab Kaserei auf Kirche und Mythen\"  data-caption=\"SBT Winter Blick ab Kaserei auf Kirche und Mythen\"  data-description=\"SBT Winter Blick ab Kaserei auf Kirche und Mythen\">\r\n                                <img decoding=\"async\" src=\"https:\/\/www.ausflugsziele-schweiz.ch\/wp-content\/uploads\/2022\/11\/SBT_Winter-Blick-ab-Kaserei-auf-Kirche-und-Mythen.jpg\" srcset=\"https:\/\/www.ausflugsziele-schweiz.ch\/wp-content\/uploads\/2022\/11\/SBT_Winter-Blick-ab-Kaserei-auf-Kirche-und-Mythen.jpg 1600w, https:\/\/www.ausflugsziele-schweiz.ch\/wp-content\/uploads\/2022\/11\/SBT_Winter-Blick-ab-Kaserei-auf-Kirche-und-Mythen-800x533.jpg 800w, https:\/\/www.ausflugsziele-schweiz.ch\/wp-content\/uploads\/2022\/11\/SBT_Winter-Blick-ab-Kaserei-auf-Kirche-und-Mythen-1024x683.jpg 1024w, https:\/\/www.ausflugsziele-schweiz.ch\/wp-content\/uploads\/2022\/11\/SBT_Winter-Blick-ab-Kaserei-auf-Kirche-und-Mythen-768x512.jpg 768w, https:\/\/www.ausflugsziele-schweiz.ch\/wp-content\/uploads\/2022\/11\/SBT_Winter-Blick-ab-Kaserei-auf-Kirche-und-Mythen-1536x1024.jpg 1536w, https:\/\/www.ausflugsziele-schweiz.ch\/wp-content\/uploads\/2022\/11\/SBT_Winter-Blick-ab-Kaserei-auf-Kirche-und-Mythen-696x464.jpg 696w, https:\/\/www.ausflugsziele-schweiz.ch\/wp-content\/uploads\/2022\/11\/SBT_Winter-Blick-ab-Kaserei-auf-Kirche-und-Mythen-1068x712.jpg 1068w\" sizes=\"(max-width: 1600px) 100vw, 1600px\" alt=\"SBT Winter Blick ab Kaserei auf Kirche und Mythen\">\r\n                            <\/a>\r\n                            <figcaption class = \"td-slide-caption td-gallery-slide-content\"><div class = \"td-gallery-slide-copywrite\">SBT Winter Blick ab Kaserei auf Kirche und Mythen<\/div><span>SBT Winter Blick ab Kaserei auf Kirche und Mythen<\/span><\/figcaption>\r\n                        <\/figure>\r\n                    <\/div>\r\n                            <\/div>\r\n                        <\/div>\r\n\r\n                        <div class = \"td-doubleSlider-2\">\r\n                            <div class = \"td-slider\">\r\n                                \r\n                    <div class = \"td-button td-item1\">\r\n                        <div class = \"td-border\"><\/div>\r\n                    <\/div>\r\n                    <div class = \"td-button td-item2\">\r\n                        <div class = \"td-border\"><\/div>\r\n                    <\/div>\r\n                    <div class = \"td-button td-item3\">\r\n                        <div class = \"td-border\"><\/div>\r\n                    <\/div>\r\n                    <div class = \"td-button td-item4\">\r\n                        <div class = \"td-border\"><\/div>\r\n                    <\/div>\r\n                    <div class = \"td-button td-item5\">\r\n                        <div class = \"td-border\"><\/div>\r\n                    <\/div>\r\n                    <div class = \"td-button td-item6\">\r\n                        <div class = \"td-border\"><\/div>\r\n                    <\/div>\r\n                    <div class = \"td-button td-item7\">\r\n                        <div class = \"td-border\"><\/div>\r\n                    <\/div>\r\n                    <div class = \"td-button td-item8\">\r\n                        <div class = \"td-border\"><\/div>\r\n                    <\/div>\r\n                    <div class = \"td-button td-item9\">\r\n                        <div class = \"td-border\"><\/div>\r\n                    <\/div>\r\n                    <div class = \"td-button td-item10\">\r\n                        <div class = \"td-border\"><\/div>\r\n                    <\/div>\r\n                    <div class = \"td-button td-item11\">\r\n                        <div class = \"td-border\"><\/div>\r\n                    <\/div>\r\n                            <\/div>\r\n                        <\/div>\r\n\r\n                    <\/div>\r\n\r\n                <\/div>\r\n                \n<p><a href=\"http:\/\/www.seelisberg.com\/index.php\" target=\"_blank\" rel=\"noopener\">Seelisberg Tourismus<\/a> | <a href=\"https:\/\/www.klewenalp.ch\/de\/\" target=\"_blank\" rel=\"noopener\">Tourismusregion Klewenalp<\/a> |\u00a0<a href=\"https:\/\/www.klewenalp.ch\/de\/winter\/weitere-aktivitaeten\/wintersafari\/\" target=\"_blank\" rel=\"noopener\">Wintersafari<\/a><\/p>\n<h2>24 lebensgrosse Engel auf dem Engelweg<\/h2>\n<p>Der Engelweg ist ideal f\u00fcr die ganze Familie und in der Zeit vor und nach Weihnachten ein besonderes Erlebnis. Denn es erwarten Sie 24 lebensgrosse Engel, die von den Frauen aus Seelisberg in liebevoller Handarbeit gestaltet wurden.<\/p>\n\r\n                <style type=\"text\/css\">\r\n                    \r\n                    #tdi_2  .td-doubleSlider-2 .td-item1 {\r\n                        background: url(https:\/\/www.ausflugsziele-schweiz.ch\/wp-content\/uploads\/2021\/10\/Seelisberg_SBT_Engelweg-2-80x60.jpg) 0 0 no-repeat;\r\n                    }\r\n                    #tdi_2  .td-doubleSlider-2 .td-item2 {\r\n                        background: url(https:\/\/www.ausflugsziele-schweiz.ch\/wp-content\/uploads\/2021\/10\/Seelisberg_SBT_Winter-Engelweg-Eingang-Tannwald-80x60.jpg) 0 0 no-repeat;\r\n                    }\r\n                    #tdi_2  .td-doubleSlider-2 .td-item3 {\r\n                        background: url(https:\/\/www.ausflugsziele-schweiz.ch\/wp-content\/uploads\/2021\/10\/Seelisberg_SBT_Engelweg-5-80x60.jpg) 0 0 no-repeat;\r\n                    }\r\n                <\/style>\r\n\r\n                <div id=\"tdi_2\" class=\"td-gallery td-slide-on-2-columns\">\r\n                    <div class=\"post_td_gallery\">\r\n                        <div class=\"td-gallery-slide-top\">\r\n                           <div class=\"td-gallery-title\"><\/div>\r\n\r\n                            <div class=\"td-gallery-controls-wrapper\">\r\n                                <div class=\"td-gallery-slide-count\"><span class=\"td-gallery-slide-item-focus\">1<\/span> of 3<\/div>\r\n                                <div class=\"td-gallery-slide-prev-next-but\">\r\n                                    <i class = \"td-icon-left doubleSliderPrevButton\"><\/i>\r\n                                    <i class = \"td-icon-right doubleSliderNextButton\"><\/i>\r\n                                <\/div>\r\n                            <\/div>\r\n                        <\/div>\r\n\r\n                        <div class = \"td-doubleSlider-1 \">\r\n                            <div class = \"td-slider\">\r\n                                \r\n                    <div class = \"td-slide-item td-item1\">\r\n                        <figure class=\"td-slide-galery-figure td-slide-popup-gallery\">\r\n                            <a class=\"slide-gallery-image-link\" href=\"https:\/\/www.ausflugsziele-schweiz.ch\/wp-content\/uploads\/2021\/10\/Seelisberg_SBT_Engelweg-2.jpg\" title=\"Seelisberg SBT Engelweg 2\"  data-caption=\"Seelisberg SBT Engelweg 2\"  data-description=\"Seelisberg SBT Engelweg 2\">\r\n                                <img decoding=\"async\" src=\"https:\/\/www.ausflugsziele-schweiz.ch\/wp-content\/uploads\/2021\/10\/Seelisberg_SBT_Engelweg-2.jpg\" srcset=\"https:\/\/www.ausflugsziele-schweiz.ch\/wp-content\/uploads\/2021\/10\/Seelisberg_SBT_Engelweg-2.jpg 1600w, https:\/\/www.ausflugsziele-schweiz.ch\/wp-content\/uploads\/2021\/10\/Seelisberg_SBT_Engelweg-2-800x533.jpg 800w, https:\/\/www.ausflugsziele-schweiz.ch\/wp-content\/uploads\/2021\/10\/Seelisberg_SBT_Engelweg-2-1024x683.jpg 1024w, https:\/\/www.ausflugsziele-schweiz.ch\/wp-content\/uploads\/2021\/10\/Seelisberg_SBT_Engelweg-2-768x512.jpg 768w, https:\/\/www.ausflugsziele-schweiz.ch\/wp-content\/uploads\/2021\/10\/Seelisberg_SBT_Engelweg-2-1536x1024.jpg 1536w, https:\/\/www.ausflugsziele-schweiz.ch\/wp-content\/uploads\/2021\/10\/Seelisberg_SBT_Engelweg-2-1068x712.jpg 1068w\" sizes=\"(max-width: 1600px) 100vw, 1600px\" alt=\"Seelisberg SBT Engelweg 2\">\r\n                            <\/a>\r\n                            <figcaption class = \"td-slide-caption td-gallery-slide-content\"><div class = \"td-gallery-slide-copywrite\">Seelisberg SBT Engelweg 2<\/div><span>Seelisberg SBT Engelweg 2<\/span><\/figcaption>\r\n                        <\/figure>\r\n                    <\/div>\r\n                    <div class = \"td-slide-item td-item2\">\r\n                        <figure class=\"td-slide-galery-figure td-slide-popup-gallery\">\r\n                            <a class=\"slide-gallery-image-link\" href=\"https:\/\/www.ausflugsziele-schweiz.ch\/wp-content\/uploads\/2021\/10\/Seelisberg_SBT_Winter-Engelweg-Eingang-Tannwald.jpg\" title=\"Seelisberg SBT Winter Engelweg Eingang Tannwald\"  data-caption=\"Seelisberg SBT Winter Engelweg Eingang Tannwald\"  data-description=\"Seelisberg SBT Winter Engelweg Eingang Tannwald\">\r\n                                <img decoding=\"async\" src=\"https:\/\/www.ausflugsziele-schweiz.ch\/wp-content\/uploads\/2021\/10\/Seelisberg_SBT_Winter-Engelweg-Eingang-Tannwald.jpg\" srcset=\"https:\/\/www.ausflugsziele-schweiz.ch\/wp-content\/uploads\/2021\/10\/Seelisberg_SBT_Winter-Engelweg-Eingang-Tannwald.jpg 1600w, https:\/\/www.ausflugsziele-schweiz.ch\/wp-content\/uploads\/2021\/10\/Seelisberg_SBT_Winter-Engelweg-Eingang-Tannwald-800x533.jpg 800w, https:\/\/www.ausflugsziele-schweiz.ch\/wp-content\/uploads\/2021\/10\/Seelisberg_SBT_Winter-Engelweg-Eingang-Tannwald-1024x683.jpg 1024w, https:\/\/www.ausflugsziele-schweiz.ch\/wp-content\/uploads\/2021\/10\/Seelisberg_SBT_Winter-Engelweg-Eingang-Tannwald-768x512.jpg 768w, https:\/\/www.ausflugsziele-schweiz.ch\/wp-content\/uploads\/2021\/10\/Seelisberg_SBT_Winter-Engelweg-Eingang-Tannwald-1536x1024.jpg 1536w, https:\/\/www.ausflugsziele-schweiz.ch\/wp-content\/uploads\/2021\/10\/Seelisberg_SBT_Winter-Engelweg-Eingang-Tannwald-1068x712.jpg 1068w\" sizes=\"(max-width: 1600px) 100vw, 1600px\" alt=\"Seelisberg SBT Winter Engelweg Eingang Tannwald\">\r\n                            <\/a>\r\n                            <figcaption class = \"td-slide-caption td-gallery-slide-content\"><div class = \"td-gallery-slide-copywrite\">Seelisberg SBT Winter Engelweg Eingang Tannwald<\/div><span>Seelisberg SBT Winter Engelweg Eingang Tannwald<\/span><\/figcaption>\r\n                        <\/figure>\r\n                    <\/div>\r\n                    <div class = \"td-slide-item td-item3\">\r\n                        <figure class=\"td-slide-galery-figure td-slide-popup-gallery\">\r\n                            <a class=\"slide-gallery-image-link\" href=\"https:\/\/www.ausflugsziele-schweiz.ch\/wp-content\/uploads\/2021\/10\/Seelisberg_SBT_Engelweg-5.jpg\" title=\"Seelisberg SBT Engelweg 5\"  data-caption=\"Seelisberg SBT Engelweg 5\"  data-description=\"Seelisberg SBT Engelweg 5\">\r\n                                <img decoding=\"async\" src=\"https:\/\/www.ausflugsziele-schweiz.ch\/wp-content\/uploads\/2021\/10\/Seelisberg_SBT_Engelweg-5.jpg\" srcset=\"https:\/\/www.ausflugsziele-schweiz.ch\/wp-content\/uploads\/2021\/10\/Seelisberg_SBT_Engelweg-5.jpg 1600w, https:\/\/www.ausflugsziele-schweiz.ch\/wp-content\/uploads\/2021\/10\/Seelisberg_SBT_Engelweg-5-800x533.jpg 800w, https:\/\/www.ausflugsziele-schweiz.ch\/wp-content\/uploads\/2021\/10\/Seelisberg_SBT_Engelweg-5-1024x683.jpg 1024w, https:\/\/www.ausflugsziele-schweiz.ch\/wp-content\/uploads\/2021\/10\/Seelisberg_SBT_Engelweg-5-768x512.jpg 768w, https:\/\/www.ausflugsziele-schweiz.ch\/wp-content\/uploads\/2021\/10\/Seelisberg_SBT_Engelweg-5-1536x1024.jpg 1536w, https:\/\/www.ausflugsziele-schweiz.ch\/wp-content\/uploads\/2021\/10\/Seelisberg_SBT_Engelweg-5-1068x712.jpg 1068w\" sizes=\"(max-width: 1600px) 100vw, 1600px\" alt=\"Seelisberg SBT Engelweg 5\">\r\n                            <\/a>\r\n                            <figcaption class = \"td-slide-caption td-gallery-slide-content\"><div class = \"td-gallery-slide-copywrite\">Seelisberg SBT Engelweg 5<\/div><span>Seelisberg SBT Engelweg 5<\/span><\/figcaption>\r\n                        <\/figure>\r\n                    <\/div>\r\n                            <\/div>\r\n                        <\/div>\r\n\r\n                        <div class = \"td-doubleSlider-2\">\r\n                            <div class = \"td-slider\">\r\n                                \r\n                    <div class = \"td-button td-item1\">\r\n                        <div class = \"td-border\"><\/div>\r\n                    <\/div>\r\n                    <div class = \"td-button td-item2\">\r\n                        <div class = \"td-border\"><\/div>\r\n                    <\/div>\r\n                    <div class = \"td-button td-item3\">\r\n                        <div class = \"td-border\"><\/div>\r\n                    <\/div>\r\n                            <\/div>\r\n                        <\/div>\r\n\r\n                    <\/div>\r\n\r\n                <\/div>\r\n                \n<p><a href=\"https:\/\/www.ausflugsziele-schweiz.ch\/wp-content\/uploads\/2022\/11\/seelisberg_raus_natur_winter.pdf\" target=\"_blank\" rel=\"noopener\">Engelweg<\/a><\/p>\n<p>Wandern Sie \u00fcber die einfach begehbaren Waldwege entspannt durch den idyllischen Wald und geniessen Sie die besondere Atmosph\u00e4re. Unterwegs gelangen Sie zu einem Stall mit einem weiteren Highlight. Denn hier k\u00f6nnen Sie eine grosse und mit viel Liebe zum Detail gestaltete Weihnachtskrippe bewundern.<\/p>\n<p>Von Mitte November bis Ende Januar k\u00f6nnen Sie diese besonderen Kunstwerke auf dem Engelweg bestaunen. Folgen Sie einfach den verschlungenen Pfaden des Engelweges durch den romantisch verschneiten Wald.<\/p>\n<p><img loading=\"lazy\" decoding=\"async\" class=\"aligncenter size-full wp-image-128275\" src=\"https:\/\/www.ausflugsziele-schweiz.ch\/wp-content\/uploads\/2021\/10\/Seelisberg_Region_Waldweg-mit-Blick-See-und-Niederbauen-Winter.jpg\" alt=\"\" width=\"1600\" height=\"1065\" srcset=\"https:\/\/www.ausflugsziele-schweiz.ch\/wp-content\/uploads\/2021\/10\/Seelisberg_Region_Waldweg-mit-Blick-See-und-Niederbauen-Winter.jpg 1600w, https:\/\/www.ausflugsziele-schweiz.ch\/wp-content\/uploads\/2021\/10\/Seelisberg_Region_Waldweg-mit-Blick-See-und-Niederbauen-Winter-800x533.jpg 800w, https:\/\/www.ausflugsziele-schweiz.ch\/wp-content\/uploads\/2021\/10\/Seelisberg_Region_Waldweg-mit-Blick-See-und-Niederbauen-Winter-1024x682.jpg 1024w, https:\/\/www.ausflugsziele-schweiz.ch\/wp-content\/uploads\/2021\/10\/Seelisberg_Region_Waldweg-mit-Blick-See-und-Niederbauen-Winter-768x511.jpg 768w, https:\/\/www.ausflugsziele-schweiz.ch\/wp-content\/uploads\/2021\/10\/Seelisberg_Region_Waldweg-mit-Blick-See-und-Niederbauen-Winter-1536x1022.jpg 1536w, https:\/\/www.ausflugsziele-schweiz.ch\/wp-content\/uploads\/2021\/10\/Seelisberg_Region_Waldweg-mit-Blick-See-und-Niederbauen-Winter-1068x711.jpg 1068w\" sizes=\"auto, (max-width: 1600px) 100vw, 1600px\" \/><a href=\"http:\/\/www.seelisberg.com\/aktivwelt\/winter\/winterwanderung.html\" target=\"_blank\" rel=\"noopener\">Winterwanderung<\/a><\/p>\n<h2>F\u00f6rstertrail auf Schneeschuhen<\/h2>\n<p>Seelisberg bietet allerdings noch viel mehr als den weihnachtlich geschm\u00fcckten Engelweg. Wie w\u00e4re es mit einer Schneeschuhwanderung auf dem F\u00f6rstertrail, der eines der sch\u00f6nsten Ausflugsziele auf dem Seelisberg ist? Auf Schneeschuhen folgen Sie der sieben Kilometer langen Strecke durch eine unber\u00fchrte und idyllische Naturlandschaft. Dabei vergessen Sie den stressigen Alltag und f\u00fchlen sich durch die Bewegung in der klaren Bergluft herrlich entspannt.<\/p>\n<p>Der F\u00f6rstertrail f\u00fchrt Sie an mehreren Aussichtspunkten vorbei, quer durch den Wald, \u00fcber hochgelegene Dorfstrassen und zu so manchem interessanten geschichtlichen Kleinod.<\/p>\n\r\n                <style type=\"text\/css\">\r\n                    \r\n                    #tdi_3  .td-doubleSlider-2 .td-item1 {\r\n                        background: url(https:\/\/www.ausflugsziele-schweiz.ch\/wp-content\/uploads\/2021\/10\/NB_130217_011-80x60.jpg) 0 0 no-repeat;\r\n                    }\r\n                    #tdi_3  .td-doubleSlider-2 .td-item2 {\r\n                        background: url(https:\/\/www.ausflugsziele-schweiz.ch\/wp-content\/uploads\/2021\/10\/Seelisberg_SBT_Winter-Wegweiser-beim-Spielplatz-80x60.jpg) 0 0 no-repeat;\r\n                    }\r\n                    #tdi_3  .td-doubleSlider-2 .td-item3 {\r\n                        background: url(https:\/\/www.ausflugsziele-schweiz.ch\/wp-content\/uploads\/2021\/10\/Seelisberg_SBT_Winter-Kirchendorf-von-unten-80x60.jpg) 0 0 no-repeat;\r\n                    }\r\n                <\/style>\r\n\r\n                <div id=\"tdi_3\" class=\"td-gallery td-slide-on-2-columns\">\r\n                    <div class=\"post_td_gallery\">\r\n                        <div class=\"td-gallery-slide-top\">\r\n                           <div class=\"td-gallery-title\"><\/div>\r\n\r\n                            <div class=\"td-gallery-controls-wrapper\">\r\n                                <div class=\"td-gallery-slide-count\"><span class=\"td-gallery-slide-item-focus\">1<\/span> of 3<\/div>\r\n                                <div class=\"td-gallery-slide-prev-next-but\">\r\n                                    <i class = \"td-icon-left doubleSliderPrevButton\"><\/i>\r\n                                    <i class = \"td-icon-right doubleSliderNextButton\"><\/i>\r\n                                <\/div>\r\n                            <\/div>\r\n                        <\/div>\r\n\r\n                        <div class = \"td-doubleSlider-1 \">\r\n                            <div class = \"td-slider\">\r\n                                \r\n                    <div class = \"td-slide-item td-item1\">\r\n                        <figure class=\"td-slide-galery-figure td-slide-popup-gallery\">\r\n                            <a class=\"slide-gallery-image-link\" href=\"https:\/\/www.ausflugsziele-schweiz.ch\/wp-content\/uploads\/2021\/10\/NB_130217_011.jpg\" title=\"NB 130217 011\"  data-caption=\"NB 130217 011\"  data-description=\"NB 130217 011\">\r\n                                <img decoding=\"async\" src=\"https:\/\/www.ausflugsziele-schweiz.ch\/wp-content\/uploads\/2021\/10\/NB_130217_011.jpg\" srcset=\"https:\/\/www.ausflugsziele-schweiz.ch\/wp-content\/uploads\/2021\/10\/NB_130217_011.jpg 2000w, https:\/\/www.ausflugsziele-schweiz.ch\/wp-content\/uploads\/2021\/10\/NB_130217_011-800x530.jpg 800w, https:\/\/www.ausflugsziele-schweiz.ch\/wp-content\/uploads\/2021\/10\/NB_130217_011-1024x678.jpg 1024w, https:\/\/www.ausflugsziele-schweiz.ch\/wp-content\/uploads\/2021\/10\/NB_130217_011-768x509.jpg 768w, https:\/\/www.ausflugsziele-schweiz.ch\/wp-content\/uploads\/2021\/10\/NB_130217_011-1536x1018.jpg 1536w, https:\/\/www.ausflugsziele-schweiz.ch\/wp-content\/uploads\/2021\/10\/NB_130217_011-1068x708.jpg 1068w\" sizes=\"(max-width: 2000px) 100vw, 2000px\" alt=\"NB 130217 011\">\r\n                            <\/a>\r\n                            <figcaption class = \"td-slide-caption td-gallery-slide-content\"><div class = \"td-gallery-slide-copywrite\">NB 130217 011<\/div><span>NB 130217 011<\/span><\/figcaption>\r\n                        <\/figure>\r\n                    <\/div>\r\n                    <div class = \"td-slide-item td-item2\">\r\n                        <figure class=\"td-slide-galery-figure td-slide-popup-gallery\">\r\n                            <a class=\"slide-gallery-image-link\" href=\"https:\/\/www.ausflugsziele-schweiz.ch\/wp-content\/uploads\/2021\/10\/Seelisberg_SBT_Winter-Wegweiser-beim-Spielplatz.jpg\" title=\"Seelisberg SBT Winter Wegweiser beim Spielplatz\"  data-caption=\"Seelisberg SBT Winter Wegweiser beim Spielplatz\"  data-description=\"Seelisberg SBT Winter Wegweiser beim Spielplatz\">\r\n                                <img decoding=\"async\" src=\"https:\/\/www.ausflugsziele-schweiz.ch\/wp-content\/uploads\/2021\/10\/Seelisberg_SBT_Winter-Wegweiser-beim-Spielplatz.jpg\" srcset=\"https:\/\/www.ausflugsziele-schweiz.ch\/wp-content\/uploads\/2021\/10\/Seelisberg_SBT_Winter-Wegweiser-beim-Spielplatz.jpg 1600w, https:\/\/www.ausflugsziele-schweiz.ch\/wp-content\/uploads\/2021\/10\/Seelisberg_SBT_Winter-Wegweiser-beim-Spielplatz-800x533.jpg 800w, https:\/\/www.ausflugsziele-schweiz.ch\/wp-content\/uploads\/2021\/10\/Seelisberg_SBT_Winter-Wegweiser-beim-Spielplatz-1024x683.jpg 1024w, https:\/\/www.ausflugsziele-schweiz.ch\/wp-content\/uploads\/2021\/10\/Seelisberg_SBT_Winter-Wegweiser-beim-Spielplatz-768x512.jpg 768w, https:\/\/www.ausflugsziele-schweiz.ch\/wp-content\/uploads\/2021\/10\/Seelisberg_SBT_Winter-Wegweiser-beim-Spielplatz-1536x1024.jpg 1536w, https:\/\/www.ausflugsziele-schweiz.ch\/wp-content\/uploads\/2021\/10\/Seelisberg_SBT_Winter-Wegweiser-beim-Spielplatz-1068x712.jpg 1068w\" sizes=\"(max-width: 1600px) 100vw, 1600px\" alt=\"Seelisberg SBT Winter Wegweiser beim Spielplatz\">\r\n                            <\/a>\r\n                            <figcaption class = \"td-slide-caption td-gallery-slide-content\"><div class = \"td-gallery-slide-copywrite\">Seelisberg SBT Winter Wegweiser beim Spielplatz<\/div><span>Seelisberg SBT Winter Wegweiser beim Spielplatz<\/span><\/figcaption>\r\n                        <\/figure>\r\n                    <\/div>\r\n                    <div class = \"td-slide-item td-item3\">\r\n                        <figure class=\"td-slide-galery-figure td-slide-popup-gallery\">\r\n                            <a class=\"slide-gallery-image-link\" href=\"https:\/\/www.ausflugsziele-schweiz.ch\/wp-content\/uploads\/2021\/10\/Seelisberg_SBT_Winter-Kirchendorf-von-unten.jpg\" title=\"Seelisberg SBT Winter Kirchendorf von unten\"  data-caption=\"Seelisberg SBT Winter Kirchendorf von unten\"  data-description=\"Seelisberg SBT Winter Kirchendorf von unten\">\r\n                                <img decoding=\"async\" src=\"https:\/\/www.ausflugsziele-schweiz.ch\/wp-content\/uploads\/2021\/10\/Seelisberg_SBT_Winter-Kirchendorf-von-unten.jpg\" srcset=\"https:\/\/www.ausflugsziele-schweiz.ch\/wp-content\/uploads\/2021\/10\/Seelisberg_SBT_Winter-Kirchendorf-von-unten.jpg 1600w, https:\/\/www.ausflugsziele-schweiz.ch\/wp-content\/uploads\/2021\/10\/Seelisberg_SBT_Winter-Kirchendorf-von-unten-800x533.jpg 800w, https:\/\/www.ausflugsziele-schweiz.ch\/wp-content\/uploads\/2021\/10\/Seelisberg_SBT_Winter-Kirchendorf-von-unten-1024x683.jpg 1024w, https:\/\/www.ausflugsziele-schweiz.ch\/wp-content\/uploads\/2021\/10\/Seelisberg_SBT_Winter-Kirchendorf-von-unten-768x512.jpg 768w, https:\/\/www.ausflugsziele-schweiz.ch\/wp-content\/uploads\/2021\/10\/Seelisberg_SBT_Winter-Kirchendorf-von-unten-1536x1024.jpg 1536w, https:\/\/www.ausflugsziele-schweiz.ch\/wp-content\/uploads\/2021\/10\/Seelisberg_SBT_Winter-Kirchendorf-von-unten-1068x712.jpg 1068w\" sizes=\"(max-width: 1600px) 100vw, 1600px\" alt=\"Seelisberg SBT Winter Kirchendorf von unten\">\r\n                            <\/a>\r\n                            <figcaption class = \"td-slide-caption td-gallery-slide-content\"><div class = \"td-gallery-slide-copywrite\">Seelisberg SBT Winter Kirchendorf von unten<\/div><span>Seelisberg SBT Winter Kirchendorf von unten<\/span><\/figcaption>\r\n                        <\/figure>\r\n                    <\/div>\r\n                            <\/div>\r\n                        <\/div>\r\n\r\n                        <div class = \"td-doubleSlider-2\">\r\n                            <div class = \"td-slider\">\r\n                                \r\n                    <div class = \"td-button td-item1\">\r\n                        <div class = \"td-border\"><\/div>\r\n                    <\/div>\r\n                    <div class = \"td-button td-item2\">\r\n                        <div class = \"td-border\"><\/div>\r\n                    <\/div>\r\n                    <div class = \"td-button td-item3\">\r\n                        <div class = \"td-border\"><\/div>\r\n                    <\/div>\r\n                            <\/div>\r\n                        <\/div>\r\n\r\n                    <\/div>\r\n\r\n                <\/div>\r\n                \n<p><a href=\"http:\/\/www.seelisberg.com\/aktivwelt\/winter\/schneeschuhtrail.html\" target=\"_blank\" rel=\"noopener\">Schneeschuh-F\u00f6rstertrail<\/a><\/p>\n<h2>Geschichtsreise von der Treib nach Seelisberg<\/h2>\n<p>Hoch \u00fcber dem Vierwaldst\u00e4ttersee gibt es noch wesentlich mehr als den beliebten F\u00f6rstertrail oder den weihnachtlichen Engelweg. Starten Sie an der Talstation der Bergbahn in Treib eine spannende Reise durch die Schweizer Geschichte. Die n\u00e4chsten informativen Stationen finden Sie in der Treib-Seelisberg-Bahn und oben angekommen geht es weiter zum n\u00e4chsten Ziel Ihrer Geschichtsreise mit zahlreichen Attraktionen.<\/p>\n<p>Am Bahnhofsplatz in Seelisberg erwartet Sie ein einzigartiges Memoryspiel, bei dem Gross und Klein ihr Wissen zur Schweizer Geschichte spielerisch erweitern. Weiter geht es auf der Wanderung zu den sprechenden Portr\u00e4ts beim Sonnenberg und spannende Kurzfilme erz\u00e4hlen \u00fcber die Ereignisse auf dem R\u00fctli. So wandern Sie von Station zu Station und geniessen w\u00e4hrend Ihrer Reise durch die Schweizer Geschichte die abwechslungsreichen Attraktionen sowie einen traumhaften Ausblick auf den Vierwaldst\u00e4ttersee und die Gebirgswelt.<\/p>\n\r\n                <style type=\"text\/css\">\r\n                    \r\n                    #tdi_4  .td-doubleSlider-2 .td-item1 {\r\n                        background: url(https:\/\/www.ausflugsziele-schweiz.ch\/wp-content\/uploads\/2022\/11\/SBT_Winter-Treib-mit-Blick-gegen-Mythen-80x60.jpg) 0 0 no-repeat;\r\n                    }\r\n                    #tdi_4  .td-doubleSlider-2 .td-item2 {\r\n                        background: url(https:\/\/www.ausflugsziele-schweiz.ch\/wp-content\/uploads\/2021\/10\/Seelisberg_SBT_Geschichtesreise-Winter-Schiebenboden-mit-Mythen-im-Sonnenlicht-und-See-80x60.jpg) 0 0 no-repeat;\r\n                    }\r\n                    #tdi_4  .td-doubleSlider-2 .td-item3 {\r\n                        background: url(https:\/\/www.ausflugsziele-schweiz.ch\/wp-content\/uploads\/2021\/10\/Seelisberg_SBT_Geschichtsreise-Winter-Sonnenberg-80x60.jpg) 0 0 no-repeat;\r\n                    }\r\n                    #tdi_4  .td-doubleSlider-2 .td-item4 {\r\n                        background: url(https:\/\/www.ausflugsziele-schweiz.ch\/wp-content\/uploads\/2021\/10\/Seelisberg_SBT_Geschichtsreise-Winter-Schillerbalkon-mit-See-80x60.jpg) 0 0 no-repeat;\r\n                    }\r\n                    #tdi_4  .td-doubleSlider-2 .td-item5 {\r\n                        background: url(https:\/\/www.ausflugsziele-schweiz.ch\/wp-content\/uploads\/2022\/11\/SBT_Winternebelbild-mit-Schwanden-gegen-W-weit-2-80x60.jpg) 0 0 no-repeat;\r\n                    }\r\n                    #tdi_4  .td-doubleSlider-2 .td-item6 {\r\n                        background: url(https:\/\/www.ausflugsziele-schweiz.ch\/wp-content\/uploads\/2022\/11\/SGV_Winter-Weggis-vor-Mythen-ab-Treib-80x60.jpg) 0 0 no-repeat;\r\n                    }\r\n                <\/style>\r\n\r\n                <div id=\"tdi_4\" class=\"td-gallery td-slide-on-2-columns\">\r\n                    <div class=\"post_td_gallery\">\r\n                        <div class=\"td-gallery-slide-top\">\r\n                           <div class=\"td-gallery-title\"><\/div>\r\n\r\n                            <div class=\"td-gallery-controls-wrapper\">\r\n                                <div class=\"td-gallery-slide-count\"><span class=\"td-gallery-slide-item-focus\">1<\/span> of 6<\/div>\r\n                                <div class=\"td-gallery-slide-prev-next-but\">\r\n                                    <i class = \"td-icon-left doubleSliderPrevButton\"><\/i>\r\n                                    <i class = \"td-icon-right doubleSliderNextButton\"><\/i>\r\n                                <\/div>\r\n                            <\/div>\r\n                        <\/div>\r\n\r\n                        <div class = \"td-doubleSlider-1 \">\r\n                            <div class = \"td-slider\">\r\n                                \r\n                    <div class = \"td-slide-item td-item1\">\r\n                        <figure class=\"td-slide-galery-figure td-slide-popup-gallery\">\r\n                            <a class=\"slide-gallery-image-link\" href=\"https:\/\/www.ausflugsziele-schweiz.ch\/wp-content\/uploads\/2022\/11\/SBT_Winter-Treib-mit-Blick-gegen-Mythen.jpg\" title=\"SBT Winter Treib mit Blick gegen Mythen\"  data-caption=\"SBT Winter Treib mit Blick gegen Mythen\"  data-description=\"SBT Winter Treib mit Blick gegen Mythen\">\r\n                                <img decoding=\"async\" src=\"https:\/\/www.ausflugsziele-schweiz.ch\/wp-content\/uploads\/2022\/11\/SBT_Winter-Treib-mit-Blick-gegen-Mythen.jpg\" srcset=\"https:\/\/www.ausflugsziele-schweiz.ch\/wp-content\/uploads\/2022\/11\/SBT_Winter-Treib-mit-Blick-gegen-Mythen.jpg 1600w, https:\/\/www.ausflugsziele-schweiz.ch\/wp-content\/uploads\/2022\/11\/SBT_Winter-Treib-mit-Blick-gegen-Mythen-800x533.jpg 800w, https:\/\/www.ausflugsziele-schweiz.ch\/wp-content\/uploads\/2022\/11\/SBT_Winter-Treib-mit-Blick-gegen-Mythen-1024x683.jpg 1024w, https:\/\/www.ausflugsziele-schweiz.ch\/wp-content\/uploads\/2022\/11\/SBT_Winter-Treib-mit-Blick-gegen-Mythen-768x512.jpg 768w, https:\/\/www.ausflugsziele-schweiz.ch\/wp-content\/uploads\/2022\/11\/SBT_Winter-Treib-mit-Blick-gegen-Mythen-1536x1024.jpg 1536w, https:\/\/www.ausflugsziele-schweiz.ch\/wp-content\/uploads\/2022\/11\/SBT_Winter-Treib-mit-Blick-gegen-Mythen-696x464.jpg 696w, https:\/\/www.ausflugsziele-schweiz.ch\/wp-content\/uploads\/2022\/11\/SBT_Winter-Treib-mit-Blick-gegen-Mythen-1068x712.jpg 1068w\" sizes=\"(max-width: 1600px) 100vw, 1600px\" alt=\"SBT Winter Treib mit Blick gegen Mythen\">\r\n                            <\/a>\r\n                            <figcaption class = \"td-slide-caption td-gallery-slide-content\"><div class = \"td-gallery-slide-copywrite\">SBT Winter Treib mit Blick gegen Mythen<\/div><span>SBT Winter Treib mit Blick gegen Mythen<\/span><\/figcaption>\r\n                        <\/figure>\r\n                    <\/div>\r\n                    <div class = \"td-slide-item td-item2\">\r\n                        <figure class=\"td-slide-galery-figure td-slide-popup-gallery\">\r\n                            <a class=\"slide-gallery-image-link\" href=\"https:\/\/www.ausflugsziele-schweiz.ch\/wp-content\/uploads\/2021\/10\/Seelisberg_SBT_Geschichtesreise-Winter-Schiebenboden-mit-Mythen-im-Sonnenlicht-und-See.jpg\" title=\"Seelisberg SBT Geschichtesreise Winter Schiebenboden mit Mythen im Sonnenlicht und See\"  data-caption=\"Seelisberg SBT Geschichtesreise Winter Schiebenboden mit Mythen im Sonnenlicht und See\"  data-description=\"Seelisberg SBT Geschichtesreise Winter Schiebenboden mit Mythen im Sonnenlicht und See\">\r\n                                <img decoding=\"async\" src=\"https:\/\/www.ausflugsziele-schweiz.ch\/wp-content\/uploads\/2021\/10\/Seelisberg_SBT_Geschichtesreise-Winter-Schiebenboden-mit-Mythen-im-Sonnenlicht-und-See.jpg\" srcset=\"https:\/\/www.ausflugsziele-schweiz.ch\/wp-content\/uploads\/2021\/10\/Seelisberg_SBT_Geschichtesreise-Winter-Schiebenboden-mit-Mythen-im-Sonnenlicht-und-See.jpg 1600w, https:\/\/www.ausflugsziele-schweiz.ch\/wp-content\/uploads\/2021\/10\/Seelisberg_SBT_Geschichtesreise-Winter-Schiebenboden-mit-Mythen-im-Sonnenlicht-und-See-800x533.jpg 800w, https:\/\/www.ausflugsziele-schweiz.ch\/wp-content\/uploads\/2021\/10\/Seelisberg_SBT_Geschichtesreise-Winter-Schiebenboden-mit-Mythen-im-Sonnenlicht-und-See-1024x683.jpg 1024w, https:\/\/www.ausflugsziele-schweiz.ch\/wp-content\/uploads\/2021\/10\/Seelisberg_SBT_Geschichtesreise-Winter-Schiebenboden-mit-Mythen-im-Sonnenlicht-und-See-768x512.jpg 768w, https:\/\/www.ausflugsziele-schweiz.ch\/wp-content\/uploads\/2021\/10\/Seelisberg_SBT_Geschichtesreise-Winter-Schiebenboden-mit-Mythen-im-Sonnenlicht-und-See-1536x1024.jpg 1536w, https:\/\/www.ausflugsziele-schweiz.ch\/wp-content\/uploads\/2021\/10\/Seelisberg_SBT_Geschichtesreise-Winter-Schiebenboden-mit-Mythen-im-Sonnenlicht-und-See-1068x712.jpg 1068w\" sizes=\"(max-width: 1600px) 100vw, 1600px\" alt=\"Seelisberg SBT Geschichtesreise Winter Schiebenboden mit Mythen im Sonnenlicht und See\">\r\n                            <\/a>\r\n                            <figcaption class = \"td-slide-caption td-gallery-slide-content\"><div class = \"td-gallery-slide-copywrite\">Seelisberg SBT Geschichtesreise Winter Schiebenboden mit Mythen im Sonnenlicht und See<\/div><span>Seelisberg SBT Geschichtesreise Winter Schiebenboden mit Mythen im Sonnenlicht und See<\/span><\/figcaption>\r\n                        <\/figure>\r\n                    <\/div>\r\n                    <div class = \"td-slide-item td-item3\">\r\n                        <figure class=\"td-slide-galery-figure td-slide-popup-gallery\">\r\n                            <a class=\"slide-gallery-image-link\" href=\"https:\/\/www.ausflugsziele-schweiz.ch\/wp-content\/uploads\/2021\/10\/Seelisberg_SBT_Geschichtsreise-Winter-Sonnenberg.jpg\" title=\"Seelisberg SBT Geschichtsreise Winter Sonnenberg\"  data-caption=\"Seelisberg SBT Geschichtsreise Winter Sonnenberg\"  data-description=\"Seelisberg SBT Geschichtsreise Winter Sonnenberg\">\r\n                                <img decoding=\"async\" src=\"https:\/\/www.ausflugsziele-schweiz.ch\/wp-content\/uploads\/2021\/10\/Seelisberg_SBT_Geschichtsreise-Winter-Sonnenberg.jpg\" srcset=\"https:\/\/www.ausflugsziele-schweiz.ch\/wp-content\/uploads\/2021\/10\/Seelisberg_SBT_Geschichtsreise-Winter-Sonnenberg.jpg 1600w, https:\/\/www.ausflugsziele-schweiz.ch\/wp-content\/uploads\/2021\/10\/Seelisberg_SBT_Geschichtsreise-Winter-Sonnenberg-800x533.jpg 800w, https:\/\/www.ausflugsziele-schweiz.ch\/wp-content\/uploads\/2021\/10\/Seelisberg_SBT_Geschichtsreise-Winter-Sonnenberg-1024x683.jpg 1024w, https:\/\/www.ausflugsziele-schweiz.ch\/wp-content\/uploads\/2021\/10\/Seelisberg_SBT_Geschichtsreise-Winter-Sonnenberg-768x512.jpg 768w, https:\/\/www.ausflugsziele-schweiz.ch\/wp-content\/uploads\/2021\/10\/Seelisberg_SBT_Geschichtsreise-Winter-Sonnenberg-1536x1024.jpg 1536w, https:\/\/www.ausflugsziele-schweiz.ch\/wp-content\/uploads\/2021\/10\/Seelisberg_SBT_Geschichtsreise-Winter-Sonnenberg-1068x712.jpg 1068w\" sizes=\"(max-width: 1600px) 100vw, 1600px\" alt=\"Seelisberg SBT Geschichtsreise Winter Sonnenberg\">\r\n                            <\/a>\r\n                            <figcaption class = \"td-slide-caption td-gallery-slide-content\"><div class = \"td-gallery-slide-copywrite\">Seelisberg SBT Geschichtsreise Winter Sonnenberg<\/div><span>Seelisberg SBT Geschichtsreise Winter Sonnenberg<\/span><\/figcaption>\r\n                        <\/figure>\r\n                    <\/div>\r\n                    <div class = \"td-slide-item td-item4\">\r\n                        <figure class=\"td-slide-galery-figure td-slide-popup-gallery\">\r\n                            <a class=\"slide-gallery-image-link\" href=\"https:\/\/www.ausflugsziele-schweiz.ch\/wp-content\/uploads\/2021\/10\/Seelisberg_SBT_Geschichtsreise-Winter-Schillerbalkon-mit-See.jpg\" title=\"Seelisberg SBT Geschichtsreise Winter Schillerbalkon mit See\"  data-caption=\"\"  data-description=\"Seelisberg SBT Geschichtsreise Winter Schillerbalkon mit See\">\r\n                                <img decoding=\"async\" src=\"https:\/\/www.ausflugsziele-schweiz.ch\/wp-content\/uploads\/2021\/10\/Seelisberg_SBT_Geschichtsreise-Winter-Schillerbalkon-mit-See.jpg\" srcset=\"https:\/\/www.ausflugsziele-schweiz.ch\/wp-content\/uploads\/2021\/10\/Seelisberg_SBT_Geschichtsreise-Winter-Schillerbalkon-mit-See.jpg 1600w, https:\/\/www.ausflugsziele-schweiz.ch\/wp-content\/uploads\/2021\/10\/Seelisberg_SBT_Geschichtsreise-Winter-Schillerbalkon-mit-See-800x533.jpg 800w, https:\/\/www.ausflugsziele-schweiz.ch\/wp-content\/uploads\/2021\/10\/Seelisberg_SBT_Geschichtsreise-Winter-Schillerbalkon-mit-See-1024x683.jpg 1024w, https:\/\/www.ausflugsziele-schweiz.ch\/wp-content\/uploads\/2021\/10\/Seelisberg_SBT_Geschichtsreise-Winter-Schillerbalkon-mit-See-768x512.jpg 768w, https:\/\/www.ausflugsziele-schweiz.ch\/wp-content\/uploads\/2021\/10\/Seelisberg_SBT_Geschichtsreise-Winter-Schillerbalkon-mit-See-1536x1024.jpg 1536w, https:\/\/www.ausflugsziele-schweiz.ch\/wp-content\/uploads\/2021\/10\/Seelisberg_SBT_Geschichtsreise-Winter-Schillerbalkon-mit-See-1068x712.jpg 1068w\" sizes=\"(max-width: 1600px) 100vw, 1600px\" alt=\"Seelisberg SBT Geschichtsreise Winter Schillerbalkon mit See\">\r\n                            <\/a>\r\n                            <figcaption class = \"td-slide-caption td-gallery-slide-content\"><span>Seelisberg SBT Geschichtsreise Winter Schillerbalkon mit See<\/span><\/figcaption>\r\n                        <\/figure>\r\n                    <\/div>\r\n                    <div class = \"td-slide-item td-item5\">\r\n                        <figure class=\"td-slide-galery-figure td-slide-popup-gallery\">\r\n                            <a class=\"slide-gallery-image-link\" href=\"https:\/\/www.ausflugsziele-schweiz.ch\/wp-content\/uploads\/2022\/11\/SBT_Winternebelbild-mit-Schwanden-gegen-W-weit-2.jpg\" title=\"SBT Winternebelbild mit Schwanden gegen W weit 2\"  data-caption=\"SBT Winternebelbild mit Schwanden gegen W weit 2\"  data-description=\"SBT Winternebelbild mit Schwanden gegen W weit 2\">\r\n                                <img decoding=\"async\" src=\"https:\/\/www.ausflugsziele-schweiz.ch\/wp-content\/uploads\/2022\/11\/SBT_Winternebelbild-mit-Schwanden-gegen-W-weit-2.jpg\" srcset=\"https:\/\/www.ausflugsziele-schweiz.ch\/wp-content\/uploads\/2022\/11\/SBT_Winternebelbild-mit-Schwanden-gegen-W-weit-2.jpg 1600w, https:\/\/www.ausflugsziele-schweiz.ch\/wp-content\/uploads\/2022\/11\/SBT_Winternebelbild-mit-Schwanden-gegen-W-weit-2-800x533.jpg 800w, https:\/\/www.ausflugsziele-schweiz.ch\/wp-content\/uploads\/2022\/11\/SBT_Winternebelbild-mit-Schwanden-gegen-W-weit-2-1024x683.jpg 1024w, https:\/\/www.ausflugsziele-schweiz.ch\/wp-content\/uploads\/2022\/11\/SBT_Winternebelbild-mit-Schwanden-gegen-W-weit-2-768x512.jpg 768w, https:\/\/www.ausflugsziele-schweiz.ch\/wp-content\/uploads\/2022\/11\/SBT_Winternebelbild-mit-Schwanden-gegen-W-weit-2-1536x1024.jpg 1536w, https:\/\/www.ausflugsziele-schweiz.ch\/wp-content\/uploads\/2022\/11\/SBT_Winternebelbild-mit-Schwanden-gegen-W-weit-2-696x464.jpg 696w, https:\/\/www.ausflugsziele-schweiz.ch\/wp-content\/uploads\/2022\/11\/SBT_Winternebelbild-mit-Schwanden-gegen-W-weit-2-1068x712.jpg 1068w\" sizes=\"(max-width: 1600px) 100vw, 1600px\" alt=\"SBT Winternebelbild mit Schwanden gegen W weit 2\">\r\n                            <\/a>\r\n                            <figcaption class = \"td-slide-caption td-gallery-slide-content\"><div class = \"td-gallery-slide-copywrite\">SBT Winternebelbild mit Schwanden gegen W weit 2<\/div><span>SBT Winternebelbild mit Schwanden gegen W weit 2<\/span><\/figcaption>\r\n                        <\/figure>\r\n                    <\/div>\r\n                    <div class = \"td-slide-item td-item6\">\r\n                        <figure class=\"td-slide-galery-figure td-slide-popup-gallery\">\r\n                            <a class=\"slide-gallery-image-link\" href=\"https:\/\/www.ausflugsziele-schweiz.ch\/wp-content\/uploads\/2022\/11\/SGV_Winter-Weggis-vor-Mythen-ab-Treib.jpg\" title=\"SGV Winter Weggis vor Mythen ab Treib\"  data-caption=\"SGV Winter Weggis vor Mythen ab Treib\"  data-description=\"SGV Winter Weggis vor Mythen ab Treib\">\r\n                                <img decoding=\"async\" src=\"https:\/\/www.ausflugsziele-schweiz.ch\/wp-content\/uploads\/2022\/11\/SGV_Winter-Weggis-vor-Mythen-ab-Treib.jpg\" srcset=\"https:\/\/www.ausflugsziele-schweiz.ch\/wp-content\/uploads\/2022\/11\/SGV_Winter-Weggis-vor-Mythen-ab-Treib.jpg 1600w, https:\/\/www.ausflugsziele-schweiz.ch\/wp-content\/uploads\/2022\/11\/SGV_Winter-Weggis-vor-Mythen-ab-Treib-800x533.jpg 800w, https:\/\/www.ausflugsziele-schweiz.ch\/wp-content\/uploads\/2022\/11\/SGV_Winter-Weggis-vor-Mythen-ab-Treib-1024x683.jpg 1024w, https:\/\/www.ausflugsziele-schweiz.ch\/wp-content\/uploads\/2022\/11\/SGV_Winter-Weggis-vor-Mythen-ab-Treib-768x512.jpg 768w, https:\/\/www.ausflugsziele-schweiz.ch\/wp-content\/uploads\/2022\/11\/SGV_Winter-Weggis-vor-Mythen-ab-Treib-1536x1024.jpg 1536w, https:\/\/www.ausflugsziele-schweiz.ch\/wp-content\/uploads\/2022\/11\/SGV_Winter-Weggis-vor-Mythen-ab-Treib-696x464.jpg 696w, https:\/\/www.ausflugsziele-schweiz.ch\/wp-content\/uploads\/2022\/11\/SGV_Winter-Weggis-vor-Mythen-ab-Treib-1068x712.jpg 1068w\" sizes=\"(max-width: 1600px) 100vw, 1600px\" alt=\"SGV Winter Weggis vor Mythen ab Treib\">\r\n                            <\/a>\r\n                            <figcaption class = \"td-slide-caption td-gallery-slide-content\"><div class = \"td-gallery-slide-copywrite\">SGV Winter Weggis vor Mythen ab Treib<\/div><span>SGV Winter Weggis vor Mythen ab Treib<\/span><\/figcaption>\r\n                        <\/figure>\r\n                    <\/div>\r\n                            <\/div>\r\n                        <\/div>\r\n\r\n                        <div class = \"td-doubleSlider-2\">\r\n                            <div class = \"td-slider\">\r\n                                \r\n                    <div class = \"td-button td-item1\">\r\n                        <div class = \"td-border\"><\/div>\r\n                    <\/div>\r\n                    <div class = \"td-button td-item2\">\r\n                        <div class = \"td-border\"><\/div>\r\n                    <\/div>\r\n                    <div class = \"td-button td-item3\">\r\n                        <div class = \"td-border\"><\/div>\r\n                    <\/div>\r\n                    <div class = \"td-button td-item4\">\r\n                        <div class = \"td-border\"><\/div>\r\n                    <\/div>\r\n                    <div class = \"td-button td-item5\">\r\n                        <div class = \"td-border\"><\/div>\r\n                    <\/div>\r\n                    <div class = \"td-button td-item6\">\r\n                        <div class = \"td-border\"><\/div>\r\n                    <\/div>\r\n                            <\/div>\r\n                        <\/div>\r\n\r\n                    <\/div>\r\n\r\n                <\/div>\r\n                \n<p><a href=\"https:\/\/www.ausflugsziele-schweiz.ch\/wp-content\/uploads\/2022\/11\/seelisberg_Geschichtsreise_2021.pdf\" target=\"_blank\" rel=\"noopener\">Geschichtsreise Seelisberg-R\u00fcti<\/a><\/p>\n<p>Seelisberg l\u00e4dt allerdings nicht nur zur Geschichtsreise ein, sondern auch zum weithin bekannten Fasnacht-Treiben.<\/p>\n<p><strong>\u00dcberzeugen Sie sich selbst und besuchen Sie eines der sch\u00f6nsten Ausflugsziele hoch \u00fcber dem Vierwaldst\u00e4ttersee.<\/strong><\/p>\n","protected":false},"excerpt":{"rendered":"<p>Das ideale Ausflugsziel f\u00fcr unvergessliche Winterspazierg\u00e4nge Seelisberg ist im Sommer und im Winter ein erlebnisreiches Ausflugsziel f\u00fcr die ganze Familie. Vor allem in der Weihnachtszeit h\u00e4lt der Engelweg so manche \u00dcberraschung f\u00fcr Sie bereit. Lassen Sie sich nach einer winterlichen Schifffahrt \u00fcber den Vierwaldst\u00e4ttersee von der Treib-Seelisberg-Bahn 800 Meter hoch auf das Sonnenplateau Seelisberg bringen [&hellip;]<\/p>\n","protected":false},"author":4,"featured_media":128274,"comment_status":"closed","ping_status":"closed","sticky":false,"template":"","format":"standard","meta":{"_acf_changed":false,"footnotes":""},"categories":[569,570],"tags":[3412,5676,5671,3405,5667,5673,5670,3341,5174,2315,3346,1989,2344,5183,5674,5677,5672,4258,5675,3281,5668,3268,5669,5664,5666,5665],"class_list":{"0":"post-130583","1":"post","2":"type-post","3":"status-publish","4":"format-standard","5":"has-post-thumbnail","7":"category-bahn-schiff-winter","8":"category-bergbahnen-bahnen","9":"tag-ausflugsziel-winter","10":"tag-engelweg-2","11":"tag-erlebnisreiche-wanderung","12":"tag-familie-winter","13":"tag-fasnacht","14":"tag-fasnacht-treiben","15":"tag-forstertrail","16":"tag-freizeitangebote-winter","17":"tag-gwundernasenweg-winter","18":"tag-raetsel","19":"tag-schifffahrt-winter","20":"tag-schneeschuhe","21":"tag-schneeschuhwanderung","22":"tag-schweizer-geschichte-winter","23":"tag-seelisberg-2","24":"tag-spaziergang-2","25":"tag-treib","26":"tag-treib-seelisberg-bahn","27":"tag-unvergessliche-erlebnisse-2","28":"tag-vierwaldstattersee","29":"tag-waldwege","30":"tag-wandern-winter","31":"tag-weihnachtskrippe","32":"tag-weihnachtsstimmung","33":"tag-weihnachtszeit","34":"tag-winterspaziergange"},"acf":[],"yoast_head":"<!-- This site is optimized with the Yoast SEO plugin v27.5 - https:\/\/yoast.com\/product\/yoast-seo-wordpress\/ -->\n<title>Treib-Seelisberg-Bahn \u2013 Weihnachtsstimmung am Engelberg geniessen<\/title>\n<meta name=\"description\" content=\"Das ideale Ausflugsziel f\u00fcr unvergessliche Winterspazierg\u00e4nge. Seelisberg ist im Sommer und im Winter ein erlebnisreiches Ausflugsziel f\u00fcr ...\" \/>\n<meta name=\"robots\" content=\"index, follow, max-snippet:-1, max-image-preview:large, max-video-preview:-1\" \/>\n<link rel=\"canonical\" href=\"https:\/\/www.ausflugsziele-schweiz.ch\/winter\/mit-der-treib-seelisberg-bahn-die-weihnachtsstimmung-am-engelweg-geniessen\/\" \/>\n<meta property=\"og:locale\" content=\"en_US\" \/>\n<meta property=\"og:type\" content=\"article\" \/>\n<meta property=\"og:title\" content=\"Treib-Seelisberg-Bahn \u2013 Weihnachtsstimmung am Engelberg geniessen\" \/>\n<meta property=\"og:description\" content=\"Das ideale Ausflugsziel f\u00fcr unvergessliche Winterspazierg\u00e4nge. Seelisberg ist im Sommer und im Winter ein erlebnisreiches Ausflugsziel f\u00fcr ...\" \/>\n<meta property=\"og:url\" content=\"https:\/\/www.ausflugsziele-schweiz.ch\/winter\/mit-der-treib-seelisberg-bahn-die-weihnachtsstimmung-am-engelweg-geniessen\/\" \/>\n<meta property=\"og:site_name\" content=\"Ausflugsziele\" \/>\n<meta property=\"article:publisher\" content=\"https:\/\/www.facebook.com\/ausflugszieleschweiz\/\" \/>\n<meta property=\"article:published_time\" content=\"2021-12-05T11:00:39+00:00\" \/>\n<meta property=\"article:modified_time\" content=\"2024-11-18T08:20:12+00:00\" \/>\n<meta property=\"og:image\" content=\"https:\/\/www.ausflugsziele-schweiz.ch\/wp-content\/uploads\/2021\/10\/Seelisberg_Region_Samichlaus-Kirchendorf.jpg\" \/>\n\t<meta property=\"og:image:width\" content=\"1600\" \/>\n\t<meta property=\"og:image:height\" content=\"1065\" \/>\n\t<meta property=\"og:image:type\" content=\"image\/jpeg\" \/>\n<meta name=\"author\" content=\"Redaktion\" \/>\n<meta name=\"twitter:card\" content=\"summary_large_image\" \/>\n<meta name=\"twitter:label1\" content=\"Written by\" \/>\n\t<meta name=\"twitter:data1\" content=\"Redaktion\" \/>\n\t<meta name=\"twitter:label2\" content=\"Est. reading time\" \/>\n\t<meta name=\"twitter:data2\" content=\"3 minutes\" \/>\n<script type=\"application\/ld+json\" class=\"yoast-schema-graph\">{\"@context\":\"https:\\\/\\\/schema.org\",\"@graph\":[{\"@type\":\"Article\",\"@id\":\"https:\\\/\\\/www.ausflugsziele-schweiz.ch\\\/winter\\\/mit-der-treib-seelisberg-bahn-die-weihnachtsstimmung-am-engelweg-geniessen\\\/#article\",\"isPartOf\":{\"@id\":\"https:\\\/\\\/www.ausflugsziele-schweiz.ch\\\/winter\\\/mit-der-treib-seelisberg-bahn-die-weihnachtsstimmung-am-engelweg-geniessen\\\/\"},\"author\":{\"name\":\"Redaktion\",\"@id\":\"https:\\\/\\\/www.ausflugsziele-schweiz.ch\\\/winter\\\/#\\\/schema\\\/person\\\/7ddab67761df3bc706e0d716f4cf5497\"},\"headline\":\"Mit der Treib-Seelisberg-Bahn die Weihnachtsstimmung am Engelweg geniessen\",\"datePublished\":\"2021-12-05T11:00:39+00:00\",\"dateModified\":\"2024-11-18T08:20:12+00:00\",\"mainEntityOfPage\":{\"@id\":\"https:\\\/\\\/www.ausflugsziele-schweiz.ch\\\/winter\\\/mit-der-treib-seelisberg-bahn-die-weihnachtsstimmung-am-engelweg-geniessen\\\/\"},\"wordCount\":517,\"publisher\":{\"@id\":\"https:\\\/\\\/www.ausflugsziele-schweiz.ch\\\/winter\\\/#organization\"},\"image\":{\"@id\":\"https:\\\/\\\/www.ausflugsziele-schweiz.ch\\\/winter\\\/mit-der-treib-seelisberg-bahn-die-weihnachtsstimmung-am-engelweg-geniessen\\\/#primaryimage\"},\"thumbnailUrl\":\"https:\\\/\\\/www.ausflugsziele-schweiz.ch\\\/wp-content\\\/uploads\\\/2021\\\/10\\\/Seelisberg_Region_Samichlaus-Kirchendorf.jpg\",\"keywords\":[\"Ausflugsziel\",\"Engelweg\",\"erlebnisreiche Wanderung\",\"Familie\",\"Fasnacht\",\"Fasnacht-Treiben\",\"F\u00f6rstertrail\",\"Freizeitangebote\",\"Gwundernasenweg\",\"R\u00e4tsel\",\"Schifffahrt\",\"Schneeschuhe\",\"Schneeschuhwanderung\",\"Schweizer Geschichte\",\"Seelisberg\",\"Spaziergang\",\"Treib\",\"Treib-Seelisberg-Bahn\",\"unvergessliche Erlebnisse\",\"Vierwaldst\u00e4ttersee\",\"Waldwege\",\"Wandern\",\"Weihnachtskrippe\",\"Weihnachtsstimmung\",\"Weihnachtszeit\",\"Winterspazierg\u00e4nge\"],\"articleSection\":[\"Bahn &amp; Schiff\",\"Bergbahnen &amp; Bahnen\"],\"inLanguage\":\"wi-NT\"},{\"@type\":\"WebPage\",\"@id\":\"https:\\\/\\\/www.ausflugsziele-schweiz.ch\\\/winter\\\/mit-der-treib-seelisberg-bahn-die-weihnachtsstimmung-am-engelweg-geniessen\\\/\",\"url\":\"https:\\\/\\\/www.ausflugsziele-schweiz.ch\\\/winter\\\/mit-der-treib-seelisberg-bahn-die-weihnachtsstimmung-am-engelweg-geniessen\\\/\",\"name\":\"Treib-Seelisberg-Bahn \u2013 Weihnachtsstimmung am Engelberg geniessen\",\"isPartOf\":{\"@id\":\"https:\\\/\\\/www.ausflugsziele-schweiz.ch\\\/winter\\\/#website\"},\"primaryImageOfPage\":{\"@id\":\"https:\\\/\\\/www.ausflugsziele-schweiz.ch\\\/winter\\\/mit-der-treib-seelisberg-bahn-die-weihnachtsstimmung-am-engelweg-geniessen\\\/#primaryimage\"},\"image\":{\"@id\":\"https:\\\/\\\/www.ausflugsziele-schweiz.ch\\\/winter\\\/mit-der-treib-seelisberg-bahn-die-weihnachtsstimmung-am-engelweg-geniessen\\\/#primaryimage\"},\"thumbnailUrl\":\"https:\\\/\\\/www.ausflugsziele-schweiz.ch\\\/wp-content\\\/uploads\\\/2021\\\/10\\\/Seelisberg_Region_Samichlaus-Kirchendorf.jpg\",\"datePublished\":\"2021-12-05T11:00:39+00:00\",\"dateModified\":\"2024-11-18T08:20:12+00:00\",\"description\":\"Das ideale Ausflugsziel f\u00fcr unvergessliche Winterspazierg\u00e4nge. Seelisberg ist im Sommer und im Winter ein erlebnisreiches Ausflugsziel f\u00fcr ...\",\"breadcrumb\":{\"@id\":\"https:\\\/\\\/www.ausflugsziele-schweiz.ch\\\/winter\\\/mit-der-treib-seelisberg-bahn-die-weihnachtsstimmung-am-engelweg-geniessen\\\/#breadcrumb\"},\"inLanguage\":\"wi-NT\",\"potentialAction\":[{\"@type\":\"ReadAction\",\"target\":[\"https:\\\/\\\/www.ausflugsziele-schweiz.ch\\\/winter\\\/mit-der-treib-seelisberg-bahn-die-weihnachtsstimmung-am-engelweg-geniessen\\\/\"]}]},{\"@type\":\"ImageObject\",\"inLanguage\":\"wi-NT\",\"@id\":\"https:\\\/\\\/www.ausflugsziele-schweiz.ch\\\/winter\\\/mit-der-treib-seelisberg-bahn-die-weihnachtsstimmung-am-engelweg-geniessen\\\/#primaryimage\",\"url\":\"https:\\\/\\\/www.ausflugsziele-schweiz.ch\\\/wp-content\\\/uploads\\\/2021\\\/10\\\/Seelisberg_Region_Samichlaus-Kirchendorf.jpg\",\"contentUrl\":\"https:\\\/\\\/www.ausflugsziele-schweiz.ch\\\/wp-content\\\/uploads\\\/2021\\\/10\\\/Seelisberg_Region_Samichlaus-Kirchendorf.jpg\",\"width\":1600,\"height\":1065,\"caption\":\"Seelisberg Region Samichlaus Kirchendorf\"},{\"@type\":\"BreadcrumbList\",\"@id\":\"https:\\\/\\\/www.ausflugsziele-schweiz.ch\\\/winter\\\/mit-der-treib-seelisberg-bahn-die-weihnachtsstimmung-am-engelweg-geniessen\\\/#breadcrumb\",\"itemListElement\":[{\"@type\":\"ListItem\",\"position\":1,\"name\":\"Home\",\"item\":\"https:\\\/\\\/www.ausflugsziele-schweiz.ch\\\/winter\\\/\"},{\"@type\":\"ListItem\",\"position\":2,\"name\":\"Mit der Treib-Seelisberg-Bahn die Weihnachtsstimmung am Engelweg geniessen\"}]},{\"@type\":\"WebSite\",\"@id\":\"https:\\\/\\\/www.ausflugsziele-schweiz.ch\\\/winter\\\/#website\",\"url\":\"https:\\\/\\\/www.ausflugsziele-schweiz.ch\\\/winter\\\/\",\"name\":\"Ausflugsziele\",\"description\":\"ausflugsziele-schweiz.ch\",\"publisher\":{\"@id\":\"https:\\\/\\\/www.ausflugsziele-schweiz.ch\\\/winter\\\/#organization\"},\"alternateName\":\"Entdecke die sch\u00f6nsten Erlebnisse der Schweiz.\",\"potentialAction\":[{\"@type\":\"SearchAction\",\"target\":{\"@type\":\"EntryPoint\",\"urlTemplate\":\"https:\\\/\\\/www.ausflugsziele-schweiz.ch\\\/winter\\\/?s={search_term_string}\"},\"query-input\":{\"@type\":\"PropertyValueSpecification\",\"valueRequired\":true,\"valueName\":\"search_term_string\"}}],\"inLanguage\":\"wi-NT\"},{\"@type\":\"Organization\",\"@id\":\"https:\\\/\\\/www.ausflugsziele-schweiz.ch\\\/winter\\\/#organization\",\"name\":\"Ausflugsziele Schweiz\",\"alternateName\":\"Entdecke die sch\u00f6nsten Erlebnisse der Schweiz.\",\"url\":\"https:\\\/\\\/www.ausflugsziele-schweiz.ch\\\/winter\\\/\",\"logo\":{\"@type\":\"ImageObject\",\"inLanguage\":\"wi-NT\",\"@id\":\"https:\\\/\\\/www.ausflugsziele-schweiz.ch\\\/winter\\\/#\\\/schema\\\/logo\\\/image\\\/\",\"url\":\"https:\\\/\\\/www.ausflugsziele-schweiz.ch\\\/wp-content\\\/uploads\\\/2022\\\/03\\\/icon-1.png\",\"contentUrl\":\"https:\\\/\\\/www.ausflugsziele-schweiz.ch\\\/wp-content\\\/uploads\\\/2022\\\/03\\\/icon-1.png\",\"width\":600,\"height\":600,\"caption\":\"Ausflugsziele Schweiz\"},\"image\":{\"@id\":\"https:\\\/\\\/www.ausflugsziele-schweiz.ch\\\/winter\\\/#\\\/schema\\\/logo\\\/image\\\/\"},\"sameAs\":[\"https:\\\/\\\/www.facebook.com\\\/ausflugszieleschweiz\\\/\"]},{\"@type\":\"Person\",\"@id\":\"https:\\\/\\\/www.ausflugsziele-schweiz.ch\\\/winter\\\/#\\\/schema\\\/person\\\/7ddab67761df3bc706e0d716f4cf5497\",\"name\":\"Redaktion\",\"image\":{\"@type\":\"ImageObject\",\"inLanguage\":\"wi-NT\",\"@id\":\"https:\\\/\\\/secure.gravatar.com\\\/avatar\\\/ab400f4505653928f4404a0a3d73b3311589147a92a960d38f28269f35ae422f?s=96&d=retro&r=g\",\"url\":\"https:\\\/\\\/secure.gravatar.com\\\/avatar\\\/ab400f4505653928f4404a0a3d73b3311589147a92a960d38f28269f35ae422f?s=96&d=retro&r=g\",\"contentUrl\":\"https:\\\/\\\/secure.gravatar.com\\\/avatar\\\/ab400f4505653928f4404a0a3d73b3311589147a92a960d38f28269f35ae422f?s=96&d=retro&r=g\",\"caption\":\"Redaktion\"},\"url\":\"https:\\\/\\\/www.ausflugsziele-schweiz.ch\\\/winter\\\/author\\\/sandra-monteiro\\\/\"}]}<\/script>\n<!-- \/ Yoast SEO plugin. -->","yoast_head_json":{"title":"Treib-Seelisberg-Bahn \u2013 Weihnachtsstimmung am Engelberg geniessen","description":"Das ideale Ausflugsziel f\u00fcr unvergessliche Winterspazierg\u00e4nge. Seelisberg ist im Sommer und im Winter ein erlebnisreiches Ausflugsziel f\u00fcr ...","robots":{"index":"index","follow":"follow","max-snippet":"max-snippet:-1","max-image-preview":"max-image-preview:large","max-video-preview":"max-video-preview:-1"},"canonical":"https:\/\/www.ausflugsziele-schweiz.ch\/winter\/mit-der-treib-seelisberg-bahn-die-weihnachtsstimmung-am-engelweg-geniessen\/","og_locale":"en_US","og_type":"article","og_title":"Treib-Seelisberg-Bahn \u2013 Weihnachtsstimmung am Engelberg geniessen","og_description":"Das ideale Ausflugsziel f\u00fcr unvergessliche Winterspazierg\u00e4nge. Seelisberg ist im Sommer und im Winter ein erlebnisreiches Ausflugsziel f\u00fcr ...","og_url":"https:\/\/www.ausflugsziele-schweiz.ch\/winter\/mit-der-treib-seelisberg-bahn-die-weihnachtsstimmung-am-engelweg-geniessen\/","og_site_name":"Ausflugsziele","article_publisher":"https:\/\/www.facebook.com\/ausflugszieleschweiz\/","article_published_time":"2021-12-05T11:00:39+00:00","article_modified_time":"2024-11-18T08:20:12+00:00","og_image":[{"width":1600,"height":1065,"url":"https:\/\/www.ausflugsziele-schweiz.ch\/wp-content\/uploads\/2021\/10\/Seelisberg_Region_Samichlaus-Kirchendorf.jpg","type":"image\/jpeg"}],"author":"Redaktion","twitter_card":"summary_large_image","twitter_misc":{"Written by":"Redaktion","Est. reading time":"3 minutes"},"schema":{"@context":"https:\/\/schema.org","@graph":[{"@type":"Article","@id":"https:\/\/www.ausflugsziele-schweiz.ch\/winter\/mit-der-treib-seelisberg-bahn-die-weihnachtsstimmung-am-engelweg-geniessen\/#article","isPartOf":{"@id":"https:\/\/www.ausflugsziele-schweiz.ch\/winter\/mit-der-treib-seelisberg-bahn-die-weihnachtsstimmung-am-engelweg-geniessen\/"},"author":{"name":"Redaktion","@id":"https:\/\/www.ausflugsziele-schweiz.ch\/winter\/#\/schema\/person\/7ddab67761df3bc706e0d716f4cf5497"},"headline":"Mit der Treib-Seelisberg-Bahn die Weihnachtsstimmung am Engelweg geniessen","datePublished":"2021-12-05T11:00:39+00:00","dateModified":"2024-11-18T08:20:12+00:00","mainEntityOfPage":{"@id":"https:\/\/www.ausflugsziele-schweiz.ch\/winter\/mit-der-treib-seelisberg-bahn-die-weihnachtsstimmung-am-engelweg-geniessen\/"},"wordCount":517,"publisher":{"@id":"https:\/\/www.ausflugsziele-schweiz.ch\/winter\/#organization"},"image":{"@id":"https:\/\/www.ausflugsziele-schweiz.ch\/winter\/mit-der-treib-seelisberg-bahn-die-weihnachtsstimmung-am-engelweg-geniessen\/#primaryimage"},"thumbnailUrl":"https:\/\/www.ausflugsziele-schweiz.ch\/wp-content\/uploads\/2021\/10\/Seelisberg_Region_Samichlaus-Kirchendorf.jpg","keywords":["Ausflugsziel","Engelweg","erlebnisreiche Wanderung","Familie","Fasnacht","Fasnacht-Treiben","F\u00f6rstertrail","Freizeitangebote","Gwundernasenweg","R\u00e4tsel","Schifffahrt","Schneeschuhe","Schneeschuhwanderung","Schweizer Geschichte","Seelisberg","Spaziergang","Treib","Treib-Seelisberg-Bahn","unvergessliche Erlebnisse","Vierwaldst\u00e4ttersee","Waldwege","Wandern","Weihnachtskrippe","Weihnachtsstimmung","Weihnachtszeit","Winterspazierg\u00e4nge"],"articleSection":["Bahn &amp; Schiff","Bergbahnen &amp; Bahnen"],"inLanguage":"wi-NT"},{"@type":"WebPage","@id":"https:\/\/www.ausflugsziele-schweiz.ch\/winter\/mit-der-treib-seelisberg-bahn-die-weihnachtsstimmung-am-engelweg-geniessen\/","url":"https:\/\/www.ausflugsziele-schweiz.ch\/winter\/mit-der-treib-seelisberg-bahn-die-weihnachtsstimmung-am-engelweg-geniessen\/","name":"Treib-Seelisberg-Bahn \u2013 Weihnachtsstimmung am Engelberg geniessen","isPartOf":{"@id":"https:\/\/www.ausflugsziele-schweiz.ch\/winter\/#website"},"primaryImageOfPage":{"@id":"https:\/\/www.ausflugsziele-schweiz.ch\/winter\/mit-der-treib-seelisberg-bahn-die-weihnachtsstimmung-am-engelweg-geniessen\/#primaryimage"},"image":{"@id":"https:\/\/www.ausflugsziele-schweiz.ch\/winter\/mit-der-treib-seelisberg-bahn-die-weihnachtsstimmung-am-engelweg-geniessen\/#primaryimage"},"thumbnailUrl":"https:\/\/www.ausflugsziele-schweiz.ch\/wp-content\/uploads\/2021\/10\/Seelisberg_Region_Samichlaus-Kirchendorf.jpg","datePublished":"2021-12-05T11:00:39+00:00","dateModified":"2024-11-18T08:20:12+00:00","description":"Das ideale Ausflugsziel f\u00fcr unvergessliche Winterspazierg\u00e4nge. Seelisberg ist im Sommer und im Winter ein erlebnisreiches Ausflugsziel f\u00fcr ...","breadcrumb":{"@id":"https:\/\/www.ausflugsziele-schweiz.ch\/winter\/mit-der-treib-seelisberg-bahn-die-weihnachtsstimmung-am-engelweg-geniessen\/#breadcrumb"},"inLanguage":"wi-NT","potentialAction":[{"@type":"ReadAction","target":["https:\/\/www.ausflugsziele-schweiz.ch\/winter\/mit-der-treib-seelisberg-bahn-die-weihnachtsstimmung-am-engelweg-geniessen\/"]}]},{"@type":"ImageObject","inLanguage":"wi-NT","@id":"https:\/\/www.ausflugsziele-schweiz.ch\/winter\/mit-der-treib-seelisberg-bahn-die-weihnachtsstimmung-am-engelweg-geniessen\/#primaryimage","url":"https:\/\/www.ausflugsziele-schweiz.ch\/wp-content\/uploads\/2021\/10\/Seelisberg_Region_Samichlaus-Kirchendorf.jpg","contentUrl":"https:\/\/www.ausflugsziele-schweiz.ch\/wp-content\/uploads\/2021\/10\/Seelisberg_Region_Samichlaus-Kirchendorf.jpg","width":1600,"height":1065,"caption":"Seelisberg Region Samichlaus Kirchendorf"},{"@type":"BreadcrumbList","@id":"https:\/\/www.ausflugsziele-schweiz.ch\/winter\/mit-der-treib-seelisberg-bahn-die-weihnachtsstimmung-am-engelweg-geniessen\/#breadcrumb","itemListElement":[{"@type":"ListItem","position":1,"name":"Home","item":"https:\/\/www.ausflugsziele-schweiz.ch\/winter\/"},{"@type":"ListItem","position":2,"name":"Mit der Treib-Seelisberg-Bahn die Weihnachtsstimmung am Engelweg geniessen"}]},{"@type":"WebSite","@id":"https:\/\/www.ausflugsziele-schweiz.ch\/winter\/#website","url":"https:\/\/www.ausflugsziele-schweiz.ch\/winter\/","name":"Ausflugsziele","description":"ausflugsziele-schweiz.ch","publisher":{"@id":"https:\/\/www.ausflugsziele-schweiz.ch\/winter\/#organization"},"alternateName":"Entdecke die sch\u00f6nsten Erlebnisse der Schweiz.","potentialAction":[{"@type":"SearchAction","target":{"@type":"EntryPoint","urlTemplate":"https:\/\/www.ausflugsziele-schweiz.ch\/winter\/?s={search_term_string}"},"query-input":{"@type":"PropertyValueSpecification","valueRequired":true,"valueName":"search_term_string"}}],"inLanguage":"wi-NT"},{"@type":"Organization","@id":"https:\/\/www.ausflugsziele-schweiz.ch\/winter\/#organization","name":"Ausflugsziele Schweiz","alternateName":"Entdecke die sch\u00f6nsten Erlebnisse der Schweiz.","url":"https:\/\/www.ausflugsziele-schweiz.ch\/winter\/","logo":{"@type":"ImageObject","inLanguage":"wi-NT","@id":"https:\/\/www.ausflugsziele-schweiz.ch\/winter\/#\/schema\/logo\/image\/","url":"https:\/\/www.ausflugsziele-schweiz.ch\/wp-content\/uploads\/2022\/03\/icon-1.png","contentUrl":"https:\/\/www.ausflugsziele-schweiz.ch\/wp-content\/uploads\/2022\/03\/icon-1.png","width":600,"height":600,"caption":"Ausflugsziele Schweiz"},"image":{"@id":"https:\/\/www.ausflugsziele-schweiz.ch\/winter\/#\/schema\/logo\/image\/"},"sameAs":["https:\/\/www.facebook.com\/ausflugszieleschweiz\/"]},{"@type":"Person","@id":"https:\/\/www.ausflugsziele-schweiz.ch\/winter\/#\/schema\/person\/7ddab67761df3bc706e0d716f4cf5497","name":"Redaktion","image":{"@type":"ImageObject","inLanguage":"wi-NT","@id":"https:\/\/secure.gravatar.com\/avatar\/ab400f4505653928f4404a0a3d73b3311589147a92a960d38f28269f35ae422f?s=96&d=retro&r=g","url":"https:\/\/secure.gravatar.com\/avatar\/ab400f4505653928f4404a0a3d73b3311589147a92a960d38f28269f35ae422f?s=96&d=retro&r=g","contentUrl":"https:\/\/secure.gravatar.com\/avatar\/ab400f4505653928f4404a0a3d73b3311589147a92a960d38f28269f35ae422f?s=96&d=retro&r=g","caption":"Redaktion"},"url":"https:\/\/www.ausflugsziele-schweiz.ch\/winter\/author\/sandra-monteiro\/"}]}},"_links":{"self":[{"href":"https:\/\/www.ausflugsziele-schweiz.ch\/winter\/wp-json\/wp\/v2\/posts\/130583","targetHints":{"allow":["GET"]}}],"collection":[{"href":"https:\/\/www.ausflugsziele-schweiz.ch\/winter\/wp-json\/wp\/v2\/posts"}],"about":[{"href":"https:\/\/www.ausflugsziele-schweiz.ch\/winter\/wp-json\/wp\/v2\/types\/post"}],"author":[{"embeddable":true,"href":"https:\/\/www.ausflugsziele-schweiz.ch\/winter\/wp-json\/wp\/v2\/users\/4"}],"replies":[{"embeddable":true,"href":"https:\/\/www.ausflugsziele-schweiz.ch\/winter\/wp-json\/wp\/v2\/comments?post=130583"}],"version-history":[{"count":1,"href":"https:\/\/www.ausflugsziele-schweiz.ch\/winter\/wp-json\/wp\/v2\/posts\/130583\/revisions"}],"predecessor-version":[{"id":133287,"href":"https:\/\/www.ausflugsziele-schweiz.ch\/winter\/wp-json\/wp\/v2\/posts\/130583\/revisions\/133287"}],"wp:featuredmedia":[{"embeddable":true,"href":"https:\/\/www.ausflugsziele-schweiz.ch\/winter\/wp-json\/wp\/v2\/media\/128274"}],"wp:attachment":[{"href":"https:\/\/www.ausflugsziele-schweiz.ch\/winter\/wp-json\/wp\/v2\/media?parent=130583"}],"wp:term":[{"taxonomy":"category","embeddable":true,"href":"https:\/\/www.ausflugsziele-schweiz.ch\/winter\/wp-json\/wp\/v2\/categories?post=130583"},{"taxonomy":"post_tag","embeddable":true,"href":"https:\/\/www.ausflugsziele-schweiz.ch\/winter\/wp-json\/wp\/v2\/tags?post=130583"}],"curies":[{"name":"wp","href":"https:\/\/api.w.org\/{rel}","templated":true}]}}