{"id":3793,"date":"2018-10-29T08:20:51","date_gmt":"2018-10-29T07:20:51","guid":{"rendered":"https:\/\/www.ausflugsziele-schweiz.ch\/?p=3793"},"modified":"2022-04-04T18:32:56","modified_gmt":"2022-04-04T16:32:56","slug":"in-der-skiregion-adelboden-lenk-die-schoensten-winterferien-in-der-schweiz-erleben","status":"publish","type":"post","link":"https:\/\/www.ausflugsziele-schweiz.ch\/winter\/in-der-skiregion-adelboden-lenk-die-schoensten-winterferien-in-der-schweiz-erleben\/","title":{"rendered":"An der Lenk die sch\u00f6nsten Winterferien in der Schweiz erleben"},"content":{"rendered":"<h3>Der Betelberg ist l\u00e4ngst kein Geheimtipp mehr<\/h3>\n<p><strong>F\u00fcr Kenner war der Betelberg Lenk \u00fcber lange Zeit hinweg ein Geheimtipp. L\u00e4ngst hat er seine Geheimnisse f\u00fcr die Skiferien freigegeben und l\u00e4dt Besucher zu unvergesslichen und vor allem abwechslungsreichen <a href=\"https:\/\/lenk-bergbahnen.ch\/winter\/\" target=\"_blank\" rel=\"noopener noreferrer\"><span style=\"text-decoration: underline;\">Winterferien<\/span><\/a> ein.<\/strong><\/p>\n\r\n                <style type=\"text\/css\">\r\n                    \r\n                    #tdi_1  .td-doubleSlider-2 .td-item1 {\r\n                        background: url(https:\/\/www.ausflugsziele-schweiz.ch\/wp-content\/uploads\/2018\/10\/54A4372-1024x683-80x60.jpg) 0 0 no-repeat;\r\n                    }\r\n                    #tdi_1  .td-doubleSlider-2 .td-item2 {\r\n                        background: url(https:\/\/www.ausflugsziele-schweiz.ch\/wp-content\/uploads\/2018\/10\/Skiregion_Adelboden-Lenk-2_2-1024x683-80x60.jpg) 0 0 no-repeat;\r\n                    }\r\n                    #tdi_1  .td-doubleSlider-2 .td-item3 {\r\n                        background: url(https:\/\/www.ausflugsziele-schweiz.ch\/wp-content\/uploads\/2018\/10\/Skiregion_Adelboden-Lenk-3-1024x683-80x60.jpg) 0 0 no-repeat;\r\n                    }\r\n                    #tdi_1  .td-doubleSlider-2 .td-item4 {\r\n                        background: url(https:\/\/www.ausflugsziele-schweiz.ch\/wp-content\/uploads\/2018\/10\/Skiregion_Adelboden-Lenk-6-1024x683-80x60.jpg) 0 0 no-repeat;\r\n                    }\r\n                    #tdi_1  .td-doubleSlider-2 .td-item5 {\r\n                        background: url(https:\/\/www.ausflugsziele-schweiz.ch\/wp-content\/uploads\/2018\/10\/Skiregion_Adelboden-Lenk-19-1024x683-80x60.jpg) 0 0 no-repeat;\r\n                    }\r\n                    #tdi_1  .td-doubleSlider-2 .td-item6 {\r\n                        background: url(https:\/\/www.ausflugsziele-schweiz.ch\/wp-content\/uploads\/2018\/10\/Skiregion_Adelboden-Lenk-21-1024x683-80x60.jpg) 0 0 no-repeat;\r\n                    }\r\n                    #tdi_1  .td-doubleSlider-2 .td-item7 {\r\n                        background: url(https:\/\/www.ausflugsziele-schweiz.ch\/wp-content\/uploads\/2018\/10\/Skiregion_Adelboden-Lenk-23-1024x683-80x60.jpg) 0 0 no-repeat;\r\n                    }\r\n                    #tdi_1  .td-doubleSlider-2 .td-item8 {\r\n                        background: url(https:\/\/www.ausflugsziele-schweiz.ch\/wp-content\/uploads\/2018\/10\/Skiregion_Adelboden-Lenk-26-1024x683-80x60.jpg) 0 0 no-repeat;\r\n                    }\r\n                <\/style>\r\n\r\n                <div id=\"tdi_1\" class=\"td-gallery td-slide-on-2-columns\">\r\n                    <div class=\"post_td_gallery\">\r\n                        <div class=\"td-gallery-slide-top\">\r\n                           <div class=\"td-gallery-title\"><\/div>\r\n\r\n                            <div class=\"td-gallery-controls-wrapper\">\r\n                                <div class=\"td-gallery-slide-count\"><span class=\"td-gallery-slide-item-focus\">1<\/span> of 8<\/div>\r\n                                <div class=\"td-gallery-slide-prev-next-but\">\r\n                                    <i class = \"td-icon-left doubleSliderPrevButton\"><\/i>\r\n                                    <i class = \"td-icon-right doubleSliderNextButton\"><\/i>\r\n                                <\/div>\r\n                            <\/div>\r\n                        <\/div>\r\n\r\n                        <div class = \"td-doubleSlider-1 \">\r\n                            <div class = \"td-slider\">\r\n                                \r\n                    <div class = \"td-slide-item td-item1\">\r\n                        <figure class=\"td-slide-galery-figure td-slide-popup-gallery\">\r\n                            <a class=\"slide-gallery-image-link\" href=\"https:\/\/www.ausflugsziele-schweiz.ch\/wp-content\/uploads\/2018\/10\/54A4372-1024x683.jpg\" title=\"54A4372 1024x683\"  data-caption=\"54A4372 1024x683\"  data-description=\"54A4372 1024x683\">\r\n                                <img decoding=\"async\" src=\"https:\/\/www.ausflugsziele-schweiz.ch\/wp-content\/uploads\/2018\/10\/54A4372-1024x683-630x420.jpg\" srcset=\"https:\/\/www.ausflugsziele-schweiz.ch\/wp-content\/uploads\/2018\/10\/54A4372-1024x683-630x420.jpg 630w, https:\/\/www.ausflugsziele-schweiz.ch\/wp-content\/uploads\/2018\/10\/54A4372-1024x683-800x533.jpg 800w, https:\/\/www.ausflugsziele-schweiz.ch\/wp-content\/uploads\/2018\/10\/54A4372-1024x683-768x512.jpg 768w, https:\/\/www.ausflugsziele-schweiz.ch\/wp-content\/uploads\/2018\/10\/54A4372-1024x683-696x464.jpg 696w, https:\/\/www.ausflugsziele-schweiz.ch\/wp-content\/uploads\/2018\/10\/54A4372-1024x683.jpg 1024w\" sizes=\"(max-width: 630px) 100vw, 630px\" alt=\"54A4372 1024x683\">\r\n                            <\/a>\r\n                            <figcaption class = \"td-slide-caption td-gallery-slide-content\"><div class = \"td-gallery-slide-copywrite\">54A4372 1024x683<\/div><span>54A4372 1024x683<\/span><\/figcaption>\r\n                        <\/figure>\r\n                    <\/div>\r\n                    <div class = \"td-slide-item td-item2\">\r\n                        <figure class=\"td-slide-galery-figure td-slide-popup-gallery\">\r\n                            <a class=\"slide-gallery-image-link\" href=\"https:\/\/www.ausflugsziele-schweiz.ch\/wp-content\/uploads\/2018\/10\/Skiregion_Adelboden-Lenk-2_2-1024x683.jpg\" title=\"Skiregion Adelboden Lenk 2 2 1024x683\"  data-caption=\"Skiregion Adelboden Lenk 2 2 1024x683\"  data-description=\"Skiregion Adelboden Lenk 2 2 1024x683\">\r\n                                <img decoding=\"async\" src=\"https:\/\/www.ausflugsziele-schweiz.ch\/wp-content\/uploads\/2018\/10\/Skiregion_Adelboden-Lenk-2_2-1024x683-630x420.jpg\" srcset=\"https:\/\/www.ausflugsziele-schweiz.ch\/wp-content\/uploads\/2018\/10\/Skiregion_Adelboden-Lenk-2_2-1024x683-630x420.jpg 630w, https:\/\/www.ausflugsziele-schweiz.ch\/wp-content\/uploads\/2018\/10\/Skiregion_Adelboden-Lenk-2_2-1024x683-800x533.jpg 800w, https:\/\/www.ausflugsziele-schweiz.ch\/wp-content\/uploads\/2018\/10\/Skiregion_Adelboden-Lenk-2_2-1024x683-768x512.jpg 768w, https:\/\/www.ausflugsziele-schweiz.ch\/wp-content\/uploads\/2018\/10\/Skiregion_Adelboden-Lenk-2_2-1024x683-696x464.jpg 696w, https:\/\/www.ausflugsziele-schweiz.ch\/wp-content\/uploads\/2018\/10\/Skiregion_Adelboden-Lenk-2_2-1024x683.jpg 1024w\" sizes=\"(max-width: 630px) 100vw, 630px\" alt=\"Skiregion Adelboden Lenk 2 2 1024x683\">\r\n                            <\/a>\r\n                            <figcaption class = \"td-slide-caption td-gallery-slide-content\"><div class = \"td-gallery-slide-copywrite\">Skiregion Adelboden Lenk 2 2 1024x683<\/div><span>Skiregion Adelboden Lenk 2 2 1024x683<\/span><\/figcaption>\r\n                        <\/figure>\r\n                    <\/div>\r\n                    <div class = \"td-slide-item td-item3\">\r\n                        <figure class=\"td-slide-galery-figure td-slide-popup-gallery\">\r\n                            <a class=\"slide-gallery-image-link\" href=\"https:\/\/www.ausflugsziele-schweiz.ch\/wp-content\/uploads\/2018\/10\/Skiregion_Adelboden-Lenk-3-1024x683.jpg\" title=\"Skiregion Adelboden Lenk 3 1024x683\"  data-caption=\"Skiregion Adelboden Lenk 3 1024x683\"  data-description=\"Skiregion Adelboden Lenk 3 1024x683\">\r\n                                <img decoding=\"async\" src=\"https:\/\/www.ausflugsziele-schweiz.ch\/wp-content\/uploads\/2018\/10\/Skiregion_Adelboden-Lenk-3-1024x683-630x420.jpg\" srcset=\"https:\/\/www.ausflugsziele-schweiz.ch\/wp-content\/uploads\/2018\/10\/Skiregion_Adelboden-Lenk-3-1024x683-630x420.jpg 630w, https:\/\/www.ausflugsziele-schweiz.ch\/wp-content\/uploads\/2018\/10\/Skiregion_Adelboden-Lenk-3-1024x683-800x533.jpg 800w, https:\/\/www.ausflugsziele-schweiz.ch\/wp-content\/uploads\/2018\/10\/Skiregion_Adelboden-Lenk-3-1024x683-768x512.jpg 768w, https:\/\/www.ausflugsziele-schweiz.ch\/wp-content\/uploads\/2018\/10\/Skiregion_Adelboden-Lenk-3-1024x683-696x464.jpg 696w, https:\/\/www.ausflugsziele-schweiz.ch\/wp-content\/uploads\/2018\/10\/Skiregion_Adelboden-Lenk-3-1024x683.jpg 1024w\" sizes=\"(max-width: 630px) 100vw, 630px\" alt=\"Skiregion Adelboden Lenk 3 1024x683\">\r\n                            <\/a>\r\n                            <figcaption class = \"td-slide-caption td-gallery-slide-content\"><div class = \"td-gallery-slide-copywrite\">Skiregion Adelboden Lenk 3 1024x683<\/div><span>Skiregion Adelboden Lenk 3 1024x683<\/span><\/figcaption>\r\n                        <\/figure>\r\n                    <\/div>\r\n                    <div class = \"td-slide-item td-item4\">\r\n                        <figure class=\"td-slide-galery-figure td-slide-popup-gallery\">\r\n                            <a class=\"slide-gallery-image-link\" href=\"https:\/\/www.ausflugsziele-schweiz.ch\/wp-content\/uploads\/2018\/10\/Skiregion_Adelboden-Lenk-6-1024x683.jpg\" title=\"Skiregion Adelboden Lenk 6 1024x683\"  data-caption=\"Skiregion Adelboden Lenk 6 1024x683\"  data-description=\"Skiregion Adelboden Lenk 6 1024x683\">\r\n                                <img decoding=\"async\" src=\"https:\/\/www.ausflugsziele-schweiz.ch\/wp-content\/uploads\/2018\/10\/Skiregion_Adelboden-Lenk-6-1024x683-630x420.jpg\" srcset=\"https:\/\/www.ausflugsziele-schweiz.ch\/wp-content\/uploads\/2018\/10\/Skiregion_Adelboden-Lenk-6-1024x683-630x420.jpg 630w, https:\/\/www.ausflugsziele-schweiz.ch\/wp-content\/uploads\/2018\/10\/Skiregion_Adelboden-Lenk-6-1024x683-800x533.jpg 800w, https:\/\/www.ausflugsziele-schweiz.ch\/wp-content\/uploads\/2018\/10\/Skiregion_Adelboden-Lenk-6-1024x683-768x512.jpg 768w, https:\/\/www.ausflugsziele-schweiz.ch\/wp-content\/uploads\/2018\/10\/Skiregion_Adelboden-Lenk-6-1024x683-696x464.jpg 696w, https:\/\/www.ausflugsziele-schweiz.ch\/wp-content\/uploads\/2018\/10\/Skiregion_Adelboden-Lenk-6-1024x683.jpg 1024w\" sizes=\"(max-width: 630px) 100vw, 630px\" alt=\"Skiregion Adelboden Lenk 6 1024x683\">\r\n                            <\/a>\r\n                            <figcaption class = \"td-slide-caption td-gallery-slide-content\"><div class = \"td-gallery-slide-copywrite\">Skiregion Adelboden Lenk 6 1024x683<\/div><span>Skiregion Adelboden Lenk 6 1024x683<\/span><\/figcaption>\r\n                        <\/figure>\r\n                    <\/div>\r\n                    <div class = \"td-slide-item td-item5\">\r\n                        <figure class=\"td-slide-galery-figure td-slide-popup-gallery\">\r\n                            <a class=\"slide-gallery-image-link\" href=\"https:\/\/www.ausflugsziele-schweiz.ch\/wp-content\/uploads\/2018\/10\/Skiregion_Adelboden-Lenk-19-1024x683.jpg\" title=\"Skiregion Adelboden Lenk 19 1024x683\"  data-caption=\"Skiregion Adelboden Lenk 19 1024x683\"  data-description=\"Skiregion Adelboden Lenk 19 1024x683\">\r\n                                <img decoding=\"async\" src=\"https:\/\/www.ausflugsziele-schweiz.ch\/wp-content\/uploads\/2018\/10\/Skiregion_Adelboden-Lenk-19-1024x683-630x420.jpg\" srcset=\"https:\/\/www.ausflugsziele-schweiz.ch\/wp-content\/uploads\/2018\/10\/Skiregion_Adelboden-Lenk-19-1024x683-630x420.jpg 630w, https:\/\/www.ausflugsziele-schweiz.ch\/wp-content\/uploads\/2018\/10\/Skiregion_Adelboden-Lenk-19-1024x683-800x533.jpg 800w, https:\/\/www.ausflugsziele-schweiz.ch\/wp-content\/uploads\/2018\/10\/Skiregion_Adelboden-Lenk-19-1024x683-768x512.jpg 768w, https:\/\/www.ausflugsziele-schweiz.ch\/wp-content\/uploads\/2018\/10\/Skiregion_Adelboden-Lenk-19-1024x683-696x464.jpg 696w, https:\/\/www.ausflugsziele-schweiz.ch\/wp-content\/uploads\/2018\/10\/Skiregion_Adelboden-Lenk-19-1024x683.jpg 1024w\" sizes=\"(max-width: 630px) 100vw, 630px\" alt=\"Skiregion Adelboden Lenk 19 1024x683\">\r\n                            <\/a>\r\n                            <figcaption class = \"td-slide-caption td-gallery-slide-content\"><div class = \"td-gallery-slide-copywrite\">Skiregion Adelboden Lenk 19 1024x683<\/div><span>Skiregion Adelboden Lenk 19 1024x683<\/span><\/figcaption>\r\n                        <\/figure>\r\n                    <\/div>\r\n                    <div class = \"td-slide-item td-item6\">\r\n                        <figure class=\"td-slide-galery-figure td-slide-popup-gallery\">\r\n                            <a class=\"slide-gallery-image-link\" href=\"https:\/\/www.ausflugsziele-schweiz.ch\/wp-content\/uploads\/2018\/10\/Skiregion_Adelboden-Lenk-21-1024x683.jpg\" title=\"Skiregion Adelboden Lenk 21 1024x683\"  data-caption=\"Skiregion Adelboden Lenk 21 1024x683\"  data-description=\"Skiregion Adelboden Lenk 21 1024x683\">\r\n                                <img decoding=\"async\" src=\"https:\/\/www.ausflugsziele-schweiz.ch\/wp-content\/uploads\/2018\/10\/Skiregion_Adelboden-Lenk-21-1024x683-630x420.jpg\" srcset=\"https:\/\/www.ausflugsziele-schweiz.ch\/wp-content\/uploads\/2018\/10\/Skiregion_Adelboden-Lenk-21-1024x683-630x420.jpg 630w, https:\/\/www.ausflugsziele-schweiz.ch\/wp-content\/uploads\/2018\/10\/Skiregion_Adelboden-Lenk-21-1024x683-800x533.jpg 800w, https:\/\/www.ausflugsziele-schweiz.ch\/wp-content\/uploads\/2018\/10\/Skiregion_Adelboden-Lenk-21-1024x683-768x512.jpg 768w, https:\/\/www.ausflugsziele-schweiz.ch\/wp-content\/uploads\/2018\/10\/Skiregion_Adelboden-Lenk-21-1024x683-696x464.jpg 696w, https:\/\/www.ausflugsziele-schweiz.ch\/wp-content\/uploads\/2018\/10\/Skiregion_Adelboden-Lenk-21-1024x683.jpg 1024w\" sizes=\"(max-width: 630px) 100vw, 630px\" alt=\"Skiregion Adelboden Lenk 21 1024x683\">\r\n                            <\/a>\r\n                            <figcaption class = \"td-slide-caption td-gallery-slide-content\"><div class = \"td-gallery-slide-copywrite\">Skiregion Adelboden Lenk 21 1024x683<\/div><span>Skiregion Adelboden Lenk 21 1024x683<\/span><\/figcaption>\r\n                        <\/figure>\r\n                    <\/div>\r\n                    <div class = \"td-slide-item td-item7\">\r\n                        <figure class=\"td-slide-galery-figure td-slide-popup-gallery\">\r\n                            <a class=\"slide-gallery-image-link\" href=\"https:\/\/www.ausflugsziele-schweiz.ch\/wp-content\/uploads\/2018\/10\/Skiregion_Adelboden-Lenk-23-1024x683.jpg\" title=\"Skiregion Adelboden Lenk 23 1024x683\"  data-caption=\"Skiregion Adelboden Lenk 23 1024x683\"  data-description=\"Skiregion Adelboden Lenk 23 1024x683\">\r\n                                <img decoding=\"async\" src=\"https:\/\/www.ausflugsziele-schweiz.ch\/wp-content\/uploads\/2018\/10\/Skiregion_Adelboden-Lenk-23-1024x683-630x420.jpg\" srcset=\"https:\/\/www.ausflugsziele-schweiz.ch\/wp-content\/uploads\/2018\/10\/Skiregion_Adelboden-Lenk-23-1024x683-630x420.jpg 630w, https:\/\/www.ausflugsziele-schweiz.ch\/wp-content\/uploads\/2018\/10\/Skiregion_Adelboden-Lenk-23-1024x683-800x533.jpg 800w, https:\/\/www.ausflugsziele-schweiz.ch\/wp-content\/uploads\/2018\/10\/Skiregion_Adelboden-Lenk-23-1024x683-768x512.jpg 768w, https:\/\/www.ausflugsziele-schweiz.ch\/wp-content\/uploads\/2018\/10\/Skiregion_Adelboden-Lenk-23-1024x683-696x464.jpg 696w, https:\/\/www.ausflugsziele-schweiz.ch\/wp-content\/uploads\/2018\/10\/Skiregion_Adelboden-Lenk-23-1024x683.jpg 1024w\" sizes=\"(max-width: 630px) 100vw, 630px\" alt=\"Skiregion Adelboden Lenk 23 1024x683\">\r\n                            <\/a>\r\n                            <figcaption class = \"td-slide-caption td-gallery-slide-content\"><div class = \"td-gallery-slide-copywrite\">Skiregion Adelboden Lenk 23 1024x683<\/div><span>Skiregion Adelboden Lenk 23 1024x683<\/span><\/figcaption>\r\n                        <\/figure>\r\n                    <\/div>\r\n                    <div class = \"td-slide-item td-item8\">\r\n                        <figure class=\"td-slide-galery-figure td-slide-popup-gallery\">\r\n                            <a class=\"slide-gallery-image-link\" href=\"https:\/\/www.ausflugsziele-schweiz.ch\/wp-content\/uploads\/2018\/10\/Skiregion_Adelboden-Lenk-26-1024x683.jpg\" title=\"Skiregion Adelboden Lenk 26 1024x683\"  data-caption=\"Skiregion Adelboden Lenk 26 1024x683\"  data-description=\"Skiregion Adelboden Lenk 26 1024x683\">\r\n                                <img decoding=\"async\" src=\"https:\/\/www.ausflugsziele-schweiz.ch\/wp-content\/uploads\/2018\/10\/Skiregion_Adelboden-Lenk-26-1024x683-630x420.jpg\" srcset=\"https:\/\/www.ausflugsziele-schweiz.ch\/wp-content\/uploads\/2018\/10\/Skiregion_Adelboden-Lenk-26-1024x683-630x420.jpg 630w, https:\/\/www.ausflugsziele-schweiz.ch\/wp-content\/uploads\/2018\/10\/Skiregion_Adelboden-Lenk-26-1024x683-800x533.jpg 800w, https:\/\/www.ausflugsziele-schweiz.ch\/wp-content\/uploads\/2018\/10\/Skiregion_Adelboden-Lenk-26-1024x683-768x512.jpg 768w, https:\/\/www.ausflugsziele-schweiz.ch\/wp-content\/uploads\/2018\/10\/Skiregion_Adelboden-Lenk-26-1024x683-696x464.jpg 696w, https:\/\/www.ausflugsziele-schweiz.ch\/wp-content\/uploads\/2018\/10\/Skiregion_Adelboden-Lenk-26-1024x683.jpg 1024w\" sizes=\"(max-width: 630px) 100vw, 630px\" alt=\"Skiregion Adelboden Lenk 26 1024x683\">\r\n                            <\/a>\r\n                            <figcaption class = \"td-slide-caption td-gallery-slide-content\"><div class = \"td-gallery-slide-copywrite\">Skiregion Adelboden Lenk 26 1024x683<\/div><span>Skiregion Adelboden Lenk 26 1024x683<\/span><\/figcaption>\r\n                        <\/figure>\r\n                    <\/div>\r\n                            <\/div>\r\n                        <\/div>\r\n\r\n                        <div class = \"td-doubleSlider-2\">\r\n                            <div class = \"td-slider\">\r\n                                \r\n                    <div class = \"td-button td-item1\">\r\n                        <div class = \"td-border\"><\/div>\r\n                    <\/div>\r\n                    <div class = \"td-button td-item2\">\r\n                        <div class = \"td-border\"><\/div>\r\n                    <\/div>\r\n                    <div class = \"td-button td-item3\">\r\n                        <div class = \"td-border\"><\/div>\r\n                    <\/div>\r\n                    <div class = \"td-button td-item4\">\r\n                        <div class = \"td-border\"><\/div>\r\n                    <\/div>\r\n                    <div class = \"td-button td-item5\">\r\n                        <div class = \"td-border\"><\/div>\r\n                    <\/div>\r\n                    <div class = \"td-button td-item6\">\r\n                        <div class = \"td-border\"><\/div>\r\n                    <\/div>\r\n                    <div class = \"td-button td-item7\">\r\n                        <div class = \"td-border\"><\/div>\r\n                    <\/div>\r\n                    <div class = \"td-button td-item8\">\r\n                        <div class = \"td-border\"><\/div>\r\n                    <\/div>\r\n                            <\/div>\r\n                        <\/div>\r\n\r\n                    <\/div>\r\n\r\n                <\/div>\r\n                \n<h3>Wenn am Betelberg die Sonne aufgeht<\/h3>\n<p>&#8230; dann warten die ausgezeichneten Pisten der <a href=\"https:\/\/lenk-bergbahnen.ch\/winter\/\" target=\"_blank\" rel=\"noopener noreferrer\"><span style=\"text-decoration: underline;\">Lenk Bergbahnen<\/span><\/a> bereits auf ihre ersten G\u00e4ste. Denn mit den ersten Sonnenstrahlen am Betelberg beginnt ein Tag voller Erlebnisse am vielseitigsten Wintersportberg der Region. F\u00fcr Skifahrer, Schlittelfreunde, Wanderer, Schneeschuhl\u00e4ufer und alle, die das Besondere am Berg suchen, ist der Betelberg die Adresse f\u00fcr Winterferien in der Schweiz schlechthin. Der Betelberg bietet alles f\u00fcr einen abwechslungsreichen Skitag &#8211; mit der <a href=\"https:\/\/lenk-bergbahnen.ch\/winter\/ski-snowboard\/swisscom-skimovie\/\" target=\"_blank\" rel=\"noopener noreferrer\"><span style=\"text-decoration: underline;\">Swisscom Skimovie<\/span><\/a> Strecke, dem <a href=\"https:\/\/lenk-bergbahnen.ch\/winter\/ski-snowboard\/audi-skicross-gold-park\/\" target=\"_blank\" rel=\"noopener noreferrer\"><span style=\"text-decoration: underline;\">Audi Skicross Gold Park<\/span><\/a> oder der <a href=\"https:\/\/lenk-bergbahnen.ch\/winter\/ski-snowboard\/speed-strecke-hasler\/\" target=\"_blank\" rel=\"noopener noreferrer\"><span style=\"text-decoration: underline;\">Speedstrecke<\/span><\/a> wird es nie langweilig!<\/p>\n<p><a href=\"https:\/\/www.ausflugsziele-schweiz.ch\/wp-content\/uploads\/2018\/10\/image-2018-10-03-1.jpg\"><img loading=\"lazy\" decoding=\"async\" class=\"aligncenter size-full wp-image-117269\" src=\"https:\/\/www.ausflugsziele-schweiz.ch\/wp-content\/uploads\/2018\/10\/image-2018-10-03-1.jpg\" alt=\"\" width=\"800\" height=\"530\" srcset=\"https:\/\/www.ausflugsziele-schweiz.ch\/wp-content\/uploads\/2018\/10\/image-2018-10-03-1.jpg 800w, https:\/\/www.ausflugsziele-schweiz.ch\/wp-content\/uploads\/2018\/10\/image-2018-10-03-1-768x509.jpg 768w, https:\/\/www.ausflugsziele-schweiz.ch\/wp-content\/uploads\/2018\/10\/image-2018-10-03-1-696x461.jpg 696w, https:\/\/www.ausflugsziele-schweiz.ch\/wp-content\/uploads\/2018\/10\/image-2018-10-03-1-634x420.jpg 634w\" sizes=\"auto, (max-width: 800px) 100vw, 800px\" \/><\/a><\/p>\n<p>Dabei sind Einzelreisende und Gruppen hier genauso herzlich willkommen wie Familien mit Kindern. Von einem grossz\u00fcgigen Angebot an Ferienunterk\u00fcnften \u00fcber den Komfort der Lenk Bergbahnen bis hin zum Engagement der Tourismusbetriebe reicht eine bunte Palette exzellenter Ferienangebote besonders im Winter. \u00dcberdies bietet das Gebiet eine sehr hohe Dichte von <a href=\"https:\/\/lenk-bergbahnen.ch\/winter\/gastronomiebetriebe\/\" target=\"_blank\" rel=\"noopener noreferrer\"><span style=\"text-decoration: underline;\">Berggasth\u00e4usern<\/span><\/a> an. Der Betelberg ist schon lange kein Geheimtipp mehr, wenn es um viel Platz auf den hervorragend pr\u00e4parierten Pisten und das vielseitigste Angebot am Berg geht.<\/p>\n\r\n                <style type=\"text\/css\">\r\n                    \r\n                    #tdi_2  .td-doubleSlider-2 .td-item1 {\r\n                        background: url(https:\/\/www.ausflugsziele-schweiz.ch\/wp-content\/uploads\/2018\/10\/Skiregion_Adelboden-Lenk-1-1024x683-80x60.jpg) 0 0 no-repeat;\r\n                    }\r\n                    #tdi_2  .td-doubleSlider-2 .td-item2 {\r\n                        background: url(https:\/\/www.ausflugsziele-schweiz.ch\/wp-content\/uploads\/2018\/10\/Skiregion_Adelboden-Lenk-2-1024x683-80x60.jpg) 0 0 no-repeat;\r\n                    }\r\n                    #tdi_2  .td-doubleSlider-2 .td-item3 {\r\n                        background: url(https:\/\/www.ausflugsziele-schweiz.ch\/wp-content\/uploads\/2018\/10\/Skiregion_Adelboden-Lenk-5-1024x683-80x60.jpg) 0 0 no-repeat;\r\n                    }\r\n                    #tdi_2  .td-doubleSlider-2 .td-item4 {\r\n                        background: url(https:\/\/www.ausflugsziele-schweiz.ch\/wp-content\/uploads\/2018\/10\/Skiregion_Adelboden-Lenk-7-1024x683-80x60.jpg) 0 0 no-repeat;\r\n                    }\r\n                    #tdi_2  .td-doubleSlider-2 .td-item5 {\r\n                        background: url(https:\/\/www.ausflugsziele-schweiz.ch\/wp-content\/uploads\/2018\/10\/Skiregion_Adelboden-Lenk-8-1024x683-80x60.jpg) 0 0 no-repeat;\r\n                    }\r\n                    #tdi_2  .td-doubleSlider-2 .td-item6 {\r\n                        background: url(https:\/\/www.ausflugsziele-schweiz.ch\/wp-content\/uploads\/2018\/10\/Skiregion_Adelboden-Lenk-12-1024x683-80x60.jpg) 0 0 no-repeat;\r\n                    }\r\n                    #tdi_2  .td-doubleSlider-2 .td-item7 {\r\n                        background: url(https:\/\/www.ausflugsziele-schweiz.ch\/wp-content\/uploads\/2018\/10\/Skiregion_Adelboden-Lenk-22-1024x683-80x60.jpg) 0 0 no-repeat;\r\n                    }\r\n                    #tdi_2  .td-doubleSlider-2 .td-item8 {\r\n                        background: url(https:\/\/www.ausflugsziele-schweiz.ch\/wp-content\/uploads\/2018\/10\/Skiregion_Adelboden-Lenk-24-1024x683-80x60.jpg) 0 0 no-repeat;\r\n                    }\r\n                    #tdi_2  .td-doubleSlider-2 .td-item9 {\r\n                        background: url(https:\/\/www.ausflugsziele-schweiz.ch\/wp-content\/uploads\/2018\/10\/Skiregion_Adelboden-Lenk-25-1024x683-80x60.jpg) 0 0 no-repeat;\r\n                    }\r\n                <\/style>\r\n\r\n                <div id=\"tdi_2\" class=\"td-gallery td-slide-on-2-columns\">\r\n                    <div class=\"post_td_gallery\">\r\n                        <div class=\"td-gallery-slide-top\">\r\n                           <div class=\"td-gallery-title\"><\/div>\r\n\r\n                            <div class=\"td-gallery-controls-wrapper\">\r\n                                <div class=\"td-gallery-slide-count\"><span class=\"td-gallery-slide-item-focus\">1<\/span> of 9<\/div>\r\n                                <div class=\"td-gallery-slide-prev-next-but\">\r\n                                    <i class = \"td-icon-left doubleSliderPrevButton\"><\/i>\r\n                                    <i class = \"td-icon-right doubleSliderNextButton\"><\/i>\r\n                                <\/div>\r\n                            <\/div>\r\n                        <\/div>\r\n\r\n                        <div class = \"td-doubleSlider-1 \">\r\n                            <div class = \"td-slider\">\r\n                                \r\n                    <div class = \"td-slide-item td-item1\">\r\n                        <figure class=\"td-slide-galery-figure td-slide-popup-gallery\">\r\n                            <a class=\"slide-gallery-image-link\" href=\"https:\/\/www.ausflugsziele-schweiz.ch\/wp-content\/uploads\/2018\/10\/Skiregion_Adelboden-Lenk-1-1024x683.jpg\" title=\"Skiregion Adelboden Lenk 1 1024x683\"  data-caption=\"Skiregion Adelboden Lenk 1 1024x683\"  data-description=\"Skiregion Adelboden Lenk 1 1024x683\">\r\n                                <img decoding=\"async\" src=\"https:\/\/www.ausflugsziele-schweiz.ch\/wp-content\/uploads\/2018\/10\/Skiregion_Adelboden-Lenk-1-1024x683-630x420.jpg\" srcset=\"https:\/\/www.ausflugsziele-schweiz.ch\/wp-content\/uploads\/2018\/10\/Skiregion_Adelboden-Lenk-1-1024x683-630x420.jpg 630w, https:\/\/www.ausflugsziele-schweiz.ch\/wp-content\/uploads\/2018\/10\/Skiregion_Adelboden-Lenk-1-1024x683-800x533.jpg 800w, https:\/\/www.ausflugsziele-schweiz.ch\/wp-content\/uploads\/2018\/10\/Skiregion_Adelboden-Lenk-1-1024x683-768x512.jpg 768w, https:\/\/www.ausflugsziele-schweiz.ch\/wp-content\/uploads\/2018\/10\/Skiregion_Adelboden-Lenk-1-1024x683-696x464.jpg 696w, https:\/\/www.ausflugsziele-schweiz.ch\/wp-content\/uploads\/2018\/10\/Skiregion_Adelboden-Lenk-1-1024x683.jpg 1024w\" sizes=\"(max-width: 630px) 100vw, 630px\" alt=\"Skiregion Adelboden Lenk 1 1024x683\">\r\n                            <\/a>\r\n                            <figcaption class = \"td-slide-caption td-gallery-slide-content\"><div class = \"td-gallery-slide-copywrite\">Skiregion Adelboden Lenk 1 1024x683<\/div><span>Skiregion Adelboden Lenk 1 1024x683<\/span><\/figcaption>\r\n                        <\/figure>\r\n                    <\/div>\r\n                    <div class = \"td-slide-item td-item2\">\r\n                        <figure class=\"td-slide-galery-figure td-slide-popup-gallery\">\r\n                            <a class=\"slide-gallery-image-link\" href=\"https:\/\/www.ausflugsziele-schweiz.ch\/wp-content\/uploads\/2018\/10\/Skiregion_Adelboden-Lenk-2-1024x683.jpg\" title=\"Skiregion Adelboden Lenk 2 1024x683\"  data-caption=\"Skiregion Adelboden Lenk 2 1024x683\"  data-description=\"Skiregion Adelboden Lenk 2 1024x683\">\r\n                                <img decoding=\"async\" src=\"https:\/\/www.ausflugsziele-schweiz.ch\/wp-content\/uploads\/2018\/10\/Skiregion_Adelboden-Lenk-2-1024x683-630x420.jpg\" srcset=\"https:\/\/www.ausflugsziele-schweiz.ch\/wp-content\/uploads\/2018\/10\/Skiregion_Adelboden-Lenk-2-1024x683-630x420.jpg 630w, https:\/\/www.ausflugsziele-schweiz.ch\/wp-content\/uploads\/2018\/10\/Skiregion_Adelboden-Lenk-2-1024x683-800x533.jpg 800w, https:\/\/www.ausflugsziele-schweiz.ch\/wp-content\/uploads\/2018\/10\/Skiregion_Adelboden-Lenk-2-1024x683-768x512.jpg 768w, https:\/\/www.ausflugsziele-schweiz.ch\/wp-content\/uploads\/2018\/10\/Skiregion_Adelboden-Lenk-2-1024x683-696x464.jpg 696w, https:\/\/www.ausflugsziele-schweiz.ch\/wp-content\/uploads\/2018\/10\/Skiregion_Adelboden-Lenk-2-1024x683.jpg 1024w\" sizes=\"(max-width: 630px) 100vw, 630px\" alt=\"Skiregion Adelboden Lenk 2 1024x683\">\r\n                            <\/a>\r\n                            <figcaption class = \"td-slide-caption td-gallery-slide-content\"><div class = \"td-gallery-slide-copywrite\">Skiregion Adelboden Lenk 2 1024x683<\/div><span>Skiregion Adelboden Lenk 2 1024x683<\/span><\/figcaption>\r\n                        <\/figure>\r\n                    <\/div>\r\n                    <div class = \"td-slide-item td-item3\">\r\n                        <figure class=\"td-slide-galery-figure td-slide-popup-gallery\">\r\n                            <a class=\"slide-gallery-image-link\" href=\"https:\/\/www.ausflugsziele-schweiz.ch\/wp-content\/uploads\/2018\/10\/Skiregion_Adelboden-Lenk-5-1024x683.jpg\" title=\"Skiregion Adelboden Lenk 5 1024x683\"  data-caption=\"Skiregion Adelboden Lenk 5 1024x683\"  data-description=\"Skiregion Adelboden Lenk 5 1024x683\">\r\n                                <img decoding=\"async\" src=\"https:\/\/www.ausflugsziele-schweiz.ch\/wp-content\/uploads\/2018\/10\/Skiregion_Adelboden-Lenk-5-1024x683-630x420.jpg\" srcset=\"https:\/\/www.ausflugsziele-schweiz.ch\/wp-content\/uploads\/2018\/10\/Skiregion_Adelboden-Lenk-5-1024x683-630x420.jpg 630w, https:\/\/www.ausflugsziele-schweiz.ch\/wp-content\/uploads\/2018\/10\/Skiregion_Adelboden-Lenk-5-1024x683-800x533.jpg 800w, https:\/\/www.ausflugsziele-schweiz.ch\/wp-content\/uploads\/2018\/10\/Skiregion_Adelboden-Lenk-5-1024x683-768x512.jpg 768w, https:\/\/www.ausflugsziele-schweiz.ch\/wp-content\/uploads\/2018\/10\/Skiregion_Adelboden-Lenk-5-1024x683-696x464.jpg 696w, https:\/\/www.ausflugsziele-schweiz.ch\/wp-content\/uploads\/2018\/10\/Skiregion_Adelboden-Lenk-5-1024x683.jpg 1024w\" sizes=\"(max-width: 630px) 100vw, 630px\" alt=\"Skiregion Adelboden Lenk 5 1024x683\">\r\n                            <\/a>\r\n                            <figcaption class = \"td-slide-caption td-gallery-slide-content\"><div class = \"td-gallery-slide-copywrite\">Skiregion Adelboden Lenk 5 1024x683<\/div><span>Skiregion Adelboden Lenk 5 1024x683<\/span><\/figcaption>\r\n                        <\/figure>\r\n                    <\/div>\r\n                    <div class = \"td-slide-item td-item4\">\r\n                        <figure class=\"td-slide-galery-figure td-slide-popup-gallery\">\r\n                            <a class=\"slide-gallery-image-link\" href=\"https:\/\/www.ausflugsziele-schweiz.ch\/wp-content\/uploads\/2018\/10\/Skiregion_Adelboden-Lenk-7-1024x683.jpg\" title=\"Skiregion Adelboden Lenk 7 1024x683\"  data-caption=\"Skiregion Adelboden Lenk 7 1024x683\"  data-description=\"Skiregion Adelboden Lenk 7 1024x683\">\r\n                                <img decoding=\"async\" src=\"https:\/\/www.ausflugsziele-schweiz.ch\/wp-content\/uploads\/2018\/10\/Skiregion_Adelboden-Lenk-7-1024x683-630x420.jpg\" srcset=\"https:\/\/www.ausflugsziele-schweiz.ch\/wp-content\/uploads\/2018\/10\/Skiregion_Adelboden-Lenk-7-1024x683-630x420.jpg 630w, https:\/\/www.ausflugsziele-schweiz.ch\/wp-content\/uploads\/2018\/10\/Skiregion_Adelboden-Lenk-7-1024x683-800x533.jpg 800w, https:\/\/www.ausflugsziele-schweiz.ch\/wp-content\/uploads\/2018\/10\/Skiregion_Adelboden-Lenk-7-1024x683-768x512.jpg 768w, https:\/\/www.ausflugsziele-schweiz.ch\/wp-content\/uploads\/2018\/10\/Skiregion_Adelboden-Lenk-7-1024x683-696x464.jpg 696w, https:\/\/www.ausflugsziele-schweiz.ch\/wp-content\/uploads\/2018\/10\/Skiregion_Adelboden-Lenk-7-1024x683.jpg 1024w\" sizes=\"(max-width: 630px) 100vw, 630px\" alt=\"Skiregion Adelboden Lenk 7 1024x683\">\r\n                            <\/a>\r\n                            <figcaption class = \"td-slide-caption td-gallery-slide-content\"><div class = \"td-gallery-slide-copywrite\">Skiregion Adelboden Lenk 7 1024x683<\/div><span>Skiregion Adelboden Lenk 7 1024x683<\/span><\/figcaption>\r\n                        <\/figure>\r\n                    <\/div>\r\n                    <div class = \"td-slide-item td-item5\">\r\n                        <figure class=\"td-slide-galery-figure td-slide-popup-gallery\">\r\n                            <a class=\"slide-gallery-image-link\" href=\"https:\/\/www.ausflugsziele-schweiz.ch\/wp-content\/uploads\/2018\/10\/Skiregion_Adelboden-Lenk-8-1024x683.jpg\" title=\"Skiregion Adelboden Lenk 8 1024x683\"  data-caption=\"Skiregion Adelboden Lenk 8 1024x683\"  data-description=\"Skiregion Adelboden Lenk 8 1024x683\">\r\n                                <img decoding=\"async\" src=\"https:\/\/www.ausflugsziele-schweiz.ch\/wp-content\/uploads\/2018\/10\/Skiregion_Adelboden-Lenk-8-1024x683-630x420.jpg\" srcset=\"https:\/\/www.ausflugsziele-schweiz.ch\/wp-content\/uploads\/2018\/10\/Skiregion_Adelboden-Lenk-8-1024x683-630x420.jpg 630w, https:\/\/www.ausflugsziele-schweiz.ch\/wp-content\/uploads\/2018\/10\/Skiregion_Adelboden-Lenk-8-1024x683-800x533.jpg 800w, https:\/\/www.ausflugsziele-schweiz.ch\/wp-content\/uploads\/2018\/10\/Skiregion_Adelboden-Lenk-8-1024x683-768x512.jpg 768w, https:\/\/www.ausflugsziele-schweiz.ch\/wp-content\/uploads\/2018\/10\/Skiregion_Adelboden-Lenk-8-1024x683-696x464.jpg 696w, https:\/\/www.ausflugsziele-schweiz.ch\/wp-content\/uploads\/2018\/10\/Skiregion_Adelboden-Lenk-8-1024x683.jpg 1024w\" sizes=\"(max-width: 630px) 100vw, 630px\" alt=\"Skiregion Adelboden Lenk 8 1024x683\">\r\n                            <\/a>\r\n                            <figcaption class = \"td-slide-caption td-gallery-slide-content\"><div class = \"td-gallery-slide-copywrite\">Skiregion Adelboden Lenk 8 1024x683<\/div><span>Skiregion Adelboden Lenk 8 1024x683<\/span><\/figcaption>\r\n                        <\/figure>\r\n                    <\/div>\r\n                    <div class = \"td-slide-item td-item6\">\r\n                        <figure class=\"td-slide-galery-figure td-slide-popup-gallery\">\r\n                            <a class=\"slide-gallery-image-link\" href=\"https:\/\/www.ausflugsziele-schweiz.ch\/wp-content\/uploads\/2018\/10\/Skiregion_Adelboden-Lenk-12-1024x683.jpg\" title=\"Skiregion Adelboden Lenk 12 1024x683\"  data-caption=\"Skiregion Adelboden Lenk 12 1024x683\"  data-description=\"Skiregion Adelboden Lenk 12 1024x683\">\r\n                                <img decoding=\"async\" src=\"https:\/\/www.ausflugsziele-schweiz.ch\/wp-content\/uploads\/2018\/10\/Skiregion_Adelboden-Lenk-12-1024x683-630x420.jpg\" srcset=\"https:\/\/www.ausflugsziele-schweiz.ch\/wp-content\/uploads\/2018\/10\/Skiregion_Adelboden-Lenk-12-1024x683-630x420.jpg 630w, https:\/\/www.ausflugsziele-schweiz.ch\/wp-content\/uploads\/2018\/10\/Skiregion_Adelboden-Lenk-12-1024x683-800x533.jpg 800w, https:\/\/www.ausflugsziele-schweiz.ch\/wp-content\/uploads\/2018\/10\/Skiregion_Adelboden-Lenk-12-1024x683-768x512.jpg 768w, https:\/\/www.ausflugsziele-schweiz.ch\/wp-content\/uploads\/2018\/10\/Skiregion_Adelboden-Lenk-12-1024x683-696x464.jpg 696w, https:\/\/www.ausflugsziele-schweiz.ch\/wp-content\/uploads\/2018\/10\/Skiregion_Adelboden-Lenk-12-1024x683.jpg 1024w\" sizes=\"(max-width: 630px) 100vw, 630px\" alt=\"Skiregion Adelboden Lenk 12 1024x683\">\r\n                            <\/a>\r\n                            <figcaption class = \"td-slide-caption td-gallery-slide-content\"><div class = \"td-gallery-slide-copywrite\">Skiregion Adelboden Lenk 12 1024x683<\/div><span>Skiregion Adelboden Lenk 12 1024x683<\/span><\/figcaption>\r\n                        <\/figure>\r\n                    <\/div>\r\n                    <div class = \"td-slide-item td-item7\">\r\n                        <figure class=\"td-slide-galery-figure td-slide-popup-gallery\">\r\n                            <a class=\"slide-gallery-image-link\" href=\"https:\/\/www.ausflugsziele-schweiz.ch\/wp-content\/uploads\/2018\/10\/Skiregion_Adelboden-Lenk-22-1024x683.jpg\" title=\"Skiregion Adelboden Lenk 22 1024x683\"  data-caption=\"Skiregion Adelboden Lenk 22 1024x683\"  data-description=\"Skiregion Adelboden Lenk 22 1024x683\">\r\n                                <img decoding=\"async\" src=\"https:\/\/www.ausflugsziele-schweiz.ch\/wp-content\/uploads\/2018\/10\/Skiregion_Adelboden-Lenk-22-1024x683-630x420.jpg\" srcset=\"https:\/\/www.ausflugsziele-schweiz.ch\/wp-content\/uploads\/2018\/10\/Skiregion_Adelboden-Lenk-22-1024x683-630x420.jpg 630w, https:\/\/www.ausflugsziele-schweiz.ch\/wp-content\/uploads\/2018\/10\/Skiregion_Adelboden-Lenk-22-1024x683-800x533.jpg 800w, https:\/\/www.ausflugsziele-schweiz.ch\/wp-content\/uploads\/2018\/10\/Skiregion_Adelboden-Lenk-22-1024x683-768x512.jpg 768w, https:\/\/www.ausflugsziele-schweiz.ch\/wp-content\/uploads\/2018\/10\/Skiregion_Adelboden-Lenk-22-1024x683-696x464.jpg 696w, https:\/\/www.ausflugsziele-schweiz.ch\/wp-content\/uploads\/2018\/10\/Skiregion_Adelboden-Lenk-22-1024x683.jpg 1024w\" sizes=\"(max-width: 630px) 100vw, 630px\" alt=\"Skiregion Adelboden Lenk 22 1024x683\">\r\n                            <\/a>\r\n                            <figcaption class = \"td-slide-caption td-gallery-slide-content\"><div class = \"td-gallery-slide-copywrite\">Skiregion Adelboden Lenk 22 1024x683<\/div><span>Skiregion Adelboden Lenk 22 1024x683<\/span><\/figcaption>\r\n                        <\/figure>\r\n                    <\/div>\r\n                    <div class = \"td-slide-item td-item8\">\r\n                        <figure class=\"td-slide-galery-figure td-slide-popup-gallery\">\r\n                            <a class=\"slide-gallery-image-link\" href=\"https:\/\/www.ausflugsziele-schweiz.ch\/wp-content\/uploads\/2018\/10\/Skiregion_Adelboden-Lenk-24-1024x683.jpg\" title=\"Skiregion Adelboden Lenk 24 1024x683\"  data-caption=\"Skiregion Adelboden Lenk 24 1024x683\"  data-description=\"Skiregion Adelboden Lenk 24 1024x683\">\r\n                                <img decoding=\"async\" src=\"https:\/\/www.ausflugsziele-schweiz.ch\/wp-content\/uploads\/2018\/10\/Skiregion_Adelboden-Lenk-24-1024x683-630x420.jpg\" srcset=\"https:\/\/www.ausflugsziele-schweiz.ch\/wp-content\/uploads\/2018\/10\/Skiregion_Adelboden-Lenk-24-1024x683-630x420.jpg 630w, https:\/\/www.ausflugsziele-schweiz.ch\/wp-content\/uploads\/2018\/10\/Skiregion_Adelboden-Lenk-24-1024x683-800x533.jpg 800w, https:\/\/www.ausflugsziele-schweiz.ch\/wp-content\/uploads\/2018\/10\/Skiregion_Adelboden-Lenk-24-1024x683-768x512.jpg 768w, https:\/\/www.ausflugsziele-schweiz.ch\/wp-content\/uploads\/2018\/10\/Skiregion_Adelboden-Lenk-24-1024x683-696x464.jpg 696w, https:\/\/www.ausflugsziele-schweiz.ch\/wp-content\/uploads\/2018\/10\/Skiregion_Adelboden-Lenk-24-1024x683.jpg 1024w\" sizes=\"(max-width: 630px) 100vw, 630px\" alt=\"Skiregion Adelboden Lenk 24 1024x683\">\r\n                            <\/a>\r\n                            <figcaption class = \"td-slide-caption td-gallery-slide-content\"><div class = \"td-gallery-slide-copywrite\">Skiregion Adelboden Lenk 24 1024x683<\/div><span>Skiregion Adelboden Lenk 24 1024x683<\/span><\/figcaption>\r\n                        <\/figure>\r\n                    <\/div>\r\n                    <div class = \"td-slide-item td-item9\">\r\n                        <figure class=\"td-slide-galery-figure td-slide-popup-gallery\">\r\n                            <a class=\"slide-gallery-image-link\" href=\"https:\/\/www.ausflugsziele-schweiz.ch\/wp-content\/uploads\/2018\/10\/Skiregion_Adelboden-Lenk-25-1024x683.jpg\" title=\"Skiregion Adelboden Lenk 25 1024x683\"  data-caption=\"Skiregion Adelboden Lenk 25 1024x683\"  data-description=\"Skiregion Adelboden Lenk 25 1024x683\">\r\n                                <img decoding=\"async\" src=\"https:\/\/www.ausflugsziele-schweiz.ch\/wp-content\/uploads\/2018\/10\/Skiregion_Adelboden-Lenk-25-1024x683-630x420.jpg\" srcset=\"https:\/\/www.ausflugsziele-schweiz.ch\/wp-content\/uploads\/2018\/10\/Skiregion_Adelboden-Lenk-25-1024x683-630x420.jpg 630w, https:\/\/www.ausflugsziele-schweiz.ch\/wp-content\/uploads\/2018\/10\/Skiregion_Adelboden-Lenk-25-1024x683-800x533.jpg 800w, https:\/\/www.ausflugsziele-schweiz.ch\/wp-content\/uploads\/2018\/10\/Skiregion_Adelboden-Lenk-25-1024x683-768x512.jpg 768w, https:\/\/www.ausflugsziele-schweiz.ch\/wp-content\/uploads\/2018\/10\/Skiregion_Adelboden-Lenk-25-1024x683-696x464.jpg 696w, https:\/\/www.ausflugsziele-schweiz.ch\/wp-content\/uploads\/2018\/10\/Skiregion_Adelboden-Lenk-25-1024x683.jpg 1024w\" sizes=\"(max-width: 630px) 100vw, 630px\" alt=\"Skiregion Adelboden Lenk 25 1024x683\">\r\n                            <\/a>\r\n                            <figcaption class = \"td-slide-caption td-gallery-slide-content\"><div class = \"td-gallery-slide-copywrite\">Skiregion Adelboden Lenk 25 1024x683<\/div><span>Skiregion Adelboden Lenk 25 1024x683<\/span><\/figcaption>\r\n                        <\/figure>\r\n                    <\/div>\r\n                            <\/div>\r\n                        <\/div>\r\n\r\n                        <div class = \"td-doubleSlider-2\">\r\n                            <div class = \"td-slider\">\r\n                                \r\n                    <div class = \"td-button td-item1\">\r\n                        <div class = \"td-border\"><\/div>\r\n                    <\/div>\r\n                    <div class = \"td-button td-item2\">\r\n                        <div class = \"td-border\"><\/div>\r\n                    <\/div>\r\n                    <div class = \"td-button td-item3\">\r\n                        <div class = \"td-border\"><\/div>\r\n                    <\/div>\r\n                    <div class = \"td-button td-item4\">\r\n                        <div class = \"td-border\"><\/div>\r\n                    <\/div>\r\n                    <div class = \"td-button td-item5\">\r\n                        <div class = \"td-border\"><\/div>\r\n                    <\/div>\r\n                    <div class = \"td-button td-item6\">\r\n                        <div class = \"td-border\"><\/div>\r\n                    <\/div>\r\n                    <div class = \"td-button td-item7\">\r\n                        <div class = \"td-border\"><\/div>\r\n                    <\/div>\r\n                    <div class = \"td-button td-item8\">\r\n                        <div class = \"td-border\"><\/div>\r\n                    <\/div>\r\n                    <div class = \"td-button td-item9\">\r\n                        <div class = \"td-border\"><\/div>\r\n                    <\/div>\r\n                            <\/div>\r\n                        <\/div>\r\n\r\n                    <\/div>\r\n\r\n                <\/div>\r\n                \n<h3>Die Skiregion Adelboden-Lenk ist international vielfach ausgezeichnet<\/h3>\n<p>Die Skiregion Adelboden-Lenk wurde international ausgezeichnet. Dabei geht es um die Pr\u00e4parierung der Pisten und Loipen genauso wie um die Vielseitigkeit der <a href=\"https:\/\/lenk-bergbahnen.ch\/winter\/\" target=\"_blank\" rel=\"noopener noreferrer\"><span style=\"text-decoration: underline;\">Angebote<\/span><\/a>, die Zuverl\u00e4ssigkeit der Lenk Bergbahnen, das Platzangebot auf den <a href=\"https:\/\/lenk-bergbahnen.ch\/berge\/\" target=\"_blank\" rel=\"noopener noreferrer\"><span style=\"text-decoration: underline;\">Pisten<\/span><\/a> und die Gastfreundlichkeit der Einwohner in der Region.<\/p>\n<p>Auch Familienfreundlichkeit, Sicherheit und die Vielfalt der Angebote stehen immer wieder auf dem Pr\u00fcfstand und sind vielfach ausgezeichnet worden. So ist die Skiregion Adelboden-Lenk sowohl 2016 als auch 2017 bei Best Skiresort ganz vorn gelistet und zeigt sich auch in den G\u00e4stebewertungen mit \u00fcberdurchschnittlich guten Werten.<\/p>\n<p><a href=\"https:\/\/www.ausflugsziele-schweiz.ch\/wp-content\/uploads\/2018\/10\/Skiregion_Adelboden-Lenk-27.jpg\"><img loading=\"lazy\" decoding=\"async\" class=\"aligncenter size-full wp-image-117289\" src=\"https:\/\/www.ausflugsziele-schweiz.ch\/wp-content\/uploads\/2018\/10\/Skiregion_Adelboden-Lenk-27.jpg\" alt=\"\" width=\"1200\" height=\"800\" srcset=\"https:\/\/www.ausflugsziele-schweiz.ch\/wp-content\/uploads\/2018\/10\/Skiregion_Adelboden-Lenk-27.jpg 1200w, https:\/\/www.ausflugsziele-schweiz.ch\/wp-content\/uploads\/2018\/10\/Skiregion_Adelboden-Lenk-27-800x533.jpg 800w, https:\/\/www.ausflugsziele-schweiz.ch\/wp-content\/uploads\/2018\/10\/Skiregion_Adelboden-Lenk-27-1024x683.jpg 1024w, https:\/\/www.ausflugsziele-schweiz.ch\/wp-content\/uploads\/2018\/10\/Skiregion_Adelboden-Lenk-27-768x512.jpg 768w, https:\/\/www.ausflugsziele-schweiz.ch\/wp-content\/uploads\/2018\/10\/Skiregion_Adelboden-Lenk-27-696x464.jpg 696w, https:\/\/www.ausflugsziele-schweiz.ch\/wp-content\/uploads\/2018\/10\/Skiregion_Adelboden-Lenk-27-1068x712.jpg 1068w, https:\/\/www.ausflugsziele-schweiz.ch\/wp-content\/uploads\/2018\/10\/Skiregion_Adelboden-Lenk-27-630x420.jpg 630w\" sizes=\"auto, (max-width: 1200px) 100vw, 1200px\" \/><\/a><\/p>\n\r\n                <style type=\"text\/css\">\r\n                    \r\n                    #tdi_3  .td-doubleSlider-2 .td-item1 {\r\n                        background: url(https:\/\/www.ausflugsziele-schweiz.ch\/wp-content\/uploads\/2018\/10\/Skiregion_Adelboden-Lenk-14-1024x683-80x60.jpg) 0 0 no-repeat;\r\n                    }\r\n                    #tdi_3  .td-doubleSlider-2 .td-item2 {\r\n                        background: url(https:\/\/www.ausflugsziele-schweiz.ch\/wp-content\/uploads\/2018\/10\/Skiregion_Adelboden-Lenk-17-1024x683-80x60.jpg) 0 0 no-repeat;\r\n                    }\r\n                <\/style>\r\n\r\n                <div id=\"tdi_3\" class=\"td-gallery td-slide-on-2-columns\">\r\n                    <div class=\"post_td_gallery\">\r\n                        <div class=\"td-gallery-slide-top\">\r\n                           <div class=\"td-gallery-title\"><\/div>\r\n\r\n                            <div class=\"td-gallery-controls-wrapper\">\r\n                                <div class=\"td-gallery-slide-count\"><span class=\"td-gallery-slide-item-focus\">1<\/span> of 2<\/div>\r\n                                <div class=\"td-gallery-slide-prev-next-but\">\r\n                                    <i class = \"td-icon-left doubleSliderPrevButton\"><\/i>\r\n                                    <i class = \"td-icon-right doubleSliderNextButton\"><\/i>\r\n                                <\/div>\r\n                            <\/div>\r\n                        <\/div>\r\n\r\n                        <div class = \"td-doubleSlider-1 \">\r\n                            <div class = \"td-slider\">\r\n                                \r\n                    <div class = \"td-slide-item td-item1\">\r\n                        <figure class=\"td-slide-galery-figure td-slide-popup-gallery\">\r\n                            <a class=\"slide-gallery-image-link\" href=\"https:\/\/www.ausflugsziele-schweiz.ch\/wp-content\/uploads\/2018\/10\/Skiregion_Adelboden-Lenk-14-1024x683.jpg\" title=\"Skiregion Adelboden Lenk 14 1024x683\"  data-caption=\"Skiregion Adelboden Lenk 14 1024x683\"  data-description=\"Skiregion Adelboden Lenk 14 1024x683\">\r\n                                <img decoding=\"async\" src=\"https:\/\/www.ausflugsziele-schweiz.ch\/wp-content\/uploads\/2018\/10\/Skiregion_Adelboden-Lenk-14-1024x683-630x420.jpg\" srcset=\"https:\/\/www.ausflugsziele-schweiz.ch\/wp-content\/uploads\/2018\/10\/Skiregion_Adelboden-Lenk-14-1024x683-630x420.jpg 630w, https:\/\/www.ausflugsziele-schweiz.ch\/wp-content\/uploads\/2018\/10\/Skiregion_Adelboden-Lenk-14-1024x683-800x533.jpg 800w, https:\/\/www.ausflugsziele-schweiz.ch\/wp-content\/uploads\/2018\/10\/Skiregion_Adelboden-Lenk-14-1024x683-768x512.jpg 768w, https:\/\/www.ausflugsziele-schweiz.ch\/wp-content\/uploads\/2018\/10\/Skiregion_Adelboden-Lenk-14-1024x683-696x464.jpg 696w, https:\/\/www.ausflugsziele-schweiz.ch\/wp-content\/uploads\/2018\/10\/Skiregion_Adelboden-Lenk-14-1024x683.jpg 1024w\" sizes=\"(max-width: 630px) 100vw, 630px\" alt=\"Skiregion Adelboden Lenk 14 1024x683\">\r\n                            <\/a>\r\n                            <figcaption class = \"td-slide-caption td-gallery-slide-content\"><div class = \"td-gallery-slide-copywrite\">Skiregion Adelboden Lenk 14 1024x683<\/div><span>Skiregion Adelboden Lenk 14 1024x683<\/span><\/figcaption>\r\n                        <\/figure>\r\n                    <\/div>\r\n                    <div class = \"td-slide-item td-item2\">\r\n                        <figure class=\"td-slide-galery-figure td-slide-popup-gallery\">\r\n                            <a class=\"slide-gallery-image-link\" href=\"https:\/\/www.ausflugsziele-schweiz.ch\/wp-content\/uploads\/2018\/10\/Skiregion_Adelboden-Lenk-17-1024x683.jpg\" title=\"Skiregion Adelboden Lenk 17 1024x683\"  data-caption=\"Skiregion Adelboden Lenk 17 1024x683\"  data-description=\"Skiregion Adelboden Lenk 17 1024x683\">\r\n                                <img decoding=\"async\" src=\"https:\/\/www.ausflugsziele-schweiz.ch\/wp-content\/uploads\/2018\/10\/Skiregion_Adelboden-Lenk-17-1024x683-630x420.jpg\" srcset=\"https:\/\/www.ausflugsziele-schweiz.ch\/wp-content\/uploads\/2018\/10\/Skiregion_Adelboden-Lenk-17-1024x683-630x420.jpg 630w, https:\/\/www.ausflugsziele-schweiz.ch\/wp-content\/uploads\/2018\/10\/Skiregion_Adelboden-Lenk-17-1024x683-800x533.jpg 800w, https:\/\/www.ausflugsziele-schweiz.ch\/wp-content\/uploads\/2018\/10\/Skiregion_Adelboden-Lenk-17-1024x683-768x512.jpg 768w, https:\/\/www.ausflugsziele-schweiz.ch\/wp-content\/uploads\/2018\/10\/Skiregion_Adelboden-Lenk-17-1024x683-696x464.jpg 696w, https:\/\/www.ausflugsziele-schweiz.ch\/wp-content\/uploads\/2018\/10\/Skiregion_Adelboden-Lenk-17-1024x683.jpg 1024w\" sizes=\"(max-width: 630px) 100vw, 630px\" alt=\"Skiregion Adelboden Lenk 17 1024x683\">\r\n                            <\/a>\r\n                            <figcaption class = \"td-slide-caption td-gallery-slide-content\"><div class = \"td-gallery-slide-copywrite\">Skiregion Adelboden Lenk 17 1024x683<\/div><span>Skiregion Adelboden Lenk 17 1024x683<\/span><\/figcaption>\r\n                        <\/figure>\r\n                    <\/div>\r\n                            <\/div>\r\n                        <\/div>\r\n\r\n                        <div class = \"td-doubleSlider-2\">\r\n                            <div class = \"td-slider\">\r\n                                \r\n                    <div class = \"td-button td-item1\">\r\n                        <div class = \"td-border\"><\/div>\r\n                    <\/div>\r\n                    <div class = \"td-button td-item2\">\r\n                        <div class = \"td-border\"><\/div>\r\n                    <\/div>\r\n                            <\/div>\r\n                        <\/div>\r\n\r\n                    <\/div>\r\n\r\n                <\/div>\r\n                \n<p><a href=\"https:\/\/lenk-bergbahnen.ch\/winter\/ski-snowboard\" target=\"_blank\" rel=\"noopener noreferrer\">Ski &amp; Snowboard<\/a> |\u00a0<a href=\"https:\/\/lenk-bergbahnen.ch\/winterwandern\" target=\"_blank\" rel=\"noopener noreferrer\">Winterwandern<\/a> | <a href=\"https:\/\/lenk-bergbahnen.ch\/winter\/schlitteln\" target=\"_blank\" rel=\"noopener noreferrer\">Schlitteln<\/a> | <a href=\"https:\/\/lenk-bergbahnen.ch\/winter\/airboard\" target=\"_blank\" rel=\"noopener noreferrer\">Airboard<\/a> | <a href=\"https:\/\/lenk-bergbahnen.ch\/winter\/langlauf\" target=\"_blank\" rel=\"noopener noreferrer\">Langlauf<\/a> | <a href=\"https:\/\/lenk-bergbahnen.ch\/winter\/gleitschirm\" target=\"_blank\" rel=\"noopener noreferrer\">Gleitschirm<\/a> | <a href=\"https:\/\/lenk-bergbahnen.ch\/winter\/fatbike-mauren\" target=\"_blank\" rel=\"noopener noreferrer\">Fatbike Mauren<\/a><\/p>\n<p><strong>Wenn Sie jetzt schon Lust auf Ihre Ferien im Simmental bekommen haben, k\u00f6nnen Sie sich Ihre Winterferien am Betelberg schon zeitig sichern.<\/strong><\/p>\n","protected":false},"excerpt":{"rendered":"<p>Der Betelberg ist l\u00e4ngst kein Geheimtipp mehr F\u00fcr Kenner war der Betelberg Lenk \u00fcber lange Zeit hinweg ein Geheimtipp. L\u00e4ngst hat er seine Geheimnisse f\u00fcr die Skiferien freigegeben und l\u00e4dt Besucher zu unvergesslichen und vor allem abwechslungsreichen Winterferien ein. Wenn am Betelberg die Sonne aufgeht &#8230; dann warten die ausgezeichneten Pisten der Lenk Bergbahnen bereits [&hellip;]<\/p>\n","protected":false},"author":7,"featured_media":117250,"comment_status":"closed","ping_status":"closed","sticky":false,"template":"","format":"standard","meta":{"_acf_changed":false,"footnotes":""},"categories":[569,570],"tags":[2561,3266,3267,2568,2567,2551,2565,2029,1996,2180,2088,2142,2236,2562,2564,2570,2569,3268,2039,2563,2566,2429,2139],"class_list":{"0":"post-3793","1":"post","2":"type-post","3":"status-publish","4":"format-standard","5":"has-post-thumbnail","7":"category-bahn-schiff-winter","8":"category-bergbahnen-bahnen","9":"tag-adelboden-lenk","10":"tag-betelberg-winter","11":"tag-erlebnisse-winter","12":"tag-ferienangebote","13":"tag-ferienunterkuenfte","14":"tag-geheimtipp","15":"tag-lenk-bergbahnen","16":"tag-pisten","17":"tag-schlitteln","18":"tag-schneeschuh","19":"tag-schneeschuhwandern","20":"tag-skifahren","21":"tag-skiferien","22":"tag-skiregion","23":"tag-skiregion-adelboden-lenk","24":"tag-skiresort","25":"tag-tourismusbetriebe","26":"tag-wandern-winter","27":"tag-winterferien","28":"tag-wintersportberg","29":"tag-wintersportgebiet","30":"tag-winterurlaub","31":"tag-winterurlaub-in-der-schweiz"},"acf":[],"yoast_head":"<!-- This site is optimized with the Yoast SEO plugin v27.5 - https:\/\/yoast.com\/product\/yoast-seo-wordpress\/ -->\n<title>An der Lenk die sch\u00f6nsten Winterferien in der Schweiz erleben<\/title>\n<meta name=\"description\" content=\"Der Betelberg ist l\u00e4ngst kein Geheimtipp mehr. F\u00fcr Kenner war der Betelberg Lenk \u00fcber lange Zeit hinweg ein Geheimtipp. L\u00e4ngst hat er seine Geheimnisse f\u00fcr die Skiferien freigegeben und l\u00e4dt Besucher zu unvergesslichen und vor allem abwechslungsreichen Winterferien ein.\" \/>\n<meta name=\"robots\" content=\"index, follow, max-snippet:-1, max-image-preview:large, max-video-preview:-1\" \/>\n<link rel=\"canonical\" href=\"https:\/\/www.ausflugsziele-schweiz.ch\/winter\/in-der-skiregion-adelboden-lenk-die-schoensten-winterferien-in-der-schweiz-erleben\/\" \/>\n<meta property=\"og:locale\" content=\"en_US\" \/>\n<meta property=\"og:type\" content=\"article\" \/>\n<meta property=\"og:title\" content=\"An der Lenk die sch\u00f6nsten Winterferien in der Schweiz erleben\" \/>\n<meta property=\"og:description\" content=\"Der Betelberg ist l\u00e4ngst kein Geheimtipp mehr. F\u00fcr Kenner war der Betelberg Lenk \u00fcber lange Zeit hinweg ein Geheimtipp. L\u00e4ngst hat er seine Geheimnisse f\u00fcr die Skiferien freigegeben und l\u00e4dt Besucher zu unvergesslichen und vor allem abwechslungsreichen Winterferien ein.\" \/>\n<meta property=\"og:url\" content=\"https:\/\/www.ausflugsziele-schweiz.ch\/winter\/in-der-skiregion-adelboden-lenk-die-schoensten-winterferien-in-der-schweiz-erleben\/\" \/>\n<meta property=\"og:site_name\" content=\"Ausflugsziele\" \/>\n<meta property=\"article:publisher\" content=\"https:\/\/www.facebook.com\/ausflugszieleschweiz\/\" \/>\n<meta property=\"article:published_time\" content=\"2018-10-29T07:20:51+00:00\" \/>\n<meta property=\"article:modified_time\" content=\"2022-04-04T16:32:56+00:00\" \/>\n<meta property=\"og:image\" content=\"https:\/\/www.ausflugsziele-schweiz.ch\/wp-content\/uploads\/2018\/10\/in-der-skiregion-adelboden-lenk-die-schoensten-winterferien-in-der-schweiz-erleben.jpg\" \/>\n\t<meta property=\"og:image:width\" content=\"1400\" \/>\n\t<meta property=\"og:image:height\" content=\"933\" \/>\n\t<meta property=\"og:image:type\" content=\"image\/jpeg\" \/>\n<meta name=\"author\" content=\"imatrix\" \/>\n<meta name=\"twitter:card\" content=\"summary_large_image\" \/>\n<meta name=\"twitter:label1\" content=\"Written by\" \/>\n\t<meta name=\"twitter:data1\" content=\"imatrix\" \/>\n\t<meta name=\"twitter:label2\" content=\"Est. reading time\" \/>\n\t<meta name=\"twitter:data2\" content=\"2 minutes\" \/>\n<script type=\"application\/ld+json\" class=\"yoast-schema-graph\">{\"@context\":\"https:\\\/\\\/schema.org\",\"@graph\":[{\"@type\":\"Article\",\"@id\":\"https:\\\/\\\/www.ausflugsziele-schweiz.ch\\\/winter\\\/in-der-skiregion-adelboden-lenk-die-schoensten-winterferien-in-der-schweiz-erleben\\\/#article\",\"isPartOf\":{\"@id\":\"https:\\\/\\\/www.ausflugsziele-schweiz.ch\\\/winter\\\/in-der-skiregion-adelboden-lenk-die-schoensten-winterferien-in-der-schweiz-erleben\\\/\"},\"author\":{\"name\":\"imatrix\",\"@id\":\"https:\\\/\\\/www.ausflugsziele-schweiz.ch\\\/winter\\\/#\\\/schema\\\/person\\\/c57c323f187c389c84ea15885ffe79f1\"},\"headline\":\"An der Lenk die sch\u00f6nsten Winterferien in der Schweiz erleben\",\"datePublished\":\"2018-10-29T07:20:51+00:00\",\"dateModified\":\"2022-04-04T16:32:56+00:00\",\"mainEntityOfPage\":{\"@id\":\"https:\\\/\\\/www.ausflugsziele-schweiz.ch\\\/winter\\\/in-der-skiregion-adelboden-lenk-die-schoensten-winterferien-in-der-schweiz-erleben\\\/\"},\"wordCount\":376,\"publisher\":{\"@id\":\"https:\\\/\\\/www.ausflugsziele-schweiz.ch\\\/winter\\\/#organization\"},\"image\":{\"@id\":\"https:\\\/\\\/www.ausflugsziele-schweiz.ch\\\/winter\\\/in-der-skiregion-adelboden-lenk-die-schoensten-winterferien-in-der-schweiz-erleben\\\/#primaryimage\"},\"thumbnailUrl\":\"https:\\\/\\\/www.ausflugsziele-schweiz.ch\\\/wp-content\\\/uploads\\\/2018\\\/10\\\/in-der-skiregion-adelboden-lenk-die-schoensten-winterferien-in-der-schweiz-erleben.jpg\",\"keywords\":[\"Adelboden \u2013 Lenk\",\"Betelberg\",\"Erlebnisse\",\"Ferienangebote\",\"Ferienunterk\u00fcnfte\",\"Geheimtipp\",\"Lenk Bergbahnen\",\"Pisten\",\"Schlitteln\",\"Schneeschuh\",\"Schneeschuhwandern\",\"Skifahren\",\"Skiferien\",\"Skiregion\",\"Skiregion Adelboden-Lenk\",\"Skiresort\",\"Tourismusbetriebe\",\"Wandern\",\"Winterferien\",\"Wintersportberg\",\"Wintersportgebiet\",\"Winterurlaub\",\"Winterurlaub in der Schweiz\"],\"articleSection\":[\"Bahn &amp; Schiff\",\"Bergbahnen &amp; Bahnen\"],\"inLanguage\":\"wi-NT\"},{\"@type\":\"WebPage\",\"@id\":\"https:\\\/\\\/www.ausflugsziele-schweiz.ch\\\/winter\\\/in-der-skiregion-adelboden-lenk-die-schoensten-winterferien-in-der-schweiz-erleben\\\/\",\"url\":\"https:\\\/\\\/www.ausflugsziele-schweiz.ch\\\/winter\\\/in-der-skiregion-adelboden-lenk-die-schoensten-winterferien-in-der-schweiz-erleben\\\/\",\"name\":\"An der Lenk die sch\u00f6nsten Winterferien in der Schweiz erleben\",\"isPartOf\":{\"@id\":\"https:\\\/\\\/www.ausflugsziele-schweiz.ch\\\/winter\\\/#website\"},\"primaryImageOfPage\":{\"@id\":\"https:\\\/\\\/www.ausflugsziele-schweiz.ch\\\/winter\\\/in-der-skiregion-adelboden-lenk-die-schoensten-winterferien-in-der-schweiz-erleben\\\/#primaryimage\"},\"image\":{\"@id\":\"https:\\\/\\\/www.ausflugsziele-schweiz.ch\\\/winter\\\/in-der-skiregion-adelboden-lenk-die-schoensten-winterferien-in-der-schweiz-erleben\\\/#primaryimage\"},\"thumbnailUrl\":\"https:\\\/\\\/www.ausflugsziele-schweiz.ch\\\/wp-content\\\/uploads\\\/2018\\\/10\\\/in-der-skiregion-adelboden-lenk-die-schoensten-winterferien-in-der-schweiz-erleben.jpg\",\"datePublished\":\"2018-10-29T07:20:51+00:00\",\"dateModified\":\"2022-04-04T16:32:56+00:00\",\"description\":\"Der Betelberg ist l\u00e4ngst kein Geheimtipp mehr. F\u00fcr Kenner war der Betelberg Lenk \u00fcber lange Zeit hinweg ein Geheimtipp. L\u00e4ngst hat er seine Geheimnisse f\u00fcr die Skiferien freigegeben und l\u00e4dt Besucher zu unvergesslichen und vor allem abwechslungsreichen Winterferien ein.\",\"breadcrumb\":{\"@id\":\"https:\\\/\\\/www.ausflugsziele-schweiz.ch\\\/winter\\\/in-der-skiregion-adelboden-lenk-die-schoensten-winterferien-in-der-schweiz-erleben\\\/#breadcrumb\"},\"inLanguage\":\"wi-NT\",\"potentialAction\":[{\"@type\":\"ReadAction\",\"target\":[\"https:\\\/\\\/www.ausflugsziele-schweiz.ch\\\/winter\\\/in-der-skiregion-adelboden-lenk-die-schoensten-winterferien-in-der-schweiz-erleben\\\/\"]}]},{\"@type\":\"ImageObject\",\"inLanguage\":\"wi-NT\",\"@id\":\"https:\\\/\\\/www.ausflugsziele-schweiz.ch\\\/winter\\\/in-der-skiregion-adelboden-lenk-die-schoensten-winterferien-in-der-schweiz-erleben\\\/#primaryimage\",\"url\":\"https:\\\/\\\/www.ausflugsziele-schweiz.ch\\\/wp-content\\\/uploads\\\/2018\\\/10\\\/in-der-skiregion-adelboden-lenk-die-schoensten-winterferien-in-der-schweiz-erleben.jpg\",\"contentUrl\":\"https:\\\/\\\/www.ausflugsziele-schweiz.ch\\\/wp-content\\\/uploads\\\/2018\\\/10\\\/in-der-skiregion-adelboden-lenk-die-schoensten-winterferien-in-der-schweiz-erleben.jpg\",\"width\":1400,\"height\":933,\"caption\":\"in der skiregion adelboden lenk die schoensten winterferien in der schweiz erleben\"},{\"@type\":\"BreadcrumbList\",\"@id\":\"https:\\\/\\\/www.ausflugsziele-schweiz.ch\\\/winter\\\/in-der-skiregion-adelboden-lenk-die-schoensten-winterferien-in-der-schweiz-erleben\\\/#breadcrumb\",\"itemListElement\":[{\"@type\":\"ListItem\",\"position\":1,\"name\":\"Home\",\"item\":\"https:\\\/\\\/www.ausflugsziele-schweiz.ch\\\/winter\\\/\"},{\"@type\":\"ListItem\",\"position\":2,\"name\":\"An der Lenk die sch\u00f6nsten Winterferien in der Schweiz erleben\"}]},{\"@type\":\"WebSite\",\"@id\":\"https:\\\/\\\/www.ausflugsziele-schweiz.ch\\\/winter\\\/#website\",\"url\":\"https:\\\/\\\/www.ausflugsziele-schweiz.ch\\\/winter\\\/\",\"name\":\"Ausflugsziele\",\"description\":\"ausflugsziele-schweiz.ch\",\"publisher\":{\"@id\":\"https:\\\/\\\/www.ausflugsziele-schweiz.ch\\\/winter\\\/#organization\"},\"alternateName\":\"Entdecke die sch\u00f6nsten Erlebnisse der Schweiz.\",\"potentialAction\":[{\"@type\":\"SearchAction\",\"target\":{\"@type\":\"EntryPoint\",\"urlTemplate\":\"https:\\\/\\\/www.ausflugsziele-schweiz.ch\\\/winter\\\/?s={search_term_string}\"},\"query-input\":{\"@type\":\"PropertyValueSpecification\",\"valueRequired\":true,\"valueName\":\"search_term_string\"}}],\"inLanguage\":\"wi-NT\"},{\"@type\":\"Organization\",\"@id\":\"https:\\\/\\\/www.ausflugsziele-schweiz.ch\\\/winter\\\/#organization\",\"name\":\"Ausflugsziele Schweiz\",\"alternateName\":\"Entdecke die sch\u00f6nsten Erlebnisse der Schweiz.\",\"url\":\"https:\\\/\\\/www.ausflugsziele-schweiz.ch\\\/winter\\\/\",\"logo\":{\"@type\":\"ImageObject\",\"inLanguage\":\"wi-NT\",\"@id\":\"https:\\\/\\\/www.ausflugsziele-schweiz.ch\\\/winter\\\/#\\\/schema\\\/logo\\\/image\\\/\",\"url\":\"https:\\\/\\\/www.ausflugsziele-schweiz.ch\\\/wp-content\\\/uploads\\\/2022\\\/03\\\/icon-1.png\",\"contentUrl\":\"https:\\\/\\\/www.ausflugsziele-schweiz.ch\\\/wp-content\\\/uploads\\\/2022\\\/03\\\/icon-1.png\",\"width\":600,\"height\":600,\"caption\":\"Ausflugsziele Schweiz\"},\"image\":{\"@id\":\"https:\\\/\\\/www.ausflugsziele-schweiz.ch\\\/winter\\\/#\\\/schema\\\/logo\\\/image\\\/\"},\"sameAs\":[\"https:\\\/\\\/www.facebook.com\\\/ausflugszieleschweiz\\\/\"]},{\"@type\":\"Person\",\"@id\":\"https:\\\/\\\/www.ausflugsziele-schweiz.ch\\\/winter\\\/#\\\/schema\\\/person\\\/c57c323f187c389c84ea15885ffe79f1\",\"name\":\"imatrix\",\"image\":{\"@type\":\"ImageObject\",\"inLanguage\":\"wi-NT\",\"@id\":\"https:\\\/\\\/secure.gravatar.com\\\/avatar\\\/d8860d2cdda3de8e09895767394557b234c0e6ad1a80b3b7ccfec03df1a6a41b?s=96&d=retro&r=g\",\"url\":\"https:\\\/\\\/secure.gravatar.com\\\/avatar\\\/d8860d2cdda3de8e09895767394557b234c0e6ad1a80b3b7ccfec03df1a6a41b?s=96&d=retro&r=g\",\"contentUrl\":\"https:\\\/\\\/secure.gravatar.com\\\/avatar\\\/d8860d2cdda3de8e09895767394557b234c0e6ad1a80b3b7ccfec03df1a6a41b?s=96&d=retro&r=g\",\"caption\":\"imatrix\"},\"url\":\"https:\\\/\\\/www.ausflugsziele-schweiz.ch\\\/winter\\\/author\\\/imatrix\\\/\"}]}<\/script>\n<!-- \/ Yoast SEO plugin. -->","yoast_head_json":{"title":"An der Lenk die sch\u00f6nsten Winterferien in der Schweiz erleben","description":"Der Betelberg ist l\u00e4ngst kein Geheimtipp mehr. F\u00fcr Kenner war der Betelberg Lenk \u00fcber lange Zeit hinweg ein Geheimtipp. L\u00e4ngst hat er seine Geheimnisse f\u00fcr die Skiferien freigegeben und l\u00e4dt Besucher zu unvergesslichen und vor allem abwechslungsreichen Winterferien ein.","robots":{"index":"index","follow":"follow","max-snippet":"max-snippet:-1","max-image-preview":"max-image-preview:large","max-video-preview":"max-video-preview:-1"},"canonical":"https:\/\/www.ausflugsziele-schweiz.ch\/winter\/in-der-skiregion-adelboden-lenk-die-schoensten-winterferien-in-der-schweiz-erleben\/","og_locale":"en_US","og_type":"article","og_title":"An der Lenk die sch\u00f6nsten Winterferien in der Schweiz erleben","og_description":"Der Betelberg ist l\u00e4ngst kein Geheimtipp mehr. F\u00fcr Kenner war der Betelberg Lenk \u00fcber lange Zeit hinweg ein Geheimtipp. L\u00e4ngst hat er seine Geheimnisse f\u00fcr die Skiferien freigegeben und l\u00e4dt Besucher zu unvergesslichen und vor allem abwechslungsreichen Winterferien ein.","og_url":"https:\/\/www.ausflugsziele-schweiz.ch\/winter\/in-der-skiregion-adelboden-lenk-die-schoensten-winterferien-in-der-schweiz-erleben\/","og_site_name":"Ausflugsziele","article_publisher":"https:\/\/www.facebook.com\/ausflugszieleschweiz\/","article_published_time":"2018-10-29T07:20:51+00:00","article_modified_time":"2022-04-04T16:32:56+00:00","og_image":[{"width":1400,"height":933,"url":"https:\/\/www.ausflugsziele-schweiz.ch\/wp-content\/uploads\/2018\/10\/in-der-skiregion-adelboden-lenk-die-schoensten-winterferien-in-der-schweiz-erleben.jpg","type":"image\/jpeg"}],"author":"imatrix","twitter_card":"summary_large_image","twitter_misc":{"Written by":"imatrix","Est. reading time":"2 minutes"},"schema":{"@context":"https:\/\/schema.org","@graph":[{"@type":"Article","@id":"https:\/\/www.ausflugsziele-schweiz.ch\/winter\/in-der-skiregion-adelboden-lenk-die-schoensten-winterferien-in-der-schweiz-erleben\/#article","isPartOf":{"@id":"https:\/\/www.ausflugsziele-schweiz.ch\/winter\/in-der-skiregion-adelboden-lenk-die-schoensten-winterferien-in-der-schweiz-erleben\/"},"author":{"name":"imatrix","@id":"https:\/\/www.ausflugsziele-schweiz.ch\/winter\/#\/schema\/person\/c57c323f187c389c84ea15885ffe79f1"},"headline":"An der Lenk die sch\u00f6nsten Winterferien in der Schweiz erleben","datePublished":"2018-10-29T07:20:51+00:00","dateModified":"2022-04-04T16:32:56+00:00","mainEntityOfPage":{"@id":"https:\/\/www.ausflugsziele-schweiz.ch\/winter\/in-der-skiregion-adelboden-lenk-die-schoensten-winterferien-in-der-schweiz-erleben\/"},"wordCount":376,"publisher":{"@id":"https:\/\/www.ausflugsziele-schweiz.ch\/winter\/#organization"},"image":{"@id":"https:\/\/www.ausflugsziele-schweiz.ch\/winter\/in-der-skiregion-adelboden-lenk-die-schoensten-winterferien-in-der-schweiz-erleben\/#primaryimage"},"thumbnailUrl":"https:\/\/www.ausflugsziele-schweiz.ch\/wp-content\/uploads\/2018\/10\/in-der-skiregion-adelboden-lenk-die-schoensten-winterferien-in-der-schweiz-erleben.jpg","keywords":["Adelboden \u2013 Lenk","Betelberg","Erlebnisse","Ferienangebote","Ferienunterk\u00fcnfte","Geheimtipp","Lenk Bergbahnen","Pisten","Schlitteln","Schneeschuh","Schneeschuhwandern","Skifahren","Skiferien","Skiregion","Skiregion Adelboden-Lenk","Skiresort","Tourismusbetriebe","Wandern","Winterferien","Wintersportberg","Wintersportgebiet","Winterurlaub","Winterurlaub in der Schweiz"],"articleSection":["Bahn &amp; Schiff","Bergbahnen &amp; Bahnen"],"inLanguage":"wi-NT"},{"@type":"WebPage","@id":"https:\/\/www.ausflugsziele-schweiz.ch\/winter\/in-der-skiregion-adelboden-lenk-die-schoensten-winterferien-in-der-schweiz-erleben\/","url":"https:\/\/www.ausflugsziele-schweiz.ch\/winter\/in-der-skiregion-adelboden-lenk-die-schoensten-winterferien-in-der-schweiz-erleben\/","name":"An der Lenk die sch\u00f6nsten Winterferien in der Schweiz erleben","isPartOf":{"@id":"https:\/\/www.ausflugsziele-schweiz.ch\/winter\/#website"},"primaryImageOfPage":{"@id":"https:\/\/www.ausflugsziele-schweiz.ch\/winter\/in-der-skiregion-adelboden-lenk-die-schoensten-winterferien-in-der-schweiz-erleben\/#primaryimage"},"image":{"@id":"https:\/\/www.ausflugsziele-schweiz.ch\/winter\/in-der-skiregion-adelboden-lenk-die-schoensten-winterferien-in-der-schweiz-erleben\/#primaryimage"},"thumbnailUrl":"https:\/\/www.ausflugsziele-schweiz.ch\/wp-content\/uploads\/2018\/10\/in-der-skiregion-adelboden-lenk-die-schoensten-winterferien-in-der-schweiz-erleben.jpg","datePublished":"2018-10-29T07:20:51+00:00","dateModified":"2022-04-04T16:32:56+00:00","description":"Der Betelberg ist l\u00e4ngst kein Geheimtipp mehr. F\u00fcr Kenner war der Betelberg Lenk \u00fcber lange Zeit hinweg ein Geheimtipp. L\u00e4ngst hat er seine Geheimnisse f\u00fcr die Skiferien freigegeben und l\u00e4dt Besucher zu unvergesslichen und vor allem abwechslungsreichen Winterferien ein.","breadcrumb":{"@id":"https:\/\/www.ausflugsziele-schweiz.ch\/winter\/in-der-skiregion-adelboden-lenk-die-schoensten-winterferien-in-der-schweiz-erleben\/#breadcrumb"},"inLanguage":"wi-NT","potentialAction":[{"@type":"ReadAction","target":["https:\/\/www.ausflugsziele-schweiz.ch\/winter\/in-der-skiregion-adelboden-lenk-die-schoensten-winterferien-in-der-schweiz-erleben\/"]}]},{"@type":"ImageObject","inLanguage":"wi-NT","@id":"https:\/\/www.ausflugsziele-schweiz.ch\/winter\/in-der-skiregion-adelboden-lenk-die-schoensten-winterferien-in-der-schweiz-erleben\/#primaryimage","url":"https:\/\/www.ausflugsziele-schweiz.ch\/wp-content\/uploads\/2018\/10\/in-der-skiregion-adelboden-lenk-die-schoensten-winterferien-in-der-schweiz-erleben.jpg","contentUrl":"https:\/\/www.ausflugsziele-schweiz.ch\/wp-content\/uploads\/2018\/10\/in-der-skiregion-adelboden-lenk-die-schoensten-winterferien-in-der-schweiz-erleben.jpg","width":1400,"height":933,"caption":"in der skiregion adelboden lenk die schoensten winterferien in der schweiz erleben"},{"@type":"BreadcrumbList","@id":"https:\/\/www.ausflugsziele-schweiz.ch\/winter\/in-der-skiregion-adelboden-lenk-die-schoensten-winterferien-in-der-schweiz-erleben\/#breadcrumb","itemListElement":[{"@type":"ListItem","position":1,"name":"Home","item":"https:\/\/www.ausflugsziele-schweiz.ch\/winter\/"},{"@type":"ListItem","position":2,"name":"An der Lenk die sch\u00f6nsten Winterferien in der Schweiz erleben"}]},{"@type":"WebSite","@id":"https:\/\/www.ausflugsziele-schweiz.ch\/winter\/#website","url":"https:\/\/www.ausflugsziele-schweiz.ch\/winter\/","name":"Ausflugsziele","description":"ausflugsziele-schweiz.ch","publisher":{"@id":"https:\/\/www.ausflugsziele-schweiz.ch\/winter\/#organization"},"alternateName":"Entdecke die sch\u00f6nsten Erlebnisse der Schweiz.","potentialAction":[{"@type":"SearchAction","target":{"@type":"EntryPoint","urlTemplate":"https:\/\/www.ausflugsziele-schweiz.ch\/winter\/?s={search_term_string}"},"query-input":{"@type":"PropertyValueSpecification","valueRequired":true,"valueName":"search_term_string"}}],"inLanguage":"wi-NT"},{"@type":"Organization","@id":"https:\/\/www.ausflugsziele-schweiz.ch\/winter\/#organization","name":"Ausflugsziele Schweiz","alternateName":"Entdecke die sch\u00f6nsten Erlebnisse der Schweiz.","url":"https:\/\/www.ausflugsziele-schweiz.ch\/winter\/","logo":{"@type":"ImageObject","inLanguage":"wi-NT","@id":"https:\/\/www.ausflugsziele-schweiz.ch\/winter\/#\/schema\/logo\/image\/","url":"https:\/\/www.ausflugsziele-schweiz.ch\/wp-content\/uploads\/2022\/03\/icon-1.png","contentUrl":"https:\/\/www.ausflugsziele-schweiz.ch\/wp-content\/uploads\/2022\/03\/icon-1.png","width":600,"height":600,"caption":"Ausflugsziele Schweiz"},"image":{"@id":"https:\/\/www.ausflugsziele-schweiz.ch\/winter\/#\/schema\/logo\/image\/"},"sameAs":["https:\/\/www.facebook.com\/ausflugszieleschweiz\/"]},{"@type":"Person","@id":"https:\/\/www.ausflugsziele-schweiz.ch\/winter\/#\/schema\/person\/c57c323f187c389c84ea15885ffe79f1","name":"imatrix","image":{"@type":"ImageObject","inLanguage":"wi-NT","@id":"https:\/\/secure.gravatar.com\/avatar\/d8860d2cdda3de8e09895767394557b234c0e6ad1a80b3b7ccfec03df1a6a41b?s=96&d=retro&r=g","url":"https:\/\/secure.gravatar.com\/avatar\/d8860d2cdda3de8e09895767394557b234c0e6ad1a80b3b7ccfec03df1a6a41b?s=96&d=retro&r=g","contentUrl":"https:\/\/secure.gravatar.com\/avatar\/d8860d2cdda3de8e09895767394557b234c0e6ad1a80b3b7ccfec03df1a6a41b?s=96&d=retro&r=g","caption":"imatrix"},"url":"https:\/\/www.ausflugsziele-schweiz.ch\/winter\/author\/imatrix\/"}]}},"_links":{"self":[{"href":"https:\/\/www.ausflugsziele-schweiz.ch\/winter\/wp-json\/wp\/v2\/posts\/3793","targetHints":{"allow":["GET"]}}],"collection":[{"href":"https:\/\/www.ausflugsziele-schweiz.ch\/winter\/wp-json\/wp\/v2\/posts"}],"about":[{"href":"https:\/\/www.ausflugsziele-schweiz.ch\/winter\/wp-json\/wp\/v2\/types\/post"}],"author":[{"embeddable":true,"href":"https:\/\/www.ausflugsziele-schweiz.ch\/winter\/wp-json\/wp\/v2\/users\/7"}],"replies":[{"embeddable":true,"href":"https:\/\/www.ausflugsziele-schweiz.ch\/winter\/wp-json\/wp\/v2\/comments?post=3793"}],"version-history":[{"count":0,"href":"https:\/\/www.ausflugsziele-schweiz.ch\/winter\/wp-json\/wp\/v2\/posts\/3793\/revisions"}],"wp:featuredmedia":[{"embeddable":true,"href":"https:\/\/www.ausflugsziele-schweiz.ch\/winter\/wp-json\/wp\/v2\/media\/117250"}],"wp:attachment":[{"href":"https:\/\/www.ausflugsziele-schweiz.ch\/winter\/wp-json\/wp\/v2\/media?parent=3793"}],"wp:term":[{"taxonomy":"category","embeddable":true,"href":"https:\/\/www.ausflugsziele-schweiz.ch\/winter\/wp-json\/wp\/v2\/categories?post=3793"},{"taxonomy":"post_tag","embeddable":true,"href":"https:\/\/www.ausflugsziele-schweiz.ch\/winter\/wp-json\/wp\/v2\/tags?post=3793"}],"curies":[{"name":"wp","href":"https:\/\/api.w.org\/{rel}","templated":true}]}}