{"id":4336,"date":"2018-10-29T08:30:50","date_gmt":"2018-10-29T07:30:50","guid":{"rendered":"https:\/\/www.ausflugsziele-schweiz.ch\/?p=4336"},"modified":"2019-12-06T12:33:09","modified_gmt":"2019-12-06T11:33:09","slug":"hotel-kernen-perfekte-winterferien-im-saanenland","status":"publish","type":"post","link":"https:\/\/www.ausflugsziele-schweiz.ch\/winter\/hotel-kernen-perfekte-winterferien-im-saanenland\/","title":{"rendered":"Hotel Kernen \u2013 Perfekte Winterferien im Saanenland"},"content":{"rendered":"<h3>Herzlich willkommen in Sch\u00f6nried-Gstaad!<\/h3>\n<p>Nach einer langen, \u00fcberaus erfolgreichen Karriere als Skifahrer lag es f\u00fcr den gelernten Koch Bruno Kernen auf der Hand, das familiengef\u00fchrte Hotel Bahnhof zu \u00fcbernehmen, welches seine Urgrosseltern einst in Sch\u00f6nried im herrlichen Berner Oberland gebaut hatten. Schon bald benannte er es in <a href=\"http:\/\/www.hotel-kernen.ch\" target=\"_blank\" rel=\"noopener noreferrer\"><span style=\"text-decoration: underline;\">Hotel Kernen<\/span><\/a> um. Seitdem geh\u00f6rt es zu den zehn besten Winterhotels mit drei Sternen. Kein Wunder, denn inmitten der malerischen Bergwelt verbinden sich die alpine Eleganz des Hauses, das grossz\u00fcgige <a href=\"https:\/\/www.hotel-kernen.ch\/de\/region\/aktivitaten-winter\/\" target=\"_blank\" rel=\"noopener noreferrer\"><span style=\"text-decoration: underline;\">Wintersportangebot<\/span><\/a> sowie der \u00fcberaus sympathische Service zu einem Urlaubserlebnis der Extraklasse.<\/p>\n\r\n                <style type=\"text\/css\">\r\n                    \r\n                    #tdi_1  .td-doubleSlider-2 .td-item1 {\r\n                        background: url(https:\/\/www.ausflugsziele-schweiz.ch\/wp-content\/uploads\/2018\/10\/DSC_1252-1024x640-80x60.jpg) 0 0 no-repeat;\r\n                    }\r\n                    #tdi_1  .td-doubleSlider-2 .td-item2 {\r\n                        background: url(https:\/\/www.ausflugsziele-schweiz.ch\/wp-content\/uploads\/2018\/10\/DSC_1411-1024x640-80x60.jpg) 0 0 no-repeat;\r\n                    }\r\n                    #tdi_1  .td-doubleSlider-2 .td-item3 {\r\n                        background: url(https:\/\/www.ausflugsziele-schweiz.ch\/wp-content\/uploads\/2018\/10\/DSC_9170-1024x600-80x60.jpg) 0 0 no-repeat;\r\n                    }\r\n                    #tdi_1  .td-doubleSlider-2 .td-item4 {\r\n                        background: url(https:\/\/www.ausflugsziele-schweiz.ch\/wp-content\/uploads\/2018\/10\/DZ-Eckzimmer-Sued-1024x576-80x60.jpg) 0 0 no-repeat;\r\n                    }\r\n                    #tdi_1  .td-doubleSlider-2 .td-item5 {\r\n                        background: url(https:\/\/www.ausflugsziele-schweiz.ch\/wp-content\/uploads\/2018\/10\/Hotel_schoenried_ferien_schoenried_urlaub_gstaad_berner_oberland_zimmer-2-1024x576-80x60.jpg) 0 0 no-repeat;\r\n                    }\r\n                    #tdi_1  .td-doubleSlider-2 .td-item6 {\r\n                        background: url(https:\/\/www.ausflugsziele-schweiz.ch\/wp-content\/uploads\/2018\/10\/hotel_schoenried_hotel_gstaad_urlaub_schoenried_ferien_schoenried_urlaub_berner_oberland_gastro-14-1024x576-80x60.jpg) 0 0 no-repeat;\r\n                    }\r\n                <\/style>\r\n\r\n                <div id=\"tdi_1\" class=\"td-gallery td-slide-on-2-columns\">\r\n                    <div class=\"post_td_gallery\">\r\n                        <div class=\"td-gallery-slide-top\">\r\n                           <div class=\"td-gallery-title\"><\/div>\r\n\r\n                            <div class=\"td-gallery-controls-wrapper\">\r\n                                <div class=\"td-gallery-slide-count\"><span class=\"td-gallery-slide-item-focus\">1<\/span> of 6<\/div>\r\n                                <div class=\"td-gallery-slide-prev-next-but\">\r\n                                    <i class = \"td-icon-left doubleSliderPrevButton\"><\/i>\r\n                                    <i class = \"td-icon-right doubleSliderNextButton\"><\/i>\r\n                                <\/div>\r\n                            <\/div>\r\n                        <\/div>\r\n\r\n                        <div class = \"td-doubleSlider-1 \">\r\n                            <div class = \"td-slider\">\r\n                                \r\n                    <div class = \"td-slide-item td-item1\">\r\n                        <figure class=\"td-slide-galery-figure td-slide-popup-gallery\">\r\n                            <a class=\"slide-gallery-image-link\" href=\"https:\/\/www.ausflugsziele-schweiz.ch\/wp-content\/uploads\/2018\/10\/DSC_1252-1024x640.jpg\" title=\"DSC 1252 1024x640\"  data-caption=\"DSC 1252 1024x640\"  data-description=\"DSC 1252 1024x640\">\r\n                                <img decoding=\"async\" src=\"https:\/\/www.ausflugsziele-schweiz.ch\/wp-content\/uploads\/2018\/10\/DSC_1252-1024x640-672x420.jpg\" srcset=\"https:\/\/www.ausflugsziele-schweiz.ch\/wp-content\/uploads\/2018\/10\/DSC_1252-1024x640-672x420.jpg 672w, https:\/\/www.ausflugsziele-schweiz.ch\/wp-content\/uploads\/2018\/10\/DSC_1252-1024x640-800x500.jpg 800w, https:\/\/www.ausflugsziele-schweiz.ch\/wp-content\/uploads\/2018\/10\/DSC_1252-1024x640-768x480.jpg 768w, https:\/\/www.ausflugsziele-schweiz.ch\/wp-content\/uploads\/2018\/10\/DSC_1252-1024x640-696x435.jpg 696w, https:\/\/www.ausflugsziele-schweiz.ch\/wp-content\/uploads\/2018\/10\/DSC_1252-1024x640.jpg 1024w\" sizes=\"(max-width: 672px) 100vw, 672px\" alt=\"DSC 1252 1024x640\">\r\n                            <\/a>\r\n                            <figcaption class = \"td-slide-caption td-gallery-slide-content\"><div class = \"td-gallery-slide-copywrite\">DSC 1252 1024x640<\/div><span>DSC 1252 1024x640<\/span><\/figcaption>\r\n                        <\/figure>\r\n                    <\/div>\r\n                    <div class = \"td-slide-item td-item2\">\r\n                        <figure class=\"td-slide-galery-figure td-slide-popup-gallery\">\r\n                            <a class=\"slide-gallery-image-link\" href=\"https:\/\/www.ausflugsziele-schweiz.ch\/wp-content\/uploads\/2018\/10\/DSC_1411-1024x640.jpg\" title=\"DSC 1411 1024x640\"  data-caption=\"DSC 1411 1024x640\"  data-description=\"DSC 1411 1024x640\">\r\n                                <img decoding=\"async\" src=\"https:\/\/www.ausflugsziele-schweiz.ch\/wp-content\/uploads\/2018\/10\/DSC_1411-1024x640-672x420.jpg\" srcset=\"https:\/\/www.ausflugsziele-schweiz.ch\/wp-content\/uploads\/2018\/10\/DSC_1411-1024x640-672x420.jpg 672w, https:\/\/www.ausflugsziele-schweiz.ch\/wp-content\/uploads\/2018\/10\/DSC_1411-1024x640-800x500.jpg 800w, https:\/\/www.ausflugsziele-schweiz.ch\/wp-content\/uploads\/2018\/10\/DSC_1411-1024x640-768x480.jpg 768w, https:\/\/www.ausflugsziele-schweiz.ch\/wp-content\/uploads\/2018\/10\/DSC_1411-1024x640-696x435.jpg 696w, https:\/\/www.ausflugsziele-schweiz.ch\/wp-content\/uploads\/2018\/10\/DSC_1411-1024x640.jpg 1024w\" sizes=\"(max-width: 672px) 100vw, 672px\" alt=\"DSC 1411 1024x640\">\r\n                            <\/a>\r\n                            <figcaption class = \"td-slide-caption td-gallery-slide-content\"><div class = \"td-gallery-slide-copywrite\">DSC 1411 1024x640<\/div><span>DSC 1411 1024x640<\/span><\/figcaption>\r\n                        <\/figure>\r\n                    <\/div>\r\n                    <div class = \"td-slide-item td-item3\">\r\n                        <figure class=\"td-slide-galery-figure td-slide-popup-gallery\">\r\n                            <a class=\"slide-gallery-image-link\" href=\"https:\/\/www.ausflugsziele-schweiz.ch\/wp-content\/uploads\/2018\/10\/DSC_9170-1024x600.jpg\" title=\"DSC 9170 1024x600\"  data-caption=\"DSC 9170 1024x600\"  data-description=\"DSC 9170 1024x600\">\r\n                                <img decoding=\"async\" src=\"https:\/\/www.ausflugsziele-schweiz.ch\/wp-content\/uploads\/2018\/10\/DSC_9170-1024x600-717x420.jpg\" srcset=\"https:\/\/www.ausflugsziele-schweiz.ch\/wp-content\/uploads\/2018\/10\/DSC_9170-1024x600-717x420.jpg 717w, https:\/\/www.ausflugsziele-schweiz.ch\/wp-content\/uploads\/2018\/10\/DSC_9170-1024x600-800x469.jpg 800w, https:\/\/www.ausflugsziele-schweiz.ch\/wp-content\/uploads\/2018\/10\/DSC_9170-1024x600-768x450.jpg 768w, https:\/\/www.ausflugsziele-schweiz.ch\/wp-content\/uploads\/2018\/10\/DSC_9170-1024x600-696x408.jpg 696w, https:\/\/www.ausflugsziele-schweiz.ch\/wp-content\/uploads\/2018\/10\/DSC_9170-1024x600.jpg 1024w\" sizes=\"(max-width: 717px) 100vw, 717px\" alt=\"DSC 9170 1024x600\">\r\n                            <\/a>\r\n                            <figcaption class = \"td-slide-caption td-gallery-slide-content\"><div class = \"td-gallery-slide-copywrite\">DSC 9170 1024x600<\/div><span>DSC 9170 1024x600<\/span><\/figcaption>\r\n                        <\/figure>\r\n                    <\/div>\r\n                    <div class = \"td-slide-item td-item4\">\r\n                        <figure class=\"td-slide-galery-figure td-slide-popup-gallery\">\r\n                            <a class=\"slide-gallery-image-link\" href=\"https:\/\/www.ausflugsziele-schweiz.ch\/wp-content\/uploads\/2018\/10\/DZ-Eckzimmer-Sued-1024x576.jpg\" title=\"DZ Eckzimmer Sued 1024x576\"  data-caption=\"DZ Eckzimmer Sued 1024x576\"  data-description=\"DZ Eckzimmer Sued 1024x576\">\r\n                                <img decoding=\"async\" src=\"https:\/\/www.ausflugsziele-schweiz.ch\/wp-content\/uploads\/2018\/10\/DZ-Eckzimmer-Sued-1024x576-747x420.jpg\" srcset=\"https:\/\/www.ausflugsziele-schweiz.ch\/wp-content\/uploads\/2018\/10\/DZ-Eckzimmer-Sued-1024x576-747x420.jpg 747w, https:\/\/www.ausflugsziele-schweiz.ch\/wp-content\/uploads\/2018\/10\/DZ-Eckzimmer-Sued-1024x576-800x450.jpg 800w, https:\/\/www.ausflugsziele-schweiz.ch\/wp-content\/uploads\/2018\/10\/DZ-Eckzimmer-Sued-1024x576-768x432.jpg 768w, https:\/\/www.ausflugsziele-schweiz.ch\/wp-content\/uploads\/2018\/10\/DZ-Eckzimmer-Sued-1024x576-696x392.jpg 696w, https:\/\/www.ausflugsziele-schweiz.ch\/wp-content\/uploads\/2018\/10\/DZ-Eckzimmer-Sued-1024x576.jpg 1024w\" sizes=\"(max-width: 747px) 100vw, 747px\" alt=\"DZ Eckzimmer Sued 1024x576\">\r\n                            <\/a>\r\n                            <figcaption class = \"td-slide-caption td-gallery-slide-content\"><div class = \"td-gallery-slide-copywrite\">DZ Eckzimmer Sued 1024x576<\/div><span>DZ Eckzimmer Sued 1024x576<\/span><\/figcaption>\r\n                        <\/figure>\r\n                    <\/div>\r\n                    <div class = \"td-slide-item td-item5\">\r\n                        <figure class=\"td-slide-galery-figure td-slide-popup-gallery\">\r\n                            <a class=\"slide-gallery-image-link\" href=\"https:\/\/www.ausflugsziele-schweiz.ch\/wp-content\/uploads\/2018\/10\/Hotel_schoenried_ferien_schoenried_urlaub_gstaad_berner_oberland_zimmer-2-1024x576.jpg\" title=\"Hotel schoenried ferien schoenried urlaub gstaad berner oberland zimmer 2 1024x576\"  data-caption=\"Hotel schoenried ferien schoenried urlaub gstaad berner oberland zimmer 2 1024x576\"  data-description=\"Hotel schoenried ferien schoenried urlaub gstaad berner oberland zimmer 2 1024x576\">\r\n                                <img decoding=\"async\" src=\"https:\/\/www.ausflugsziele-schweiz.ch\/wp-content\/uploads\/2018\/10\/Hotel_schoenried_ferien_schoenried_urlaub_gstaad_berner_oberland_zimmer-2-1024x576-747x420.jpg\" srcset=\"https:\/\/www.ausflugsziele-schweiz.ch\/wp-content\/uploads\/2018\/10\/Hotel_schoenried_ferien_schoenried_urlaub_gstaad_berner_oberland_zimmer-2-1024x576-747x420.jpg 747w, https:\/\/www.ausflugsziele-schweiz.ch\/wp-content\/uploads\/2018\/10\/Hotel_schoenried_ferien_schoenried_urlaub_gstaad_berner_oberland_zimmer-2-1024x576-800x450.jpg 800w, https:\/\/www.ausflugsziele-schweiz.ch\/wp-content\/uploads\/2018\/10\/Hotel_schoenried_ferien_schoenried_urlaub_gstaad_berner_oberland_zimmer-2-1024x576-768x432.jpg 768w, https:\/\/www.ausflugsziele-schweiz.ch\/wp-content\/uploads\/2018\/10\/Hotel_schoenried_ferien_schoenried_urlaub_gstaad_berner_oberland_zimmer-2-1024x576-696x392.jpg 696w, https:\/\/www.ausflugsziele-schweiz.ch\/wp-content\/uploads\/2018\/10\/Hotel_schoenried_ferien_schoenried_urlaub_gstaad_berner_oberland_zimmer-2-1024x576.jpg 1024w\" sizes=\"(max-width: 747px) 100vw, 747px\" alt=\"Hotel schoenried ferien schoenried urlaub gstaad berner oberland zimmer 2 1024x576\">\r\n                            <\/a>\r\n                            <figcaption class = \"td-slide-caption td-gallery-slide-content\"><div class = \"td-gallery-slide-copywrite\">Hotel schoenried ferien schoenried urlaub gstaad berner oberland zimmer 2 1024x576<\/div><span>Hotel schoenried ferien schoenried urlaub gstaad berner oberland zimmer 2 1024x576<\/span><\/figcaption>\r\n                        <\/figure>\r\n                    <\/div>\r\n                    <div class = \"td-slide-item td-item6\">\r\n                        <figure class=\"td-slide-galery-figure td-slide-popup-gallery\">\r\n                            <a class=\"slide-gallery-image-link\" href=\"https:\/\/www.ausflugsziele-schweiz.ch\/wp-content\/uploads\/2018\/10\/hotel_schoenried_hotel_gstaad_urlaub_schoenried_ferien_schoenried_urlaub_berner_oberland_gastro-14-1024x576.jpg\" title=\"hotel schoenried hotel gstaad urlaub schoenried ferien schoenried urlaub berner oberland gastro 14 1024x576\"  data-caption=\"hotel schoenried hotel gstaad urlaub schoenried ferien schoenried urlaub berner oberland gastro 14 1024x576\"  data-description=\"hotel schoenried hotel gstaad urlaub schoenried ferien schoenried urlaub berner oberland gastro 14 1024x576\">\r\n                                <img decoding=\"async\" src=\"https:\/\/www.ausflugsziele-schweiz.ch\/wp-content\/uploads\/2018\/10\/hotel_schoenried_hotel_gstaad_urlaub_schoenried_ferien_schoenried_urlaub_berner_oberland_gastro-14-1024x576-747x420.jpg\" srcset=\"https:\/\/www.ausflugsziele-schweiz.ch\/wp-content\/uploads\/2018\/10\/hotel_schoenried_hotel_gstaad_urlaub_schoenried_ferien_schoenried_urlaub_berner_oberland_gastro-14-1024x576-747x420.jpg 747w, https:\/\/www.ausflugsziele-schweiz.ch\/wp-content\/uploads\/2018\/10\/hotel_schoenried_hotel_gstaad_urlaub_schoenried_ferien_schoenried_urlaub_berner_oberland_gastro-14-1024x576-800x450.jpg 800w, https:\/\/www.ausflugsziele-schweiz.ch\/wp-content\/uploads\/2018\/10\/hotel_schoenried_hotel_gstaad_urlaub_schoenried_ferien_schoenried_urlaub_berner_oberland_gastro-14-1024x576-768x432.jpg 768w, https:\/\/www.ausflugsziele-schweiz.ch\/wp-content\/uploads\/2018\/10\/hotel_schoenried_hotel_gstaad_urlaub_schoenried_ferien_schoenried_urlaub_berner_oberland_gastro-14-1024x576-696x392.jpg 696w, https:\/\/www.ausflugsziele-schweiz.ch\/wp-content\/uploads\/2018\/10\/hotel_schoenried_hotel_gstaad_urlaub_schoenried_ferien_schoenried_urlaub_berner_oberland_gastro-14-1024x576.jpg 1024w\" sizes=\"(max-width: 747px) 100vw, 747px\" alt=\"hotel schoenried hotel gstaad urlaub schoenried ferien schoenried urlaub berner oberland gastro 14 1024x576\">\r\n                            <\/a>\r\n                            <figcaption class = \"td-slide-caption td-gallery-slide-content\"><div class = \"td-gallery-slide-copywrite\">hotel schoenried hotel gstaad urlaub schoenried ferien schoenried urlaub berner oberland gastro 14 1024x576<\/div><span>hotel schoenried hotel gstaad urlaub schoenried ferien schoenried urlaub berner oberland gastro 14 1024x576<\/span><\/figcaption>\r\n                        <\/figure>\r\n                    <\/div>\r\n                            <\/div>\r\n                        <\/div>\r\n\r\n                        <div class = \"td-doubleSlider-2\">\r\n                            <div class = \"td-slider\">\r\n                                \r\n                    <div class = \"td-button td-item1\">\r\n                        <div class = \"td-border\"><\/div>\r\n                    <\/div>\r\n                    <div class = \"td-button td-item2\">\r\n                        <div class = \"td-border\"><\/div>\r\n                    <\/div>\r\n                    <div class = \"td-button td-item3\">\r\n                        <div class = \"td-border\"><\/div>\r\n                    <\/div>\r\n                    <div class = \"td-button td-item4\">\r\n                        <div class = \"td-border\"><\/div>\r\n                    <\/div>\r\n                    <div class = \"td-button td-item5\">\r\n                        <div class = \"td-border\"><\/div>\r\n                    <\/div>\r\n                    <div class = \"td-button td-item6\">\r\n                        <div class = \"td-border\"><\/div>\r\n                    <\/div>\r\n                            <\/div>\r\n                        <\/div>\r\n\r\n                    <\/div>\r\n\r\n                <\/div>\r\n                \n<h3>Traditionshaus mit erfolgreicher Geschichte<\/h3>\n<p>Seit 1904 bietet das Hotel Familien, Wintersportlern und Naturfreunden Erholung und Genuss. Nur f\u00fcnf Kilometer von Gstaad entfernt, unmittelbar in der N\u00e4he des Bahnhofs Ried, ist es seit Anbeginn ein idealer Ausgangspunkt, um die Langlaufloipen, Winterwanderwege und Skipisten der Region Saanenland zu entdecken. Die Rellerli-Bahn und die Horneggli-Bahn sind vom <a href=\"http:\/\/www.hotel-kernen.ch\" target=\"_blank\" rel=\"noopener noreferrer\"><span style=\"text-decoration: underline;\">Hotel Kernen<\/span><\/a> nur wenige Gehminuten entfernt. Neben grossz\u00fcgigen, <a href=\"https:\/\/www.hotel-kernen.ch\/de\/schlafen\/\" target=\"_blank\" rel=\"noopener noreferrer\"><span style=\"text-decoration: underline;\">modern eingerichteten Zimmern<\/span><\/a>, alle mit Balkon, erwartet die Ferieng\u00e4ste eine <a href=\"https:\/\/www.hotel-kernen.ch\/de\/essen\/\" target=\"_blank\" rel=\"noopener noreferrer\"><span style=\"text-decoration: underline;\">exquisite K\u00fcche<\/span><\/a>, die in der Gegend ihresgleichen sucht. Die frischen, regionalen Gerichte sowie die aufmerksame Gastlichkeit des Hotels sind weithin daf\u00fcr bekannt, K\u00f6rper, Geist und Seele gleichermassen zu verw\u00f6hnen.<\/p>\n\r\n                <style type=\"text\/css\">\r\n                    \r\n                    #tdi_2  .td-doubleSlider-2 .td-item1 {\r\n                        background: url(https:\/\/www.ausflugsziele-schweiz.ch\/wp-content\/uploads\/2018\/10\/DSC_1338-1024x640-80x60.jpg) 0 0 no-repeat;\r\n                    }\r\n                    #tdi_2  .td-doubleSlider-2 .td-item2 {\r\n                        background: url(https:\/\/www.ausflugsziele-schweiz.ch\/wp-content\/uploads\/2018\/10\/DSC_1427-1024x640-80x60.jpg) 0 0 no-repeat;\r\n                    }\r\n                    #tdi_2  .td-doubleSlider-2 .td-item3 {\r\n                        background: url(https:\/\/www.ausflugsziele-schweiz.ch\/wp-content\/uploads\/2018\/10\/DSC_1465-1024x640-80x60.jpg) 0 0 no-repeat;\r\n                    }\r\n                    #tdi_2  .td-doubleSlider-2 .td-item4 {\r\n                        background: url(https:\/\/www.ausflugsziele-schweiz.ch\/wp-content\/uploads\/2018\/10\/DSC_1514-1024x640-80x60.jpg) 0 0 no-repeat;\r\n                    }\r\n                    #tdi_2  .td-doubleSlider-2 .td-item5 {\r\n                        background: url(https:\/\/www.ausflugsziele-schweiz.ch\/wp-content\/uploads\/2018\/10\/DSC_1538-1024x640-80x60.jpg) 0 0 no-repeat;\r\n                    }\r\n                    #tdi_2  .td-doubleSlider-2 .td-item6 {\r\n                        background: url(https:\/\/www.ausflugsziele-schweiz.ch\/wp-content\/uploads\/2018\/10\/Hotel_schoenried_ferien_schoenried_urlaub_gstaad_berner_oberland_zimmer-1-1024x576-80x60.jpg) 0 0 no-repeat;\r\n                    }\r\n                    #tdi_2  .td-doubleSlider-2 .td-item7 {\r\n                        background: url(https:\/\/www.ausflugsziele-schweiz.ch\/wp-content\/uploads\/2018\/10\/weltwoche-2-1024x576-80x60.jpg) 0 0 no-repeat;\r\n                    }\r\n                    #tdi_2  .td-doubleSlider-2 .td-item8 {\r\n                        background: url(https:\/\/www.ausflugsziele-schweiz.ch\/wp-content\/uploads\/2018\/10\/weltwoche-1024x576-80x60.jpg) 0 0 no-repeat;\r\n                    }\r\n                <\/style>\r\n\r\n                <div id=\"tdi_2\" class=\"td-gallery td-slide-on-2-columns\">\r\n                    <div class=\"post_td_gallery\">\r\n                        <div class=\"td-gallery-slide-top\">\r\n                           <div class=\"td-gallery-title\"><\/div>\r\n\r\n                            <div class=\"td-gallery-controls-wrapper\">\r\n                                <div class=\"td-gallery-slide-count\"><span class=\"td-gallery-slide-item-focus\">1<\/span> of 8<\/div>\r\n                                <div class=\"td-gallery-slide-prev-next-but\">\r\n                                    <i class = \"td-icon-left doubleSliderPrevButton\"><\/i>\r\n                                    <i class = \"td-icon-right doubleSliderNextButton\"><\/i>\r\n                                <\/div>\r\n                            <\/div>\r\n                        <\/div>\r\n\r\n                        <div class = \"td-doubleSlider-1 \">\r\n                            <div class = \"td-slider\">\r\n                                \r\n                    <div class = \"td-slide-item td-item1\">\r\n                        <figure class=\"td-slide-galery-figure td-slide-popup-gallery\">\r\n                            <a class=\"slide-gallery-image-link\" href=\"https:\/\/www.ausflugsziele-schweiz.ch\/wp-content\/uploads\/2018\/10\/DSC_1338-1024x640.jpg\" title=\"DSC 1338 1024x640\"  data-caption=\"DSC 1338 1024x640\"  data-description=\"DSC 1338 1024x640\">\r\n                                <img decoding=\"async\" src=\"https:\/\/www.ausflugsziele-schweiz.ch\/wp-content\/uploads\/2018\/10\/DSC_1338-1024x640-672x420.jpg\" srcset=\"https:\/\/www.ausflugsziele-schweiz.ch\/wp-content\/uploads\/2018\/10\/DSC_1338-1024x640-672x420.jpg 672w, https:\/\/www.ausflugsziele-schweiz.ch\/wp-content\/uploads\/2018\/10\/DSC_1338-1024x640-800x500.jpg 800w, https:\/\/www.ausflugsziele-schweiz.ch\/wp-content\/uploads\/2018\/10\/DSC_1338-1024x640-768x480.jpg 768w, https:\/\/www.ausflugsziele-schweiz.ch\/wp-content\/uploads\/2018\/10\/DSC_1338-1024x640-696x435.jpg 696w, https:\/\/www.ausflugsziele-schweiz.ch\/wp-content\/uploads\/2018\/10\/DSC_1338-1024x640.jpg 1024w\" sizes=\"(max-width: 672px) 100vw, 672px\" alt=\"DSC 1338 1024x640\">\r\n                            <\/a>\r\n                            <figcaption class = \"td-slide-caption td-gallery-slide-content\"><div class = \"td-gallery-slide-copywrite\">DSC 1338 1024x640<\/div><span>DSC 1338 1024x640<\/span><\/figcaption>\r\n                        <\/figure>\r\n                    <\/div>\r\n                    <div class = \"td-slide-item td-item2\">\r\n                        <figure class=\"td-slide-galery-figure td-slide-popup-gallery\">\r\n                            <a class=\"slide-gallery-image-link\" href=\"https:\/\/www.ausflugsziele-schweiz.ch\/wp-content\/uploads\/2018\/10\/DSC_1427-1024x640.jpg\" title=\"DSC 1427 1024x640\"  data-caption=\"DSC 1427 1024x640\"  data-description=\"DSC 1427 1024x640\">\r\n                                <img decoding=\"async\" src=\"https:\/\/www.ausflugsziele-schweiz.ch\/wp-content\/uploads\/2018\/10\/DSC_1427-1024x640-672x420.jpg\" srcset=\"https:\/\/www.ausflugsziele-schweiz.ch\/wp-content\/uploads\/2018\/10\/DSC_1427-1024x640-672x420.jpg 672w, https:\/\/www.ausflugsziele-schweiz.ch\/wp-content\/uploads\/2018\/10\/DSC_1427-1024x640-800x500.jpg 800w, https:\/\/www.ausflugsziele-schweiz.ch\/wp-content\/uploads\/2018\/10\/DSC_1427-1024x640-768x480.jpg 768w, https:\/\/www.ausflugsziele-schweiz.ch\/wp-content\/uploads\/2018\/10\/DSC_1427-1024x640-696x435.jpg 696w, https:\/\/www.ausflugsziele-schweiz.ch\/wp-content\/uploads\/2018\/10\/DSC_1427-1024x640.jpg 1024w\" sizes=\"(max-width: 672px) 100vw, 672px\" alt=\"DSC 1427 1024x640\">\r\n                            <\/a>\r\n                            <figcaption class = \"td-slide-caption td-gallery-slide-content\"><div class = \"td-gallery-slide-copywrite\">DSC 1427 1024x640<\/div><span>DSC 1427 1024x640<\/span><\/figcaption>\r\n                        <\/figure>\r\n                    <\/div>\r\n                    <div class = \"td-slide-item td-item3\">\r\n                        <figure class=\"td-slide-galery-figure td-slide-popup-gallery\">\r\n                            <a class=\"slide-gallery-image-link\" href=\"https:\/\/www.ausflugsziele-schweiz.ch\/wp-content\/uploads\/2018\/10\/DSC_1465-1024x640.jpg\" title=\"DSC 1465 1024x640\"  data-caption=\"DSC 1465 1024x640\"  data-description=\"DSC 1465 1024x640\">\r\n                                <img decoding=\"async\" src=\"https:\/\/www.ausflugsziele-schweiz.ch\/wp-content\/uploads\/2018\/10\/DSC_1465-1024x640-672x420.jpg\" srcset=\"https:\/\/www.ausflugsziele-schweiz.ch\/wp-content\/uploads\/2018\/10\/DSC_1465-1024x640-672x420.jpg 672w, https:\/\/www.ausflugsziele-schweiz.ch\/wp-content\/uploads\/2018\/10\/DSC_1465-1024x640-800x500.jpg 800w, https:\/\/www.ausflugsziele-schweiz.ch\/wp-content\/uploads\/2018\/10\/DSC_1465-1024x640-768x480.jpg 768w, https:\/\/www.ausflugsziele-schweiz.ch\/wp-content\/uploads\/2018\/10\/DSC_1465-1024x640-696x435.jpg 696w, https:\/\/www.ausflugsziele-schweiz.ch\/wp-content\/uploads\/2018\/10\/DSC_1465-1024x640.jpg 1024w\" sizes=\"(max-width: 672px) 100vw, 672px\" alt=\"DSC 1465 1024x640\">\r\n                            <\/a>\r\n                            <figcaption class = \"td-slide-caption td-gallery-slide-content\"><div class = \"td-gallery-slide-copywrite\">DSC 1465 1024x640<\/div><span>DSC 1465 1024x640<\/span><\/figcaption>\r\n                        <\/figure>\r\n                    <\/div>\r\n                    <div class = \"td-slide-item td-item4\">\r\n                        <figure class=\"td-slide-galery-figure td-slide-popup-gallery\">\r\n                            <a class=\"slide-gallery-image-link\" href=\"https:\/\/www.ausflugsziele-schweiz.ch\/wp-content\/uploads\/2018\/10\/DSC_1514-1024x640.jpg\" title=\"DSC 1514 1024x640\"  data-caption=\"DSC 1514 1024x640\"  data-description=\"DSC 1514 1024x640\">\r\n                                <img decoding=\"async\" src=\"https:\/\/www.ausflugsziele-schweiz.ch\/wp-content\/uploads\/2018\/10\/DSC_1514-1024x640-672x420.jpg\" srcset=\"https:\/\/www.ausflugsziele-schweiz.ch\/wp-content\/uploads\/2018\/10\/DSC_1514-1024x640-672x420.jpg 672w, https:\/\/www.ausflugsziele-schweiz.ch\/wp-content\/uploads\/2018\/10\/DSC_1514-1024x640-800x500.jpg 800w, https:\/\/www.ausflugsziele-schweiz.ch\/wp-content\/uploads\/2018\/10\/DSC_1514-1024x640-768x480.jpg 768w, https:\/\/www.ausflugsziele-schweiz.ch\/wp-content\/uploads\/2018\/10\/DSC_1514-1024x640-696x435.jpg 696w, https:\/\/www.ausflugsziele-schweiz.ch\/wp-content\/uploads\/2018\/10\/DSC_1514-1024x640.jpg 1024w\" sizes=\"(max-width: 672px) 100vw, 672px\" alt=\"DSC 1514 1024x640\">\r\n                            <\/a>\r\n                            <figcaption class = \"td-slide-caption td-gallery-slide-content\"><div class = \"td-gallery-slide-copywrite\">DSC 1514 1024x640<\/div><span>DSC 1514 1024x640<\/span><\/figcaption>\r\n                        <\/figure>\r\n                    <\/div>\r\n                    <div class = \"td-slide-item td-item5\">\r\n                        <figure class=\"td-slide-galery-figure td-slide-popup-gallery\">\r\n                            <a class=\"slide-gallery-image-link\" href=\"https:\/\/www.ausflugsziele-schweiz.ch\/wp-content\/uploads\/2018\/10\/DSC_1538-1024x640.jpg\" title=\"DSC 1538 1024x640\"  data-caption=\"DSC 1538 1024x640\"  data-description=\"DSC 1538 1024x640\">\r\n                                <img decoding=\"async\" src=\"https:\/\/www.ausflugsziele-schweiz.ch\/wp-content\/uploads\/2018\/10\/DSC_1538-1024x640-672x420.jpg\" srcset=\"https:\/\/www.ausflugsziele-schweiz.ch\/wp-content\/uploads\/2018\/10\/DSC_1538-1024x640-672x420.jpg 672w, https:\/\/www.ausflugsziele-schweiz.ch\/wp-content\/uploads\/2018\/10\/DSC_1538-1024x640-800x500.jpg 800w, https:\/\/www.ausflugsziele-schweiz.ch\/wp-content\/uploads\/2018\/10\/DSC_1538-1024x640-768x480.jpg 768w, https:\/\/www.ausflugsziele-schweiz.ch\/wp-content\/uploads\/2018\/10\/DSC_1538-1024x640-696x435.jpg 696w, https:\/\/www.ausflugsziele-schweiz.ch\/wp-content\/uploads\/2018\/10\/DSC_1538-1024x640.jpg 1024w\" sizes=\"(max-width: 672px) 100vw, 672px\" alt=\"DSC 1538 1024x640\">\r\n                            <\/a>\r\n                            <figcaption class = \"td-slide-caption td-gallery-slide-content\"><div class = \"td-gallery-slide-copywrite\">DSC 1538 1024x640<\/div><span>DSC 1538 1024x640<\/span><\/figcaption>\r\n                        <\/figure>\r\n                    <\/div>\r\n                    <div class = \"td-slide-item td-item6\">\r\n                        <figure class=\"td-slide-galery-figure td-slide-popup-gallery\">\r\n                            <a class=\"slide-gallery-image-link\" href=\"https:\/\/www.ausflugsziele-schweiz.ch\/wp-content\/uploads\/2018\/10\/Hotel_schoenried_ferien_schoenried_urlaub_gstaad_berner_oberland_zimmer-1-1024x576.jpg\" title=\"Hotel schoenried ferien schoenried urlaub gstaad berner oberland zimmer 1 1024x576\"  data-caption=\"Hotel schoenried ferien schoenried urlaub gstaad berner oberland zimmer 1 1024x576\"  data-description=\"Hotel schoenried ferien schoenried urlaub gstaad berner oberland zimmer 1 1024x576\">\r\n                                <img decoding=\"async\" src=\"https:\/\/www.ausflugsziele-schweiz.ch\/wp-content\/uploads\/2018\/10\/Hotel_schoenried_ferien_schoenried_urlaub_gstaad_berner_oberland_zimmer-1-1024x576-747x420.jpg\" srcset=\"https:\/\/www.ausflugsziele-schweiz.ch\/wp-content\/uploads\/2018\/10\/Hotel_schoenried_ferien_schoenried_urlaub_gstaad_berner_oberland_zimmer-1-1024x576-747x420.jpg 747w, https:\/\/www.ausflugsziele-schweiz.ch\/wp-content\/uploads\/2018\/10\/Hotel_schoenried_ferien_schoenried_urlaub_gstaad_berner_oberland_zimmer-1-1024x576-800x450.jpg 800w, https:\/\/www.ausflugsziele-schweiz.ch\/wp-content\/uploads\/2018\/10\/Hotel_schoenried_ferien_schoenried_urlaub_gstaad_berner_oberland_zimmer-1-1024x576-768x432.jpg 768w, https:\/\/www.ausflugsziele-schweiz.ch\/wp-content\/uploads\/2018\/10\/Hotel_schoenried_ferien_schoenried_urlaub_gstaad_berner_oberland_zimmer-1-1024x576-696x392.jpg 696w, https:\/\/www.ausflugsziele-schweiz.ch\/wp-content\/uploads\/2018\/10\/Hotel_schoenried_ferien_schoenried_urlaub_gstaad_berner_oberland_zimmer-1-1024x576.jpg 1024w\" sizes=\"(max-width: 747px) 100vw, 747px\" alt=\"Hotel schoenried ferien schoenried urlaub gstaad berner oberland zimmer 1 1024x576\">\r\n                            <\/a>\r\n                            <figcaption class = \"td-slide-caption td-gallery-slide-content\"><div class = \"td-gallery-slide-copywrite\">Hotel schoenried ferien schoenried urlaub gstaad berner oberland zimmer 1 1024x576<\/div><span>Hotel schoenried ferien schoenried urlaub gstaad berner oberland zimmer 1 1024x576<\/span><\/figcaption>\r\n                        <\/figure>\r\n                    <\/div>\r\n                    <div class = \"td-slide-item td-item7\">\r\n                        <figure class=\"td-slide-galery-figure td-slide-popup-gallery\">\r\n                            <a class=\"slide-gallery-image-link\" href=\"https:\/\/www.ausflugsziele-schweiz.ch\/wp-content\/uploads\/2018\/10\/weltwoche-2-1024x576.jpg\" title=\"weltwoche 2 1024x576\"  data-caption=\"weltwoche 2 1024x576\"  data-description=\"weltwoche 2 1024x576\">\r\n                                <img decoding=\"async\" src=\"https:\/\/www.ausflugsziele-schweiz.ch\/wp-content\/uploads\/2018\/10\/weltwoche-2-1024x576-747x420.jpg\" srcset=\"https:\/\/www.ausflugsziele-schweiz.ch\/wp-content\/uploads\/2018\/10\/weltwoche-2-1024x576-747x420.jpg 747w, https:\/\/www.ausflugsziele-schweiz.ch\/wp-content\/uploads\/2018\/10\/weltwoche-2-1024x576-800x450.jpg 800w, https:\/\/www.ausflugsziele-schweiz.ch\/wp-content\/uploads\/2018\/10\/weltwoche-2-1024x576-768x432.jpg 768w, https:\/\/www.ausflugsziele-schweiz.ch\/wp-content\/uploads\/2018\/10\/weltwoche-2-1024x576-696x392.jpg 696w, https:\/\/www.ausflugsziele-schweiz.ch\/wp-content\/uploads\/2018\/10\/weltwoche-2-1024x576.jpg 1024w\" sizes=\"(max-width: 747px) 100vw, 747px\" alt=\"weltwoche 2 1024x576\">\r\n                            <\/a>\r\n                            <figcaption class = \"td-slide-caption td-gallery-slide-content\"><div class = \"td-gallery-slide-copywrite\">weltwoche 2 1024x576<\/div><span>weltwoche 2 1024x576<\/span><\/figcaption>\r\n                        <\/figure>\r\n                    <\/div>\r\n                    <div class = \"td-slide-item td-item8\">\r\n                        <figure class=\"td-slide-galery-figure td-slide-popup-gallery\">\r\n                            <a class=\"slide-gallery-image-link\" href=\"https:\/\/www.ausflugsziele-schweiz.ch\/wp-content\/uploads\/2018\/10\/weltwoche-1024x576.jpg\" title=\"weltwoche 1024x576\"  data-caption=\"weltwoche 1024x576\"  data-description=\"weltwoche 1024x576\">\r\n                                <img decoding=\"async\" src=\"https:\/\/www.ausflugsziele-schweiz.ch\/wp-content\/uploads\/2018\/10\/weltwoche-1024x576-747x420.jpg\" srcset=\"https:\/\/www.ausflugsziele-schweiz.ch\/wp-content\/uploads\/2018\/10\/weltwoche-1024x576-747x420.jpg 747w, https:\/\/www.ausflugsziele-schweiz.ch\/wp-content\/uploads\/2018\/10\/weltwoche-1024x576-800x450.jpg 800w, https:\/\/www.ausflugsziele-schweiz.ch\/wp-content\/uploads\/2018\/10\/weltwoche-1024x576-768x432.jpg 768w, https:\/\/www.ausflugsziele-schweiz.ch\/wp-content\/uploads\/2018\/10\/weltwoche-1024x576-696x392.jpg 696w, https:\/\/www.ausflugsziele-schweiz.ch\/wp-content\/uploads\/2018\/10\/weltwoche-1024x576.jpg 1024w\" sizes=\"(max-width: 747px) 100vw, 747px\" alt=\"weltwoche 1024x576\">\r\n                            <\/a>\r\n                            <figcaption class = \"td-slide-caption td-gallery-slide-content\"><div class = \"td-gallery-slide-copywrite\">weltwoche 1024x576<\/div><span>weltwoche 1024x576<\/span><\/figcaption>\r\n                        <\/figure>\r\n                    <\/div>\r\n                            <\/div>\r\n                        <\/div>\r\n\r\n                        <div class = \"td-doubleSlider-2\">\r\n                            <div class = \"td-slider\">\r\n                                \r\n                    <div class = \"td-button td-item1\">\r\n                        <div class = \"td-border\"><\/div>\r\n                    <\/div>\r\n                    <div class = \"td-button td-item2\">\r\n                        <div class = \"td-border\"><\/div>\r\n                    <\/div>\r\n                    <div class = \"td-button td-item3\">\r\n                        <div class = \"td-border\"><\/div>\r\n                    <\/div>\r\n                    <div class = \"td-button td-item4\">\r\n                        <div class = \"td-border\"><\/div>\r\n                    <\/div>\r\n                    <div class = \"td-button td-item5\">\r\n                        <div class = \"td-border\"><\/div>\r\n                    <\/div>\r\n                    <div class = \"td-button td-item6\">\r\n                        <div class = \"td-border\"><\/div>\r\n                    <\/div>\r\n                    <div class = \"td-button td-item7\">\r\n                        <div class = \"td-border\"><\/div>\r\n                    <\/div>\r\n                    <div class = \"td-button td-item8\">\r\n                        <div class = \"td-border\"><\/div>\r\n                    <\/div>\r\n                            <\/div>\r\n                        <\/div>\r\n\r\n                    <\/div>\r\n\r\n                <\/div>\r\n                \n<h3>Erholung vom Feinsten<\/h3>\n<p>Starten Sie Ihren Tag mit einem leckeren Fr\u00fchst\u00fcck. Geniessen Sie auf Ihrem Balkon die traumhafte Aussicht auf die atemberaubende Bergwelt, ehe Sie die winterliche Umgebung auf Ski oder zu Fuss erkunden. Nach so viel Bewegung an kristallklarer Luft ist die <a href=\"https:\/\/www.hotel-kernen.ch\/de\/essen\/#gaststube\" target=\"_blank\" rel=\"noopener noreferrer\"><span style=\"text-decoration: underline;\">Gaststube<\/span><\/a> der ideale Ort, um den Tag in geselliger Runde entspannt ausklingen zu lassen. Sie ist wundersch\u00f6n im traditionellen Saaner Stil eingerichtet und offeriert das gesamte Jahr \u00fcber exzellente saisonale K\u00f6stlichkeiten. F\u00fcr das Plus an Erholung sorgt der Wellnessbereich des Nachbarhotels, der Ihnen zu erm\u00e4ssigten Preisen zur Verf\u00fcgung steht.<\/p>\n\r\n                <style type=\"text\/css\">\r\n                    \r\n                    #tdi_3  .td-doubleSlider-2 .td-item1 {\r\n                        background: url(https:\/\/www.ausflugsziele-schweiz.ch\/wp-content\/uploads\/2018\/10\/DSC_1442-1024x640-80x60.jpg) 0 0 no-repeat;\r\n                    }\r\n                    #tdi_3  .td-doubleSlider-2 .td-item2 {\r\n                        background: url(https:\/\/www.ausflugsziele-schweiz.ch\/wp-content\/uploads\/2018\/10\/hk-1024x576-80x60.jpg) 0 0 no-repeat;\r\n                    }\r\n                    #tdi_3  .td-doubleSlider-2 .td-item3 {\r\n                        background: url(https:\/\/www.ausflugsziele-schweiz.ch\/wp-content\/uploads\/2018\/10\/hotel_schoenried_hotel_gstaad_urlaub_schoenried_ferien_schoenried_urlaub_berner_oberland_gastro-9-1024x576-80x60.jpg) 0 0 no-repeat;\r\n                    }\r\n                <\/style>\r\n\r\n                <div id=\"tdi_3\" class=\"td-gallery td-slide-on-2-columns\">\r\n                    <div class=\"post_td_gallery\">\r\n                        <div class=\"td-gallery-slide-top\">\r\n                           <div class=\"td-gallery-title\"><\/div>\r\n\r\n                            <div class=\"td-gallery-controls-wrapper\">\r\n                                <div class=\"td-gallery-slide-count\"><span class=\"td-gallery-slide-item-focus\">1<\/span> of 3<\/div>\r\n                                <div class=\"td-gallery-slide-prev-next-but\">\r\n                                    <i class = \"td-icon-left doubleSliderPrevButton\"><\/i>\r\n                                    <i class = \"td-icon-right doubleSliderNextButton\"><\/i>\r\n                                <\/div>\r\n                            <\/div>\r\n                        <\/div>\r\n\r\n                        <div class = \"td-doubleSlider-1 \">\r\n                            <div class = \"td-slider\">\r\n                                \r\n                    <div class = \"td-slide-item td-item1\">\r\n                        <figure class=\"td-slide-galery-figure td-slide-popup-gallery\">\r\n                            <a class=\"slide-gallery-image-link\" href=\"https:\/\/www.ausflugsziele-schweiz.ch\/wp-content\/uploads\/2018\/10\/DSC_1442-1024x640.jpg\" title=\"DSC 1442 1024x640\"  data-caption=\"DSC 1442 1024x640\"  data-description=\"DSC 1442 1024x640\">\r\n                                <img decoding=\"async\" src=\"https:\/\/www.ausflugsziele-schweiz.ch\/wp-content\/uploads\/2018\/10\/DSC_1442-1024x640-672x420.jpg\" srcset=\"https:\/\/www.ausflugsziele-schweiz.ch\/wp-content\/uploads\/2018\/10\/DSC_1442-1024x640-672x420.jpg 672w, https:\/\/www.ausflugsziele-schweiz.ch\/wp-content\/uploads\/2018\/10\/DSC_1442-1024x640-800x500.jpg 800w, https:\/\/www.ausflugsziele-schweiz.ch\/wp-content\/uploads\/2018\/10\/DSC_1442-1024x640-768x480.jpg 768w, https:\/\/www.ausflugsziele-schweiz.ch\/wp-content\/uploads\/2018\/10\/DSC_1442-1024x640-696x435.jpg 696w, https:\/\/www.ausflugsziele-schweiz.ch\/wp-content\/uploads\/2018\/10\/DSC_1442-1024x640.jpg 1024w\" sizes=\"(max-width: 672px) 100vw, 672px\" alt=\"DSC 1442 1024x640\">\r\n                            <\/a>\r\n                            <figcaption class = \"td-slide-caption td-gallery-slide-content\"><div class = \"td-gallery-slide-copywrite\">DSC 1442 1024x640<\/div><span>DSC 1442 1024x640<\/span><\/figcaption>\r\n                        <\/figure>\r\n                    <\/div>\r\n                    <div class = \"td-slide-item td-item2\">\r\n                        <figure class=\"td-slide-galery-figure td-slide-popup-gallery\">\r\n                            <a class=\"slide-gallery-image-link\" href=\"https:\/\/www.ausflugsziele-schweiz.ch\/wp-content\/uploads\/2018\/10\/hk-1024x576.jpg\" title=\"hk 1024x576\"  data-caption=\"hk 1024x576\"  data-description=\"hk 1024x576\">\r\n                                <img decoding=\"async\" src=\"https:\/\/www.ausflugsziele-schweiz.ch\/wp-content\/uploads\/2018\/10\/hk-1024x576-747x420.jpg\" srcset=\"https:\/\/www.ausflugsziele-schweiz.ch\/wp-content\/uploads\/2018\/10\/hk-1024x576-747x420.jpg 747w, https:\/\/www.ausflugsziele-schweiz.ch\/wp-content\/uploads\/2018\/10\/hk-1024x576-800x450.jpg 800w, https:\/\/www.ausflugsziele-schweiz.ch\/wp-content\/uploads\/2018\/10\/hk-1024x576-768x432.jpg 768w, https:\/\/www.ausflugsziele-schweiz.ch\/wp-content\/uploads\/2018\/10\/hk-1024x576-696x392.jpg 696w, https:\/\/www.ausflugsziele-schweiz.ch\/wp-content\/uploads\/2018\/10\/hk-1024x576.jpg 1024w\" sizes=\"(max-width: 747px) 100vw, 747px\" alt=\"hk 1024x576\">\r\n                            <\/a>\r\n                            <figcaption class = \"td-slide-caption td-gallery-slide-content\"><div class = \"td-gallery-slide-copywrite\">hk 1024x576<\/div><span>hk 1024x576<\/span><\/figcaption>\r\n                        <\/figure>\r\n                    <\/div>\r\n                    <div class = \"td-slide-item td-item3\">\r\n                        <figure class=\"td-slide-galery-figure td-slide-popup-gallery\">\r\n                            <a class=\"slide-gallery-image-link\" href=\"https:\/\/www.ausflugsziele-schweiz.ch\/wp-content\/uploads\/2018\/10\/hotel_schoenried_hotel_gstaad_urlaub_schoenried_ferien_schoenried_urlaub_berner_oberland_gastro-9-1024x576.jpg\" title=\"hotel schoenried hotel gstaad urlaub schoenried ferien schoenried urlaub berner oberland gastro 9 1024x576\"  data-caption=\"hotel schoenried hotel gstaad urlaub schoenried ferien schoenried urlaub berner oberland gastro 9 1024x576\"  data-description=\"hotel schoenried hotel gstaad urlaub schoenried ferien schoenried urlaub berner oberland gastro 9 1024x576\">\r\n                                <img decoding=\"async\" src=\"https:\/\/www.ausflugsziele-schweiz.ch\/wp-content\/uploads\/2018\/10\/hotel_schoenried_hotel_gstaad_urlaub_schoenried_ferien_schoenried_urlaub_berner_oberland_gastro-9-1024x576-747x420.jpg\" srcset=\"https:\/\/www.ausflugsziele-schweiz.ch\/wp-content\/uploads\/2018\/10\/hotel_schoenried_hotel_gstaad_urlaub_schoenried_ferien_schoenried_urlaub_berner_oberland_gastro-9-1024x576-747x420.jpg 747w, https:\/\/www.ausflugsziele-schweiz.ch\/wp-content\/uploads\/2018\/10\/hotel_schoenried_hotel_gstaad_urlaub_schoenried_ferien_schoenried_urlaub_berner_oberland_gastro-9-1024x576-800x450.jpg 800w, https:\/\/www.ausflugsziele-schweiz.ch\/wp-content\/uploads\/2018\/10\/hotel_schoenried_hotel_gstaad_urlaub_schoenried_ferien_schoenried_urlaub_berner_oberland_gastro-9-1024x576-768x432.jpg 768w, https:\/\/www.ausflugsziele-schweiz.ch\/wp-content\/uploads\/2018\/10\/hotel_schoenried_hotel_gstaad_urlaub_schoenried_ferien_schoenried_urlaub_berner_oberland_gastro-9-1024x576-696x392.jpg 696w, https:\/\/www.ausflugsziele-schweiz.ch\/wp-content\/uploads\/2018\/10\/hotel_schoenried_hotel_gstaad_urlaub_schoenried_ferien_schoenried_urlaub_berner_oberland_gastro-9-1024x576.jpg 1024w\" sizes=\"(max-width: 747px) 100vw, 747px\" alt=\"hotel schoenried hotel gstaad urlaub schoenried ferien schoenried urlaub berner oberland gastro 9 1024x576\">\r\n                            <\/a>\r\n                            <figcaption class = \"td-slide-caption td-gallery-slide-content\"><div class = \"td-gallery-slide-copywrite\">hotel schoenried hotel gstaad urlaub schoenried ferien schoenried urlaub berner oberland gastro 9 1024x576<\/div><span>hotel schoenried hotel gstaad urlaub schoenried ferien schoenried urlaub berner oberland gastro 9 1024x576<\/span><\/figcaption>\r\n                        <\/figure>\r\n                    <\/div>\r\n                            <\/div>\r\n                        <\/div>\r\n\r\n                        <div class = \"td-doubleSlider-2\">\r\n                            <div class = \"td-slider\">\r\n                                \r\n                    <div class = \"td-button td-item1\">\r\n                        <div class = \"td-border\"><\/div>\r\n                    <\/div>\r\n                    <div class = \"td-button td-item2\">\r\n                        <div class = \"td-border\"><\/div>\r\n                    <\/div>\r\n                    <div class = \"td-button td-item3\">\r\n                        <div class = \"td-border\"><\/div>\r\n                    <\/div>\r\n                            <\/div>\r\n                        <\/div>\r\n\r\n                    <\/div>\r\n\r\n                <\/div>\r\n                \n<p><em><strong>Gourmettipp:<\/strong><\/em> Das <a href=\"https:\/\/www.hotel-kernen.ch\/de\/specials\/catering\/2018-09-07-wild\/\" target=\"_blank\" rel=\"noopener noreferrer\"><span style=\"text-decoration: underline;\">Wild<\/span><\/a> wird vom Chef selbst erlegt und von der hoteleigenen K\u00fcchencrew absolut frisch zubereitet.<\/p>\n<h3><a href=\"https:\/\/www.ausflugsziele-schweiz.ch\/wp-content\/uploads\/2018\/10\/DSC_1350.jpg\"><img loading=\"lazy\" decoding=\"async\" class=\"aligncenter size-full wp-image-118555\" src=\"https:\/\/www.ausflugsziele-schweiz.ch\/wp-content\/uploads\/2018\/10\/DSC_1350.jpg\" alt=\"\" width=\"1600\" height=\"1000\" srcset=\"https:\/\/www.ausflugsziele-schweiz.ch\/wp-content\/uploads\/2018\/10\/DSC_1350.jpg 1400w, https:\/\/www.ausflugsziele-schweiz.ch\/wp-content\/uploads\/2018\/10\/DSC_1350-800x500.jpg 800w, https:\/\/www.ausflugsziele-schweiz.ch\/wp-content\/uploads\/2018\/10\/DSC_1350-1024x640.jpg 1024w, https:\/\/www.ausflugsziele-schweiz.ch\/wp-content\/uploads\/2018\/10\/DSC_1350-768x480.jpg 768w, https:\/\/www.ausflugsziele-schweiz.ch\/wp-content\/uploads\/2018\/10\/DSC_1350-696x435.jpg 696w, https:\/\/www.ausflugsziele-schweiz.ch\/wp-content\/uploads\/2018\/10\/DSC_1350-1392x870.jpg 1392w, https:\/\/www.ausflugsziele-schweiz.ch\/wp-content\/uploads\/2018\/10\/DSC_1350-1068x668.jpg 1068w, https:\/\/www.ausflugsziele-schweiz.ch\/wp-content\/uploads\/2018\/10\/DSC_1350-672x420.jpg 672w, https:\/\/www.ausflugsziele-schweiz.ch\/wp-content\/uploads\/2018\/10\/DSC_1350-1344x840.jpg 1344w\" sizes=\"auto, (max-width: 1600px) 100vw, 1600px\" \/><\/a><\/h3>\n<h3>Achtung! Last Minute Herbst-Angebot!<\/h3>\n<p><strong>Noch vor den Winterferien offeriert das Hotel Kernen kurzentschlossenen Erholungssuchenden und Wanderfreunden ein attraktives Angebot:<\/strong><\/p>\n<p>Unter dem Motto: \u00ab<a href=\"https:\/\/www.hotel-kernen.ch\/de\/specials\/Hiking\/2018-09-09-herbstwandern\/\" target=\"_blank\" rel=\"noopener noreferrer\"><span style=\"text-decoration: underline;\">Herbstwandern \u2013 Wandern ab CHF 95<\/span><\/a>\u00bb entdecken Sie bis einschliesslich 20. November 2018 zu Fuss die wundersch\u00f6ne Gstaader Bergwelt. Dank des einmaligen Herbst-Specials wohnen Sie im Hotel Kernen besonders komfortabel und g\u00fcnstig. Die herbstlichen Wanderungen sind f\u00fcr jedermann geeignet und Erholung pur!<\/p>\n<ul>\n<li>1 Nacht: ZF CHF 95.00 + HP CHF 35.00 = CHF 130.00<\/li>\n<li>Ab 3 N\u00e4chten: ZF CHF 90.00 + HP CHF 35.00 = CHF 125.00<\/li>\n<li>Spa-Eintritt CHF 10.00<\/li>\n<li>Welcome-Drink gratis<\/li>\n<li>Parkplatz gratis<\/li>\n<li>Kaffee und Kuchen am Nachmittag inbegriffen<\/li>\n<li>Gstaad Card f\u00fcr Erwachsene CHF 19.00<\/li>\n<li>Gstaad Card f\u00fcr Kinder CHF 9.00<\/li>\n<\/ul>\n<p>Jedes Zimmer ist mit Dusche, WC, Telefon, Radio, Fernseher, Safe und WLAN ausgestattet.<\/p>\n<p><a href=\"https:\/\/www.ausflugsziele-schweiz.ch\/wp-content\/uploads\/2018\/10\/Hotel_schoenried_ferien_schoenried_urlaub_gstaad_berner_oberland_zimmer.jpg\"><img loading=\"lazy\" decoding=\"async\" class=\"aligncenter size-full wp-image-118557\" src=\"https:\/\/www.ausflugsziele-schweiz.ch\/wp-content\/uploads\/2018\/10\/Hotel_schoenried_ferien_schoenried_urlaub_gstaad_berner_oberland_zimmer.jpg\" alt=\"\" width=\"1778\" height=\"1000\" srcset=\"https:\/\/www.ausflugsziele-schweiz.ch\/wp-content\/uploads\/2018\/10\/Hotel_schoenried_ferien_schoenried_urlaub_gstaad_berner_oberland_zimmer.jpg 1400w, https:\/\/www.ausflugsziele-schweiz.ch\/wp-content\/uploads\/2018\/10\/Hotel_schoenried_ferien_schoenried_urlaub_gstaad_berner_oberland_zimmer-800x450.jpg 800w, https:\/\/www.ausflugsziele-schweiz.ch\/wp-content\/uploads\/2018\/10\/Hotel_schoenried_ferien_schoenried_urlaub_gstaad_berner_oberland_zimmer-1024x576.jpg 1024w, https:\/\/www.ausflugsziele-schweiz.ch\/wp-content\/uploads\/2018\/10\/Hotel_schoenried_ferien_schoenried_urlaub_gstaad_berner_oberland_zimmer-768x432.jpg 768w, https:\/\/www.ausflugsziele-schweiz.ch\/wp-content\/uploads\/2018\/10\/Hotel_schoenried_ferien_schoenried_urlaub_gstaad_berner_oberland_zimmer-696x391.jpg 696w, https:\/\/www.ausflugsziele-schweiz.ch\/wp-content\/uploads\/2018\/10\/Hotel_schoenried_ferien_schoenried_urlaub_gstaad_berner_oberland_zimmer-1392x783.jpg 1392w, https:\/\/www.ausflugsziele-schweiz.ch\/wp-content\/uploads\/2018\/10\/Hotel_schoenried_ferien_schoenried_urlaub_gstaad_berner_oberland_zimmer-1068x600.jpg 1068w, https:\/\/www.ausflugsziele-schweiz.ch\/wp-content\/uploads\/2018\/10\/Hotel_schoenried_ferien_schoenried_urlaub_gstaad_berner_oberland_zimmer-747x420.jpg 747w\" sizes=\"auto, (max-width: 1778px) 100vw, 1778px\" \/><\/a><\/p>\n<p>Z\u00f6gern Sie nicht! Erleben Sie ein unvergleichliches Urlaubsgef\u00fchl in einer entspannten Umgebung. Weitere Specials und Buchungsm\u00f6glichkeiten finden Sie auf <a href=\"http:\/\/www.hotel-kernen.ch\" target=\"_blank\" rel=\"noopener noreferrer\"><span style=\"text-decoration: underline;\">www.hotel-kernen.ch<\/span><\/a>. Zudem stehen Ihnen f\u00fcr Ihre Anliegen unter Telefon +41 33 748 40 20 jederzeit kompetente, freundliche Ansprechpartner zur Verf\u00fcgung.<\/p>\n<p><strong>Das Team des Wohlf\u00fchlhotels Kernen freut sich auf Sie!<\/strong><\/p>\n","protected":false},"excerpt":{"rendered":"<p>Herzlich willkommen in Sch\u00f6nried-Gstaad! Nach einer langen, \u00fcberaus erfolgreichen Karriere als Skifahrer lag es f\u00fcr den gelernten Koch Bruno Kernen auf der Hand, das familiengef\u00fchrte Hotel Bahnhof zu \u00fcbernehmen, welches seine Urgrosseltern einst in Sch\u00f6nried im herrlichen Berner Oberland gebaut hatten. Schon bald benannte er es in Hotel Kernen um. Seitdem geh\u00f6rt es zu den [&hellip;]<\/p>\n","protected":false},"author":7,"featured_media":118518,"comment_status":"closed","ping_status":"closed","sticky":false,"template":"","format":"standard","meta":{"_acf_changed":false,"footnotes":""},"categories":[579,577],"tags":[3365,2601,3295,2605,3273,3274,3340,3303,3304,2612,2094,2611,3313,2602,2613,2614,2610,2603,2604,2031,3316,2608,3268,3398,3277,2039,2606,2607,2609],"class_list":{"0":"post-4336","1":"post","2":"type-post","3":"status-publish","4":"format-standard","5":"has-post-thumbnail","7":"category-hotels","8":"category-ubernachtung-gastronomie-winter","9":"tag-angebote-winter","10":"tag-ausflug-im-winter","11":"tag-berner-oberland-winter","12":"tag-bruno-kernen","13":"tag-erholung-winter","14":"tag-erlebnis-winter","15":"tag-familien-winter","16":"tag-familienausflug-winter","17":"tag-familienferien-winter","18":"tag-gaststube","19":"tag-gstaad","20":"tag-horneggli-bahn","21":"tag-hotel-winter","22":"tag-hotel-kernen","23":"tag-last-minute","24":"tag-last-minute-angebote","25":"tag-rellerli-bahn","26":"tag-saanenland","27":"tag-schoenried-gstaad","28":"tag-skipisten","29":"tag-ubernachten-winter","30":"tag-urlaubserlebnis","31":"tag-wandern-winter","32":"tag-wanderungen-winter","33":"tag-wellness-winter","34":"tag-winterferien","35":"tag-winterhotel","36":"tag-wintersportangebot","37":"tag-winterwanderwege"},"acf":[],"yoast_head":"<!-- This site is optimized with the Yoast SEO plugin v27.5 - https:\/\/yoast.com\/product\/yoast-seo-wordpress\/ -->\n<title>Hotel Kernen \u2013 Perfekte Winterferien im Saanenland \u2013 Ausflugziele<\/title>\n<meta name=\"description\" content=\"Herzlich willkommen in Sch\u00f6nried-Gstaad! Nach einer langen, \u00fcberaus erfolgreichen Karriere als Skifahrer lag es f\u00fcr den gelernten Koch Bruno Kernen auf der Hand, das familiengef\u00fchrte Hotel Bahnhof zu \u00fcbernehmen, welches seine Urgrosseltern einst in Sch\u00f6nried im herrlichen Berner Oberland gebaut hatten. Schon bald ...\" \/>\n<meta name=\"robots\" content=\"index, follow, max-snippet:-1, max-image-preview:large, max-video-preview:-1\" \/>\n<link rel=\"canonical\" href=\"https:\/\/www.ausflugsziele-schweiz.ch\/winter\/hotel-kernen-perfekte-winterferien-im-saanenland\/\" \/>\n<meta property=\"og:locale\" content=\"en_US\" \/>\n<meta property=\"og:type\" content=\"article\" \/>\n<meta property=\"og:title\" content=\"Hotel Kernen \u2013 Perfekte Winterferien im Saanenland \u2013 Ausflugziele\" \/>\n<meta property=\"og:description\" content=\"Herzlich willkommen in Sch\u00f6nried-Gstaad! Nach einer langen, \u00fcberaus erfolgreichen Karriere als Skifahrer lag es f\u00fcr den gelernten Koch Bruno Kernen auf der Hand, das familiengef\u00fchrte Hotel Bahnhof zu \u00fcbernehmen, welches seine Urgrosseltern einst in Sch\u00f6nried im herrlichen Berner Oberland gebaut hatten. Schon bald ...\" \/>\n<meta property=\"og:url\" content=\"https:\/\/www.ausflugsziele-schweiz.ch\/winter\/hotel-kernen-perfekte-winterferien-im-saanenland\/\" \/>\n<meta property=\"og:site_name\" content=\"Ausflugsziele\" \/>\n<meta property=\"article:publisher\" content=\"https:\/\/www.facebook.com\/ausflugszieleschweiz\/\" \/>\n<meta property=\"article:published_time\" content=\"2018-10-29T07:30:50+00:00\" \/>\n<meta property=\"article:modified_time\" content=\"2019-12-06T11:33:09+00:00\" \/>\n<meta property=\"og:image\" content=\"https:\/\/www.ausflugsziele-schweiz.ch\/wp-content\/uploads\/2018\/10\/hotel-kernen-perfekte-winterferien-im-saanenland.jpg\" \/>\n\t<meta property=\"og:image:width\" content=\"1400\" \/>\n\t<meta property=\"og:image:height\" content=\"934\" \/>\n\t<meta property=\"og:image:type\" content=\"image\/jpeg\" \/>\n<meta name=\"author\" content=\"imatrix\" \/>\n<meta name=\"twitter:card\" content=\"summary_large_image\" \/>\n<meta name=\"twitter:label1\" content=\"Written by\" \/>\n\t<meta name=\"twitter:data1\" content=\"imatrix\" \/>\n\t<meta name=\"twitter:label2\" content=\"Est. reading time\" \/>\n\t<meta name=\"twitter:data2\" content=\"3 minutes\" \/>\n<script type=\"application\/ld+json\" class=\"yoast-schema-graph\">{\"@context\":\"https:\\\/\\\/schema.org\",\"@graph\":[{\"@type\":\"Article\",\"@id\":\"https:\\\/\\\/www.ausflugsziele-schweiz.ch\\\/winter\\\/hotel-kernen-perfekte-winterferien-im-saanenland\\\/#article\",\"isPartOf\":{\"@id\":\"https:\\\/\\\/www.ausflugsziele-schweiz.ch\\\/winter\\\/hotel-kernen-perfekte-winterferien-im-saanenland\\\/\"},\"author\":{\"name\":\"imatrix\",\"@id\":\"https:\\\/\\\/www.ausflugsziele-schweiz.ch\\\/winter\\\/#\\\/schema\\\/person\\\/c57c323f187c389c84ea15885ffe79f1\"},\"headline\":\"Hotel Kernen \u2013 Perfekte Winterferien im Saanenland\",\"datePublished\":\"2018-10-29T07:30:50+00:00\",\"dateModified\":\"2019-12-06T11:33:09+00:00\",\"mainEntityOfPage\":{\"@id\":\"https:\\\/\\\/www.ausflugsziele-schweiz.ch\\\/winter\\\/hotel-kernen-perfekte-winterferien-im-saanenland\\\/\"},\"wordCount\":510,\"publisher\":{\"@id\":\"https:\\\/\\\/www.ausflugsziele-schweiz.ch\\\/winter\\\/#organization\"},\"image\":{\"@id\":\"https:\\\/\\\/www.ausflugsziele-schweiz.ch\\\/winter\\\/hotel-kernen-perfekte-winterferien-im-saanenland\\\/#primaryimage\"},\"thumbnailUrl\":\"https:\\\/\\\/www.ausflugsziele-schweiz.ch\\\/wp-content\\\/uploads\\\/2018\\\/10\\\/hotel-kernen-perfekte-winterferien-im-saanenland.jpg\",\"keywords\":[\"Angebote\",\"Ausflug im Winter\",\"Berner Oberland\",\"Bruno Kernen\",\"Erholung\",\"Erlebnis\",\"Familien\",\"Familienausflug\",\"Familienferien\",\"Gaststube\",\"Gstaad\",\"Horneggli-Bahn\",\"Hotel\",\"Hotel Kernen\",\"Last Minute\",\"Last Minute Angebote\",\"Rellerli-Bahn\",\"Saanenland\",\"Sch\u00f6nried-Gstaad\",\"Skipisten\",\"\u00dcbernachten\",\"Urlaubserlebnis\",\"Wandern\",\"Wanderungen\",\"Wellness\",\"Winterferien\",\"Winterhotel\",\"Wintersportangebot\",\"Winterwanderwege\"],\"articleSection\":[\"Hotels\",\"\u00dcbernachtung &amp; Gastronomie\"],\"inLanguage\":\"wi-NT\"},{\"@type\":\"WebPage\",\"@id\":\"https:\\\/\\\/www.ausflugsziele-schweiz.ch\\\/winter\\\/hotel-kernen-perfekte-winterferien-im-saanenland\\\/\",\"url\":\"https:\\\/\\\/www.ausflugsziele-schweiz.ch\\\/winter\\\/hotel-kernen-perfekte-winterferien-im-saanenland\\\/\",\"name\":\"Hotel Kernen \u2013 Perfekte Winterferien im Saanenland \u2013 Ausflugziele\",\"isPartOf\":{\"@id\":\"https:\\\/\\\/www.ausflugsziele-schweiz.ch\\\/winter\\\/#website\"},\"primaryImageOfPage\":{\"@id\":\"https:\\\/\\\/www.ausflugsziele-schweiz.ch\\\/winter\\\/hotel-kernen-perfekte-winterferien-im-saanenland\\\/#primaryimage\"},\"image\":{\"@id\":\"https:\\\/\\\/www.ausflugsziele-schweiz.ch\\\/winter\\\/hotel-kernen-perfekte-winterferien-im-saanenland\\\/#primaryimage\"},\"thumbnailUrl\":\"https:\\\/\\\/www.ausflugsziele-schweiz.ch\\\/wp-content\\\/uploads\\\/2018\\\/10\\\/hotel-kernen-perfekte-winterferien-im-saanenland.jpg\",\"datePublished\":\"2018-10-29T07:30:50+00:00\",\"dateModified\":\"2019-12-06T11:33:09+00:00\",\"description\":\"Herzlich willkommen in Sch\u00f6nried-Gstaad! Nach einer langen, \u00fcberaus erfolgreichen Karriere als Skifahrer lag es f\u00fcr den gelernten Koch Bruno Kernen auf der Hand, das familiengef\u00fchrte Hotel Bahnhof zu \u00fcbernehmen, welches seine Urgrosseltern einst in Sch\u00f6nried im herrlichen Berner Oberland gebaut hatten. Schon bald ...\",\"breadcrumb\":{\"@id\":\"https:\\\/\\\/www.ausflugsziele-schweiz.ch\\\/winter\\\/hotel-kernen-perfekte-winterferien-im-saanenland\\\/#breadcrumb\"},\"inLanguage\":\"wi-NT\",\"potentialAction\":[{\"@type\":\"ReadAction\",\"target\":[\"https:\\\/\\\/www.ausflugsziele-schweiz.ch\\\/winter\\\/hotel-kernen-perfekte-winterferien-im-saanenland\\\/\"]}]},{\"@type\":\"ImageObject\",\"inLanguage\":\"wi-NT\",\"@id\":\"https:\\\/\\\/www.ausflugsziele-schweiz.ch\\\/winter\\\/hotel-kernen-perfekte-winterferien-im-saanenland\\\/#primaryimage\",\"url\":\"https:\\\/\\\/www.ausflugsziele-schweiz.ch\\\/wp-content\\\/uploads\\\/2018\\\/10\\\/hotel-kernen-perfekte-winterferien-im-saanenland.jpg\",\"contentUrl\":\"https:\\\/\\\/www.ausflugsziele-schweiz.ch\\\/wp-content\\\/uploads\\\/2018\\\/10\\\/hotel-kernen-perfekte-winterferien-im-saanenland.jpg\",\"width\":1400,\"height\":934,\"caption\":\"hotel kernen perfekte winterferien im saanenland\"},{\"@type\":\"BreadcrumbList\",\"@id\":\"https:\\\/\\\/www.ausflugsziele-schweiz.ch\\\/winter\\\/hotel-kernen-perfekte-winterferien-im-saanenland\\\/#breadcrumb\",\"itemListElement\":[{\"@type\":\"ListItem\",\"position\":1,\"name\":\"Home\",\"item\":\"https:\\\/\\\/www.ausflugsziele-schweiz.ch\\\/winter\\\/\"},{\"@type\":\"ListItem\",\"position\":2,\"name\":\"Hotel Kernen \u2013 Perfekte Winterferien im Saanenland\"}]},{\"@type\":\"WebSite\",\"@id\":\"https:\\\/\\\/www.ausflugsziele-schweiz.ch\\\/winter\\\/#website\",\"url\":\"https:\\\/\\\/www.ausflugsziele-schweiz.ch\\\/winter\\\/\",\"name\":\"Ausflugsziele\",\"description\":\"ausflugsziele-schweiz.ch\",\"publisher\":{\"@id\":\"https:\\\/\\\/www.ausflugsziele-schweiz.ch\\\/winter\\\/#organization\"},\"alternateName\":\"Entdecke die sch\u00f6nsten Erlebnisse der Schweiz.\",\"potentialAction\":[{\"@type\":\"SearchAction\",\"target\":{\"@type\":\"EntryPoint\",\"urlTemplate\":\"https:\\\/\\\/www.ausflugsziele-schweiz.ch\\\/winter\\\/?s={search_term_string}\"},\"query-input\":{\"@type\":\"PropertyValueSpecification\",\"valueRequired\":true,\"valueName\":\"search_term_string\"}}],\"inLanguage\":\"wi-NT\"},{\"@type\":\"Organization\",\"@id\":\"https:\\\/\\\/www.ausflugsziele-schweiz.ch\\\/winter\\\/#organization\",\"name\":\"Ausflugsziele Schweiz\",\"alternateName\":\"Entdecke die sch\u00f6nsten Erlebnisse der Schweiz.\",\"url\":\"https:\\\/\\\/www.ausflugsziele-schweiz.ch\\\/winter\\\/\",\"logo\":{\"@type\":\"ImageObject\",\"inLanguage\":\"wi-NT\",\"@id\":\"https:\\\/\\\/www.ausflugsziele-schweiz.ch\\\/winter\\\/#\\\/schema\\\/logo\\\/image\\\/\",\"url\":\"https:\\\/\\\/www.ausflugsziele-schweiz.ch\\\/wp-content\\\/uploads\\\/2022\\\/03\\\/icon-1.png\",\"contentUrl\":\"https:\\\/\\\/www.ausflugsziele-schweiz.ch\\\/wp-content\\\/uploads\\\/2022\\\/03\\\/icon-1.png\",\"width\":600,\"height\":600,\"caption\":\"Ausflugsziele Schweiz\"},\"image\":{\"@id\":\"https:\\\/\\\/www.ausflugsziele-schweiz.ch\\\/winter\\\/#\\\/schema\\\/logo\\\/image\\\/\"},\"sameAs\":[\"https:\\\/\\\/www.facebook.com\\\/ausflugszieleschweiz\\\/\"]},{\"@type\":\"Person\",\"@id\":\"https:\\\/\\\/www.ausflugsziele-schweiz.ch\\\/winter\\\/#\\\/schema\\\/person\\\/c57c323f187c389c84ea15885ffe79f1\",\"name\":\"imatrix\",\"image\":{\"@type\":\"ImageObject\",\"inLanguage\":\"wi-NT\",\"@id\":\"https:\\\/\\\/secure.gravatar.com\\\/avatar\\\/d8860d2cdda3de8e09895767394557b234c0e6ad1a80b3b7ccfec03df1a6a41b?s=96&d=retro&r=g\",\"url\":\"https:\\\/\\\/secure.gravatar.com\\\/avatar\\\/d8860d2cdda3de8e09895767394557b234c0e6ad1a80b3b7ccfec03df1a6a41b?s=96&d=retro&r=g\",\"contentUrl\":\"https:\\\/\\\/secure.gravatar.com\\\/avatar\\\/d8860d2cdda3de8e09895767394557b234c0e6ad1a80b3b7ccfec03df1a6a41b?s=96&d=retro&r=g\",\"caption\":\"imatrix\"},\"url\":\"https:\\\/\\\/www.ausflugsziele-schweiz.ch\\\/winter\\\/author\\\/imatrix\\\/\"}]}<\/script>\n<!-- \/ Yoast SEO plugin. -->","yoast_head_json":{"title":"Hotel Kernen \u2013 Perfekte Winterferien im Saanenland \u2013 Ausflugziele","description":"Herzlich willkommen in Sch\u00f6nried-Gstaad! Nach einer langen, \u00fcberaus erfolgreichen Karriere als Skifahrer lag es f\u00fcr den gelernten Koch Bruno Kernen auf der Hand, das familiengef\u00fchrte Hotel Bahnhof zu \u00fcbernehmen, welches seine Urgrosseltern einst in Sch\u00f6nried im herrlichen Berner Oberland gebaut hatten. Schon bald ...","robots":{"index":"index","follow":"follow","max-snippet":"max-snippet:-1","max-image-preview":"max-image-preview:large","max-video-preview":"max-video-preview:-1"},"canonical":"https:\/\/www.ausflugsziele-schweiz.ch\/winter\/hotel-kernen-perfekte-winterferien-im-saanenland\/","og_locale":"en_US","og_type":"article","og_title":"Hotel Kernen \u2013 Perfekte Winterferien im Saanenland \u2013 Ausflugziele","og_description":"Herzlich willkommen in Sch\u00f6nried-Gstaad! Nach einer langen, \u00fcberaus erfolgreichen Karriere als Skifahrer lag es f\u00fcr den gelernten Koch Bruno Kernen auf der Hand, das familiengef\u00fchrte Hotel Bahnhof zu \u00fcbernehmen, welches seine Urgrosseltern einst in Sch\u00f6nried im herrlichen Berner Oberland gebaut hatten. Schon bald ...","og_url":"https:\/\/www.ausflugsziele-schweiz.ch\/winter\/hotel-kernen-perfekte-winterferien-im-saanenland\/","og_site_name":"Ausflugsziele","article_publisher":"https:\/\/www.facebook.com\/ausflugszieleschweiz\/","article_published_time":"2018-10-29T07:30:50+00:00","article_modified_time":"2019-12-06T11:33:09+00:00","og_image":[{"width":1400,"height":934,"url":"https:\/\/www.ausflugsziele-schweiz.ch\/wp-content\/uploads\/2018\/10\/hotel-kernen-perfekte-winterferien-im-saanenland.jpg","type":"image\/jpeg"}],"author":"imatrix","twitter_card":"summary_large_image","twitter_misc":{"Written by":"imatrix","Est. reading time":"3 minutes"},"schema":{"@context":"https:\/\/schema.org","@graph":[{"@type":"Article","@id":"https:\/\/www.ausflugsziele-schweiz.ch\/winter\/hotel-kernen-perfekte-winterferien-im-saanenland\/#article","isPartOf":{"@id":"https:\/\/www.ausflugsziele-schweiz.ch\/winter\/hotel-kernen-perfekte-winterferien-im-saanenland\/"},"author":{"name":"imatrix","@id":"https:\/\/www.ausflugsziele-schweiz.ch\/winter\/#\/schema\/person\/c57c323f187c389c84ea15885ffe79f1"},"headline":"Hotel Kernen \u2013 Perfekte Winterferien im Saanenland","datePublished":"2018-10-29T07:30:50+00:00","dateModified":"2019-12-06T11:33:09+00:00","mainEntityOfPage":{"@id":"https:\/\/www.ausflugsziele-schweiz.ch\/winter\/hotel-kernen-perfekte-winterferien-im-saanenland\/"},"wordCount":510,"publisher":{"@id":"https:\/\/www.ausflugsziele-schweiz.ch\/winter\/#organization"},"image":{"@id":"https:\/\/www.ausflugsziele-schweiz.ch\/winter\/hotel-kernen-perfekte-winterferien-im-saanenland\/#primaryimage"},"thumbnailUrl":"https:\/\/www.ausflugsziele-schweiz.ch\/wp-content\/uploads\/2018\/10\/hotel-kernen-perfekte-winterferien-im-saanenland.jpg","keywords":["Angebote","Ausflug im Winter","Berner Oberland","Bruno Kernen","Erholung","Erlebnis","Familien","Familienausflug","Familienferien","Gaststube","Gstaad","Horneggli-Bahn","Hotel","Hotel Kernen","Last Minute","Last Minute Angebote","Rellerli-Bahn","Saanenland","Sch\u00f6nried-Gstaad","Skipisten","\u00dcbernachten","Urlaubserlebnis","Wandern","Wanderungen","Wellness","Winterferien","Winterhotel","Wintersportangebot","Winterwanderwege"],"articleSection":["Hotels","\u00dcbernachtung &amp; Gastronomie"],"inLanguage":"wi-NT"},{"@type":"WebPage","@id":"https:\/\/www.ausflugsziele-schweiz.ch\/winter\/hotel-kernen-perfekte-winterferien-im-saanenland\/","url":"https:\/\/www.ausflugsziele-schweiz.ch\/winter\/hotel-kernen-perfekte-winterferien-im-saanenland\/","name":"Hotel Kernen \u2013 Perfekte Winterferien im Saanenland \u2013 Ausflugziele","isPartOf":{"@id":"https:\/\/www.ausflugsziele-schweiz.ch\/winter\/#website"},"primaryImageOfPage":{"@id":"https:\/\/www.ausflugsziele-schweiz.ch\/winter\/hotel-kernen-perfekte-winterferien-im-saanenland\/#primaryimage"},"image":{"@id":"https:\/\/www.ausflugsziele-schweiz.ch\/winter\/hotel-kernen-perfekte-winterferien-im-saanenland\/#primaryimage"},"thumbnailUrl":"https:\/\/www.ausflugsziele-schweiz.ch\/wp-content\/uploads\/2018\/10\/hotel-kernen-perfekte-winterferien-im-saanenland.jpg","datePublished":"2018-10-29T07:30:50+00:00","dateModified":"2019-12-06T11:33:09+00:00","description":"Herzlich willkommen in Sch\u00f6nried-Gstaad! Nach einer langen, \u00fcberaus erfolgreichen Karriere als Skifahrer lag es f\u00fcr den gelernten Koch Bruno Kernen auf der Hand, das familiengef\u00fchrte Hotel Bahnhof zu \u00fcbernehmen, welches seine Urgrosseltern einst in Sch\u00f6nried im herrlichen Berner Oberland gebaut hatten. Schon bald ...","breadcrumb":{"@id":"https:\/\/www.ausflugsziele-schweiz.ch\/winter\/hotel-kernen-perfekte-winterferien-im-saanenland\/#breadcrumb"},"inLanguage":"wi-NT","potentialAction":[{"@type":"ReadAction","target":["https:\/\/www.ausflugsziele-schweiz.ch\/winter\/hotel-kernen-perfekte-winterferien-im-saanenland\/"]}]},{"@type":"ImageObject","inLanguage":"wi-NT","@id":"https:\/\/www.ausflugsziele-schweiz.ch\/winter\/hotel-kernen-perfekte-winterferien-im-saanenland\/#primaryimage","url":"https:\/\/www.ausflugsziele-schweiz.ch\/wp-content\/uploads\/2018\/10\/hotel-kernen-perfekte-winterferien-im-saanenland.jpg","contentUrl":"https:\/\/www.ausflugsziele-schweiz.ch\/wp-content\/uploads\/2018\/10\/hotel-kernen-perfekte-winterferien-im-saanenland.jpg","width":1400,"height":934,"caption":"hotel kernen perfekte winterferien im saanenland"},{"@type":"BreadcrumbList","@id":"https:\/\/www.ausflugsziele-schweiz.ch\/winter\/hotel-kernen-perfekte-winterferien-im-saanenland\/#breadcrumb","itemListElement":[{"@type":"ListItem","position":1,"name":"Home","item":"https:\/\/www.ausflugsziele-schweiz.ch\/winter\/"},{"@type":"ListItem","position":2,"name":"Hotel Kernen \u2013 Perfekte Winterferien im Saanenland"}]},{"@type":"WebSite","@id":"https:\/\/www.ausflugsziele-schweiz.ch\/winter\/#website","url":"https:\/\/www.ausflugsziele-schweiz.ch\/winter\/","name":"Ausflugsziele","description":"ausflugsziele-schweiz.ch","publisher":{"@id":"https:\/\/www.ausflugsziele-schweiz.ch\/winter\/#organization"},"alternateName":"Entdecke die sch\u00f6nsten Erlebnisse der Schweiz.","potentialAction":[{"@type":"SearchAction","target":{"@type":"EntryPoint","urlTemplate":"https:\/\/www.ausflugsziele-schweiz.ch\/winter\/?s={search_term_string}"},"query-input":{"@type":"PropertyValueSpecification","valueRequired":true,"valueName":"search_term_string"}}],"inLanguage":"wi-NT"},{"@type":"Organization","@id":"https:\/\/www.ausflugsziele-schweiz.ch\/winter\/#organization","name":"Ausflugsziele Schweiz","alternateName":"Entdecke die sch\u00f6nsten Erlebnisse der Schweiz.","url":"https:\/\/www.ausflugsziele-schweiz.ch\/winter\/","logo":{"@type":"ImageObject","inLanguage":"wi-NT","@id":"https:\/\/www.ausflugsziele-schweiz.ch\/winter\/#\/schema\/logo\/image\/","url":"https:\/\/www.ausflugsziele-schweiz.ch\/wp-content\/uploads\/2022\/03\/icon-1.png","contentUrl":"https:\/\/www.ausflugsziele-schweiz.ch\/wp-content\/uploads\/2022\/03\/icon-1.png","width":600,"height":600,"caption":"Ausflugsziele Schweiz"},"image":{"@id":"https:\/\/www.ausflugsziele-schweiz.ch\/winter\/#\/schema\/logo\/image\/"},"sameAs":["https:\/\/www.facebook.com\/ausflugszieleschweiz\/"]},{"@type":"Person","@id":"https:\/\/www.ausflugsziele-schweiz.ch\/winter\/#\/schema\/person\/c57c323f187c389c84ea15885ffe79f1","name":"imatrix","image":{"@type":"ImageObject","inLanguage":"wi-NT","@id":"https:\/\/secure.gravatar.com\/avatar\/d8860d2cdda3de8e09895767394557b234c0e6ad1a80b3b7ccfec03df1a6a41b?s=96&d=retro&r=g","url":"https:\/\/secure.gravatar.com\/avatar\/d8860d2cdda3de8e09895767394557b234c0e6ad1a80b3b7ccfec03df1a6a41b?s=96&d=retro&r=g","contentUrl":"https:\/\/secure.gravatar.com\/avatar\/d8860d2cdda3de8e09895767394557b234c0e6ad1a80b3b7ccfec03df1a6a41b?s=96&d=retro&r=g","caption":"imatrix"},"url":"https:\/\/www.ausflugsziele-schweiz.ch\/winter\/author\/imatrix\/"}]}},"_links":{"self":[{"href":"https:\/\/www.ausflugsziele-schweiz.ch\/winter\/wp-json\/wp\/v2\/posts\/4336","targetHints":{"allow":["GET"]}}],"collection":[{"href":"https:\/\/www.ausflugsziele-schweiz.ch\/winter\/wp-json\/wp\/v2\/posts"}],"about":[{"href":"https:\/\/www.ausflugsziele-schweiz.ch\/winter\/wp-json\/wp\/v2\/types\/post"}],"author":[{"embeddable":true,"href":"https:\/\/www.ausflugsziele-schweiz.ch\/winter\/wp-json\/wp\/v2\/users\/7"}],"replies":[{"embeddable":true,"href":"https:\/\/www.ausflugsziele-schweiz.ch\/winter\/wp-json\/wp\/v2\/comments?post=4336"}],"version-history":[{"count":0,"href":"https:\/\/www.ausflugsziele-schweiz.ch\/winter\/wp-json\/wp\/v2\/posts\/4336\/revisions"}],"wp:featuredmedia":[{"embeddable":true,"href":"https:\/\/www.ausflugsziele-schweiz.ch\/winter\/wp-json\/wp\/v2\/media\/118518"}],"wp:attachment":[{"href":"https:\/\/www.ausflugsziele-schweiz.ch\/winter\/wp-json\/wp\/v2\/media?parent=4336"}],"wp:term":[{"taxonomy":"category","embeddable":true,"href":"https:\/\/www.ausflugsziele-schweiz.ch\/winter\/wp-json\/wp\/v2\/categories?post=4336"},{"taxonomy":"post_tag","embeddable":true,"href":"https:\/\/www.ausflugsziele-schweiz.ch\/winter\/wp-json\/wp\/v2\/tags?post=4336"}],"curies":[{"name":"wp","href":"https:\/\/api.w.org\/{rel}","templated":true}]}}