{"id":4607,"date":"2018-10-29T08:40:26","date_gmt":"2018-10-29T07:40:26","guid":{"rendered":"https:\/\/www.ausflugsziele-schweiz.ch\/?p=4607"},"modified":"2022-04-04T19:27:58","modified_gmt":"2022-04-04T17:27:58","slug":"weissenstein-winterlicher-familienausflug-in-der-panoramagondel","status":"publish","type":"post","link":"https:\/\/www.ausflugsziele-schweiz.ch\/winter\/weissenstein-winterlicher-familienausflug-in-der-panoramagondel\/","title":{"rendered":"Weissenstein \u2013 Winterlicher Familienausflug in der Panoramagondel"},"content":{"rendered":"<h3>Mit der Seilbahn hoch hinaus<\/h3>\n<p><strong>Zu einem der wohl beliebtesten Ziele f\u00fcr einen winterlichen Familienausflug im Kanton Solothurn geh\u00f6rt ohne Zweifel die Seilbahn hinauf zum <a href=\"http:\/\/www.seilbahn-weissenstein.ch\/\" target=\"_blank\" rel=\"noopener noreferrer\"><span style=\"text-decoration: underline;\">Weissenstein<\/span><\/a>. Die Fahrt mit der spektakul\u00e4ren Panoramagondel ist ein unvergessliches Erlebnis f\u00fcr Gross und Klein. Auch die vielen weiteren <a href=\"http:\/\/www.seilbahn-weissenstein.ch\/winter.html\" target=\"_blank\" rel=\"noopener noreferrer\"><span style=\"text-decoration: underline;\">Wintersport- und Winterspass-M\u00f6glichkeiten<\/span><\/a> sprechen in jeder Hinsicht f\u00fcr diesen Ausflugsort.<\/strong><\/p>\n\r\n                <style type=\"text\/css\">\r\n                    \r\n                    #tdi_1  .td-doubleSlider-2 .td-item1 {\r\n                        background: url(https:\/\/www.ausflugsziele-schweiz.ch\/wp-content\/uploads\/2018\/10\/DSC_7858_Marco_Faggi-1024x684-80x60.jpg) 0 0 no-repeat;\r\n                    }\r\n                    #tdi_1  .td-doubleSlider-2 .td-item2 {\r\n                        background: url(https:\/\/www.ausflugsziele-schweiz.ch\/wp-content\/uploads\/2018\/10\/DSC_Marco_8496-1024x684-80x60.jpg) 0 0 no-repeat;\r\n                    }\r\n                    #tdi_1  .td-doubleSlider-2 .td-item3 {\r\n                        background: url(https:\/\/www.ausflugsziele-schweiz.ch\/wp-content\/uploads\/2018\/10\/DSC3366-1024x683-80x60.jpg) 0 0 no-repeat;\r\n                    }\r\n                    #tdi_1  .td-doubleSlider-2 .td-item4 {\r\n                        background: url(https:\/\/www.ausflugsziele-schweiz.ch\/wp-content\/uploads\/2018\/10\/DSC3368-1024x683-80x60.jpg) 0 0 no-repeat;\r\n                    }\r\n                    #tdi_1  .td-doubleSlider-2 .td-item5 {\r\n                        background: url(https:\/\/www.ausflugsziele-schweiz.ch\/wp-content\/uploads\/2018\/10\/DSC3378-683x1024-80x60.jpg) 0 0 no-repeat;\r\n                    }\r\n                    #tdi_1  .td-doubleSlider-2 .td-item6 {\r\n                        background: url(https:\/\/www.ausflugsziele-schweiz.ch\/wp-content\/uploads\/2018\/10\/plm_Peter-Lukas-Meier_06134-683x1024-80x60.jpg) 0 0 no-repeat;\r\n                    }\r\n                    #tdi_1  .td-doubleSlider-2 .td-item7 {\r\n                        background: url(https:\/\/www.ausflugsziele-schweiz.ch\/wp-content\/uploads\/2018\/10\/plm_Peter-Lukas-Meier_06200-1024x683-80x60.jpg) 0 0 no-repeat;\r\n                    }\r\n                <\/style>\r\n\r\n                <div id=\"tdi_1\" class=\"td-gallery td-slide-on-2-columns\">\r\n                    <div class=\"post_td_gallery\">\r\n                        <div class=\"td-gallery-slide-top\">\r\n                           <div class=\"td-gallery-title\"><\/div>\r\n\r\n                            <div class=\"td-gallery-controls-wrapper\">\r\n                                <div class=\"td-gallery-slide-count\"><span class=\"td-gallery-slide-item-focus\">1<\/span> of 7<\/div>\r\n                                <div class=\"td-gallery-slide-prev-next-but\">\r\n                                    <i class = \"td-icon-left doubleSliderPrevButton\"><\/i>\r\n                                    <i class = \"td-icon-right doubleSliderNextButton\"><\/i>\r\n                                <\/div>\r\n                            <\/div>\r\n                        <\/div>\r\n\r\n                        <div class = \"td-doubleSlider-1 \">\r\n                            <div class = \"td-slider\">\r\n                                \r\n                    <div class = \"td-slide-item td-item1\">\r\n                        <figure class=\"td-slide-galery-figure td-slide-popup-gallery\">\r\n                            <a class=\"slide-gallery-image-link\" href=\"https:\/\/www.ausflugsziele-schweiz.ch\/wp-content\/uploads\/2018\/10\/DSC_7858_Marco_Faggi-1024x684.jpg\" title=\"DSC 7858 Marco Faggi 1024x684\"  data-caption=\"DSC 7858 Marco Faggi 1024x684\"  data-description=\"DSC 7858 Marco Faggi 1024x684\">\r\n                                <img decoding=\"async\" src=\"https:\/\/www.ausflugsziele-schweiz.ch\/wp-content\/uploads\/2018\/10\/DSC_7858_Marco_Faggi-1024x684-629x420.jpg\" srcset=\"https:\/\/www.ausflugsziele-schweiz.ch\/wp-content\/uploads\/2018\/10\/DSC_7858_Marco_Faggi-1024x684-629x420.jpg 629w, https:\/\/www.ausflugsziele-schweiz.ch\/wp-content\/uploads\/2018\/10\/DSC_7858_Marco_Faggi-1024x684-798x533.jpg 798w, https:\/\/www.ausflugsziele-schweiz.ch\/wp-content\/uploads\/2018\/10\/DSC_7858_Marco_Faggi-1024x684-768x513.jpg 768w, https:\/\/www.ausflugsziele-schweiz.ch\/wp-content\/uploads\/2018\/10\/DSC_7858_Marco_Faggi-1024x684-696x465.jpg 696w, https:\/\/www.ausflugsziele-schweiz.ch\/wp-content\/uploads\/2018\/10\/DSC_7858_Marco_Faggi-1024x684.jpg 1024w\" sizes=\"(max-width: 629px) 100vw, 629px\" alt=\"DSC 7858 Marco Faggi 1024x684\">\r\n                            <\/a>\r\n                            <figcaption class = \"td-slide-caption td-gallery-slide-content\"><div class = \"td-gallery-slide-copywrite\">DSC 7858 Marco Faggi 1024x684<\/div><span>DSC 7858 Marco Faggi 1024x684<\/span><\/figcaption>\r\n                        <\/figure>\r\n                    <\/div>\r\n                    <div class = \"td-slide-item td-item2\">\r\n                        <figure class=\"td-slide-galery-figure td-slide-popup-gallery\">\r\n                            <a class=\"slide-gallery-image-link\" href=\"https:\/\/www.ausflugsziele-schweiz.ch\/wp-content\/uploads\/2018\/10\/DSC_Marco_8496-1024x684.jpg\" title=\"DSC Marco 8496 1024x684\"  data-caption=\"DSC Marco 8496 1024x684\"  data-description=\"DSC Marco 8496 1024x684\">\r\n                                <img decoding=\"async\" src=\"https:\/\/www.ausflugsziele-schweiz.ch\/wp-content\/uploads\/2018\/10\/DSC_Marco_8496-1024x684-629x420.jpg\" srcset=\"https:\/\/www.ausflugsziele-schweiz.ch\/wp-content\/uploads\/2018\/10\/DSC_Marco_8496-1024x684-629x420.jpg 629w, https:\/\/www.ausflugsziele-schweiz.ch\/wp-content\/uploads\/2018\/10\/DSC_Marco_8496-1024x684-798x533.jpg 798w, https:\/\/www.ausflugsziele-schweiz.ch\/wp-content\/uploads\/2018\/10\/DSC_Marco_8496-1024x684-768x513.jpg 768w, https:\/\/www.ausflugsziele-schweiz.ch\/wp-content\/uploads\/2018\/10\/DSC_Marco_8496-1024x684-696x465.jpg 696w, https:\/\/www.ausflugsziele-schweiz.ch\/wp-content\/uploads\/2018\/10\/DSC_Marco_8496-1024x684.jpg 1024w\" sizes=\"(max-width: 629px) 100vw, 629px\" alt=\"DSC Marco 8496 1024x684\">\r\n                            <\/a>\r\n                            <figcaption class = \"td-slide-caption td-gallery-slide-content\"><div class = \"td-gallery-slide-copywrite\">DSC Marco 8496 1024x684<\/div><span>DSC Marco 8496 1024x684<\/span><\/figcaption>\r\n                        <\/figure>\r\n                    <\/div>\r\n                    <div class = \"td-slide-item td-item3\">\r\n                        <figure class=\"td-slide-galery-figure td-slide-popup-gallery\">\r\n                            <a class=\"slide-gallery-image-link\" href=\"https:\/\/www.ausflugsziele-schweiz.ch\/wp-content\/uploads\/2018\/10\/DSC3366-1024x683.jpg\" title=\"DSC3366 1024x683\"  data-caption=\"DSC3366 1024x683\"  data-description=\"DSC3366 1024x683\">\r\n                                <img decoding=\"async\" src=\"https:\/\/www.ausflugsziele-schweiz.ch\/wp-content\/uploads\/2018\/10\/DSC3366-1024x683-630x420.jpg\" srcset=\"https:\/\/www.ausflugsziele-schweiz.ch\/wp-content\/uploads\/2018\/10\/DSC3366-1024x683-630x420.jpg 630w, https:\/\/www.ausflugsziele-schweiz.ch\/wp-content\/uploads\/2018\/10\/DSC3366-1024x683-800x533.jpg 800w, https:\/\/www.ausflugsziele-schweiz.ch\/wp-content\/uploads\/2018\/10\/DSC3366-1024x683-768x512.jpg 768w, https:\/\/www.ausflugsziele-schweiz.ch\/wp-content\/uploads\/2018\/10\/DSC3366-1024x683-696x464.jpg 696w, https:\/\/www.ausflugsziele-schweiz.ch\/wp-content\/uploads\/2018\/10\/DSC3366-1024x683.jpg 1024w\" sizes=\"(max-width: 630px) 100vw, 630px\" alt=\"DSC3366 1024x683\">\r\n                            <\/a>\r\n                            <figcaption class = \"td-slide-caption td-gallery-slide-content\"><div class = \"td-gallery-slide-copywrite\">DSC3366 1024x683<\/div><span>DSC3366 1024x683<\/span><\/figcaption>\r\n                        <\/figure>\r\n                    <\/div>\r\n                    <div class = \"td-slide-item td-item4\">\r\n                        <figure class=\"td-slide-galery-figure td-slide-popup-gallery\">\r\n                            <a class=\"slide-gallery-image-link\" href=\"https:\/\/www.ausflugsziele-schweiz.ch\/wp-content\/uploads\/2018\/10\/DSC3368-1024x683.jpg\" title=\"DSC3368 1024x683\"  data-caption=\"DSC3368 1024x683\"  data-description=\"DSC3368 1024x683\">\r\n                                <img decoding=\"async\" src=\"https:\/\/www.ausflugsziele-schweiz.ch\/wp-content\/uploads\/2018\/10\/DSC3368-1024x683-630x420.jpg\" srcset=\"https:\/\/www.ausflugsziele-schweiz.ch\/wp-content\/uploads\/2018\/10\/DSC3368-1024x683-630x420.jpg 630w, https:\/\/www.ausflugsziele-schweiz.ch\/wp-content\/uploads\/2018\/10\/DSC3368-1024x683-800x533.jpg 800w, https:\/\/www.ausflugsziele-schweiz.ch\/wp-content\/uploads\/2018\/10\/DSC3368-1024x683-768x512.jpg 768w, https:\/\/www.ausflugsziele-schweiz.ch\/wp-content\/uploads\/2018\/10\/DSC3368-1024x683-696x464.jpg 696w, https:\/\/www.ausflugsziele-schweiz.ch\/wp-content\/uploads\/2018\/10\/DSC3368-1024x683.jpg 1024w\" sizes=\"(max-width: 630px) 100vw, 630px\" alt=\"DSC3368 1024x683\">\r\n                            <\/a>\r\n                            <figcaption class = \"td-slide-caption td-gallery-slide-content\"><div class = \"td-gallery-slide-copywrite\">DSC3368 1024x683<\/div><span>DSC3368 1024x683<\/span><\/figcaption>\r\n                        <\/figure>\r\n                    <\/div>\r\n                    <div class = \"td-slide-item td-item5\">\r\n                        <figure class=\"td-slide-galery-figure td-slide-popup-gallery\">\r\n                            <a class=\"slide-gallery-image-link\" href=\"https:\/\/www.ausflugsziele-schweiz.ch\/wp-content\/uploads\/2018\/10\/DSC3378-683x1024.jpg\" title=\"DSC3378 683x1024\"  data-caption=\"DSC3378 683x1024\"  data-description=\"DSC3378 683x1024\">\r\n                                <img decoding=\"async\" src=\"https:\/\/www.ausflugsziele-schweiz.ch\/wp-content\/uploads\/2018\/10\/DSC3378-683x1024-280x420.jpg\" srcset=\"https:\/\/www.ausflugsziele-schweiz.ch\/wp-content\/uploads\/2018\/10\/DSC3378-683x1024-280x420.jpg 280w, https:\/\/www.ausflugsziele-schweiz.ch\/wp-content\/uploads\/2018\/10\/DSC3378-683x1024-356x533.jpg 356w, https:\/\/www.ausflugsziele-schweiz.ch\/wp-content\/uploads\/2018\/10\/DSC3378-683x1024-560x840.jpg 560w, https:\/\/www.ausflugsziele-schweiz.ch\/wp-content\/uploads\/2018\/10\/DSC3378-683x1024.jpg 667w\" sizes=\"(max-width: 280px) 100vw, 280px\" alt=\"DSC3378 683x1024\">\r\n                            <\/a>\r\n                            <figcaption class = \"td-slide-caption td-gallery-slide-content\"><div class = \"td-gallery-slide-copywrite\">DSC3378 683x1024<\/div><span>DSC3378 683x1024<\/span><\/figcaption>\r\n                        <\/figure>\r\n                    <\/div>\r\n                    <div class = \"td-slide-item td-item6\">\r\n                        <figure class=\"td-slide-galery-figure td-slide-popup-gallery\">\r\n                            <a class=\"slide-gallery-image-link\" href=\"https:\/\/www.ausflugsziele-schweiz.ch\/wp-content\/uploads\/2018\/10\/plm_Peter-Lukas-Meier_06134-683x1024.jpg\" title=\"plm Peter Lukas Meier 06134 683x1024\"  data-caption=\"plm Peter Lukas Meier 06134 683x1024\"  data-description=\"plm Peter Lukas Meier 06134 683x1024\">\r\n                                <img decoding=\"async\" src=\"https:\/\/www.ausflugsziele-schweiz.ch\/wp-content\/uploads\/2018\/10\/plm_Peter-Lukas-Meier_06134-683x1024-280x420.jpg\" srcset=\"https:\/\/www.ausflugsziele-schweiz.ch\/wp-content\/uploads\/2018\/10\/plm_Peter-Lukas-Meier_06134-683x1024-280x420.jpg 280w, https:\/\/www.ausflugsziele-schweiz.ch\/wp-content\/uploads\/2018\/10\/plm_Peter-Lukas-Meier_06134-683x1024-356x533.jpg 356w, https:\/\/www.ausflugsziele-schweiz.ch\/wp-content\/uploads\/2018\/10\/plm_Peter-Lukas-Meier_06134-683x1024-560x840.jpg 560w, https:\/\/www.ausflugsziele-schweiz.ch\/wp-content\/uploads\/2018\/10\/plm_Peter-Lukas-Meier_06134-683x1024.jpg 667w\" sizes=\"(max-width: 280px) 100vw, 280px\" alt=\"plm Peter Lukas Meier 06134 683x1024\">\r\n                            <\/a>\r\n                            <figcaption class = \"td-slide-caption td-gallery-slide-content\"><div class = \"td-gallery-slide-copywrite\">plm Peter Lukas Meier 06134 683x1024<\/div><span>plm Peter Lukas Meier 06134 683x1024<\/span><\/figcaption>\r\n                        <\/figure>\r\n                    <\/div>\r\n                    <div class = \"td-slide-item td-item7\">\r\n                        <figure class=\"td-slide-galery-figure td-slide-popup-gallery\">\r\n                            <a class=\"slide-gallery-image-link\" href=\"https:\/\/www.ausflugsziele-schweiz.ch\/wp-content\/uploads\/2018\/10\/plm_Peter-Lukas-Meier_06200-1024x683.jpg\" title=\"plm Peter Lukas Meier 06200 1024x683\"  data-caption=\"plm Peter Lukas Meier 06200 1024x683\"  data-description=\"plm Peter Lukas Meier 06200 1024x683\">\r\n                                <img decoding=\"async\" src=\"https:\/\/www.ausflugsziele-schweiz.ch\/wp-content\/uploads\/2018\/10\/plm_Peter-Lukas-Meier_06200-1024x683-630x420.jpg\" srcset=\"https:\/\/www.ausflugsziele-schweiz.ch\/wp-content\/uploads\/2018\/10\/plm_Peter-Lukas-Meier_06200-1024x683-630x420.jpg 630w, https:\/\/www.ausflugsziele-schweiz.ch\/wp-content\/uploads\/2018\/10\/plm_Peter-Lukas-Meier_06200-1024x683-800x533.jpg 800w, https:\/\/www.ausflugsziele-schweiz.ch\/wp-content\/uploads\/2018\/10\/plm_Peter-Lukas-Meier_06200-1024x683-768x512.jpg 768w, https:\/\/www.ausflugsziele-schweiz.ch\/wp-content\/uploads\/2018\/10\/plm_Peter-Lukas-Meier_06200-1024x683-696x464.jpg 696w, https:\/\/www.ausflugsziele-schweiz.ch\/wp-content\/uploads\/2018\/10\/plm_Peter-Lukas-Meier_06200-1024x683.jpg 1024w\" sizes=\"(max-width: 630px) 100vw, 630px\" alt=\"plm Peter Lukas Meier 06200 1024x683\">\r\n                            <\/a>\r\n                            <figcaption class = \"td-slide-caption td-gallery-slide-content\"><div class = \"td-gallery-slide-copywrite\">plm Peter Lukas Meier 06200 1024x683<\/div><span>plm Peter Lukas Meier 06200 1024x683<\/span><\/figcaption>\r\n                        <\/figure>\r\n                    <\/div>\r\n                            <\/div>\r\n                        <\/div>\r\n\r\n                        <div class = \"td-doubleSlider-2\">\r\n                            <div class = \"td-slider\">\r\n                                \r\n                    <div class = \"td-button td-item1\">\r\n                        <div class = \"td-border\"><\/div>\r\n                    <\/div>\r\n                    <div class = \"td-button td-item2\">\r\n                        <div class = \"td-border\"><\/div>\r\n                    <\/div>\r\n                    <div class = \"td-button td-item3\">\r\n                        <div class = \"td-border\"><\/div>\r\n                    <\/div>\r\n                    <div class = \"td-button td-item4\">\r\n                        <div class = \"td-border\"><\/div>\r\n                    <\/div>\r\n                    <div class = \"td-button td-item5\">\r\n                        <div class = \"td-border\"><\/div>\r\n                    <\/div>\r\n                    <div class = \"td-button td-item6\">\r\n                        <div class = \"td-border\"><\/div>\r\n                    <\/div>\r\n                    <div class = \"td-button td-item7\">\r\n                        <div class = \"td-border\"><\/div>\r\n                    <\/div>\r\n                            <\/div>\r\n                        <\/div>\r\n\r\n                    <\/div>\r\n\r\n                <\/div>\r\n                \n<h3>Beste Voraussetzungen f\u00fcr einen Familienausflug im Winter<\/h3>\n<p>Die <a href=\"http:\/\/www.seilbahn-weissenstein.ch\/winter.html\" target=\"_blank\" rel=\"noopener noreferrer\"><span style=\"text-decoration: underline;\">Seilbahn Weissenstein<\/span><\/a> bietet aufgrund ihrer modernen Gestaltung mit hindernisfreien Ein- und Ausstiegen beste Voraussetzungen f\u00fcr einen Familienausflug im Winter. So k\u00f6nnen in den 6-Personen-Gondeln nicht nur Kinderwagen, Schlitten und Hunde, sondern auch Rollst\u00fchle und Rollatoren bef\u00f6rdert werden. Auf diese Weise kommen \u00e4ltere Menschen, Paare mit kleinen Kindern sowie mobilit\u00e4tseingeschr\u00e4nkte Personen ebenfalls in den Genuss einer winterlichen Seilbahnfahrt hinauf zum 1.280 Meter hohen Hausberg von Solothurn. Oben l\u00e4sst sich eine herrliche Aussicht \u00fcber die verschneiten Alpen geniessen &#8211; von S\u00e4ntis bis zum Mont Blanc. Die spektakul\u00e4re winterliche Landschaft ist bereits w\u00e4hrend der Fahrt mit der Panoramagondel zu bestaunen.<\/p>\n<p><a href=\"https:\/\/www.ausflugsziele-schweiz.ch\/wp-content\/uploads\/2018\/10\/plm_Peter-Lukas-Meier_06153-e1538490188832.jpg\"><img loading=\"lazy\" decoding=\"async\" class=\"aligncenter size-full wp-image-119573\" src=\"https:\/\/www.ausflugsziele-schweiz.ch\/wp-content\/uploads\/2018\/10\/plm_Peter-Lukas-Meier_06153-e1538490188832.jpg\" alt=\"\" width=\"1620\" height=\"899\" srcset=\"https:\/\/www.ausflugsziele-schweiz.ch\/wp-content\/uploads\/2018\/10\/plm_Peter-Lukas-Meier_06153-e1538490188832.jpg 1400w, https:\/\/www.ausflugsziele-schweiz.ch\/wp-content\/uploads\/2018\/10\/plm_Peter-Lukas-Meier_06153-e1538490188832-800x444.jpg 800w, https:\/\/www.ausflugsziele-schweiz.ch\/wp-content\/uploads\/2018\/10\/plm_Peter-Lukas-Meier_06153-e1538490188832-1024x568.jpg 1024w, https:\/\/www.ausflugsziele-schweiz.ch\/wp-content\/uploads\/2018\/10\/plm_Peter-Lukas-Meier_06153-e1538490188832-768x426.jpg 768w, https:\/\/www.ausflugsziele-schweiz.ch\/wp-content\/uploads\/2018\/10\/plm_Peter-Lukas-Meier_06153-e1538490188832-696x385.jpg 696w, https:\/\/www.ausflugsziele-schweiz.ch\/wp-content\/uploads\/2018\/10\/plm_Peter-Lukas-Meier_06153-e1538490188832-1392x773.jpg 1392w, https:\/\/www.ausflugsziele-schweiz.ch\/wp-content\/uploads\/2018\/10\/plm_Peter-Lukas-Meier_06153-e1538490188832-1068x593.jpg 1068w, https:\/\/www.ausflugsziele-schweiz.ch\/wp-content\/uploads\/2018\/10\/plm_Peter-Lukas-Meier_06153-e1538490188832-757x420.jpg 757w\" sizes=\"auto, (max-width: 1620px) 100vw, 1620px\" \/><\/a><\/p>\n<h3>Mit der Panoramagondel in nur zw\u00f6lf Minuten zum Gipfel<\/h3>\n<p>Jede einzelne Panoramagondel bringt ihre Insassen in nur zw\u00f6lf Minuten hinauf zum Gipfel des Weissensteins. Dank der modernen und zukunftsorientiert ausgerichteten Konstruktion der Bahnanlage k\u00f6nnen jede Stunde bis zu 900 Personen von der Talstation Oberdorf hinauf zum Weissenstein bef\u00f6rdert werden. An normalen Wintertagen mit einem durchschnittlichen Besucheraufkommen bewegt sich die Bahn mit einer Geschwindigkeit von drei Metern pro Sekunde und ist mit insgesamt 49 Gondeln best\u00fcckt.<\/p>\n<h3>Auch Schlitteln, Langlaufen und Schneeschuhwandern ist m\u00f6glich<\/h3>\n<p>Damit der Familienausflug f\u00fcr alle Beteiligten zum vollen Erfolg wird, stehen am Weissenstein zahlreiche <a href=\"http:\/\/www.seilbahn-weissenstein.ch\/winter.html\" target=\"_blank\" rel=\"noopener noreferrer\"><span style=\"text-decoration: underline;\">Wintersport-Angebote<\/span><\/a> bereit, die Erwachsene und Kinder gleichermassen erfreuen. So ist sowohl <a href=\"http:\/\/www.seilbahn-weissenstein.ch\/schlitteln.html\" target=\"_blank\" rel=\"noopener noreferrer\"><span style=\"text-decoration: underline;\">Schlitteln<\/span><\/a> und <a href=\"http:\/\/www.seilbahn-weissenstein.ch\/langlauf.html\" target=\"_blank\" rel=\"noopener noreferrer\"><span style=\"text-decoration: underline;\">Langlaufen<\/span><\/a> als auch <a href=\"http:\/\/www.seilbahn-weissenstein.ch\/winterwandern.html\" target=\"_blank\" rel=\"noopener noreferrer\"><span style=\"text-decoration: underline;\">Schneeschuhwandern<\/span><\/a> m\u00f6glich. Vorhanden sind zwei unterschiedlich lange und auf verschiedene Schwierigkeitsgrade ausgelegte Schlittelbahnen. Wer rasante Geschwindigkeiten und anspruchsvolle Kurven bevorzugt, dem sei die 4,5 km lange S\u00fcd-Strecke \u00fcber Nesselboden (der Zwischenstation der Gondelbahn) bis hinab nach Oberdorf empfohlen. Wer hingegen lieber gem\u00fctlich schlittelt, nutzt am besten die beschaulichere und auch f\u00fcr Kinder geeignete Schlittelbahn Nord in Richtung G\u00e4nsbrunnen. Von dort kann dann per SBB durch den Weissensteintunnel zur\u00fcck zur Talstation der Weissenstein-Seilbahn gefahren werden. Die SBB-Z\u00fcge verkehren jede Stunde.<\/p>\n\r\n                <style type=\"text\/css\">\r\n                    \r\n                    #tdi_2  .td-doubleSlider-2 .td-item1 {\r\n                        background: url(https:\/\/www.ausflugsziele-schweiz.ch\/wp-content\/uploads\/2018\/10\/DSC_Marco_8489-1024x684-80x60.jpg) 0 0 no-repeat;\r\n                    }\r\n                    #tdi_2  .td-doubleSlider-2 .td-item2 {\r\n                        background: url(https:\/\/www.ausflugsziele-schweiz.ch\/wp-content\/uploads\/2018\/10\/DSC_Marco_8512-1024x684-80x60.jpg) 0 0 no-repeat;\r\n                    }\r\n                    #tdi_2  .td-doubleSlider-2 .td-item3 {\r\n                        background: url(https:\/\/www.ausflugsziele-schweiz.ch\/wp-content\/uploads\/2018\/10\/IMG_0041-1024x768-80x60.jpg) 0 0 no-repeat;\r\n                    }\r\n                    #tdi_2  .td-doubleSlider-2 .td-item4 {\r\n                        background: url(https:\/\/www.ausflugsziele-schweiz.ch\/wp-content\/uploads\/2018\/10\/IMG_0106-2-1024x768-80x60.jpg) 0 0 no-repeat;\r\n                    }\r\n                    #tdi_2  .td-doubleSlider-2 .td-item5 {\r\n                        background: url(https:\/\/www.ausflugsziele-schweiz.ch\/wp-content\/uploads\/2018\/10\/IMG_2233-1024x768-80x60.jpg) 0 0 no-repeat;\r\n                    }\r\n                <\/style>\r\n\r\n                <div id=\"tdi_2\" class=\"td-gallery td-slide-on-2-columns\">\r\n                    <div class=\"post_td_gallery\">\r\n                        <div class=\"td-gallery-slide-top\">\r\n                           <div class=\"td-gallery-title\"><\/div>\r\n\r\n                            <div class=\"td-gallery-controls-wrapper\">\r\n                                <div class=\"td-gallery-slide-count\"><span class=\"td-gallery-slide-item-focus\">1<\/span> of 5<\/div>\r\n                                <div class=\"td-gallery-slide-prev-next-but\">\r\n                                    <i class = \"td-icon-left doubleSliderPrevButton\"><\/i>\r\n                                    <i class = \"td-icon-right doubleSliderNextButton\"><\/i>\r\n                                <\/div>\r\n                            <\/div>\r\n                        <\/div>\r\n\r\n                        <div class = \"td-doubleSlider-1 \">\r\n                            <div class = \"td-slider\">\r\n                                \r\n                    <div class = \"td-slide-item td-item1\">\r\n                        <figure class=\"td-slide-galery-figure td-slide-popup-gallery\">\r\n                            <a class=\"slide-gallery-image-link\" href=\"https:\/\/www.ausflugsziele-schweiz.ch\/wp-content\/uploads\/2018\/10\/DSC_Marco_8489-1024x684.jpg\" title=\"DSC Marco 8489 1024x684\"  data-caption=\"DSC Marco 8489 1024x684\"  data-description=\"DSC Marco 8489 1024x684\">\r\n                                <img decoding=\"async\" src=\"https:\/\/www.ausflugsziele-schweiz.ch\/wp-content\/uploads\/2018\/10\/DSC_Marco_8489-1024x684-629x420.jpg\" srcset=\"https:\/\/www.ausflugsziele-schweiz.ch\/wp-content\/uploads\/2018\/10\/DSC_Marco_8489-1024x684-629x420.jpg 629w, https:\/\/www.ausflugsziele-schweiz.ch\/wp-content\/uploads\/2018\/10\/DSC_Marco_8489-1024x684-798x533.jpg 798w, https:\/\/www.ausflugsziele-schweiz.ch\/wp-content\/uploads\/2018\/10\/DSC_Marco_8489-1024x684-768x513.jpg 768w, https:\/\/www.ausflugsziele-schweiz.ch\/wp-content\/uploads\/2018\/10\/DSC_Marco_8489-1024x684-696x465.jpg 696w, https:\/\/www.ausflugsziele-schweiz.ch\/wp-content\/uploads\/2018\/10\/DSC_Marco_8489-1024x684.jpg 1024w\" sizes=\"(max-width: 629px) 100vw, 629px\" alt=\"DSC Marco 8489 1024x684\">\r\n                            <\/a>\r\n                            <figcaption class = \"td-slide-caption td-gallery-slide-content\"><div class = \"td-gallery-slide-copywrite\">DSC Marco 8489 1024x684<\/div><span>DSC Marco 8489 1024x684<\/span><\/figcaption>\r\n                        <\/figure>\r\n                    <\/div>\r\n                    <div class = \"td-slide-item td-item2\">\r\n                        <figure class=\"td-slide-galery-figure td-slide-popup-gallery\">\r\n                            <a class=\"slide-gallery-image-link\" href=\"https:\/\/www.ausflugsziele-schweiz.ch\/wp-content\/uploads\/2018\/10\/DSC_Marco_8512-1024x684.jpg\" title=\"DSC Marco 8512 1024x684\"  data-caption=\"DSC Marco 8512 1024x684\"  data-description=\"DSC Marco 8512 1024x684\">\r\n                                <img decoding=\"async\" src=\"https:\/\/www.ausflugsziele-schweiz.ch\/wp-content\/uploads\/2018\/10\/DSC_Marco_8512-1024x684-629x420.jpg\" srcset=\"https:\/\/www.ausflugsziele-schweiz.ch\/wp-content\/uploads\/2018\/10\/DSC_Marco_8512-1024x684-629x420.jpg 629w, https:\/\/www.ausflugsziele-schweiz.ch\/wp-content\/uploads\/2018\/10\/DSC_Marco_8512-1024x684-798x533.jpg 798w, https:\/\/www.ausflugsziele-schweiz.ch\/wp-content\/uploads\/2018\/10\/DSC_Marco_8512-1024x684-768x513.jpg 768w, https:\/\/www.ausflugsziele-schweiz.ch\/wp-content\/uploads\/2018\/10\/DSC_Marco_8512-1024x684-696x465.jpg 696w, https:\/\/www.ausflugsziele-schweiz.ch\/wp-content\/uploads\/2018\/10\/DSC_Marco_8512-1024x684.jpg 1024w\" sizes=\"(max-width: 629px) 100vw, 629px\" alt=\"DSC Marco 8512 1024x684\">\r\n                            <\/a>\r\n                            <figcaption class = \"td-slide-caption td-gallery-slide-content\"><div class = \"td-gallery-slide-copywrite\">DSC Marco 8512 1024x684<\/div><span>DSC Marco 8512 1024x684<\/span><\/figcaption>\r\n                        <\/figure>\r\n                    <\/div>\r\n                    <div class = \"td-slide-item td-item3\">\r\n                        <figure class=\"td-slide-galery-figure td-slide-popup-gallery\">\r\n                            <a class=\"slide-gallery-image-link\" href=\"https:\/\/www.ausflugsziele-schweiz.ch\/wp-content\/uploads\/2018\/10\/IMG_0041-1024x768.jpg\" title=\"IMG 0041 1024x768\"  data-caption=\"IMG 0041 1024x768\"  data-description=\"IMG 0041 1024x768\">\r\n                                <img decoding=\"async\" src=\"https:\/\/www.ausflugsziele-schweiz.ch\/wp-content\/uploads\/2018\/10\/IMG_0041-1024x768-560x420.jpg\" srcset=\"https:\/\/www.ausflugsziele-schweiz.ch\/wp-content\/uploads\/2018\/10\/IMG_0041-1024x768-560x420.jpg 560w, https:\/\/www.ausflugsziele-schweiz.ch\/wp-content\/uploads\/2018\/10\/IMG_0041-1024x768-711x533.jpg 711w, https:\/\/www.ausflugsziele-schweiz.ch\/wp-content\/uploads\/2018\/10\/IMG_0041-1024x768-768x576.jpg 768w, https:\/\/www.ausflugsziele-schweiz.ch\/wp-content\/uploads\/2018\/10\/IMG_0041-1024x768-80x60.jpg 80w, https:\/\/www.ausflugsziele-schweiz.ch\/wp-content\/uploads\/2018\/10\/IMG_0041-1024x768-160x120.jpg 160w, https:\/\/www.ausflugsziele-schweiz.ch\/wp-content\/uploads\/2018\/10\/IMG_0041-1024x768-265x198.jpg 265w, https:\/\/www.ausflugsziele-schweiz.ch\/wp-content\/uploads\/2018\/10\/IMG_0041-1024x768-696x522.jpg 696w, https:\/\/www.ausflugsziele-schweiz.ch\/wp-content\/uploads\/2018\/10\/IMG_0041-1024x768.jpg 1024w\" sizes=\"(max-width: 560px) 100vw, 560px\" alt=\"IMG 0041 1024x768\">\r\n                            <\/a>\r\n                            <figcaption class = \"td-slide-caption td-gallery-slide-content\"><div class = \"td-gallery-slide-copywrite\">IMG 0041 1024x768<\/div><span>IMG 0041 1024x768<\/span><\/figcaption>\r\n                        <\/figure>\r\n                    <\/div>\r\n                    <div class = \"td-slide-item td-item4\">\r\n                        <figure class=\"td-slide-galery-figure td-slide-popup-gallery\">\r\n                            <a class=\"slide-gallery-image-link\" href=\"https:\/\/www.ausflugsziele-schweiz.ch\/wp-content\/uploads\/2018\/10\/IMG_0106-2-1024x768.jpg\" title=\"IMG 0106 2 1024x768\"  data-caption=\"IMG 0106 2 1024x768\"  data-description=\"IMG 0106 2 1024x768\">\r\n                                <img decoding=\"async\" src=\"https:\/\/www.ausflugsziele-schweiz.ch\/wp-content\/uploads\/2018\/10\/IMG_0106-2-1024x768-560x420.jpg\" srcset=\"https:\/\/www.ausflugsziele-schweiz.ch\/wp-content\/uploads\/2018\/10\/IMG_0106-2-1024x768-560x420.jpg 560w, https:\/\/www.ausflugsziele-schweiz.ch\/wp-content\/uploads\/2018\/10\/IMG_0106-2-1024x768-711x533.jpg 711w, https:\/\/www.ausflugsziele-schweiz.ch\/wp-content\/uploads\/2018\/10\/IMG_0106-2-1024x768-768x576.jpg 768w, https:\/\/www.ausflugsziele-schweiz.ch\/wp-content\/uploads\/2018\/10\/IMG_0106-2-1024x768-80x60.jpg 80w, https:\/\/www.ausflugsziele-schweiz.ch\/wp-content\/uploads\/2018\/10\/IMG_0106-2-1024x768-160x120.jpg 160w, https:\/\/www.ausflugsziele-schweiz.ch\/wp-content\/uploads\/2018\/10\/IMG_0106-2-1024x768-265x198.jpg 265w, https:\/\/www.ausflugsziele-schweiz.ch\/wp-content\/uploads\/2018\/10\/IMG_0106-2-1024x768-696x522.jpg 696w, https:\/\/www.ausflugsziele-schweiz.ch\/wp-content\/uploads\/2018\/10\/IMG_0106-2-1024x768.jpg 1024w\" sizes=\"(max-width: 560px) 100vw, 560px\" alt=\"IMG 0106 2 1024x768\">\r\n                            <\/a>\r\n                            <figcaption class = \"td-slide-caption td-gallery-slide-content\"><div class = \"td-gallery-slide-copywrite\">IMG 0106 2 1024x768<\/div><span>IMG 0106 2 1024x768<\/span><\/figcaption>\r\n                        <\/figure>\r\n                    <\/div>\r\n                    <div class = \"td-slide-item td-item5\">\r\n                        <figure class=\"td-slide-galery-figure td-slide-popup-gallery\">\r\n                            <a class=\"slide-gallery-image-link\" href=\"https:\/\/www.ausflugsziele-schweiz.ch\/wp-content\/uploads\/2018\/10\/IMG_2233-1024x768.jpg\" title=\"IMG 2233 1024x768\"  data-caption=\"IMG 2233 1024x768\"  data-description=\"IMG 2233 1024x768\">\r\n                                <img decoding=\"async\" src=\"https:\/\/www.ausflugsziele-schweiz.ch\/wp-content\/uploads\/2018\/10\/IMG_2233-1024x768-560x420.jpg\" srcset=\"https:\/\/www.ausflugsziele-schweiz.ch\/wp-content\/uploads\/2018\/10\/IMG_2233-1024x768-560x420.jpg 560w, https:\/\/www.ausflugsziele-schweiz.ch\/wp-content\/uploads\/2018\/10\/IMG_2233-1024x768-711x533.jpg 711w, https:\/\/www.ausflugsziele-schweiz.ch\/wp-content\/uploads\/2018\/10\/IMG_2233-1024x768-768x576.jpg 768w, https:\/\/www.ausflugsziele-schweiz.ch\/wp-content\/uploads\/2018\/10\/IMG_2233-1024x768-80x60.jpg 80w, https:\/\/www.ausflugsziele-schweiz.ch\/wp-content\/uploads\/2018\/10\/IMG_2233-1024x768-160x120.jpg 160w, https:\/\/www.ausflugsziele-schweiz.ch\/wp-content\/uploads\/2018\/10\/IMG_2233-1024x768-265x198.jpg 265w, https:\/\/www.ausflugsziele-schweiz.ch\/wp-content\/uploads\/2018\/10\/IMG_2233-1024x768-696x522.jpg 696w, https:\/\/www.ausflugsziele-schweiz.ch\/wp-content\/uploads\/2018\/10\/IMG_2233-1024x768.jpg 1024w\" sizes=\"(max-width: 560px) 100vw, 560px\" alt=\"IMG 2233 1024x768\">\r\n                            <\/a>\r\n                            <figcaption class = \"td-slide-caption td-gallery-slide-content\"><div class = \"td-gallery-slide-copywrite\">IMG 2233 1024x768<\/div><span>IMG 2233 1024x768<\/span><\/figcaption>\r\n                        <\/figure>\r\n                    <\/div>\r\n                            <\/div>\r\n                        <\/div>\r\n\r\n                        <div class = \"td-doubleSlider-2\">\r\n                            <div class = \"td-slider\">\r\n                                \r\n                    <div class = \"td-button td-item1\">\r\n                        <div class = \"td-border\"><\/div>\r\n                    <\/div>\r\n                    <div class = \"td-button td-item2\">\r\n                        <div class = \"td-border\"><\/div>\r\n                    <\/div>\r\n                    <div class = \"td-button td-item3\">\r\n                        <div class = \"td-border\"><\/div>\r\n                    <\/div>\r\n                    <div class = \"td-button td-item4\">\r\n                        <div class = \"td-border\"><\/div>\r\n                    <\/div>\r\n                    <div class = \"td-button td-item5\">\r\n                        <div class = \"td-border\"><\/div>\r\n                    <\/div>\r\n                            <\/div>\r\n                        <\/div>\r\n\r\n                    <\/div>\r\n\r\n                <\/div>\r\n                \n<h3>Ein freundliches Seilbahn-Team beantwortet Kundenfragen<\/h3>\n<p>Die <a href=\"http:\/\/www.seilbahn-weissenstein.ch\/\" target=\"_blank\" rel=\"noopener noreferrer\"><span style=\"text-decoration: underline;\">Seilbahn Weissenstein<\/span><\/a> verkehrt in den Wintermonaten vom 2. November bis 30. April t\u00e4glich in der Zeit zwischen 08.30 Uhr und 16.30 Uhr, sonntags bis 16.45 Uhr. Allerdings erfolgt vom 26. November bis 7. Dezember sowie vom 1. bis 12. April 2019 eine Revision der Bahn, sodass in diesen Tagen kein Fahrbetrieb m\u00f6glich ist. N\u00e4here Ausk\u00fcnfte zu den Fahrzeiten, den <a href=\"http:\/\/www.seilbahn-weissenstein.ch\/tickets.html\" target=\"_blank\" rel=\"noopener noreferrer\"><span style=\"text-decoration: underline;\">Preisen<\/span><\/a> oder besonderen Angeboten erhalten Interessierte direkt bei der Seilbahn Weissenstein AG in Oberdorf im Kanton Solothurn.<\/p>\n<p><iframe loading=\"lazy\" title=\"seilbahn_weissenstein (Original).mp4\" src=\"https:\/\/player.vimeo.com\/video\/695798982?h=88406cebcb&amp;dnt=1&amp;app_id=122963\" width=\"696\" height=\"392\" frameborder=\"0\" allow=\"autoplay; fullscreen; picture-in-picture\" allowfullscreen><\/iframe><\/p>\n<p><strong>Das freundliche <a href=\"http:\/\/www.seilbahn-weissenstein.ch\/team-136.html\" target=\"_blank\" rel=\"noopener noreferrer\"><span style=\"text-decoration: underline;\">Team<\/span><\/a> der Bahn freut sich auf alle Anfragen per Telefon, E-Mail oder \u00fcber das auf der Webseite bereitgestellte <a href=\"http:\/\/www.seilbahn-weissenstein.ch\/kontakt.html\" target=\"_blank\" rel=\"noopener noreferrer\"><span style=\"text-decoration: underline;\">Kontaktformular<\/span><\/a>. <\/strong><\/p>\n","protected":false},"excerpt":{"rendered":"<p>Mit der Seilbahn hoch hinaus Zu einem der wohl beliebtesten Ziele f\u00fcr einen winterlichen Familienausflug im Kanton Solothurn geh\u00f6rt ohne Zweifel die Seilbahn hinauf zum Weissenstein. Die Fahrt mit der spektakul\u00e4ren Panoramagondel ist ein unvergessliches Erlebnis f\u00fcr Gross und Klein. Auch die vielen weiteren Wintersport- und Winterspass-M\u00f6glichkeiten sprechen in jeder Hinsicht f\u00fcr diesen Ausflugsort. Beste [&hellip;]<\/p>\n","protected":false},"author":7,"featured_media":119556,"comment_status":"closed","ping_status":"closed","sticky":false,"template":"","format":"standard","meta":{"_acf_changed":false,"footnotes":""},"categories":[569,570],"tags":[2641,3303,2640,3327,2643,2635,2642,2646,2648,2639,2645,2644,2647,1997,3468,3358,2637,2638,2636,1987,2571,1988],"class_list":{"0":"post-4607","1":"post","2":"type-post","3":"status-publish","4":"format-standard","5":"has-post-thumbnail","7":"category-bahn-schiff-winter","8":"category-bergbahnen-bahnen","9":"tag-6-personen-gondel","10":"tag-familienausflug-winter","11":"tag-familienausflug-im-winter","12":"tag-gondel-winter","13":"tag-hunde","14":"tag-kinderfreundliches-skigebiet","15":"tag-kinderwagen","16":"tag-mobilitaetseingeschraenkt","17":"tag-mont-blanc","18":"tag-panoramagondel","19":"tag-rollator","20":"tag-rollstuhl","21":"tag-saentis","22":"tag-schlitten","23":"tag-schweizer-alpen-winter","24":"tag-seilbahn-winter","25":"tag-seilbahn-weissenstein","26":"tag-solothurn","27":"tag-weissenstein","28":"tag-winter","29":"tag-winterspass","30":"tag-wintersport"},"acf":[],"yoast_head":"<!-- This site is optimized with the Yoast SEO plugin v27.5 - https:\/\/yoast.com\/product\/yoast-seo-wordpress\/ -->\n<title>Weissenstein \u2013 Winterlicher Familienausflug in der Panoramagondel<\/title>\n<meta name=\"description\" content=\"Mit der Seilbahn hoch hinaus. Zu einem der wohl beliebtesten Ziele f\u00fcr einen winterlichen Familienausflug im Kanton Solothurn geh\u00f6rt ohne Zweifel die Seilbahn hinauf zum Weissenstein. Die Fahrt mit der spektakul\u00e4ren Panoramagondel ist ein unvergessliches Erlebnis f\u00fcr Gross und Klein. Auch die vielen weiteren Winter...\" \/>\n<meta name=\"robots\" content=\"index, follow, max-snippet:-1, max-image-preview:large, max-video-preview:-1\" \/>\n<link rel=\"canonical\" href=\"https:\/\/www.ausflugsziele-schweiz.ch\/winter\/weissenstein-winterlicher-familienausflug-in-der-panoramagondel\/\" \/>\n<meta property=\"og:locale\" content=\"en_US\" \/>\n<meta property=\"og:type\" content=\"article\" \/>\n<meta property=\"og:title\" content=\"Weissenstein \u2013 Winterlicher Familienausflug in der Panoramagondel\" \/>\n<meta property=\"og:description\" content=\"Mit der Seilbahn hoch hinaus. Zu einem der wohl beliebtesten Ziele f\u00fcr einen winterlichen Familienausflug im Kanton Solothurn geh\u00f6rt ohne Zweifel die Seilbahn hinauf zum Weissenstein. Die Fahrt mit der spektakul\u00e4ren Panoramagondel ist ein unvergessliches Erlebnis f\u00fcr Gross und Klein. Auch die vielen weiteren Winter...\" \/>\n<meta property=\"og:url\" content=\"https:\/\/www.ausflugsziele-schweiz.ch\/winter\/weissenstein-winterlicher-familienausflug-in-der-panoramagondel\/\" \/>\n<meta property=\"og:site_name\" content=\"Ausflugsziele\" \/>\n<meta property=\"article:publisher\" content=\"https:\/\/www.facebook.com\/ausflugszieleschweiz\/\" \/>\n<meta property=\"article:published_time\" content=\"2018-10-29T07:40:26+00:00\" \/>\n<meta property=\"article:modified_time\" content=\"2022-04-04T17:27:58+00:00\" \/>\n<meta property=\"og:image\" content=\"https:\/\/www.ausflugsziele-schweiz.ch\/wp-content\/uploads\/2018\/10\/weissenstein-winterlicher-familienausflug-in-der-panoramagondel.jpg\" \/>\n\t<meta property=\"og:image:width\" content=\"1400\" \/>\n\t<meta property=\"og:image:height\" content=\"928\" \/>\n\t<meta property=\"og:image:type\" content=\"image\/jpeg\" \/>\n<meta name=\"author\" content=\"imatrix\" \/>\n<meta name=\"twitter:card\" content=\"summary_large_image\" \/>\n<meta name=\"twitter:label1\" content=\"Written by\" \/>\n\t<meta name=\"twitter:data1\" content=\"imatrix\" \/>\n\t<meta name=\"twitter:label2\" content=\"Est. reading time\" \/>\n\t<meta name=\"twitter:data2\" content=\"2 minutes\" \/>\n<script type=\"application\/ld+json\" class=\"yoast-schema-graph\">{\"@context\":\"https:\\\/\\\/schema.org\",\"@graph\":[{\"@type\":\"Article\",\"@id\":\"https:\\\/\\\/www.ausflugsziele-schweiz.ch\\\/winter\\\/weissenstein-winterlicher-familienausflug-in-der-panoramagondel\\\/#article\",\"isPartOf\":{\"@id\":\"https:\\\/\\\/www.ausflugsziele-schweiz.ch\\\/winter\\\/weissenstein-winterlicher-familienausflug-in-der-panoramagondel\\\/\"},\"author\":{\"name\":\"imatrix\",\"@id\":\"https:\\\/\\\/www.ausflugsziele-schweiz.ch\\\/winter\\\/#\\\/schema\\\/person\\\/c57c323f187c389c84ea15885ffe79f1\"},\"headline\":\"Weissenstein \u2013 Winterlicher Familienausflug in der Panoramagondel\",\"datePublished\":\"2018-10-29T07:40:26+00:00\",\"dateModified\":\"2022-04-04T17:27:58+00:00\",\"mainEntityOfPage\":{\"@id\":\"https:\\\/\\\/www.ausflugsziele-schweiz.ch\\\/winter\\\/weissenstein-winterlicher-familienausflug-in-der-panoramagondel\\\/\"},\"wordCount\":497,\"publisher\":{\"@id\":\"https:\\\/\\\/www.ausflugsziele-schweiz.ch\\\/winter\\\/#organization\"},\"image\":{\"@id\":\"https:\\\/\\\/www.ausflugsziele-schweiz.ch\\\/winter\\\/weissenstein-winterlicher-familienausflug-in-der-panoramagondel\\\/#primaryimage\"},\"thumbnailUrl\":\"https:\\\/\\\/www.ausflugsziele-schweiz.ch\\\/wp-content\\\/uploads\\\/2018\\\/10\\\/weissenstein-winterlicher-familienausflug-in-der-panoramagondel.jpg\",\"keywords\":[\"6-Personen-Gondel\",\"Familienausflug\",\"Familienausflug im Winter\",\"Gondel\",\"Hunde\",\"Kinderfreundliches Skigebiet\",\"Kinderwagen\",\"mobilit\u00e4tseingeschr\u00e4nkt\",\"Mont Blanc\",\"Panoramagondel\",\"Rollator\",\"Rollstuhl\",\"S\u00e4ntis\",\"Schlitten\",\"Schweizer Alpen\",\"Seilbahn\",\"Seilbahn Weissenstein\",\"Solothurn\",\"Weissenstein\",\"Winter\",\"Winterspass\",\"Wintersport\"],\"articleSection\":[\"Bahn &amp; Schiff\",\"Bergbahnen &amp; Bahnen\"],\"inLanguage\":\"wi-NT\"},{\"@type\":\"WebPage\",\"@id\":\"https:\\\/\\\/www.ausflugsziele-schweiz.ch\\\/winter\\\/weissenstein-winterlicher-familienausflug-in-der-panoramagondel\\\/\",\"url\":\"https:\\\/\\\/www.ausflugsziele-schweiz.ch\\\/winter\\\/weissenstein-winterlicher-familienausflug-in-der-panoramagondel\\\/\",\"name\":\"Weissenstein \u2013 Winterlicher Familienausflug in der Panoramagondel\",\"isPartOf\":{\"@id\":\"https:\\\/\\\/www.ausflugsziele-schweiz.ch\\\/winter\\\/#website\"},\"primaryImageOfPage\":{\"@id\":\"https:\\\/\\\/www.ausflugsziele-schweiz.ch\\\/winter\\\/weissenstein-winterlicher-familienausflug-in-der-panoramagondel\\\/#primaryimage\"},\"image\":{\"@id\":\"https:\\\/\\\/www.ausflugsziele-schweiz.ch\\\/winter\\\/weissenstein-winterlicher-familienausflug-in-der-panoramagondel\\\/#primaryimage\"},\"thumbnailUrl\":\"https:\\\/\\\/www.ausflugsziele-schweiz.ch\\\/wp-content\\\/uploads\\\/2018\\\/10\\\/weissenstein-winterlicher-familienausflug-in-der-panoramagondel.jpg\",\"datePublished\":\"2018-10-29T07:40:26+00:00\",\"dateModified\":\"2022-04-04T17:27:58+00:00\",\"description\":\"Mit der Seilbahn hoch hinaus. Zu einem der wohl beliebtesten Ziele f\u00fcr einen winterlichen Familienausflug im Kanton Solothurn geh\u00f6rt ohne Zweifel die Seilbahn hinauf zum Weissenstein. Die Fahrt mit der spektakul\u00e4ren Panoramagondel ist ein unvergessliches Erlebnis f\u00fcr Gross und Klein. Auch die vielen weiteren Winter...\",\"breadcrumb\":{\"@id\":\"https:\\\/\\\/www.ausflugsziele-schweiz.ch\\\/winter\\\/weissenstein-winterlicher-familienausflug-in-der-panoramagondel\\\/#breadcrumb\"},\"inLanguage\":\"wi-NT\",\"potentialAction\":[{\"@type\":\"ReadAction\",\"target\":[\"https:\\\/\\\/www.ausflugsziele-schweiz.ch\\\/winter\\\/weissenstein-winterlicher-familienausflug-in-der-panoramagondel\\\/\"]}]},{\"@type\":\"ImageObject\",\"inLanguage\":\"wi-NT\",\"@id\":\"https:\\\/\\\/www.ausflugsziele-schweiz.ch\\\/winter\\\/weissenstein-winterlicher-familienausflug-in-der-panoramagondel\\\/#primaryimage\",\"url\":\"https:\\\/\\\/www.ausflugsziele-schweiz.ch\\\/wp-content\\\/uploads\\\/2018\\\/10\\\/weissenstein-winterlicher-familienausflug-in-der-panoramagondel.jpg\",\"contentUrl\":\"https:\\\/\\\/www.ausflugsziele-schweiz.ch\\\/wp-content\\\/uploads\\\/2018\\\/10\\\/weissenstein-winterlicher-familienausflug-in-der-panoramagondel.jpg\",\"width\":1400,\"height\":928,\"caption\":\"weissenstein winterlicher familienausflug in der panoramagondel\"},{\"@type\":\"BreadcrumbList\",\"@id\":\"https:\\\/\\\/www.ausflugsziele-schweiz.ch\\\/winter\\\/weissenstein-winterlicher-familienausflug-in-der-panoramagondel\\\/#breadcrumb\",\"itemListElement\":[{\"@type\":\"ListItem\",\"position\":1,\"name\":\"Home\",\"item\":\"https:\\\/\\\/www.ausflugsziele-schweiz.ch\\\/winter\\\/\"},{\"@type\":\"ListItem\",\"position\":2,\"name\":\"Weissenstein \u2013 Winterlicher Familienausflug in der Panoramagondel\"}]},{\"@type\":\"WebSite\",\"@id\":\"https:\\\/\\\/www.ausflugsziele-schweiz.ch\\\/winter\\\/#website\",\"url\":\"https:\\\/\\\/www.ausflugsziele-schweiz.ch\\\/winter\\\/\",\"name\":\"Ausflugsziele\",\"description\":\"ausflugsziele-schweiz.ch\",\"publisher\":{\"@id\":\"https:\\\/\\\/www.ausflugsziele-schweiz.ch\\\/winter\\\/#organization\"},\"alternateName\":\"Entdecke die sch\u00f6nsten Erlebnisse der Schweiz.\",\"potentialAction\":[{\"@type\":\"SearchAction\",\"target\":{\"@type\":\"EntryPoint\",\"urlTemplate\":\"https:\\\/\\\/www.ausflugsziele-schweiz.ch\\\/winter\\\/?s={search_term_string}\"},\"query-input\":{\"@type\":\"PropertyValueSpecification\",\"valueRequired\":true,\"valueName\":\"search_term_string\"}}],\"inLanguage\":\"wi-NT\"},{\"@type\":\"Organization\",\"@id\":\"https:\\\/\\\/www.ausflugsziele-schweiz.ch\\\/winter\\\/#organization\",\"name\":\"Ausflugsziele Schweiz\",\"alternateName\":\"Entdecke die sch\u00f6nsten Erlebnisse der Schweiz.\",\"url\":\"https:\\\/\\\/www.ausflugsziele-schweiz.ch\\\/winter\\\/\",\"logo\":{\"@type\":\"ImageObject\",\"inLanguage\":\"wi-NT\",\"@id\":\"https:\\\/\\\/www.ausflugsziele-schweiz.ch\\\/winter\\\/#\\\/schema\\\/logo\\\/image\\\/\",\"url\":\"https:\\\/\\\/www.ausflugsziele-schweiz.ch\\\/wp-content\\\/uploads\\\/2022\\\/03\\\/icon-1.png\",\"contentUrl\":\"https:\\\/\\\/www.ausflugsziele-schweiz.ch\\\/wp-content\\\/uploads\\\/2022\\\/03\\\/icon-1.png\",\"width\":600,\"height\":600,\"caption\":\"Ausflugsziele Schweiz\"},\"image\":{\"@id\":\"https:\\\/\\\/www.ausflugsziele-schweiz.ch\\\/winter\\\/#\\\/schema\\\/logo\\\/image\\\/\"},\"sameAs\":[\"https:\\\/\\\/www.facebook.com\\\/ausflugszieleschweiz\\\/\"]},{\"@type\":\"Person\",\"@id\":\"https:\\\/\\\/www.ausflugsziele-schweiz.ch\\\/winter\\\/#\\\/schema\\\/person\\\/c57c323f187c389c84ea15885ffe79f1\",\"name\":\"imatrix\",\"image\":{\"@type\":\"ImageObject\",\"inLanguage\":\"wi-NT\",\"@id\":\"https:\\\/\\\/secure.gravatar.com\\\/avatar\\\/d8860d2cdda3de8e09895767394557b234c0e6ad1a80b3b7ccfec03df1a6a41b?s=96&d=retro&r=g\",\"url\":\"https:\\\/\\\/secure.gravatar.com\\\/avatar\\\/d8860d2cdda3de8e09895767394557b234c0e6ad1a80b3b7ccfec03df1a6a41b?s=96&d=retro&r=g\",\"contentUrl\":\"https:\\\/\\\/secure.gravatar.com\\\/avatar\\\/d8860d2cdda3de8e09895767394557b234c0e6ad1a80b3b7ccfec03df1a6a41b?s=96&d=retro&r=g\",\"caption\":\"imatrix\"},\"url\":\"https:\\\/\\\/www.ausflugsziele-schweiz.ch\\\/winter\\\/author\\\/imatrix\\\/\"}]}<\/script>\n<!-- \/ Yoast SEO plugin. -->","yoast_head_json":{"title":"Weissenstein \u2013 Winterlicher Familienausflug in der Panoramagondel","description":"Mit der Seilbahn hoch hinaus. Zu einem der wohl beliebtesten Ziele f\u00fcr einen winterlichen Familienausflug im Kanton Solothurn geh\u00f6rt ohne Zweifel die Seilbahn hinauf zum Weissenstein. Die Fahrt mit der spektakul\u00e4ren Panoramagondel ist ein unvergessliches Erlebnis f\u00fcr Gross und Klein. Auch die vielen weiteren Winter...","robots":{"index":"index","follow":"follow","max-snippet":"max-snippet:-1","max-image-preview":"max-image-preview:large","max-video-preview":"max-video-preview:-1"},"canonical":"https:\/\/www.ausflugsziele-schweiz.ch\/winter\/weissenstein-winterlicher-familienausflug-in-der-panoramagondel\/","og_locale":"en_US","og_type":"article","og_title":"Weissenstein \u2013 Winterlicher Familienausflug in der Panoramagondel","og_description":"Mit der Seilbahn hoch hinaus. Zu einem der wohl beliebtesten Ziele f\u00fcr einen winterlichen Familienausflug im Kanton Solothurn geh\u00f6rt ohne Zweifel die Seilbahn hinauf zum Weissenstein. Die Fahrt mit der spektakul\u00e4ren Panoramagondel ist ein unvergessliches Erlebnis f\u00fcr Gross und Klein. Auch die vielen weiteren Winter...","og_url":"https:\/\/www.ausflugsziele-schweiz.ch\/winter\/weissenstein-winterlicher-familienausflug-in-der-panoramagondel\/","og_site_name":"Ausflugsziele","article_publisher":"https:\/\/www.facebook.com\/ausflugszieleschweiz\/","article_published_time":"2018-10-29T07:40:26+00:00","article_modified_time":"2022-04-04T17:27:58+00:00","og_image":[{"width":1400,"height":928,"url":"https:\/\/www.ausflugsziele-schweiz.ch\/wp-content\/uploads\/2018\/10\/weissenstein-winterlicher-familienausflug-in-der-panoramagondel.jpg","type":"image\/jpeg"}],"author":"imatrix","twitter_card":"summary_large_image","twitter_misc":{"Written by":"imatrix","Est. reading time":"2 minutes"},"schema":{"@context":"https:\/\/schema.org","@graph":[{"@type":"Article","@id":"https:\/\/www.ausflugsziele-schweiz.ch\/winter\/weissenstein-winterlicher-familienausflug-in-der-panoramagondel\/#article","isPartOf":{"@id":"https:\/\/www.ausflugsziele-schweiz.ch\/winter\/weissenstein-winterlicher-familienausflug-in-der-panoramagondel\/"},"author":{"name":"imatrix","@id":"https:\/\/www.ausflugsziele-schweiz.ch\/winter\/#\/schema\/person\/c57c323f187c389c84ea15885ffe79f1"},"headline":"Weissenstein \u2013 Winterlicher Familienausflug in der Panoramagondel","datePublished":"2018-10-29T07:40:26+00:00","dateModified":"2022-04-04T17:27:58+00:00","mainEntityOfPage":{"@id":"https:\/\/www.ausflugsziele-schweiz.ch\/winter\/weissenstein-winterlicher-familienausflug-in-der-panoramagondel\/"},"wordCount":497,"publisher":{"@id":"https:\/\/www.ausflugsziele-schweiz.ch\/winter\/#organization"},"image":{"@id":"https:\/\/www.ausflugsziele-schweiz.ch\/winter\/weissenstein-winterlicher-familienausflug-in-der-panoramagondel\/#primaryimage"},"thumbnailUrl":"https:\/\/www.ausflugsziele-schweiz.ch\/wp-content\/uploads\/2018\/10\/weissenstein-winterlicher-familienausflug-in-der-panoramagondel.jpg","keywords":["6-Personen-Gondel","Familienausflug","Familienausflug im Winter","Gondel","Hunde","Kinderfreundliches Skigebiet","Kinderwagen","mobilit\u00e4tseingeschr\u00e4nkt","Mont Blanc","Panoramagondel","Rollator","Rollstuhl","S\u00e4ntis","Schlitten","Schweizer Alpen","Seilbahn","Seilbahn Weissenstein","Solothurn","Weissenstein","Winter","Winterspass","Wintersport"],"articleSection":["Bahn &amp; Schiff","Bergbahnen &amp; Bahnen"],"inLanguage":"wi-NT"},{"@type":"WebPage","@id":"https:\/\/www.ausflugsziele-schweiz.ch\/winter\/weissenstein-winterlicher-familienausflug-in-der-panoramagondel\/","url":"https:\/\/www.ausflugsziele-schweiz.ch\/winter\/weissenstein-winterlicher-familienausflug-in-der-panoramagondel\/","name":"Weissenstein \u2013 Winterlicher Familienausflug in der Panoramagondel","isPartOf":{"@id":"https:\/\/www.ausflugsziele-schweiz.ch\/winter\/#website"},"primaryImageOfPage":{"@id":"https:\/\/www.ausflugsziele-schweiz.ch\/winter\/weissenstein-winterlicher-familienausflug-in-der-panoramagondel\/#primaryimage"},"image":{"@id":"https:\/\/www.ausflugsziele-schweiz.ch\/winter\/weissenstein-winterlicher-familienausflug-in-der-panoramagondel\/#primaryimage"},"thumbnailUrl":"https:\/\/www.ausflugsziele-schweiz.ch\/wp-content\/uploads\/2018\/10\/weissenstein-winterlicher-familienausflug-in-der-panoramagondel.jpg","datePublished":"2018-10-29T07:40:26+00:00","dateModified":"2022-04-04T17:27:58+00:00","description":"Mit der Seilbahn hoch hinaus. Zu einem der wohl beliebtesten Ziele f\u00fcr einen winterlichen Familienausflug im Kanton Solothurn geh\u00f6rt ohne Zweifel die Seilbahn hinauf zum Weissenstein. Die Fahrt mit der spektakul\u00e4ren Panoramagondel ist ein unvergessliches Erlebnis f\u00fcr Gross und Klein. Auch die vielen weiteren Winter...","breadcrumb":{"@id":"https:\/\/www.ausflugsziele-schweiz.ch\/winter\/weissenstein-winterlicher-familienausflug-in-der-panoramagondel\/#breadcrumb"},"inLanguage":"wi-NT","potentialAction":[{"@type":"ReadAction","target":["https:\/\/www.ausflugsziele-schweiz.ch\/winter\/weissenstein-winterlicher-familienausflug-in-der-panoramagondel\/"]}]},{"@type":"ImageObject","inLanguage":"wi-NT","@id":"https:\/\/www.ausflugsziele-schweiz.ch\/winter\/weissenstein-winterlicher-familienausflug-in-der-panoramagondel\/#primaryimage","url":"https:\/\/www.ausflugsziele-schweiz.ch\/wp-content\/uploads\/2018\/10\/weissenstein-winterlicher-familienausflug-in-der-panoramagondel.jpg","contentUrl":"https:\/\/www.ausflugsziele-schweiz.ch\/wp-content\/uploads\/2018\/10\/weissenstein-winterlicher-familienausflug-in-der-panoramagondel.jpg","width":1400,"height":928,"caption":"weissenstein winterlicher familienausflug in der panoramagondel"},{"@type":"BreadcrumbList","@id":"https:\/\/www.ausflugsziele-schweiz.ch\/winter\/weissenstein-winterlicher-familienausflug-in-der-panoramagondel\/#breadcrumb","itemListElement":[{"@type":"ListItem","position":1,"name":"Home","item":"https:\/\/www.ausflugsziele-schweiz.ch\/winter\/"},{"@type":"ListItem","position":2,"name":"Weissenstein \u2013 Winterlicher Familienausflug in der Panoramagondel"}]},{"@type":"WebSite","@id":"https:\/\/www.ausflugsziele-schweiz.ch\/winter\/#website","url":"https:\/\/www.ausflugsziele-schweiz.ch\/winter\/","name":"Ausflugsziele","description":"ausflugsziele-schweiz.ch","publisher":{"@id":"https:\/\/www.ausflugsziele-schweiz.ch\/winter\/#organization"},"alternateName":"Entdecke die sch\u00f6nsten Erlebnisse der Schweiz.","potentialAction":[{"@type":"SearchAction","target":{"@type":"EntryPoint","urlTemplate":"https:\/\/www.ausflugsziele-schweiz.ch\/winter\/?s={search_term_string}"},"query-input":{"@type":"PropertyValueSpecification","valueRequired":true,"valueName":"search_term_string"}}],"inLanguage":"wi-NT"},{"@type":"Organization","@id":"https:\/\/www.ausflugsziele-schweiz.ch\/winter\/#organization","name":"Ausflugsziele Schweiz","alternateName":"Entdecke die sch\u00f6nsten Erlebnisse der Schweiz.","url":"https:\/\/www.ausflugsziele-schweiz.ch\/winter\/","logo":{"@type":"ImageObject","inLanguage":"wi-NT","@id":"https:\/\/www.ausflugsziele-schweiz.ch\/winter\/#\/schema\/logo\/image\/","url":"https:\/\/www.ausflugsziele-schweiz.ch\/wp-content\/uploads\/2022\/03\/icon-1.png","contentUrl":"https:\/\/www.ausflugsziele-schweiz.ch\/wp-content\/uploads\/2022\/03\/icon-1.png","width":600,"height":600,"caption":"Ausflugsziele Schweiz"},"image":{"@id":"https:\/\/www.ausflugsziele-schweiz.ch\/winter\/#\/schema\/logo\/image\/"},"sameAs":["https:\/\/www.facebook.com\/ausflugszieleschweiz\/"]},{"@type":"Person","@id":"https:\/\/www.ausflugsziele-schweiz.ch\/winter\/#\/schema\/person\/c57c323f187c389c84ea15885ffe79f1","name":"imatrix","image":{"@type":"ImageObject","inLanguage":"wi-NT","@id":"https:\/\/secure.gravatar.com\/avatar\/d8860d2cdda3de8e09895767394557b234c0e6ad1a80b3b7ccfec03df1a6a41b?s=96&d=retro&r=g","url":"https:\/\/secure.gravatar.com\/avatar\/d8860d2cdda3de8e09895767394557b234c0e6ad1a80b3b7ccfec03df1a6a41b?s=96&d=retro&r=g","contentUrl":"https:\/\/secure.gravatar.com\/avatar\/d8860d2cdda3de8e09895767394557b234c0e6ad1a80b3b7ccfec03df1a6a41b?s=96&d=retro&r=g","caption":"imatrix"},"url":"https:\/\/www.ausflugsziele-schweiz.ch\/winter\/author\/imatrix\/"}]}},"_links":{"self":[{"href":"https:\/\/www.ausflugsziele-schweiz.ch\/winter\/wp-json\/wp\/v2\/posts\/4607","targetHints":{"allow":["GET"]}}],"collection":[{"href":"https:\/\/www.ausflugsziele-schweiz.ch\/winter\/wp-json\/wp\/v2\/posts"}],"about":[{"href":"https:\/\/www.ausflugsziele-schweiz.ch\/winter\/wp-json\/wp\/v2\/types\/post"}],"author":[{"embeddable":true,"href":"https:\/\/www.ausflugsziele-schweiz.ch\/winter\/wp-json\/wp\/v2\/users\/7"}],"replies":[{"embeddable":true,"href":"https:\/\/www.ausflugsziele-schweiz.ch\/winter\/wp-json\/wp\/v2\/comments?post=4607"}],"version-history":[{"count":0,"href":"https:\/\/www.ausflugsziele-schweiz.ch\/winter\/wp-json\/wp\/v2\/posts\/4607\/revisions"}],"wp:featuredmedia":[{"embeddable":true,"href":"https:\/\/www.ausflugsziele-schweiz.ch\/winter\/wp-json\/wp\/v2\/media\/119556"}],"wp:attachment":[{"href":"https:\/\/www.ausflugsziele-schweiz.ch\/winter\/wp-json\/wp\/v2\/media?parent=4607"}],"wp:term":[{"taxonomy":"category","embeddable":true,"href":"https:\/\/www.ausflugsziele-schweiz.ch\/winter\/wp-json\/wp\/v2\/categories?post=4607"},{"taxonomy":"post_tag","embeddable":true,"href":"https:\/\/www.ausflugsziele-schweiz.ch\/winter\/wp-json\/wp\/v2\/tags?post=4607"}],"curies":[{"name":"wp","href":"https:\/\/api.w.org\/{rel}","templated":true}]}}